{"id":169673,"date":"2021-05-31T20:36:47","date_gmt":"2021-05-31T23:36:47","guid":{"rendered":"https:\/\/jornaldocarro.estadao.com.br\/?post_type=blog_blog_do_boris&#038;p=169673"},"modified":"2021-05-31T20:36:49","modified_gmt":"2021-05-31T23:36:49","slug":"desleixo-do-motorista-o-deixa-a-pe-na-estrada-ou-no-hospital-ou","status":"publish","type":"blog_blog_do_boris","link":"https:\/\/jornaldocarro.estadao.com.br\/blog-do-boris\/desleixo-do-motorista-o-deixa-a-pe-na-estrada-ou-no-hospital-ou\/","title":{"rendered":"Desleixo do motorista o deixa a p\u00e9 na estrada. Ou no hospital. Ou\u2026"},"content":{"rendered":"<p>Dif\u00edcil entender a despreocupa\u00e7\u00e3o do motorista com a manuten\u00e7\u00e3o do carro, que pode lhe custar uma boa grana ou at\u00e9 a pr\u00f3pria vida. E est\u00e1 enganado quem acha que o desmazelo \u00e9 s\u00f3 no Brasil, pois \u00e9 o mesmo no Primeiro Mundo.<\/p>\n\n\n\n<p><strong>Conhe\u00e7a o portal do Boris Feldman:\u00a0<a rel=\"noreferrer noopener nofollow\" href=\"http:\/\/autopapo.com.br\/\" target=\"_blank\">autopapo.com.br<\/a><\/strong><\/p>\n\n\n\n<p>Pesquisa publicada esta semana realizada pela empresa inglesa Kwik Fit revelou que um em cada cinco donos de autom\u00f3veis (19%) na Inglaterra n\u00e3o verifica o n\u00edvel de \u00f3leo do motor. Deles, 8% sequer sabem como efetuar esta avalia\u00e7\u00e3o e os outros 11% sabem, mas n\u00e3o a fazem. A Kwik Fit \u00e9 uma grande rede de postos de servi\u00e7os e troca de \u00f3leo com mais de 600 pontos no Reino Unido.<\/p>\n  <div style=\"width: 100%;\" id=\"render-hmeio-1\"><\/div>\n    <script type=\"text\/javascript\">\n      if(window.innerWidth > 1){\n        $(\"#render-hmeio-1\").append(`\n          <div class=\"area-publicidade-rectangular hmeio\">\n            <p>Publicidade\n            <div class=\"area-publicidade\">\n              <div id=\"hmeio1\">\n            \n          \n        `);\n\n        \n    window.jornaldocarro = window.jornaldocarro || {};\n    window.jornaldocarro.slotsAds = window.jornaldocarro.slotsAds || [];\n    window.jornaldocarro.slotsAds.push(\"hmeio1\");\n  \n      }\n    <\/script>\n  <br>\n\n\n\n<p><strong>VEJA TAMB\u00c9M:<\/strong><\/p>\n\n\n\n<ul class=\"wp-block-list\"><li><strong><a rel=\"nofollow\" href=\"https:\/\/autopapo.uol.com.br\/noticia\/acidentes-transito-falta-manutencao\/\">Falta de manuten\u00e7\u00e3o \u00e9 uma das principais causas de acidentes de tr\u00e2nsito<\/a><\/strong><\/li><li><strong><a rel=\"nofollow\" href=\"https:\/\/autopapo.uol.com.br\/blog-do-boris\/revisao-na-oficina-desnecessarios\/\">Revis\u00e3o na oficina: servi\u00e7os que podem ser desnecess\u00e1rios<\/a><\/strong><\/li><li><strong><a rel=\"nofollow\" href=\"https:\/\/autopapo.uol.com.br\/noticia\/conferir-nivel-correto-do-oleo\/\">N\u00edvel correto do \u00f3leo do motor: como conferir?<\/a><\/strong><\/li><\/ul>\n\n\n\n<p>Teoricamente, os motoristas deveriam verificar o n\u00edvel do \u00f3leo semanalmente, como recomendam os especialistas no assunto. Mas a pesquisa revelou que apenas 8% deles o fazem, mesmo assim num intervalo dobrado, ou seja, quinzenalmente. Outros 62% s\u00f3 verificam o n\u00edvel cada tr\u00eas meses. E, pior, 8% confessam s\u00f3 puxar a vareta uma vez por ano.<\/p>\n\n\n\n<h2 class=\"wp-block-heading\">Homem mais cuidadoso que mulher<\/h2>\n\n\n\n<p>H\u00e1 diferen\u00e7as entre homens e mulheres. Apenas 2% dos primeiros dizem n\u00e3o saber como conferir o n\u00edvel do \u00f3leo, mas o percentual cresce para 14% junto ao publico feminino. E tamb\u00e9m na faixa et\u00e1ria: 6% dos propriet\u00e1rios de autom\u00f3veis acima de 55 anos afirmaram n\u00e3o saber como fazer a verifica\u00e7\u00e3o, percentual que subiu para 10% entre 18 e 34 anos de idade.<\/p>\n  <div style=\"width: 100%;\" id=\"render-hmeio-2\"><\/div>\n    <script type=\"text\/javascript\">\n      if(window.innerWidth > 1){\n        $(\"#render-hmeio-2\").append(`\n          <div class=\"area-publicidade-rectangular hmeio\">\n            <p>Publicidade\n            <div class=\"area-publicidade\">\n              <div id=\"hmeio2\">\n            \n          \n        `);\n\n        \n    window.jornaldocarro = window.jornaldocarro || {};\n    window.jornaldocarro.slotsAds = window.jornaldocarro.slotsAds || [];\n    window.jornaldocarro.slotsAds.push(\"hmeio2\");\n  \n      }\n    <\/script>\n  <br>\n\n\n\n<p>A Kwik Fit acredita que muitos motoristas perderam o h\u00e1bito ou reduziram a frequ\u00eancia de verificar as condi\u00e7\u00f5es do autom\u00f3vel porque o utilizaram muito menos durante a pandemia.<\/p>\n\n\n\n<p>\u00c9 dif\u00edcil explicar o quase desprezo de t\u00e3o elevada parcela de motoristas por um item dos mais importantes (talvez o mais) na manuten\u00e7\u00e3o do autom\u00f3vel. \u00d3leo insuficiente \u00e9 fatal para o motor. E, com prazo vencido tamb\u00e9m, pois costuma provocar a temida borra.<\/p>\n\n\n\n<p>N\u00e3o tenho conhecimento de nenhuma pesquisa similar por aqui, mas tenho certeza de que a situa\u00e7\u00e3o no Brasil deve ser semelhante, ou pior. Como jornalista especializado, me assusto com a quantidade de donos de autom\u00f3veis sem a menor ideia a respeito de procedimentos b\u00e1sicos de manuten\u00e7\u00e3o. E confessam cometer as mesmas barbaridades dos ingleses.<\/p>\n  <div style=\"width: 100%;\" id=\"render-hmeio-3\"><\/div>\n    <script type=\"text\/javascript\">\n      if(window.innerWidth > 1){\n        $(\"#render-hmeio-3\").append(`\n          <div class=\"area-publicidade-rectangular hmeio\">\n            <p>Publicidade\n            <div class=\"area-publicidade\">\n              <div id=\"hmeio3\">\n            \n          \n        `);\n\n        \n    window.jornaldocarro = window.jornaldocarro || {};\n    window.jornaldocarro.slotsAds = window.jornaldocarro.slotsAds || [];\n    window.jornaldocarro.slotsAds.push(\"hmeio3\");\n  \n      }\n    <\/script>\n  <br>\n\n\n\n<p>A situa\u00e7\u00e3o s\u00f3 n\u00e3o \u00e9 pior<a rel=\"nofollow\" href=\"https:\/\/autopapo.uol.com.br\/noticia\/nivel-do-oleo-cuidado-fraude-postos-desonestos\/\">\u00a0gra\u00e7as aos frentistas<\/a>\u00a0que, enquanto abastecem o carro, se oferecem para levantar o cap\u00f4 e verificar os n\u00edveis dos fluidos. O \u00f3leo do motor integra a lista que engloba tamb\u00e9m o l\u00edquido de arrefecimento do radiador, o fluido de freio e embreagem hidr\u00e1ulica, o de limpeza do para-brisa, etc.<\/p>\n\n\n\n<p>A troca regular do \u00f3leo s\u00f3 acontece durante o per\u00edodo de garantia, nas revis\u00f5es realizadas na oficina da concession\u00e1ria. Depois, \u00e9 uma inc\u00f3gnita. Depende de o dono do carro continuar levando-o nela ou em outra oficina independente de bom n\u00edvel. Caso contr\u00e1rio, o carro roda at\u00e9 deixar o motorista na m\u00e3o por falta de manuten\u00e7\u00e3o. E ainda enfrentar uma conta amarga, por puro desleixo.<\/p>\n\n\n\n<h2 class=\"wp-block-heading\">Pneu explode depois de vencido<\/h2>\n\n\n\n<p>Estimo \u2013 com poucas chances de errar \u2013 que mais de 95% dos motoristas nem imaginam que pneus n\u00e3o duram indefinidamente: mesmo que o carro rode muito pouco, tipo 2.000 ou 3.000 km por ano, eles devem ser substitu\u00eddos entre 5 e 6 anos de fabrica\u00e7\u00e3o.<\/p>\n  <div style=\"width: 100%;\" id=\"render-hmeio-4\"><\/div>\n    <script type=\"text\/javascript\">\n      if(window.innerWidth > 1){\n        $(\"#render-hmeio-4\").append(`\n          <div class=\"area-publicidade-rectangular hmeio\">\n            <p>Publicidade\n            <div class=\"area-publicidade\">\n              <div id=\"hmeio4\">\n            \n          \n        `);\n\n        \n    window.jornaldocarro = window.jornaldocarro || {};\n    window.jornaldocarro.slotsAds = window.jornaldocarro.slotsAds || [];\n    window.jornaldocarro.slotsAds.push(\"hmeio4\");\n  \n      }\n    <\/script>\n  <br>\n\n\n\n<p>Tem motorista que se exalta e argumenta ser um absurdo jogar fora um pneu \u201ccheio de borracha\u201d e que s\u00f3 rodou 15 mil km. J\u00e1 vi motorista substituir na estrada pneu furado pelo estepe \u201cnovinho\u201d, sem nenhum uso, mas h\u00e1 quinze anos no porta-malas. Pronto para estourar.<\/p>\n\n\n\n<p>Estou certo tamb\u00e9m de que mais de 99% dos motoristas n\u00e3o sabem identificar a data de fabrica\u00e7\u00e3o de um pneu, apesar de muito simples: na banda lateral tem a sigla DOT seguida de algumas letras e, ao final, quatro d\u00edgitos. Por exemplo, 1320. Significa que o pneu foi produzido na 13\u00aa semana de 2020. Alguma dificuldade?<\/p>\n\n\n\n<p>\u00d3leo e pneu apenas simbolizam a desinforma\u00e7\u00e3o do brasileiro a respeito dos procedimentos m\u00ednimos necess\u00e1rios para manter seu autom\u00f3vel em condi\u00e7\u00f5es de rodar.<\/p>\n  <div style=\"width: 100%;\" id=\"render-hmeio-5\"><\/div>\n    <script type=\"text\/javascript\">\n      if(window.innerWidth > 1){\n        $(\"#render-hmeio-5\").append(`\n          <div class=\"area-publicidade-rectangular hmeio\">\n            <p>Publicidade\n            <div class=\"area-publicidade\">\n              <div id=\"hmeio5\">\n            \n          \n        `);\n\n        \n    window.jornaldocarro = window.jornaldocarro || {};\n    window.jornaldocarro.slotsAds = window.jornaldocarro.slotsAds || [];\n    window.jornaldocarro.slotsAds.push(\"hmeio5\");\n  \n      }\n    <\/script>\n  <br>\n\n\n\n<p>Sem atorment\u00e1-lo com problemas t\u00e9cnicos que o deixam a p\u00e9 na beira da estrada. Ou de seguran\u00e7a que podem lev\u00e1-lo ao hospital (ou cemit\u00e9rio).<\/p>\n\n\n\n<p><strong>Mais Boris?\u00a0<a rel=\"noreferrer noopener nofollow\" href=\"http:\/\/autopapo.com.br\/\" target=\"_blank\">autopapo.com.br<\/a><\/strong><\/p>","protected":false},"excerpt":{"rendered":"<p>Motorista n\u00e3o quer saber de n\u00edvel do \u00f3leo nem idade do pneu. Depois reclama que ficou a p\u00e9 na estrada&#8230; ou pior<\/p>\n","protected":false},"featured_media":169678,"template":"","class_list":["post-169673","blog_blog_do_boris","type-blog_blog_do_boris","status-publish","has-post-thumbnail","hentry"],"yoast_head":"<!-- This site is optimized with the Yoast SEO plugin v23.5 - https:\/\/yoast.com\/wordpress\/plugins\/seo\/ -->\n<title>Desleixo do motorista o deixa a p\u00e9 na estrada. Ou no hospital. Ou\u2026 - Jornal do Carro - Estad\u00e3o<\/title>\n<meta name=\"robots\" content=\"noindex, follow\" \/>\n<meta name=\"twitter:card\" content=\"summary_large_image\" \/>\n<meta name=\"twitter:title\" content=\"Desleixo do motorista o deixa a p\u00e9 na estrada. Ou no hospital. Ou\u2026 - Jornal do Carro - Estad\u00e3o\" \/>\n<meta name=\"twitter:description\" content=\"Motorista n\u00e3o quer saber de n\u00edvel do \u00f3leo nem idade do pneu. Depois reclama que ficou a p\u00e9 na estrada... ou pior\" \/>\n<meta name=\"twitter:image\" content=\"https:\/\/jornaldocarro.estadao.com.br\/wp-content\/uploads\/2021\/05\/motorista_chateado_com_carro_quebrado-scaled.jpg\" \/>\n<meta name=\"twitter:label1\" content=\"Est. tempo de leitura\" \/>\n\t<meta name=\"twitter:data1\" content=\"4 minutos\" \/>\n<script type=\"application\/ld+json\" class=\"yoast-schema-graph\">{\"@context\":\"https:\/\/schema.org\",\"@graph\":[{\"@type\":\"WebPage\",\"@id\":\"https:\/\/jornaldocarro.estadao.com.br\/blog-do-boris\/desleixo-do-motorista-o-deixa-a-pe-na-estrada-ou-no-hospital-ou\/\",\"url\":\"https:\/\/jornaldocarro.estadao.com.br\/blog-do-boris\/desleixo-do-motorista-o-deixa-a-pe-na-estrada-ou-no-hospital-ou\/\",\"name\":\"Desleixo do motorista o deixa a p\u00e9 na estrada. Ou no hospital. Ou\u2026 - Jornal do Carro - Estad\u00e3o\",\"isPartOf\":{\"@id\":\"https:\/\/jornaldocarro.estadao.com.br\/#website\"},\"primaryImageOfPage\":{\"@id\":\"https:\/\/jornaldocarro.estadao.com.br\/blog-do-boris\/desleixo-do-motorista-o-deixa-a-pe-na-estrada-ou-no-hospital-ou\/#primaryimage\"},\"image\":{\"@id\":\"https:\/\/jornaldocarro.estadao.com.br\/blog-do-boris\/desleixo-do-motorista-o-deixa-a-pe-na-estrada-ou-no-hospital-ou\/#primaryimage\"},\"thumbnailUrl\":\"https:\/\/jornaldocarro.estadao.com.br\/wp-content\/uploads\/2021\/05\/motorista_chateado_com_carro_quebrado-scaled.jpg\",\"datePublished\":\"2021-05-31T23:36:47+00:00\",\"dateModified\":\"2021-05-31T23:36:49+00:00\",\"breadcrumb\":{\"@id\":\"https:\/\/jornaldocarro.estadao.com.br\/blog-do-boris\/desleixo-do-motorista-o-deixa-a-pe-na-estrada-ou-no-hospital-ou\/#breadcrumb\"},\"inLanguage\":\"pt-BR\",\"potentialAction\":[{\"@type\":\"ReadAction\",\"target\":[\"https:\/\/jornaldocarro.estadao.com.br\/blog-do-boris\/desleixo-do-motorista-o-deixa-a-pe-na-estrada-ou-no-hospital-ou\/\"]}]},{\"@type\":\"ImageObject\",\"inLanguage\":\"pt-BR\",\"@id\":\"https:\/\/jornaldocarro.estadao.com.br\/blog-do-boris\/desleixo-do-motorista-o-deixa-a-pe-na-estrada-ou-no-hospital-ou\/#primaryimage\",\"url\":\"https:\/\/jornaldocarro.estadao.com.br\/wp-content\/uploads\/2021\/05\/motorista_chateado_com_carro_quebrado-scaled.jpg\",\"contentUrl\":\"https:\/\/jornaldocarro.estadao.com.br\/wp-content\/uploads\/2021\/05\/motorista_chateado_com_carro_quebrado-scaled.jpg\",\"width\":2560,\"height\":1738,\"caption\":\"Shutterstock\/AutoPapo\"},{\"@type\":\"BreadcrumbList\",\"@id\":\"https:\/\/jornaldocarro.estadao.com.br\/blog-do-boris\/desleixo-do-motorista-o-deixa-a-pe-na-estrada-ou-no-hospital-ou\/#breadcrumb\",\"itemListElement\":[{\"@type\":\"ListItem\",\"position\":1,\"name\":\"In\u00edcio\",\"item\":\"https:\/\/jornaldocarro.estadao.com.br\/\"},{\"@type\":\"ListItem\",\"position\":2,\"name\":\"Blog do Boris\",\"item\":\"https:\/\/jornaldocarro.estadao.com.br\/blog-do-boris\/\"},{\"@type\":\"ListItem\",\"position\":3,\"name\":\"Desleixo do motorista o deixa a p\u00e9 na estrada. Ou no hospital. Ou\u2026\"}]},{\"@type\":\"WebSite\",\"@id\":\"https:\/\/jornaldocarro.estadao.com.br\/#website\",\"url\":\"https:\/\/jornaldocarro.estadao.com.br\/\",\"name\":\"Jornal do Carro - Estad\u00e3o\",\"description\":\"O portal sobre carros, motos e tudo sobre o tema ve\u00edculos no Estad\u00e3o. Fique por dentro de lan\u00e7amentos e de hist\u00f3rias dos leitores e seus carros.\",\"potentialAction\":[{\"@type\":\"SearchAction\",\"target\":{\"@type\":\"EntryPoint\",\"urlTemplate\":\"https:\/\/jornaldocarro.estadao.com.br\/?s={search_term_string}\"},\"query-input\":{\"@type\":\"PropertyValueSpecification\",\"valueRequired\":true,\"valueName\":\"search_term_string\"}}],\"inLanguage\":\"pt-BR\"}]}<\/script>\n<!-- \/ Yoast SEO plugin. -->","yoast_head_json":{"title":"Desleixo do motorista o deixa a p\u00e9 na estrada. Ou no hospital. Ou\u2026 - Jornal do Carro - Estad\u00e3o","robots":{"index":"noindex","follow":"follow"},"twitter_card":"summary_large_image","twitter_title":"Desleixo do motorista o deixa a p\u00e9 na estrada. Ou no hospital. Ou\u2026 - Jornal do Carro - Estad\u00e3o","twitter_description":"Motorista n\u00e3o quer saber de n\u00edvel do \u00f3leo nem idade do pneu. Depois reclama que ficou a p\u00e9 na estrada... ou pior","twitter_image":"https:\/\/jornaldocarro.estadao.com.br\/wp-content\/uploads\/2021\/05\/motorista_chateado_com_carro_quebrado-scaled.jpg","twitter_misc":{"Est. tempo de leitura":"4 minutos"},"schema":{"@context":"https:\/\/schema.org","@graph":[{"@type":"WebPage","@id":"https:\/\/jornaldocarro.estadao.com.br\/blog-do-boris\/desleixo-do-motorista-o-deixa-a-pe-na-estrada-ou-no-hospital-ou\/","url":"https:\/\/jornaldocarro.estadao.com.br\/blog-do-boris\/desleixo-do-motorista-o-deixa-a-pe-na-estrada-ou-no-hospital-ou\/","name":"Desleixo do motorista o deixa a p\u00e9 na estrada. Ou no hospital. Ou\u2026 - Jornal do Carro - Estad\u00e3o","isPartOf":{"@id":"https:\/\/jornaldocarro.estadao.com.br\/#website"},"primaryImageOfPage":{"@id":"https:\/\/jornaldocarro.estadao.com.br\/blog-do-boris\/desleixo-do-motorista-o-deixa-a-pe-na-estrada-ou-no-hospital-ou\/#primaryimage"},"image":{"@id":"https:\/\/jornaldocarro.estadao.com.br\/blog-do-boris\/desleixo-do-motorista-o-deixa-a-pe-na-estrada-ou-no-hospital-ou\/#primaryimage"},"thumbnailUrl":"https:\/\/jornaldocarro.estadao.com.br\/wp-content\/uploads\/2021\/05\/motorista_chateado_com_carro_quebrado-scaled.jpg","datePublished":"2021-05-31T23:36:47+00:00","dateModified":"2021-05-31T23:36:49+00:00","breadcrumb":{"@id":"https:\/\/jornaldocarro.estadao.com.br\/blog-do-boris\/desleixo-do-motorista-o-deixa-a-pe-na-estrada-ou-no-hospital-ou\/#breadcrumb"},"inLanguage":"pt-BR","potentialAction":[{"@type":"ReadAction","target":["https:\/\/jornaldocarro.estadao.com.br\/blog-do-boris\/desleixo-do-motorista-o-deixa-a-pe-na-estrada-ou-no-hospital-ou\/"]}]},{"@type":"ImageObject","inLanguage":"pt-BR","@id":"https:\/\/jornaldocarro.estadao.com.br\/blog-do-boris\/desleixo-do-motorista-o-deixa-a-pe-na-estrada-ou-no-hospital-ou\/#primaryimage","url":"https:\/\/jornaldocarro.estadao.com.br\/wp-content\/uploads\/2021\/05\/motorista_chateado_com_carro_quebrado-scaled.jpg","contentUrl":"https:\/\/jornaldocarro.estadao.com.br\/wp-content\/uploads\/2021\/05\/motorista_chateado_com_carro_quebrado-scaled.jpg","width":2560,"height":1738,"caption":"Shutterstock\/AutoPapo"},{"@type":"BreadcrumbList","@id":"https:\/\/jornaldocarro.estadao.com.br\/blog-do-boris\/desleixo-do-motorista-o-deixa-a-pe-na-estrada-ou-no-hospital-ou\/#breadcrumb","itemListElement":[{"@type":"ListItem","position":1,"name":"In\u00edcio","item":"https:\/\/jornaldocarro.estadao.com.br\/"},{"@type":"ListItem","position":2,"name":"Blog do Boris","item":"https:\/\/jornaldocarro.estadao.com.br\/blog-do-boris\/"},{"@type":"ListItem","position":3,"name":"Desleixo do motorista o deixa a p\u00e9 na estrada. Ou no hospital. Ou\u2026"}]},{"@type":"WebSite","@id":"https:\/\/jornaldocarro.estadao.com.br\/#website","url":"https:\/\/jornaldocarro.estadao.com.br\/","name":"Jornal do Carro - Estad\u00e3o","description":"O portal sobre carros, motos e tudo sobre o tema ve\u00edculos no Estad\u00e3o. Fique por dentro de lan\u00e7amentos e de hist\u00f3rias dos leitores e seus carros.","potentialAction":[{"@type":"SearchAction","target":{"@type":"EntryPoint","urlTemplate":"https:\/\/jornaldocarro.estadao.com.br\/?s={search_term_string}"},"query-input":{"@type":"PropertyValueSpecification","valueRequired":true,"valueName":"search_term_string"}}],"inLanguage":"pt-BR"}]}},"_links":{"self":[{"href":"https:\/\/jornaldocarro.estadao.com.br\/api\/wp\/v2\/blog_blog_do_boris\/169673","targetHints":{"allow":["GET"]}}],"collection":[{"href":"https:\/\/jornaldocarro.estadao.com.br\/api\/wp\/v2\/blog_blog_do_boris"}],"about":[{"href":"https:\/\/jornaldocarro.estadao.com.br\/api\/wp\/v2\/types\/blog_blog_do_boris"}],"version-history":[{"count":1,"href":"https:\/\/jornaldocarro.estadao.com.br\/api\/wp\/v2\/blog_blog_do_boris\/169673\/revisions"}],"predecessor-version":[{"id":169682,"href":"https:\/\/jornaldocarro.estadao.com.br\/api\/wp\/v2\/blog_blog_do_boris\/169673\/revisions\/169682"}],"wp:featuredmedia":[{"embeddable":true,"href":"https:\/\/jornaldocarro.estadao.com.br\/api\/wp\/v2\/media\/169678"}],"wp:attachment":[{"href":"https:\/\/jornaldocarro.estadao.com.br\/api\/wp\/v2\/media?parent=169673"}],"curies":[{"name":"wp","href":"https:\/\/api.w.org\/{rel}","templated":true}]}}