{"id":55042,"date":"2017-08-02T15:27:22","date_gmt":"2017-08-02T18:27:22","guid":{"rendered":"http:\/\/jornaldocarro.estadao.com.br\/?post_type=blog_gerson_campos&#038;p=55042"},"modified":"2017-08-02T15:27:22","modified_gmt":"2017-08-02T18:27:22","slug":"hey-cool-girl-nao-morra","status":"publish","type":"blog_gerson_campos","link":"https:\/\/jornaldocarro.estadao.com.br\/gerson-campos\/hey-cool-girl-nao-morra\/","title":{"rendered":"Hey, &#8216;cool girl&#8217;, n\u00e3o morra!"},"content":{"rendered":"<p>Cruzamento da avenida Nove de Julho com a rua Groenl\u00e2nida, S\u00e3o Paulo. Mais de 30 carros e motos aguardam a abertura do sem\u00e1foro como se fosse a largada do GP da Hungria de F\u00f3rmula 1. No meio de todos eles, uma <em>cool girl<\/em> com uma <em>cool bike<\/em>. Look Amsterdam mesmo, um charme gostoso de se ver em uma cidade t\u00e3o cinza.<\/p><p>Eu estou de moto e observo de longe, preso no corredor apertad\u00edssimo entre os carros. Olho aquela mo\u00e7a fr\u00e1gil no meio de tanto ferro e g\u00e1s carb\u00f4nico e me d\u00e1 at\u00e9 um mal estar. \u201cBom, pelo menos ela est\u00e1 com uma jaquetinha\u201d, penso eu. No instante seguinte, a <em>cool girl in da cool bike<\/em> tira a porcaria da jaquetinha e coloca na <em>cool <\/em>cestinha.<\/p><p>\u201cA mina me tira a \u00fanica prote\u00e7\u00e3o decente que ela tem caso caia no asfalto quente?\u201d, penso eu, de jaqueta, luva, bota e capacete. O farol abre. Obviamente ningu\u00e9m d\u00e1 espa\u00e7o para a <em>cool girl. <\/em>Ela sai pedalando obviamente assustada com o <a id=\"post_keyword\" target=\"_blank\" href=\"https:\/\/jornaldocarro.estadao.com.br\/oferta\/hyundai-creta-ultimate-at\/?&amp;utm_source=linkagem&amp;utm_medium=cpl&amp;utm_campaign=ld_jc_creta&amp;utm_content=news_linkagem_jc_creta&amp;utm_term=news_creta&amp;utm_client=hyundai\">Hyundai<\/a> Santa Fe de 2 toneladas que cruza a frente dela, com o Uno da companhia telef&#xF4;nica que sai a milh&#xE3;o e com o motoboy que passa do lado raspando. Eu virei &#xE0; direita preocupad&#xED;ssimo. N&#xE3;o tinha ideia de quem fosse a mo&#xE7;a.<\/p>\n  <div style=\"width: 100%;\" id=\"render-hmeio-1\"><\/div>\n    <script type=\"text\/javascript\">\n      if(window.innerWidth > 1){\n        $(\"#render-hmeio-1\").append(`\n          <div class=\"area-publicidade-rectangular hmeio\">\n            <p>Publicidade\n            <div class=\"area-publicidade\">\n              <div id=\"hmeio1\">\n            \n          \n        `);\n\n        \n    window.jornaldocarro = window.jornaldocarro || {};\n    window.jornaldocarro.slotsAds = window.jornaldocarro.slotsAds || [];\n    window.jornaldocarro.slotsAds.push(\"hmeio1\");\n  \n      }\n    <\/script>\n  <br><p>Mas ela \u00e9 irm\u00e3\/m\u00e3e\/amiga\/esposa\/namorada de algu\u00e9m. Esbocei uma rea\u00e7\u00e3o para desistir da curva e tentar segui-la. Acabei perdendo-a de vista. Eu queria par\u00e1-la no pr\u00f3ximo sem\u00e1foro e pedir encarecidamente: \u201cMo\u00e7a, por favor, n\u00e3o fa\u00e7a isso. Voc\u00ea vai morrer. Mais cedo ou mais tarde. \u00c9 estat\u00edstico.\u201d<\/p><p>O que eu entendo de estat\u00edstica? Nada. De seguran\u00e7a cicl\u00edstica? Nada vezes dois. Mas eu sou curioso e pesquiso. Outro dia pesquisei muito sobre esportes de risco, j\u00e1 que pratico um: o esporte a motor. Corro de moto e, como se n\u00e3o bastasse para a agonia familiar, tamb\u00e9m corro de carro. Sei o risco disso tudo. N\u00e3o \u00e9 absurdo.<\/p><p>Duvida? Ent\u00e3o segura esta: aquela\u00a0<em>cool girl in da cool bike<\/em> corre muito mais risco que eu. \u00c9 estat\u00edstico. A motovelocidade tem um acidente fatal para cada 2.500 atletas profissionais por ano. O automobilismo, um para cada 5.000.<\/p>\n  <div style=\"width: 100%;\" id=\"render-hmeio-2\"><\/div>\n    <script type=\"text\/javascript\">\n      if(window.innerWidth > 1){\n        $(\"#render-hmeio-2\").append(`\n          <div class=\"area-publicidade-rectangular hmeio\">\n            <p>Publicidade\n            <div class=\"area-publicidade\">\n              <div id=\"hmeio2\">\n            \n          \n        `);\n\n        \n    window.jornaldocarro = window.jornaldocarro || {};\n    window.jornaldocarro.slotsAds = window.jornaldocarro.slotsAds || [];\n    window.jornaldocarro.slotsAds.push(\"hmeio2\");\n  \n      }\n    <\/script>\n  <br><p>O ciclismo de estrada mata 100 profissionais por ano (n\u00e3o me cobrem as fontes; pesquisei numa madrugada insone em que eu me questionei seriamente sobre o risco que corria. Arredondei os n\u00fameros tamb\u00e9m).<\/p><p>Sabe por que os ciclistas s\u00e3o t\u00e3o fr\u00e1geis na estrada? Porque eles dependem dos outros. E na grande maioria das fatalidades s\u00e3o atropelados por motoristas imprudentes enquanto pedalam no acostamento.<\/p><p>Todos eles estavam certos. S\u00f3 que veio um idiota a 120 km\/h e passou por cima deles. Eu vi o risco que aquela mo\u00e7a corria, acreditando num mundo melhor, em que as pessoas n\u00e3o teclam enquanto dirigem, veem uma bicicleta como ela deve ser vista (tem um ser humano ali em cima, cacete) e n\u00e3o pensam em todos os problemas enquanto dirigem. O esporte dela, ali, naquela muvuca motorizada, \u00e9 muito mais arriscado que o meu.<\/p>\n  <div style=\"width: 100%;\" id=\"render-hmeio-3\"><\/div>\n    <script type=\"text\/javascript\">\n      if(window.innerWidth > 1){\n        $(\"#render-hmeio-3\").append(`\n          <div class=\"area-publicidade-rectangular hmeio\">\n            <p>Publicidade\n            <div class=\"area-publicidade\">\n              <div id=\"hmeio3\">\n            \n          \n        `);\n\n        \n    window.jornaldocarro = window.jornaldocarro || {};\n    window.jornaldocarro.slotsAds = window.jornaldocarro.slotsAds || [];\n    window.jornaldocarro.slotsAds.push(\"hmeio3\");\n  \n      }\n    <\/script>\n  <br><p>N\u00e3o ando de bike no dia a dia, n\u00e3o sou cicloativista tampouco entendedor do assunto. Mas defendo toda e qualquer iniciativa para uma mobilidade melhor em cidades como S\u00e3o Paulo. Sou a favor de ciclistas, ciclovias e motociclistas.<\/p><p>Vejo no dia-a-dia a fragilidade de andar no meio dos carros. Ali voc\u00ea n\u00e3o \u00e9 absolutamente nada. Sua vida pode acabar no momento em que um Whatsapp mal respondido irrita o motorista, que se distrai, d\u00e1 um tot\u00f3 na sua bike\/moto e te joga debaixo de um \u00f4nibus de 10 toneladas.<\/p><p>Depois da cena da <em>cool girl<\/em>, fui pesquisar mais a fundo sobre o tema do ciclista no cen\u00e1rio urbano. Aprendi que ele deve se posicionar \u00e0 frente dos carros e largar antes do sinal vermelho, justamente para evitar o confronto com os carros. Faz todo o sentido, mas os carros v\u00e3o chegar. E v\u00e3o babar em cima da sua garupa. V\u00e3o buzinar, cortar e talvez te derrubar.<\/p>\n  <div style=\"width: 100%;\" id=\"render-hmeio-4\"><\/div>\n    <script type=\"text\/javascript\">\n      if(window.innerWidth > 1){\n        $(\"#render-hmeio-4\").append(`\n          <div class=\"area-publicidade-rectangular hmeio\">\n            <p>Publicidade\n            <div class=\"area-publicidade\">\n              <div id=\"hmeio4\">\n            \n          \n        `);\n\n        \n    window.jornaldocarro = window.jornaldocarro || {};\n    window.jornaldocarro.slotsAds = window.jornaldocarro.slotsAds || [];\n    window.jornaldocarro.slotsAds.push(\"hmeio4\");\n  \n      }\n    <\/script>\n  <br><p>Li durante as pesquisas que as mortes de ciclistas em S\u00e3o Paulo cresceram 75% no primeiro semestre. Uma realidade triste em uma cidade que caminha para o bug do mil\u00eanio do tr\u00e2nsito a qualquer sexta-feira pr\u00e9-feriado, j\u00e1 que se todos os carros de SP sairem \u00e0s ruas d\u00e1 para empilhar quatro andares deles \u2013 outra triste estat\u00edstica.<\/p><p>Aos ciclistas: n\u00f3s estamos do mesmo lado. Eu sonho em uma cidade em que todos respeitar\u00e3o os direitos dos bikers, dos motocas e dos pedestres. Mas isso vai levar muito, muito tempo. Outra dura realidade.<\/p><p>Quando me perguntam sobre comprar uma moto para andar em S\u00e3o Paulo, eu n\u00e3o recomendo. Quando vejo bikers confiando no bom senso do motorista brasileiro, ando me desesperando. N\u00e3o fa\u00e7am isso. N\u00e3o por enquanto.<\/p>\n  <div style=\"width: 100%;\" id=\"render-hmeio-5\"><\/div>\n    <script type=\"text\/javascript\">\n      if(window.innerWidth > 1){\n        $(\"#render-hmeio-5\").append(`\n          <div class=\"area-publicidade-rectangular hmeio\">\n            <p>Publicidade\n            <div class=\"area-publicidade\">\n              <div id=\"hmeio5\">\n            \n          \n        `);\n\n        \n    window.jornaldocarro = window.jornaldocarro || {};\n    window.jornaldocarro.slotsAds = window.jornaldocarro.slotsAds || [];\n    window.jornaldocarro.slotsAds.push(\"hmeio5\");\n  \n      }\n    <\/script>\n  <br><p>Hey, <em>cool girl in da cool bike<\/em>: bota a jaqueta e vai pela cal\u00e7ada, por favor. A cidade precisa de voc\u00ea. Um dia ela vai retribuir.<\/p>","protected":false},"excerpt":{"rendered":"<p>Porque insistir em andar de bike no meio dos carros \u00e9 um esporte de risco<\/p>\n","protected":false},"featured_media":55049,"template":"","class_list":["post-55042","blog_gerson_campos","type-blog_gerson_campos","status-publish","has-post-thumbnail","hentry","tags_blog_do_gerson_campos-bicicleta","tags_blog_do_gerson_campos-bike","tags_blog_do_gerson_campos-cenario-urbano","tags_blog_do_gerson_campos-ciclismo","tags_blog_do_gerson_campos-ciclista"],"yoast_head":"<!-- This site is optimized with the Yoast SEO plugin v23.5 - https:\/\/yoast.com\/wordpress\/plugins\/seo\/ -->\n<title>Hey, &#039;cool girl&#039;, n\u00e3o morra! - Jornal do Carro - Estad\u00e3o<\/title>\n<meta name=\"robots\" content=\"noindex, follow\" \/>\n<meta name=\"twitter:card\" content=\"summary_large_image\" \/>\n<meta name=\"twitter:title\" content=\"Hey, &#039;cool girl&#039;, n\u00e3o morra! - Jornal do Carro - Estad\u00e3o\" \/>\n<meta name=\"twitter:description\" content=\"Porque insistir em andar de bike no meio dos carros \u00e9 um esporte de risco\" \/>\n<meta name=\"twitter:image\" content=\"https:\/\/jornaldocarro.estadao.com.br\/wp-content\/uploads\/2017\/08\/ilustra-bike.jpg\" \/>\n<meta name=\"twitter:label1\" content=\"Est. tempo de leitura\" \/>\n\t<meta name=\"twitter:data1\" content=\"4 minutos\" \/>\n<script type=\"application\/ld+json\" class=\"yoast-schema-graph\">{\"@context\":\"https:\/\/schema.org\",\"@graph\":[{\"@type\":\"WebPage\",\"@id\":\"https:\/\/jornaldocarro.estadao.com.br\/gerson-campos\/hey-cool-girl-nao-morra\/\",\"url\":\"https:\/\/jornaldocarro.estadao.com.br\/gerson-campos\/hey-cool-girl-nao-morra\/\",\"name\":\"Hey, 'cool girl', n\u00e3o morra! - Jornal do Carro - Estad\u00e3o\",\"isPartOf\":{\"@id\":\"https:\/\/jornaldocarro.estadao.com.br\/#website\"},\"primaryImageOfPage\":{\"@id\":\"https:\/\/jornaldocarro.estadao.com.br\/gerson-campos\/hey-cool-girl-nao-morra\/#primaryimage\"},\"image\":{\"@id\":\"https:\/\/jornaldocarro.estadao.com.br\/gerson-campos\/hey-cool-girl-nao-morra\/#primaryimage\"},\"thumbnailUrl\":\"https:\/\/jornaldocarro.estadao.com.br\/wp-content\/uploads\/2017\/08\/ilustra-bike.jpg\",\"datePublished\":\"2017-08-02T18:27:22+00:00\",\"dateModified\":\"2017-08-02T18:27:22+00:00\",\"breadcrumb\":{\"@id\":\"https:\/\/jornaldocarro.estadao.com.br\/gerson-campos\/hey-cool-girl-nao-morra\/#breadcrumb\"},\"inLanguage\":\"pt-BR\",\"potentialAction\":[{\"@type\":\"ReadAction\",\"target\":[\"https:\/\/jornaldocarro.estadao.com.br\/gerson-campos\/hey-cool-girl-nao-morra\/\"]}]},{\"@type\":\"ImageObject\",\"inLanguage\":\"pt-BR\",\"@id\":\"https:\/\/jornaldocarro.estadao.com.br\/gerson-campos\/hey-cool-girl-nao-morra\/#primaryimage\",\"url\":\"https:\/\/jornaldocarro.estadao.com.br\/wp-content\/uploads\/2017\/08\/ilustra-bike.jpg\",\"contentUrl\":\"https:\/\/jornaldocarro.estadao.com.br\/wp-content\/uploads\/2017\/08\/ilustra-bike.jpg\",\"width\":500,\"height\":500,\"caption\":\"Seguran\u00e7a do ciclista depende mais dos outros do que dele pr\u00f3prio\"},{\"@type\":\"BreadcrumbList\",\"@id\":\"https:\/\/jornaldocarro.estadao.com.br\/gerson-campos\/hey-cool-girl-nao-morra\/#breadcrumb\",\"itemListElement\":[{\"@type\":\"ListItem\",\"position\":1,\"name\":\"In\u00edcio\",\"item\":\"https:\/\/jornaldocarro.estadao.com.br\/\"},{\"@type\":\"ListItem\",\"position\":2,\"name\":\"Gerson Campos\",\"item\":\"https:\/\/jornaldocarro.estadao.com.br\/gerson-campos\/\"},{\"@type\":\"ListItem\",\"position\":3,\"name\":\"Hey, &#8216;cool girl&#8217;, n\u00e3o morra!\"}]},{\"@type\":\"WebSite\",\"@id\":\"https:\/\/jornaldocarro.estadao.com.br\/#website\",\"url\":\"https:\/\/jornaldocarro.estadao.com.br\/\",\"name\":\"Jornal do Carro - Estad\u00e3o\",\"description\":\"O portal sobre carros, motos e tudo sobre o tema ve\u00edculos no Estad\u00e3o. Fique por dentro de lan\u00e7amentos e de hist\u00f3rias dos leitores e seus carros.\",\"potentialAction\":[{\"@type\":\"SearchAction\",\"target\":{\"@type\":\"EntryPoint\",\"urlTemplate\":\"https:\/\/jornaldocarro.estadao.com.br\/?s={search_term_string}\"},\"query-input\":{\"@type\":\"PropertyValueSpecification\",\"valueRequired\":true,\"valueName\":\"search_term_string\"}}],\"inLanguage\":\"pt-BR\"}]}<\/script>\n<!-- \/ Yoast SEO plugin. -->","yoast_head_json":{"title":"Hey, 'cool girl', n\u00e3o morra! - Jornal do Carro - Estad\u00e3o","robots":{"index":"noindex","follow":"follow"},"twitter_card":"summary_large_image","twitter_title":"Hey, 'cool girl', n\u00e3o morra! - Jornal do Carro - Estad\u00e3o","twitter_description":"Porque insistir em andar de bike no meio dos carros \u00e9 um esporte de risco","twitter_image":"https:\/\/jornaldocarro.estadao.com.br\/wp-content\/uploads\/2017\/08\/ilustra-bike.jpg","twitter_misc":{"Est. tempo de leitura":"4 minutos"},"schema":{"@context":"https:\/\/schema.org","@graph":[{"@type":"WebPage","@id":"https:\/\/jornaldocarro.estadao.com.br\/gerson-campos\/hey-cool-girl-nao-morra\/","url":"https:\/\/jornaldocarro.estadao.com.br\/gerson-campos\/hey-cool-girl-nao-morra\/","name":"Hey, 'cool girl', n\u00e3o morra! - Jornal do Carro - Estad\u00e3o","isPartOf":{"@id":"https:\/\/jornaldocarro.estadao.com.br\/#website"},"primaryImageOfPage":{"@id":"https:\/\/jornaldocarro.estadao.com.br\/gerson-campos\/hey-cool-girl-nao-morra\/#primaryimage"},"image":{"@id":"https:\/\/jornaldocarro.estadao.com.br\/gerson-campos\/hey-cool-girl-nao-morra\/#primaryimage"},"thumbnailUrl":"https:\/\/jornaldocarro.estadao.com.br\/wp-content\/uploads\/2017\/08\/ilustra-bike.jpg","datePublished":"2017-08-02T18:27:22+00:00","dateModified":"2017-08-02T18:27:22+00:00","breadcrumb":{"@id":"https:\/\/jornaldocarro.estadao.com.br\/gerson-campos\/hey-cool-girl-nao-morra\/#breadcrumb"},"inLanguage":"pt-BR","potentialAction":[{"@type":"ReadAction","target":["https:\/\/jornaldocarro.estadao.com.br\/gerson-campos\/hey-cool-girl-nao-morra\/"]}]},{"@type":"ImageObject","inLanguage":"pt-BR","@id":"https:\/\/jornaldocarro.estadao.com.br\/gerson-campos\/hey-cool-girl-nao-morra\/#primaryimage","url":"https:\/\/jornaldocarro.estadao.com.br\/wp-content\/uploads\/2017\/08\/ilustra-bike.jpg","contentUrl":"https:\/\/jornaldocarro.estadao.com.br\/wp-content\/uploads\/2017\/08\/ilustra-bike.jpg","width":500,"height":500,"caption":"Seguran\u00e7a do ciclista depende mais dos outros do que dele pr\u00f3prio"},{"@type":"BreadcrumbList","@id":"https:\/\/jornaldocarro.estadao.com.br\/gerson-campos\/hey-cool-girl-nao-morra\/#breadcrumb","itemListElement":[{"@type":"ListItem","position":1,"name":"In\u00edcio","item":"https:\/\/jornaldocarro.estadao.com.br\/"},{"@type":"ListItem","position":2,"name":"Gerson Campos","item":"https:\/\/jornaldocarro.estadao.com.br\/gerson-campos\/"},{"@type":"ListItem","position":3,"name":"Hey, &#8216;cool girl&#8217;, n\u00e3o morra!"}]},{"@type":"WebSite","@id":"https:\/\/jornaldocarro.estadao.com.br\/#website","url":"https:\/\/jornaldocarro.estadao.com.br\/","name":"Jornal do Carro - Estad\u00e3o","description":"O portal sobre carros, motos e tudo sobre o tema ve\u00edculos no Estad\u00e3o. Fique por dentro de lan\u00e7amentos e de hist\u00f3rias dos leitores e seus carros.","potentialAction":[{"@type":"SearchAction","target":{"@type":"EntryPoint","urlTemplate":"https:\/\/jornaldocarro.estadao.com.br\/?s={search_term_string}"},"query-input":{"@type":"PropertyValueSpecification","valueRequired":true,"valueName":"search_term_string"}}],"inLanguage":"pt-BR"}]}},"_links":{"self":[{"href":"https:\/\/jornaldocarro.estadao.com.br\/api\/wp\/v2\/blog_gerson_campos\/55042","targetHints":{"allow":["GET"]}}],"collection":[{"href":"https:\/\/jornaldocarro.estadao.com.br\/api\/wp\/v2\/blog_gerson_campos"}],"about":[{"href":"https:\/\/jornaldocarro.estadao.com.br\/api\/wp\/v2\/types\/blog_gerson_campos"}],"version-history":[{"count":2,"href":"https:\/\/jornaldocarro.estadao.com.br\/api\/wp\/v2\/blog_gerson_campos\/55042\/revisions"}],"predecessor-version":[{"id":55050,"href":"https:\/\/jornaldocarro.estadao.com.br\/api\/wp\/v2\/blog_gerson_campos\/55042\/revisions\/55050"}],"wp:featuredmedia":[{"embeddable":true,"href":"https:\/\/jornaldocarro.estadao.com.br\/api\/wp\/v2\/media\/55049"}],"wp:attachment":[{"href":"https:\/\/jornaldocarro.estadao.com.br\/api\/wp\/v2\/media?parent=55042"}],"curies":[{"name":"wp","href":"https:\/\/api.w.org\/{rel}","templated":true}]}}