{"id":101023,"date":"2019-02-15T16:31:48","date_gmt":"2019-02-15T18:31:48","guid":{"rendered":"https:\/\/jornaldocarro.estadao.com.br\/?post_type=blog_primeira_classe&#038;p=101023"},"modified":"2019-02-15T16:33:32","modified_gmt":"2019-02-15T18:33:32","slug":"fiat-argo-briga-pela-vice-lideranca","status":"publish","type":"blog_primeira_classe","link":"https:\/\/jornaldocarro.estadao.com.br\/primeira-classe\/fiat-argo-briga-pela-vice-lideranca\/","title":{"rendered":"Carro da Fiat entra na briga pela vice-lideran\u00e7a"},"content":{"rendered":"<p>A Fiat perdeu no ano passado o segundo lugar de vendas para a Volkswagen. Por\u00e9m, se depender do <strong>Argo<\/strong>, a marca italiana pode at\u00e9 voltar a sonhar com a vice-lideran\u00e7a.<\/p><ul>\n<li><a href=\"https:\/\/www.youtube.com\/user\/JdoCarro\" target=\"_blank\" rel=\"noopener nofollow\"><strong>Inscreva-se no canal do Jornal do Carro no YouTube<\/strong><\/a><\/li>\n<\/ul><p>Ao menos \u00e9 o que indica o resultado de vendas da primeira metade de fevereiro (m\u00eas que tem 28 dias em 2019). Por enquanto, a Fiat \u00e9 a vice-l\u00edder, \u00e0 frente da Volkswagen, segundo fontes de mercado. A Chevrolet mant\u00e9m a lideran\u00e7a.<\/p><p>E a principal raz\u00e3o dessa vice-lideran\u00e7a moment\u00e2nea da Fiat \u00e9 o<strong> Argo<\/strong>. O carro, em fevereiro, vai entrar na briga pelo segundo lugar no ranking de vendas.<\/p>\n  <div style=\"width: 100%;\" id=\"render-hmeio-1\"><\/div>\n    <script type=\"text\/javascript\">\n      if(window.innerWidth > 1){\n        $(\"#render-hmeio-1\").append(`\n          <div class=\"area-publicidade-rectangular hmeio\">\n            <p>Publicidade\n            <div class=\"area-publicidade\">\n              <div id=\"hmeio1\">\n            \n          \n        `);\n\n        \n    window.jornaldocarro = window.jornaldocarro || {};\n    window.jornaldocarro.slotsAds = window.jornaldocarro.slotsAds || [];\n    window.jornaldocarro.slotsAds.push(\"hmeio1\");\n  \n      }\n    <\/script>\n  <br><p>Por ora, ele \u00e9 o terceiro colocado, posi\u00e7\u00e3o que, caso se confirme no fim do m\u00eas, ser\u00e1 in\u00e9dita para o modelo lan\u00e7ado em 2017.<\/p><p><strong>Veja tamb\u00e9m: carros com consumo de combust\u00edvel absurdo<\/strong><\/p>\n\n<div class=\"clearfix\"><\/div>\n<div data-gallery-id=\"30085\" class=\"jc-img-gallery-wrapper mt-3 mb-2\">\n  <div class=\"jc-img-gallery\" id=\"jc-img-gallery-30085\" data-gallery-title=\"Carro da Fiat entra na briga pela vice-lideran\u00e7a\">\n      <\/div>\n\n<\/div>\n<div class=\"clearfix\"><\/div>\n\n<h3>Argo em fevereiro<\/h3><p>Para chegar \u00e0 terceira coloca\u00e7\u00e3o, o <strong>Argo<\/strong> deixou o Ford Ka para tr&#xE1;s. O modelo da Fiat registrou 3.599 emplacamentos de 1&#xBA; a 14 de fevereiro, e n&#xE3;o est&#xE1; muito distante do vice-l&#xED;der HB20. O <a id=\"post_keyword\" target=\"_blank\" href=\"https:\/\/jornaldocarro.estadao.com.br\/oferta\/hyundai-creta-ultimate-at\/?&amp;utm_source=linkagem&amp;utm_medium=cpl&amp;utm_campaign=ld_jc_creta&amp;utm_content=news_linkagem_jc_creta&amp;utm_term=news_creta&amp;utm_client=hyundai\">Hyundai<\/a> teve 3.981 exemplares comercializados.<\/p>\n  <div style=\"width: 100%;\" id=\"render-hmeio-2\"><\/div>\n    <script type=\"text\/javascript\">\n      if(window.innerWidth > 1){\n        $(\"#render-hmeio-2\").append(`\n          <div class=\"area-publicidade-rectangular hmeio\">\n            <p>Publicidade\n            <div class=\"area-publicidade\">\n              <div id=\"hmeio2\">\n            \n          \n        `);\n\n        \n    window.jornaldocarro = window.jornaldocarro || {};\n    window.jornaldocarro.slotsAds = window.jornaldocarro.slotsAds || [];\n    window.jornaldocarro.slotsAds.push(\"hmeio2\");\n  \n      }\n    <\/script>\n  <br><p>J\u00e1 o Ka somou 3.043 unidades emplacadas. A lideran\u00e7a folgada continua com o Onix. O Chevrolet teve 7.989 emplacamentos no per\u00edodo.<\/p><p><strong>LEIA TAMB\u00c9M<\/strong><\/p><ul>\n<li><a href=\"https:\/\/jornaldocarro.estadao.com.br\/primeira-classe\/cambio-automatizado-nao-e-mico\/\" target=\"_blank\" rel=\"noopener nofollow\"><strong>C\u00e2mbio automatizado n\u00e3o \u00e9 mico<\/strong><\/a><\/li>\n<li><a href=\"https:\/\/jornaldocarro.estadao.com.br\/primeira-classe\/nsx-o-carro-do-senna-faz-30-anos\/\" target=\"_blank\" rel=\"noopener nofollow\"><strong>NSX, o carro do Senna, faz 30 anos<\/strong><\/a><\/li>\n<li><a href=\"https:\/\/jornaldocarro.estadao.com.br\/primeira-classe\/carros-de-luxo-detonam-sedas-medios\/\" target=\"_blank\" rel=\"noopener nofollow\"><strong>Carros de luxo deixam sed\u00e3s m\u00e9dios para tr\u00e1s<\/strong><\/a><\/li>\n<\/ul><p>\u00a0<\/p>\n  <div style=\"width: 100%;\" id=\"render-hmeio-3\"><\/div>\n    <script type=\"text\/javascript\">\n      if(window.innerWidth > 1){\n        $(\"#render-hmeio-3\").append(`\n          <div class=\"area-publicidade-rectangular hmeio\">\n            <p>Publicidade\n            <div class=\"area-publicidade\">\n              <div id=\"hmeio3\">\n            \n          \n        `);\n\n        \n    window.jornaldocarro = window.jornaldocarro || {};\n    window.jornaldocarro.slotsAds = window.jornaldocarro.slotsAds || [];\n    window.jornaldocarro.slotsAds.push(\"hmeio3\");\n  \n      }\n    <\/script>\n  <br><p>O Argo n\u00e3o teve um come\u00e7o dos mais promissores, principalmente quando comparado do rival Volkswagen Polo, que j\u00e1 estreou no \u201ctop 5\u201d. Por\u00e9m, em 2018, conseguiu entrar na lista dos dez mais vendidos.<\/p><p>O <strong>Argo<\/strong> pode colocar sua marca na lista dos tr\u00eas carros mais vendidos. A Fiat n\u00e3o frequenta o \u201ctop 3\u201d desde a \u00e9poca do Palio, que em 2015 foi vice-l\u00edder. Depois disso, o modelo come\u00e7ou a cair no ranking, at\u00e9 sair de linha, no in\u00edcio de 2018.<\/p><p>\u00a0<\/p>\n  <div style=\"width: 100%;\" id=\"render-hmeio-4\"><\/div>\n    <script type=\"text\/javascript\">\n      if(window.innerWidth > 1){\n        $(\"#render-hmeio-4\").append(`\n          <div class=\"area-publicidade-rectangular hmeio\">\n            <p>Publicidade\n            <div class=\"area-publicidade\">\n              <div id=\"hmeio4\">\n            \n          \n        `);\n\n        \n    window.jornaldocarro = window.jornaldocarro || {};\n    window.jornaldocarro.slotsAds = window.jornaldocarro.slotsAds || [];\n    window.jornaldocarro.slotsAds.push(\"hmeio4\");\n  \n      }\n    <\/script>\n  <br><h3>Outros destaques<\/h3><p>Al\u00e9m do terceiro lugar do Argo, a Fiat obteve, na primeira metade de fevereiro, o sexto, com a Strada, e o s\u00e9timo, com o Mobi. Em compensa\u00e7\u00e3o, a Toro por pouco n\u00e3o ficou de fora do \u201ctop 20\u201d. Foi o 20\u00ba carro mais emplacado do per\u00edodo.<\/p><p>A Volkswagen colocou dois modelos entre os dez mais vendidos, o Gol (oitavo) e o Polo (nono). Entre os 20 mais emplacados, h\u00e1 ainda o Fox (13\u00ba) e o Virtus (19\u00ba).<\/p><p>J\u00e1 o Yaris conseguiu, no resultado parcial, uma vaga no \u201ctop 20\u201d. Foi o 18\u00ba mais vendido do per\u00edodo. Se confirmar a posi\u00e7\u00e3o no fim do m\u00eas, ser\u00e1 a segunda vez em que ocupa posi\u00e7\u00e3o entre os 20 mais vendidos. O carro da Toyota foi lan\u00e7ado em 2018.<\/p>\n  <div style=\"width: 100%;\" id=\"render-hmeio-5\"><\/div>\n    <script type=\"text\/javascript\">\n      if(window.innerWidth > 1){\n        $(\"#render-hmeio-5\").append(`\n          <div class=\"area-publicidade-rectangular hmeio\">\n            <p>Publicidade\n            <div class=\"area-publicidade\">\n              <div id=\"hmeio5\">\n            \n          \n        `);\n\n        \n    window.jornaldocarro = window.jornaldocarro || {};\n    window.jornaldocarro.slotsAds = window.jornaldocarro.slotsAds || [];\n    window.jornaldocarro.slotsAds.push(\"hmeio5\");\n  \n      }\n    <\/script>\n  <br><p>E por falar em Toyota, o Corolla, 14\u00ba carro mais vendido em janeiro, vem perdendo ainda mais espa\u00e7o em fevereiro. Por enquanto, \u00e9 o 17\u00ba mais vendido.<\/p><h3>CONHE\u00c7A MEUS PERFIS NAS REDES SOCIAS<\/h3><p><a href=\"https:\/\/www.instagram.com\/rafaelatborges\/\" target=\"_blank\" rel=\"noopener nofollow\"><strong>INSTAGRAM<\/strong><\/a><\/p><p><a href=\"https:\/\/www.facebook.com\/blogprimeiraclasse\" target=\"_blank\" rel=\"noopener nofollow\"><strong>FACEBOOK<\/strong><\/a><\/p>\n  <div style=\"width: 100%;\" id=\"render-hmeio-6\"><\/div>\n    <script type=\"text\/javascript\">\n      if(window.innerWidth > 1){\n        $(\"#render-hmeio-6\").append(`\n          <div class=\"area-publicidade-rectangular hmeio\">\n            <p>Publicidade\n            <div class=\"area-publicidade\">\n              <div id=\"hmeio6\">\n            \n          \n        `);\n\n        \n    window.jornaldocarro = window.jornaldocarro || {};\n    window.jornaldocarro.slotsAds = window.jornaldocarro.slotsAds || [];\n    window.jornaldocarro.slotsAds.push(\"hmeio6\");\n  \n      }\n    <\/script>\n  <br><p><a href=\"https:\/\/twitter.com\/rafaelartborges\" target=\"_blank\" rel=\"noopener nofollow\"><strong>TWITTER<\/strong><\/a><\/p><p>\u00a0<\/p>","protected":false},"excerpt":{"rendered":"<p>Na primeira metade de fevereiro, Argo foi terceiro carro mais vendido do Brasil<\/p>\n","protected":false},"featured_media":101028,"template":"","class_list":["post-101023","blog_primeira_classe","type-blog_primeira_classe","status-publish","has-post-thumbnail","hentry","tags_primeira_classe-argo","tags_primeira_classe-fiat","tags_primeira_classe-ranking","tags_primeira_classe-vendas"],"yoast_head":"<!-- This site is optimized with the Yoast SEO plugin v23.5 - https:\/\/yoast.com\/wordpress\/plugins\/seo\/ -->\n<title>Carro da Fiat entra na briga pela vice-lideran\u00e7a - Jornal do Carro - Estad\u00e3o<\/title>\n<meta name=\"description\" content=\"A Fiat perdeu no ano passado o segundo lugar de vendas para a Volkswagen. Por\u00e9m, se depender do Argo, a marca italiana pode at\u00e9 voltar a sonhar com a vice-lideran\u00e7a.\" \/>\n<meta name=\"robots\" content=\"noindex, follow\" \/>\n<meta name=\"twitter:card\" content=\"summary_large_image\" \/>\n<meta name=\"twitter:title\" content=\"Carro da Fiat entra na briga pela vice-lideran\u00e7a - Jornal do Carro - Estad\u00e3o\" \/>\n<meta name=\"twitter:description\" content=\"A Fiat perdeu no ano passado o segundo lugar de vendas para a Volkswagen. Por\u00e9m, se depender do Argo, a marca italiana pode at\u00e9 voltar a sonhar com a vice-lideran\u00e7a.\" \/>\n<meta name=\"twitter:image\" content=\"https:\/\/jornaldocarro.estadao.com.br\/wp-content\/uploads\/2019\/02\/38882699.jpg\" \/>\n<meta name=\"twitter:label1\" content=\"Est. tempo de leitura\" \/>\n\t<meta name=\"twitter:data1\" content=\"2 minutos\" \/>\n<script type=\"application\/ld+json\" class=\"yoast-schema-graph\">{\"@context\":\"https:\/\/schema.org\",\"@graph\":[{\"@type\":\"WebPage\",\"@id\":\"https:\/\/jornaldocarro.estadao.com.br\/primeira-classe\/fiat-argo-briga-pela-vice-lideranca\/\",\"url\":\"https:\/\/jornaldocarro.estadao.com.br\/primeira-classe\/fiat-argo-briga-pela-vice-lideranca\/\",\"name\":\"Carro da Fiat entra na briga pela vice-lideran\u00e7a - Jornal do Carro - Estad\u00e3o\",\"isPartOf\":{\"@id\":\"https:\/\/jornaldocarro.estadao.com.br\/#website\"},\"primaryImageOfPage\":{\"@id\":\"https:\/\/jornaldocarro.estadao.com.br\/primeira-classe\/fiat-argo-briga-pela-vice-lideranca\/#primaryimage\"},\"image\":{\"@id\":\"https:\/\/jornaldocarro.estadao.com.br\/primeira-classe\/fiat-argo-briga-pela-vice-lideranca\/#primaryimage\"},\"thumbnailUrl\":\"https:\/\/jornaldocarro.estadao.com.br\/wp-content\/uploads\/2019\/02\/38882699.jpg\",\"datePublished\":\"2019-02-15T18:31:48+00:00\",\"dateModified\":\"2019-02-15T18:33:32+00:00\",\"description\":\"A Fiat perdeu no ano passado o segundo lugar de vendas para a Volkswagen. Por\u00e9m, se depender do Argo, a marca italiana pode at\u00e9 voltar a sonhar com a vice-lideran\u00e7a.\",\"breadcrumb\":{\"@id\":\"https:\/\/jornaldocarro.estadao.com.br\/primeira-classe\/fiat-argo-briga-pela-vice-lideranca\/#breadcrumb\"},\"inLanguage\":\"pt-BR\",\"potentialAction\":[{\"@type\":\"ReadAction\",\"target\":[\"https:\/\/jornaldocarro.estadao.com.br\/primeira-classe\/fiat-argo-briga-pela-vice-lideranca\/\"]}]},{\"@type\":\"ImageObject\",\"inLanguage\":\"pt-BR\",\"@id\":\"https:\/\/jornaldocarro.estadao.com.br\/primeira-classe\/fiat-argo-briga-pela-vice-lideranca\/#primaryimage\",\"url\":\"https:\/\/jornaldocarro.estadao.com.br\/wp-content\/uploads\/2019\/02\/38882699.jpg\",\"contentUrl\":\"https:\/\/jornaldocarro.estadao.com.br\/wp-content\/uploads\/2019\/02\/38882699.jpg\",\"width\":3872,\"height\":2581,\"caption\":\"Foto: JF Diorio\/Estad\u00e3o\"},{\"@type\":\"BreadcrumbList\",\"@id\":\"https:\/\/jornaldocarro.estadao.com.br\/primeira-classe\/fiat-argo-briga-pela-vice-lideranca\/#breadcrumb\",\"itemListElement\":[{\"@type\":\"ListItem\",\"position\":1,\"name\":\"In\u00edcio\",\"item\":\"https:\/\/jornaldocarro.estadao.com.br\/\"},{\"@type\":\"ListItem\",\"position\":2,\"name\":\"Primeira Classe\",\"item\":\"https:\/\/jornaldocarro.estadao.com.br\/primeira-classe\/\"},{\"@type\":\"ListItem\",\"position\":3,\"name\":\"Carro da Fiat entra na briga pela vice-lideran\u00e7a\"}]},{\"@type\":\"WebSite\",\"@id\":\"https:\/\/jornaldocarro.estadao.com.br\/#website\",\"url\":\"https:\/\/jornaldocarro.estadao.com.br\/\",\"name\":\"Jornal do Carro - Estad\u00e3o\",\"description\":\"O portal sobre carros, motos e tudo sobre o tema ve\u00edculos no Estad\u00e3o. Fique por dentro de lan\u00e7amentos e de hist\u00f3rias dos leitores e seus carros.\",\"potentialAction\":[{\"@type\":\"SearchAction\",\"target\":{\"@type\":\"EntryPoint\",\"urlTemplate\":\"https:\/\/jornaldocarro.estadao.com.br\/?s={search_term_string}\"},\"query-input\":{\"@type\":\"PropertyValueSpecification\",\"valueRequired\":true,\"valueName\":\"search_term_string\"}}],\"inLanguage\":\"pt-BR\"}]}<\/script>\n<!-- \/ Yoast SEO plugin. -->","yoast_head_json":{"title":"Carro da Fiat entra na briga pela vice-lideran\u00e7a - Jornal do Carro - Estad\u00e3o","description":"A Fiat perdeu no ano passado o segundo lugar de vendas para a Volkswagen. Por\u00e9m, se depender do Argo, a marca italiana pode at\u00e9 voltar a sonhar com a vice-lideran\u00e7a.","robots":{"index":"noindex","follow":"follow"},"twitter_card":"summary_large_image","twitter_title":"Carro da Fiat entra na briga pela vice-lideran\u00e7a - Jornal do Carro - Estad\u00e3o","twitter_description":"A Fiat perdeu no ano passado o segundo lugar de vendas para a Volkswagen. Por\u00e9m, se depender do Argo, a marca italiana pode at\u00e9 voltar a sonhar com a vice-lideran\u00e7a.","twitter_image":"https:\/\/jornaldocarro.estadao.com.br\/wp-content\/uploads\/2019\/02\/38882699.jpg","twitter_misc":{"Est. tempo de leitura":"2 minutos"},"schema":{"@context":"https:\/\/schema.org","@graph":[{"@type":"WebPage","@id":"https:\/\/jornaldocarro.estadao.com.br\/primeira-classe\/fiat-argo-briga-pela-vice-lideranca\/","url":"https:\/\/jornaldocarro.estadao.com.br\/primeira-classe\/fiat-argo-briga-pela-vice-lideranca\/","name":"Carro da Fiat entra na briga pela vice-lideran\u00e7a - Jornal do Carro - Estad\u00e3o","isPartOf":{"@id":"https:\/\/jornaldocarro.estadao.com.br\/#website"},"primaryImageOfPage":{"@id":"https:\/\/jornaldocarro.estadao.com.br\/primeira-classe\/fiat-argo-briga-pela-vice-lideranca\/#primaryimage"},"image":{"@id":"https:\/\/jornaldocarro.estadao.com.br\/primeira-classe\/fiat-argo-briga-pela-vice-lideranca\/#primaryimage"},"thumbnailUrl":"https:\/\/jornaldocarro.estadao.com.br\/wp-content\/uploads\/2019\/02\/38882699.jpg","datePublished":"2019-02-15T18:31:48+00:00","dateModified":"2019-02-15T18:33:32+00:00","description":"A Fiat perdeu no ano passado o segundo lugar de vendas para a Volkswagen. Por\u00e9m, se depender do Argo, a marca italiana pode at\u00e9 voltar a sonhar com a vice-lideran\u00e7a.","breadcrumb":{"@id":"https:\/\/jornaldocarro.estadao.com.br\/primeira-classe\/fiat-argo-briga-pela-vice-lideranca\/#breadcrumb"},"inLanguage":"pt-BR","potentialAction":[{"@type":"ReadAction","target":["https:\/\/jornaldocarro.estadao.com.br\/primeira-classe\/fiat-argo-briga-pela-vice-lideranca\/"]}]},{"@type":"ImageObject","inLanguage":"pt-BR","@id":"https:\/\/jornaldocarro.estadao.com.br\/primeira-classe\/fiat-argo-briga-pela-vice-lideranca\/#primaryimage","url":"https:\/\/jornaldocarro.estadao.com.br\/wp-content\/uploads\/2019\/02\/38882699.jpg","contentUrl":"https:\/\/jornaldocarro.estadao.com.br\/wp-content\/uploads\/2019\/02\/38882699.jpg","width":3872,"height":2581,"caption":"Foto: JF Diorio\/Estad\u00e3o"},{"@type":"BreadcrumbList","@id":"https:\/\/jornaldocarro.estadao.com.br\/primeira-classe\/fiat-argo-briga-pela-vice-lideranca\/#breadcrumb","itemListElement":[{"@type":"ListItem","position":1,"name":"In\u00edcio","item":"https:\/\/jornaldocarro.estadao.com.br\/"},{"@type":"ListItem","position":2,"name":"Primeira Classe","item":"https:\/\/jornaldocarro.estadao.com.br\/primeira-classe\/"},{"@type":"ListItem","position":3,"name":"Carro da Fiat entra na briga pela vice-lideran\u00e7a"}]},{"@type":"WebSite","@id":"https:\/\/jornaldocarro.estadao.com.br\/#website","url":"https:\/\/jornaldocarro.estadao.com.br\/","name":"Jornal do Carro - Estad\u00e3o","description":"O portal sobre carros, motos e tudo sobre o tema ve\u00edculos no Estad\u00e3o. Fique por dentro de lan\u00e7amentos e de hist\u00f3rias dos leitores e seus carros.","potentialAction":[{"@type":"SearchAction","target":{"@type":"EntryPoint","urlTemplate":"https:\/\/jornaldocarro.estadao.com.br\/?s={search_term_string}"},"query-input":{"@type":"PropertyValueSpecification","valueRequired":true,"valueName":"search_term_string"}}],"inLanguage":"pt-BR"}]}},"_links":{"self":[{"href":"https:\/\/jornaldocarro.estadao.com.br\/api\/wp\/v2\/blog_primeira_classe\/101023","targetHints":{"allow":["GET"]}}],"collection":[{"href":"https:\/\/jornaldocarro.estadao.com.br\/api\/wp\/v2\/blog_primeira_classe"}],"about":[{"href":"https:\/\/jornaldocarro.estadao.com.br\/api\/wp\/v2\/types\/blog_primeira_classe"}],"version-history":[{"count":13,"href":"https:\/\/jornaldocarro.estadao.com.br\/api\/wp\/v2\/blog_primeira_classe\/101023\/revisions"}],"predecessor-version":[{"id":101046,"href":"https:\/\/jornaldocarro.estadao.com.br\/api\/wp\/v2\/blog_primeira_classe\/101023\/revisions\/101046"}],"wp:featuredmedia":[{"embeddable":true,"href":"https:\/\/jornaldocarro.estadao.com.br\/api\/wp\/v2\/media\/101028"}],"wp:attachment":[{"href":"https:\/\/jornaldocarro.estadao.com.br\/api\/wp\/v2\/media?parent=101023"}],"curies":[{"name":"wp","href":"https:\/\/api.w.org\/{rel}","templated":true}]}}