{"id":101786,"date":"2019-02-22T17:07:18","date_gmt":"2019-02-22T20:07:18","guid":{"rendered":"https:\/\/jornaldocarro.estadao.com.br\/?post_type=blog_primeira_classe&#038;p=101786"},"modified":"2019-02-22T21:16:48","modified_gmt":"2019-02-23T00:16:48","slug":"suvs-que-estao-se-dando-mal-2019","status":"publish","type":"blog_primeira_classe","link":"https:\/\/jornaldocarro.estadao.com.br\/primeira-classe\/suvs-que-estao-se-dando-mal-2019\/","title":{"rendered":"SUVs que est\u00e3o se dando mal em 2019"},"content":{"rendered":"<p>Compass, <a id=\"post_keyword\" target=\"_blank\" href=\"https:\/\/jornaldocarro.estadao.com.br\/oferta\/hyundai-creta-ultimate-at\/?&amp;utm_source=linkagem&amp;utm_medium=cpl&amp;utm_campaign=ld_jc_creta&amp;utm_content=news_linkagem_jc_creta&amp;utm_term=news_creta&amp;utm_client=hyundai\">Creta<\/a> e WR-V s&#xE3;o, por enquanto, os SUVs que est&#xE3;o se dando mal em 2019. Na compara&#xE7;&#xE3;o com o encerramento de 2018, eles est&#xE3;o perdendo participa&#xE7;&#xE3;o no segmento. O Tracker tamb&#xE9;m pode estar entrando em uma trajet&#xF3;ria descendente.<\/p><ul>\n<li><a href=\"https:\/\/www.youtube.com\/channel\/UC-6xK_vYPSbK2-0bp6kD9RQ\" target=\"_blank\" rel=\"noopener nofollow\"><strong>Inscreva-se no canal do Jornal do Carro no YouTube<\/strong><\/a><\/li>\n<\/ul><p>Os dados obtidos pela reportagem por meio de fontes de mercado s\u00e3o referentes ao acumulado de 2019 \u2013 1\u00ba de janeiro a 21 de fevereiro. O\u00a0 SUV mais vendido no ano passado foi o m\u00e9dio Compass. Este ano, ele caiu para o segundo lugar.<\/p><p>Pode parecer pouco, mas n\u00e3o \u00e9. Em primeiro lugar, estamos falando do \u201csenhor\u201d do segmento de SUVs, absoluto na lideran\u00e7a desde que foi lan\u00e7ado. Al\u00e9m disso, o Compass j\u00e1 est\u00e1 indo para seu segundo m\u00eas seguido fora da primeira posi\u00e7\u00e3o.<\/p>\n  <div style=\"width: 100%;\" id=\"render-hmeio-1\"><\/div>\n    <script type=\"text\/javascript\">\n      if(window.innerWidth > 1){\n        $(\"#render-hmeio-1\").append(`\n          <div class=\"area-publicidade-rectangular hmeio\">\n            <p>Publicidade\n            <div class=\"area-publicidade\">\n              <div id=\"hmeio1\">\n            \n          \n        `);\n\n        \n    window.jornaldocarro = window.jornaldocarro || {};\n    window.jornaldocarro.slotsAds = window.jornaldocarro.slotsAds || [];\n    window.jornaldocarro.slotsAds.push(\"hmeio1\");\n  \n      }\n    <\/script>\n  <br><p><strong>LEIA TAMB\u00c9M<\/strong><\/p><ul>\n<li><a href=\"https:\/\/jornaldocarro.estadao.com.br\/primeira-classe\/renegade-2019-comprar-nao-comprar\/\" target=\"_blank\" rel=\"noopener nofollow\"><strong>Raz\u00f5es para n\u00e3o comprar o Renegade. E para comprar<\/strong><\/a><\/li>\n<li><a href=\"https:\/\/jornaldocarro.estadao.com.br\/primeira-classe\/novo-t-cross-mais-caro-rivais\/\" target=\"_blank\" rel=\"noopener nofollow\"><strong style=\"font-size: 1rem;\">T-Cross \u00e9 mais caro que a concorr\u00eancia<\/strong><\/a><\/li>\n<\/ul><p>No acumulado de 2019, o Compass tem 6.988 emplacamentos, quase mil a menos que o l\u00edder, Renegade (7.9145 unidades vendidas). O SUV menor, ali\u00e1s, \u00e9 a mais prov\u00e1vel raz\u00e3o de queda do maior.<\/p><p>Embora n\u00e3o sejam concorrentes, Renegade e Compass s\u00e3o da mesma marca. Dividem a mesma concession\u00e1ria.<\/p>\n  <div style=\"width: 100%;\" id=\"render-hmeio-2\"><\/div>\n    <script type=\"text\/javascript\">\n      if(window.innerWidth > 1){\n        $(\"#render-hmeio-2\").append(`\n          <div class=\"area-publicidade-rectangular hmeio\">\n            <p>Publicidade\n            <div class=\"area-publicidade\">\n              <div id=\"hmeio2\">\n            \n          \n        `);\n\n        \n    window.jornaldocarro = window.jornaldocarro || {};\n    window.jornaldocarro.slotsAds = window.jornaldocarro.slotsAds || [];\n    window.jornaldocarro.slotsAds.push(\"hmeio2\");\n  \n      }\n    <\/script>\n  <br><p>Como as vendas do Renegade est\u00e3o crescendo, no varejo, cerca de 40%, isso pode estar tirando clientes do Compass.<\/p><p><strong>Veja tamb\u00e9m: 20 usados para comprar de olhos fechados<\/strong><\/p>\n\n<div class=\"clearfix\"><\/div>\n<div data-gallery-id=\"39319\" class=\"jc-img-gallery-wrapper mt-3 mb-2\">\n  <div class=\"jc-img-gallery\" id=\"jc-img-gallery-39319\" data-gallery-title=\"SUVs que est\u00e3o se dando mal em 2019\">\n      <\/div>\n\n<\/div>\n<div class=\"clearfix\"><\/div>\n\n<h3>SUVs em queda: Creta e WR-V<\/h3><p>J&#xE1; <a id=\"post_keyword\" target=\"_blank\" href=\"https:\/\/jornaldocarro.estadao.com.br\/oferta\/hyundai-creta-ultimate-at\/?&amp;utm_source=linkagem&amp;utm_medium=cpl&amp;utm_campaign=ld_jc_creta&amp;utm_content=news_linkagem_jc_creta&amp;utm_term=news_creta&amp;utm_client=hyundai\">Creta<\/a> e WR-V perderam, na compara&#xE7;&#xE3;o com 2018, duas posi&#xE7;&#xF5;es no ranking cada um. O <a id=\"post_keyword\" target=\"_blank\" href=\"https:\/\/jornaldocarro.estadao.com.br\/oferta\/hyundai-creta-ultimate-at\/?&amp;utm_source=linkagem&amp;utm_medium=cpl&amp;utm_campaign=ld_jc_creta&amp;utm_content=news_linkagem_jc_creta&amp;utm_term=news_creta&amp;utm_client=hyundai\">Hyundai<\/a> foi o segundo mais vendido do segmento no ano passado &#x2013; e primeiro entre os SUVs compactos.<\/p>\n  <div style=\"width: 100%;\" id=\"render-hmeio-3\"><\/div>\n    <script type=\"text\/javascript\">\n      if(window.innerWidth > 1){\n        $(\"#render-hmeio-3\").append(`\n          <div class=\"area-publicidade-rectangular hmeio\">\n            <p>Publicidade\n            <div class=\"area-publicidade\">\n              <div id=\"hmeio3\">\n            \n          \n        `);\n\n        \n    window.jornaldocarro = window.jornaldocarro || {};\n    window.jornaldocarro.slotsAds = window.jornaldocarro.slotsAds || [];\n    window.jornaldocarro.slotsAds.push(\"hmeio3\");\n  \n      }\n    <\/script>\n  <br><p>Agora, o <a id=\"post_keyword\" target=\"_blank\" href=\"https:\/\/jornaldocarro.estadao.com.br\/oferta\/hyundai-creta-ultimate-at\/?&amp;utm_source=linkagem&amp;utm_medium=cpl&amp;utm_campaign=ld_jc_creta&amp;utm_content=news_linkagem_jc_creta&amp;utm_term=news_creta&amp;utm_client=hyundai\">Creta<\/a> &#xE9; o quarto colocado no resultado geral do segmento de SUVs. Ele teve 6.178 emplacamentos de 1&#xBA; de janeiro a 21 de fevereiro. Est&#xE1; logo atr&#xE1;s do Honda HR-V, que manteve sua posi&#xE7;&#xE3;o ante 2018.<\/p><p>Assim como o Compass, o <a id=\"post_keyword\" target=\"_blank\" href=\"https:\/\/jornaldocarro.estadao.com.br\/oferta\/hyundai-creta-ultimate-at\/?&amp;utm_source=linkagem&amp;utm_medium=cpl&amp;utm_campaign=ld_jc_creta&amp;utm_content=news_linkagem_jc_creta&amp;utm_term=news_creta&amp;utm_client=hyundai\">Creta<\/a> pode estar perdendo espa&#xE7;o para o Renegade. Nesse caso, por&#xE9;m, eles s&#xE3;o rivais diretos.<\/p><p><strong>V\u00cdDEO DA SEMANA: Chery Tiggo 5X em detalhes<\/strong><\/p>\n  <div style=\"width: 100%;\" id=\"render-hmeio-4\"><\/div>\n    <script type=\"text\/javascript\">\n      if(window.innerWidth > 1){\n        $(\"#render-hmeio-4\").append(`\n          <div class=\"area-publicidade-rectangular hmeio\">\n            <p>Publicidade\n            <div class=\"area-publicidade\">\n              <div id=\"hmeio4\">\n            \n          \n        `);\n\n        \n    window.jornaldocarro = window.jornaldocarro || {};\n    window.jornaldocarro.slotsAds = window.jornaldocarro.slotsAds || [];\n    window.jornaldocarro.slotsAds.push(\"hmeio4\");\n  \n      }\n    <\/script>\n  <br><p><iframe loading=\"lazy\" src=\"https:\/\/www.youtube.com\/embed\/gJjgim0ioiE\" width=\"560\" height=\"315\" frameborder=\"0\" allowfullscreen=\"allowfullscreen\"><\/iframe><\/p><p>O <a id=\"post_keyword\" target=\"_blank\" href=\"https:\/\/jornaldocarro.estadao.com.br\/oferta\/hyundai-creta-ultimate-at\/?&amp;utm_source=linkagem&amp;utm_medium=cpl&amp;utm_campaign=ld_jc_creta&amp;utm_content=news_linkagem_jc_creta&amp;utm_term=news_creta&amp;utm_client=hyundai\">Creta<\/a> tamb&#xE9;m sofre com os problemas de limita&#xE7;&#xE3;o de produ&#xE7;&#xE3;o da f&#xE1;brica da <a id=\"post_keyword\" target=\"_blank\" href=\"https:\/\/jornaldocarro.estadao.com.br\/oferta\/hyundai-creta-ultimate-at\/?&amp;utm_source=linkagem&amp;utm_medium=cpl&amp;utm_campaign=ld_jc_creta&amp;utm_content=news_linkagem_jc_creta&amp;utm_term=news_creta&amp;utm_client=hyundai\">Hyundai<\/a> em Piracicaba (SP).<\/p><p>J\u00e1 o WR-V, que teve um bom primeiro ano (2017) e perdeu bastante espa\u00e7o em 2018, est\u00e1 caindo ainda mais. Agora, ocupa a 12\u00aa posi\u00e7\u00e3o do ranking \u2013 ante a d\u00e9cima do ano passado.<\/p>\n  <div style=\"width: 100%;\" id=\"render-hmeio-5\"><\/div>\n    <script type=\"text\/javascript\">\n      if(window.innerWidth > 1){\n        $(\"#render-hmeio-5\").append(`\n          <div class=\"area-publicidade-rectangular hmeio\">\n            <p>Publicidade\n            <div class=\"area-publicidade\">\n              <div id=\"hmeio5\">\n            \n          \n        `);\n\n        \n    window.jornaldocarro = window.jornaldocarro || {};\n    window.jornaldocarro.slotsAds = window.jornaldocarro.slotsAds || [];\n    window.jornaldocarro.slotsAds.push(\"hmeio5\");\n  \n      }\n    <\/script>\n  <br><p>Al\u00e9m de estar em uma fase descendente natural, o WR-V \u00e9 v\u00edtima do crescimento do C4 Cactus. O modelo da Citro\u00ebn vem escalando o ranking m\u00eas a m\u00eas (<a href=\"https:\/\/jornaldocarro.estadao.com.br\/primeira-classe\/suv-c4-cactus-escalando-ranking\/\" target=\"_blank\" rel=\"noopener nofollow\"><strong>leia detalhes aqui<\/strong><\/a>).<\/p><h3>Tracker<\/h3><p>O Tracker perdeu uma posi\u00e7\u00e3o no ranking de SUVs na compara\u00e7\u00e3o com o ano passado. Agora, \u00e9 nono colocado \u2013 em 2018 foi oitavo.<\/p><p>Por\u00e9m, ele deve perder mais uma em fevereiro. E tamb\u00e9m para o C4 Cactus. No acumulado do m\u00eas (1\u00ba a 21), o Citro\u00ebn soma 990 emplacamentos, ante os 837 do Chevrolet.<\/p>\n  <div style=\"width: 100%;\" id=\"render-hmeio-6\"><\/div>\n    <script type=\"text\/javascript\">\n      if(window.innerWidth > 1){\n        $(\"#render-hmeio-6\").append(`\n          <div class=\"area-publicidade-rectangular hmeio\">\n            <p>Publicidade\n            <div class=\"area-publicidade\">\n              <div id=\"hmeio6\">\n            \n          \n        `);\n\n        \n    window.jornaldocarro = window.jornaldocarro || {};\n    window.jornaldocarro.slotsAds = window.jornaldocarro.slotsAds || [];\n    window.jornaldocarro.slotsAds.push(\"hmeio6\");\n  \n      }\n    <\/script>\n  <br><h3>Veja tamb\u00e9m: os SUVs que chegam em 2019<\/h3>\n\n<div class=\"clearfix\"><\/div>\n<div data-gallery-id=\"39319\" class=\"jc-img-gallery-wrapper mt-3 mb-2\">\n  <div class=\"jc-img-gallery\" id=\"jc-img-gallery-39319\" data-gallery-title=\"SUVs que est\u00e3o se dando mal em 2019\">\n      <\/div>\n\n<\/div>\n<div class=\"clearfix\"><\/div>\n\n<p>\u00a0<\/p><p><strong>CONHE\u00c7A MEU PERFIL NO INSTAGRAM<\/strong><\/p><blockquote class=\"instagram-media\" style=\"background: #FFF; border: 0; border-radius: 3px; box-shadow: 0 0 1px 0 rgba(0,0,0,0.5),0 1px 10px 0 rgba(0,0,0,0.15); margin: 1px; max-width: 540px; min-width: 326px; padding: 0; width: calc(100% - 2px);\" data-instgrm-captioned=\"\" data-instgrm-permalink=\"https:\/\/www.instagram.com\/p\/BtpGZphnY7N\/?utm_source=ig_embed&amp;utm_medium=loading\" data-instgrm-version=\"12\">\n<div style=\"padding: 16px;\">\n<p>\u00a0<\/p>\n<div style=\"display: flex; flex-direction: row; align-items: center;\">\n<div style=\"background-color: #f4f4f4; border-radius: 50%; flex-grow: 0; height: 40px; margin-right: 14px; width: 40px;\"><\/div>\n<div style=\"display: flex; flex-direction: column; flex-grow: 1; justify-content: center;\">\n<div style=\"background-color: #f4f4f4; border-radius: 4px; flex-grow: 0; height: 14px; margin-bottom: 6px; width: 100px;\"><\/div>\n<div style=\"background-color: #f4f4f4; border-radius: 4px; flex-grow: 0; height: 14px; width: 60px;\"><\/div>\n<\/div>\n<\/div>\n<div style=\"padding: 19% 0;\"><\/div>\n<div style=\"display: block; height: 50px; margin: 0 auto 12px; width: 50px;\"><\/div>\n<div style=\"padding-top: 8px;\">\n<div style=\"color: #3897f0; font-family: Arial,sans-serif; font-size: 14px; font-style: normal; font-weight: 550; line-height: 18px;\">Visualizar esta foto no Instagram.<\/div>\n<\/div>\n<div style=\"padding: 12.5% 0;\"><\/div>\n<div style=\"display: flex; flex-direction: row; margin-bottom: 14px; align-items: center;\">\n<div>\n<div style=\"background-color: #f4f4f4; border-radius: 50%; height: 12.5px; width: 12.5px; transform: translateX(0px) translateY(7px);\"><\/div>\n<div style=\"background-color: #f4f4f4; height: 12.5px; transform: rotate(-45deg) translateX(3px) translateY(1px); width: 12.5px; flex-grow: 0; margin-right: 14px; margin-left: 2px;\"><\/div>\n<div style=\"background-color: #f4f4f4; border-radius: 50%; height: 12.5px; width: 12.5px; transform: translateX(9px) translateY(-18px);\"><\/div>\n<\/div>\n<div style=\"margin-left: 8px;\">\n<div style=\"background-color: #f4f4f4; border-radius: 50%; flex-grow: 0; height: 20px; width: 20px;\"><\/div>\n<div style=\"width: 0; height: 0; border-top: 2px solid transparent; border-left: 6px solid #f4f4f4; border-bottom: 2px solid transparent; transform: translateX(16px) translateY(-4px) rotate(30deg);\"><\/div>\n<\/div>\n<div style=\"margin-left: auto;\">\n<div style=\"width: 0px; border-top: 8px solid #F4F4F4; border-right: 8px solid transparent; transform: translateY(16px);\"><\/div>\n<div style=\"background-color: #f4f4f4; flex-grow: 0; height: 12px; width: 16px; transform: translateY(-4px);\"><\/div>\n<div style=\"width: 0; height: 0; border-top: 8px solid #F4F4F4; border-left: 8px solid transparent; transform: translateY(-4px) translateX(8px);\"><\/div>\n<\/div>\n<\/div>\n<p>\u00a0<\/p>\n<p style=\"margin: 8px 0 0 0; padding: 0 4px;\"><a style=\"color: #000; font-family: Arial,sans-serif; font-size: 14px; font-style: normal; font-weight: normal; line-height: 17px; text-decoration: none; word-wrap: break-word;\" href=\"https:\/\/www.instagram.com\/p\/BtpGZphnY7N\/?utm_source=ig_embed&amp;utm_medium=loading\" target=\"_blank\" rel=\"noopener nofollow\">Weekend feelings: bora fazer um off-road e entrar em contato com a natureza? Bom final de semana pra vcs ?? #saopaulo #brasil #offroad #jipeiros #jeep #renegade #suv #awd #trilha #natureza #aventura #adventure #weekend #instadaily<\/a><\/p>\n<p style=\"color: #c9c8cd; font-family: Arial,sans-serif; font-size: 14px; line-height: 17px; margin-bottom: 0; margin-top: 8px; overflow: hidden; padding: 8px 0 7px; text-align: center; text-overflow: ellipsis; white-space: nowrap;\">Uma publica\u00e7\u00e3o compartilhada por <a style=\"color: #c9c8cd; font-family: Arial,sans-serif; font-size: 14px; font-style: normal; font-weight: normal; line-height: 17px;\" href=\"https:\/\/www.instagram.com\/rafaelatborges\/?utm_source=ig_embed&amp;utm_medium=loading\" target=\"_blank\" rel=\"noopener nofollow\"> Rafaela Borges<\/a> (@rafaelatborges) em <time style=\"font-family: Arial,sans-serif; font-size: 14px; line-height: 17px;\" datetime=\"2019-02-09T01:13:46+00:00\">8 de Fev, 2019 \u00e0s 5:13 PST<\/time><\/p>\n<\/div>\n<\/blockquote><p><script async src=\"\/\/www.instagram.com\/embed.js\"><\/script><\/p>\n  <div style=\"width: 100%;\" id=\"render-hmeio-7\"><\/div>\n    <script type=\"text\/javascript\">\n      if(window.innerWidth > 1){\n        $(\"#render-hmeio-7\").append(`\n          <div class=\"area-publicidade-rectangular hmeio\">\n            <p>Publicidade\n            <div class=\"area-publicidade\">\n              <div id=\"hmeio7\">\n            \n          \n        `);\n\n        renderPubNow('hmeio', 7)\n      }\n    <\/script>\n  <br><p>\u00a0<\/p>","protected":false},"excerpt":{"rendered":"<p>Compass \u00e9 um dos SUVs que est\u00e3o perdendo participa\u00e7\u00e3o no mercado<\/p>\n","protected":false},"featured_media":101805,"template":"","class_list":["post-101786","blog_primeira_classe","type-blog_primeira_classe","status-publish","has-post-thumbnail","hentry","tags_primeira_classe-compass","tags_primeira_classe-creta","tags_primeira_classe-suvs","tags_primeira_classe-wr-v"],"yoast_head":"<!-- This site is optimized with the Yoast SEO plugin v23.5 - https:\/\/yoast.com\/wordpress\/plugins\/seo\/ -->\n<title>SUVs que est\u00e3o se dando mal em 2019 - Jornal do Carro - Estad\u00e3o<\/title>\n<meta name=\"description\" content=\"Pelo menos tr\u00eas SUVs est\u00e3o perdendo espa\u00e7o no ranking de vendas no acumulado de 2019. Crescimento da concorr\u00eancia \u00e9 a principal raz\u00e3o\" \/>\n<meta name=\"robots\" content=\"noindex, follow\" \/>\n<meta name=\"twitter:card\" content=\"summary_large_image\" \/>\n<meta name=\"twitter:title\" content=\"SUVs que est\u00e3o se dando mal em 2019 - Jornal do Carro - Estad\u00e3o\" \/>\n<meta name=\"twitter:description\" content=\"Pelo menos tr\u00eas SUVs est\u00e3o perdendo espa\u00e7o no ranking de vendas no acumulado de 2019. Crescimento da concorr\u00eancia \u00e9 a principal raz\u00e3o\" \/>\n<meta name=\"twitter:image\" content=\"https:\/\/jornaldocarro.estadao.com.br\/wp-content\/uploads\/2019\/02\/45167725.jpg\" \/>\n<meta name=\"twitter:label1\" content=\"Est. tempo de leitura\" \/>\n\t<meta name=\"twitter:data1\" content=\"3 minutos\" \/>\n<script type=\"application\/ld+json\" class=\"yoast-schema-graph\">{\"@context\":\"https:\/\/schema.org\",\"@graph\":[{\"@type\":\"WebPage\",\"@id\":\"https:\/\/jornaldocarro.estadao.com.br\/primeira-classe\/suvs-que-estao-se-dando-mal-2019\/\",\"url\":\"https:\/\/jornaldocarro.estadao.com.br\/primeira-classe\/suvs-que-estao-se-dando-mal-2019\/\",\"name\":\"SUVs que est\u00e3o se dando mal em 2019 - Jornal do Carro - Estad\u00e3o\",\"isPartOf\":{\"@id\":\"https:\/\/jornaldocarro.estadao.com.br\/#website\"},\"primaryImageOfPage\":{\"@id\":\"https:\/\/jornaldocarro.estadao.com.br\/primeira-classe\/suvs-que-estao-se-dando-mal-2019\/#primaryimage\"},\"image\":{\"@id\":\"https:\/\/jornaldocarro.estadao.com.br\/primeira-classe\/suvs-que-estao-se-dando-mal-2019\/#primaryimage\"},\"thumbnailUrl\":\"https:\/\/jornaldocarro.estadao.com.br\/wp-content\/uploads\/2019\/02\/45167725.jpg\",\"datePublished\":\"2019-02-22T20:07:18+00:00\",\"dateModified\":\"2019-02-23T00:16:48+00:00\",\"description\":\"Pelo menos tr\u00eas SUVs est\u00e3o perdendo espa\u00e7o no ranking de vendas no acumulado de 2019. Crescimento da concorr\u00eancia \u00e9 a principal raz\u00e3o\",\"breadcrumb\":{\"@id\":\"https:\/\/jornaldocarro.estadao.com.br\/primeira-classe\/suvs-que-estao-se-dando-mal-2019\/#breadcrumb\"},\"inLanguage\":\"pt-BR\",\"potentialAction\":[{\"@type\":\"ReadAction\",\"target\":[\"https:\/\/jornaldocarro.estadao.com.br\/primeira-classe\/suvs-que-estao-se-dando-mal-2019\/\"]}]},{\"@type\":\"ImageObject\",\"inLanguage\":\"pt-BR\",\"@id\":\"https:\/\/jornaldocarro.estadao.com.br\/primeira-classe\/suvs-que-estao-se-dando-mal-2019\/#primaryimage\",\"url\":\"https:\/\/jornaldocarro.estadao.com.br\/wp-content\/uploads\/2019\/02\/45167725.jpg\",\"contentUrl\":\"https:\/\/jornaldocarro.estadao.com.br\/wp-content\/uploads\/2019\/02\/45167725.jpg\",\"width\":3872,\"height\":2581,\"caption\":\"Jeep \u00e9 um dos SUVs que est\u00e3o perdendo espa\u00e7o (Foto: Tiago Queiroz\/Estad\u00e3o)\"},{\"@type\":\"BreadcrumbList\",\"@id\":\"https:\/\/jornaldocarro.estadao.com.br\/primeira-classe\/suvs-que-estao-se-dando-mal-2019\/#breadcrumb\",\"itemListElement\":[{\"@type\":\"ListItem\",\"position\":1,\"name\":\"In\u00edcio\",\"item\":\"https:\/\/jornaldocarro.estadao.com.br\/\"},{\"@type\":\"ListItem\",\"position\":2,\"name\":\"Primeira Classe\",\"item\":\"https:\/\/jornaldocarro.estadao.com.br\/primeira-classe\/\"},{\"@type\":\"ListItem\",\"position\":3,\"name\":\"SUVs que est\u00e3o se dando mal em 2019\"}]},{\"@type\":\"WebSite\",\"@id\":\"https:\/\/jornaldocarro.estadao.com.br\/#website\",\"url\":\"https:\/\/jornaldocarro.estadao.com.br\/\",\"name\":\"Jornal do Carro - Estad\u00e3o\",\"description\":\"O portal sobre carros, motos e tudo sobre o tema ve\u00edculos no Estad\u00e3o. Fique por dentro de lan\u00e7amentos e de hist\u00f3rias dos leitores e seus carros.\",\"potentialAction\":[{\"@type\":\"SearchAction\",\"target\":{\"@type\":\"EntryPoint\",\"urlTemplate\":\"https:\/\/jornaldocarro.estadao.com.br\/?s={search_term_string}\"},\"query-input\":{\"@type\":\"PropertyValueSpecification\",\"valueRequired\":true,\"valueName\":\"search_term_string\"}}],\"inLanguage\":\"pt-BR\"}]}<\/script>\n<!-- \/ Yoast SEO plugin. -->","yoast_head_json":{"title":"SUVs que est\u00e3o se dando mal em 2019 - Jornal do Carro - Estad\u00e3o","description":"Pelo menos tr\u00eas SUVs est\u00e3o perdendo espa\u00e7o no ranking de vendas no acumulado de 2019. Crescimento da concorr\u00eancia \u00e9 a principal raz\u00e3o","robots":{"index":"noindex","follow":"follow"},"twitter_card":"summary_large_image","twitter_title":"SUVs que est\u00e3o se dando mal em 2019 - Jornal do Carro - Estad\u00e3o","twitter_description":"Pelo menos tr\u00eas SUVs est\u00e3o perdendo espa\u00e7o no ranking de vendas no acumulado de 2019. Crescimento da concorr\u00eancia \u00e9 a principal raz\u00e3o","twitter_image":"https:\/\/jornaldocarro.estadao.com.br\/wp-content\/uploads\/2019\/02\/45167725.jpg","twitter_misc":{"Est. tempo de leitura":"3 minutos"},"schema":{"@context":"https:\/\/schema.org","@graph":[{"@type":"WebPage","@id":"https:\/\/jornaldocarro.estadao.com.br\/primeira-classe\/suvs-que-estao-se-dando-mal-2019\/","url":"https:\/\/jornaldocarro.estadao.com.br\/primeira-classe\/suvs-que-estao-se-dando-mal-2019\/","name":"SUVs que est\u00e3o se dando mal em 2019 - Jornal do Carro - Estad\u00e3o","isPartOf":{"@id":"https:\/\/jornaldocarro.estadao.com.br\/#website"},"primaryImageOfPage":{"@id":"https:\/\/jornaldocarro.estadao.com.br\/primeira-classe\/suvs-que-estao-se-dando-mal-2019\/#primaryimage"},"image":{"@id":"https:\/\/jornaldocarro.estadao.com.br\/primeira-classe\/suvs-que-estao-se-dando-mal-2019\/#primaryimage"},"thumbnailUrl":"https:\/\/jornaldocarro.estadao.com.br\/wp-content\/uploads\/2019\/02\/45167725.jpg","datePublished":"2019-02-22T20:07:18+00:00","dateModified":"2019-02-23T00:16:48+00:00","description":"Pelo menos tr\u00eas SUVs est\u00e3o perdendo espa\u00e7o no ranking de vendas no acumulado de 2019. Crescimento da concorr\u00eancia \u00e9 a principal raz\u00e3o","breadcrumb":{"@id":"https:\/\/jornaldocarro.estadao.com.br\/primeira-classe\/suvs-que-estao-se-dando-mal-2019\/#breadcrumb"},"inLanguage":"pt-BR","potentialAction":[{"@type":"ReadAction","target":["https:\/\/jornaldocarro.estadao.com.br\/primeira-classe\/suvs-que-estao-se-dando-mal-2019\/"]}]},{"@type":"ImageObject","inLanguage":"pt-BR","@id":"https:\/\/jornaldocarro.estadao.com.br\/primeira-classe\/suvs-que-estao-se-dando-mal-2019\/#primaryimage","url":"https:\/\/jornaldocarro.estadao.com.br\/wp-content\/uploads\/2019\/02\/45167725.jpg","contentUrl":"https:\/\/jornaldocarro.estadao.com.br\/wp-content\/uploads\/2019\/02\/45167725.jpg","width":3872,"height":2581,"caption":"Jeep \u00e9 um dos SUVs que est\u00e3o perdendo espa\u00e7o (Foto: Tiago Queiroz\/Estad\u00e3o)"},{"@type":"BreadcrumbList","@id":"https:\/\/jornaldocarro.estadao.com.br\/primeira-classe\/suvs-que-estao-se-dando-mal-2019\/#breadcrumb","itemListElement":[{"@type":"ListItem","position":1,"name":"In\u00edcio","item":"https:\/\/jornaldocarro.estadao.com.br\/"},{"@type":"ListItem","position":2,"name":"Primeira Classe","item":"https:\/\/jornaldocarro.estadao.com.br\/primeira-classe\/"},{"@type":"ListItem","position":3,"name":"SUVs que est\u00e3o se dando mal em 2019"}]},{"@type":"WebSite","@id":"https:\/\/jornaldocarro.estadao.com.br\/#website","url":"https:\/\/jornaldocarro.estadao.com.br\/","name":"Jornal do Carro - Estad\u00e3o","description":"O portal sobre carros, motos e tudo sobre o tema ve\u00edculos no Estad\u00e3o. Fique por dentro de lan\u00e7amentos e de hist\u00f3rias dos leitores e seus carros.","potentialAction":[{"@type":"SearchAction","target":{"@type":"EntryPoint","urlTemplate":"https:\/\/jornaldocarro.estadao.com.br\/?s={search_term_string}"},"query-input":{"@type":"PropertyValueSpecification","valueRequired":true,"valueName":"search_term_string"}}],"inLanguage":"pt-BR"}]}},"_links":{"self":[{"href":"https:\/\/jornaldocarro.estadao.com.br\/api\/wp\/v2\/blog_primeira_classe\/101786","targetHints":{"allow":["GET"]}}],"collection":[{"href":"https:\/\/jornaldocarro.estadao.com.br\/api\/wp\/v2\/blog_primeira_classe"}],"about":[{"href":"https:\/\/jornaldocarro.estadao.com.br\/api\/wp\/v2\/types\/blog_primeira_classe"}],"version-history":[{"count":12,"href":"https:\/\/jornaldocarro.estadao.com.br\/api\/wp\/v2\/blog_primeira_classe\/101786\/revisions"}],"predecessor-version":[{"id":101858,"href":"https:\/\/jornaldocarro.estadao.com.br\/api\/wp\/v2\/blog_primeira_classe\/101786\/revisions\/101858"}],"wp:featuredmedia":[{"embeddable":true,"href":"https:\/\/jornaldocarro.estadao.com.br\/api\/wp\/v2\/media\/101805"}],"wp:attachment":[{"href":"https:\/\/jornaldocarro.estadao.com.br\/api\/wp\/v2\/media?parent=101786"}],"curies":[{"name":"wp","href":"https:\/\/api.w.org\/{rel}","templated":true}]}}