{"id":109267,"date":"2019-05-10T20:07:58","date_gmt":"2019-05-10T23:07:58","guid":{"rendered":"https:\/\/jornaldocarro.estadao.com.br\/?post_type=blog_primeira_classe&#038;p=109267"},"modified":"2019-05-10T20:21:34","modified_gmt":"2019-05-10T23:21:34","slug":"gol-e-mobi-dao-um-grande-salto","status":"publish","type":"blog_primeira_classe","link":"https:\/\/jornaldocarro.estadao.com.br\/primeira-classe\/gol-e-mobi-dao-um-grande-salto\/","title":{"rendered":"Gol e Mobi d\u00e3o um grande salto"},"content":{"rendered":"<p>Volkswagen Gol e Fiat Mobi est\u00e3o sendo os grandes destaques de vendas nesse in\u00edcio de m\u00eas. Assim como o Ka Sedan, em abril, em maio s\u00e3o os dois hatches que ocupam posi\u00e7\u00f5es al\u00e9m das que obt\u00eam em m\u00e9dia.<\/p><ul>\n<li><a href=\"https:\/\/www.youtube.com\/channel\/UC-6xK_vYPSbK2-0bp6kD9RQ\/\" target=\"_blank\" rel=\"noopener nofollow\"><strong>Inscreva-se no canal do Jornal do Carro no YouTube<\/strong><\/a><\/li>\n<\/ul><p>O maior destaque &#xE9; o Gol. O modelo da Volkswagen &#xE9;, neste momento, o terceiro carro mais vendido do Brasil. N&#xE3;o para por a&#xED;: ele est&#xE1; extremamente pr&#xF3;ximo do segundo colocado, <a id=\"post_keyword\" target=\"_blank\" href=\"https:\/\/jornaldocarro.estadao.com.br\/oferta\/hyundai-creta-ultimate-at\/?&amp;utm_source=linkagem&amp;utm_medium=cpl&amp;utm_campaign=ld_jc_creta&amp;utm_content=news_linkagem_jc_creta&amp;utm_term=news_creta&amp;utm_client=hyundai\">Hyundai<\/a> HB20.<\/p><p>O Mobi, por sua vez, ocupa neste momento a quinta posi\u00e7\u00e3o em vendas. Os dados, apurados de 1\u00ba a 9 de maio, s\u00e3o da Federa\u00e7\u00e3o Nacional da Distribui\u00e7\u00e3o de Ve\u00edculos Automotores (Fenabreve).<\/p>\n  <div style=\"width: 100%;\" id=\"render-hmeio-1\"><\/div>\n    <script type=\"text\/javascript\">\n      if(window.innerWidth > 1){\n        $(\"#render-hmeio-1\").append(`\n          <div class=\"area-publicidade-rectangular hmeio\">\n            <p>Publicidade\n            <div class=\"area-publicidade\">\n              <div id=\"hmeio1\">\n            \n          \n        `);\n\n        \n    window.jornaldocarro = window.jornaldocarro || {};\n    window.jornaldocarro.slotsAds = window.jornaldocarro.slotsAds || [];\n    window.jornaldocarro.slotsAds.push(\"hmeio1\");\n  \n      }\n    <\/script>\n  <br><p>\u00a0<\/p><p><strong>Veja tamb\u00e9m: Os carros mais vendidos em abril<\/strong><\/p>\n\n<div class=\"clearfix\"><\/div>\n<div data-gallery-id=\"39894\" class=\"jc-img-gallery-wrapper mt-3 mb-2\">\n  <div class=\"jc-img-gallery\" id=\"jc-img-gallery-39894\" data-gallery-title=\"Gol e Mobi d\u00e3o um grande salto\">\n      <\/div>\n\n<\/div>\n<div class=\"clearfix\"><\/div>\n\n<p>\u00a0<\/p>\n  <div style=\"width: 100%;\" id=\"render-hmeio-2\"><\/div>\n    <script type=\"text\/javascript\">\n      if(window.innerWidth > 1){\n        $(\"#render-hmeio-2\").append(`\n          <div class=\"area-publicidade-rectangular hmeio\">\n            <p>Publicidade\n            <div class=\"area-publicidade\">\n              <div id=\"hmeio2\">\n            \n          \n        `);\n\n        \n    window.jornaldocarro = window.jornaldocarro || {};\n    window.jornaldocarro.slotsAds = window.jornaldocarro.slotsAds || [];\n    window.jornaldocarro.slotsAds.push(\"hmeio2\");\n  \n      }\n    <\/script>\n  <br><h3>O salto do Gol<\/h3><p>No per\u00edodo, foram vendidos 2.622 Gol no mercado brasileiro. O vice-l\u00edder HB20 soma 2.660 unidades vendidas.<\/p><p>As 38 unidades do <a id=\"post_keyword\" target=\"_blank\" href=\"https:\/\/jornaldocarro.estadao.com.br\/oferta\/hyundai-creta-ultimate-at\/?&amp;utm_source=linkagem&amp;utm_medium=cpl&amp;utm_campaign=ld_jc_creta&amp;utm_content=news_linkagem_jc_creta&amp;utm_term=news_creta&amp;utm_client=hyundai\">Hyundai<\/a> s&#xE3;o uma vantagem bem apertada em um segmento de tanto volume. Pode dizer, assim, que HB20 e Gol est&#xE3;o em empate t&#xE9;cnico.<\/p><p>O resultado parcial de maio representa um salto de tr\u00eas posi\u00e7\u00f5es no ranking para o Gol. No acumulado de janeiro a abril, o hatch da Volkswagen foi o sexto carro mais emplacado do Pa\u00eds.<\/p>\n  <div style=\"width: 100%;\" id=\"render-hmeio-3\"><\/div>\n    <script type=\"text\/javascript\">\n      if(window.innerWidth > 1){\n        $(\"#render-hmeio-3\").append(`\n          <div class=\"area-publicidade-rectangular hmeio\">\n            <p>Publicidade\n            <div class=\"area-publicidade\">\n              <div id=\"hmeio3\">\n            \n          \n        `);\n\n        \n    window.jornaldocarro = window.jornaldocarro || {};\n    window.jornaldocarro.slotsAds = window.jornaldocarro.slotsAds || [];\n    window.jornaldocarro.slotsAds.push(\"hmeio3\");\n  \n      }\n    <\/script>\n  <br><h3>Mobi<\/h3><p>No caso do Fiat, o salto \u00e9 ainda maior. De janeiro a abril, o Mobi foi o 14\u00ba carro mais emplacado do Pa\u00eds. Assim, o resultado parcial de maio representa um avan\u00e7o de nove posi\u00e7\u00f5es no ranking.<\/p><p>Entre os dias 1\u00ba e 9 deste m\u00eas, o Fiat somou 1.885 unidades emplacadas. Est\u00e1 bem atr\u00e1s do quarto colocado, Ka (2.553). J\u00e1 o sexto, Polo, aparece pr\u00f3ximo, com 1.826 emplacamentos.<\/p><p>\u00a0<\/p>\n  <div style=\"width: 100%;\" id=\"render-hmeio-4\"><\/div>\n    <script type=\"text\/javascript\">\n      if(window.innerWidth > 1){\n        $(\"#render-hmeio-4\").append(`\n          <div class=\"area-publicidade-rectangular hmeio\">\n            <p>Publicidade\n            <div class=\"area-publicidade\">\n              <div id=\"hmeio4\">\n            \n          \n        `);\n\n        \n    window.jornaldocarro = window.jornaldocarro || {};\n    window.jornaldocarro.slotsAds = window.jornaldocarro.slotsAds || [];\n    window.jornaldocarro.slotsAds.push(\"hmeio4\");\n  \n      }\n    <\/script>\n  <br><p><strong>LEIA TAMB\u00c9M<\/strong><\/p><ul>\n<li><a href=\"https:\/\/jornaldocarro.estadao.com.br\/primeira-classe\/montadora-carros-caros-brasil\/\" target=\"_blank\" rel=\"noopener nofollow\"><strong>A montadora dos carros mais caros do Brasil<\/strong><\/a><\/li>\n<li><a href=\"https:\/\/jornaldocarro.estadao.com.br\/primeira-classe\/tiguan-suvs-da-volkswagen-abril\/\" target=\"_blank\" rel=\"noopener nofollow\"><strong>SUVs da Volkswagen fazem bonito em abril<\/strong><\/a><\/li>\n<\/ul><p>\u00a0<\/p><p>\u00c9 importante ressaltar que tanto Gol quanto Mobi s\u00e3o carros muito fortes em vendas diretas. Isso pode estar, portanto, inflando as vendas dos dois modelos nesse in\u00edcio de m\u00eas.<\/p>\n  <div style=\"width: 100%;\" id=\"render-hmeio-5\"><\/div>\n    <script type=\"text\/javascript\">\n      if(window.innerWidth > 1){\n        $(\"#render-hmeio-5\").append(`\n          <div class=\"area-publicidade-rectangular hmeio\">\n            <p>Publicidade\n            <div class=\"area-publicidade\">\n              <div id=\"hmeio5\">\n            \n          \n        `);\n\n        \n    window.jornaldocarro = window.jornaldocarro || {};\n    window.jornaldocarro.slotsAds = window.jornaldocarro.slotsAds || [];\n    window.jornaldocarro.slotsAds.push(\"hmeio5\");\n  \n      }\n    <\/script>\n  <br><p>Se o resultado \u00e9 fruto de uma grande venda para frotistas ou locadoras, por exemplo, a tend\u00eancia \u00e9 que os dois percam \u00edmpeto de emplacamentos \u2013 e posi\u00e7\u00f5es no ranking \u2013 no decorrer do m\u00eas. A conferir.<\/p><h3>Outros resultados<\/h3><p>O Onix continua inabal\u00e1vel na primeira posi\u00e7\u00e3o de vendas, da qual n\u00e3o sai desde 2015. De 1\u00ba a 9 de maio, somou 4.302 emplacamentos.<\/p><p>Entre os SUVs, uma pequena mudan\u00e7a: pela primeira vez no ano, o Renegade n\u00e3o aparece na primeira posi\u00e7\u00e3o. No momento, ela \u00e9 ocupada pelo Compass, que tem 1.591 emplacamentos.<\/p>\n  <div style=\"width: 100%;\" id=\"render-hmeio-6\"><\/div>\n    <script type=\"text\/javascript\">\n      if(window.innerWidth > 1){\n        $(\"#render-hmeio-6\").append(`\n          <div class=\"area-publicidade-rectangular hmeio\">\n            <p>Publicidade\n            <div class=\"area-publicidade\">\n              <div id=\"hmeio6\">\n            \n          \n        `);\n\n        \n    window.jornaldocarro = window.jornaldocarro || {};\n    window.jornaldocarro.slotsAds = window.jornaldocarro.slotsAds || [];\n    window.jornaldocarro.slotsAds.push(\"hmeio6\");\n  \n      }\n    <\/script>\n  <br><p>O Renegade, no entanto, est\u00e1 bem pr\u00f3ximo: soma 1.568 unidades vendidas.<\/p><p>\u00a0<\/p><p><strong>V\u00eddeo da semana: Teste do McLaren Senna em Interlagos<\/strong><\/p>\n  <div style=\"width: 100%;\" id=\"render-hmeio-7\"><\/div>\n    <script type=\"text\/javascript\">\n      if(window.innerWidth > 1){\n        $(\"#render-hmeio-7\").append(`\n          <div class=\"area-publicidade-rectangular hmeio\">\n            <p>Publicidade\n            <div class=\"area-publicidade\">\n              <div id=\"hmeio7\">\n            \n          \n        `);\n\n        renderPubNow('hmeio', 7)\n      }\n    <\/script>\n  <br><p><iframe loading=\"lazy\" src=\"https:\/\/www.youtube.com\/embed\/qetcqqU8iTI\" width=\"560\" height=\"315\" frameborder=\"0\" allowfullscreen=\"allowfullscreen\"><\/iframe><\/p>","protected":false},"excerpt":{"rendered":"<p>Gol e Mobi s\u00e3o os destaques de vendas do in\u00edcio de maio<\/p>\n","protected":false},"featured_media":109296,"template":"","class_list":["post-109267","blog_primeira_classe","type-blog_primeira_classe","status-publish","has-post-thumbnail","hentry","tags_primeira_classe-gol","tags_primeira_classe-mobi","tags_primeira_classe-ranking","tags_primeira_classe-vendas"],"yoast_head":"<!-- This site is optimized with the Yoast SEO plugin v23.5 - https:\/\/yoast.com\/wordpress\/plugins\/seo\/ -->\n<title>Gol e Mobi d\u00e3o um grande salto - Jornal do Carro - Estad\u00e3o<\/title>\n<meta name=\"description\" content=\"Volkswagen Gol e Fiat Mobi est\u00e3o sendo os grandes destaques de vendas nesse in\u00edcio de m\u00eas. Assim como o Ka Sedan, em abril, em maio s\u00e3o os dois hatches que ocupam posi\u00e7\u00f5es al\u00e9m das que obt\u00eam em m\u00e9dia\" \/>\n<meta name=\"robots\" content=\"noindex, follow\" \/>\n<meta name=\"twitter:card\" content=\"summary_large_image\" \/>\n<meta name=\"twitter:title\" content=\"Gol e Mobi d\u00e3o um grande salto - Jornal do Carro - Estad\u00e3o\" \/>\n<meta name=\"twitter:description\" content=\"Volkswagen Gol e Fiat Mobi est\u00e3o sendo os grandes destaques de vendas nesse in\u00edcio de m\u00eas. Assim como o Ka Sedan, em abril, em maio s\u00e3o os dois hatches que ocupam posi\u00e7\u00f5es al\u00e9m das que obt\u00eam em m\u00e9dia\" \/>\n<meta name=\"twitter:image\" content=\"https:\/\/jornaldocarro.estadao.com.br\/wp-content\/uploads\/2019\/05\/42155837.jpg\" \/>\n<meta name=\"twitter:label1\" content=\"Est. tempo de leitura\" \/>\n\t<meta name=\"twitter:data1\" content=\"2 minutos\" \/>\n<script type=\"application\/ld+json\" class=\"yoast-schema-graph\">{\"@context\":\"https:\/\/schema.org\",\"@graph\":[{\"@type\":\"WebPage\",\"@id\":\"https:\/\/jornaldocarro.estadao.com.br\/primeira-classe\/gol-e-mobi-dao-um-grande-salto\/\",\"url\":\"https:\/\/jornaldocarro.estadao.com.br\/primeira-classe\/gol-e-mobi-dao-um-grande-salto\/\",\"name\":\"Gol e Mobi d\u00e3o um grande salto - Jornal do Carro - Estad\u00e3o\",\"isPartOf\":{\"@id\":\"https:\/\/jornaldocarro.estadao.com.br\/#website\"},\"primaryImageOfPage\":{\"@id\":\"https:\/\/jornaldocarro.estadao.com.br\/primeira-classe\/gol-e-mobi-dao-um-grande-salto\/#primaryimage\"},\"image\":{\"@id\":\"https:\/\/jornaldocarro.estadao.com.br\/primeira-classe\/gol-e-mobi-dao-um-grande-salto\/#primaryimage\"},\"thumbnailUrl\":\"https:\/\/jornaldocarro.estadao.com.br\/wp-content\/uploads\/2019\/05\/42155837.jpg\",\"datePublished\":\"2019-05-10T23:07:58+00:00\",\"dateModified\":\"2019-05-10T23:21:34+00:00\",\"description\":\"Volkswagen Gol e Fiat Mobi est\u00e3o sendo os grandes destaques de vendas nesse in\u00edcio de m\u00eas. Assim como o Ka Sedan, em abril, em maio s\u00e3o os dois hatches que ocupam posi\u00e7\u00f5es al\u00e9m das que obt\u00eam em m\u00e9dia\",\"breadcrumb\":{\"@id\":\"https:\/\/jornaldocarro.estadao.com.br\/primeira-classe\/gol-e-mobi-dao-um-grande-salto\/#breadcrumb\"},\"inLanguage\":\"pt-BR\",\"potentialAction\":[{\"@type\":\"ReadAction\",\"target\":[\"https:\/\/jornaldocarro.estadao.com.br\/primeira-classe\/gol-e-mobi-dao-um-grande-salto\/\"]}]},{\"@type\":\"ImageObject\",\"inLanguage\":\"pt-BR\",\"@id\":\"https:\/\/jornaldocarro.estadao.com.br\/primeira-classe\/gol-e-mobi-dao-um-grande-salto\/#primaryimage\",\"url\":\"https:\/\/jornaldocarro.estadao.com.br\/wp-content\/uploads\/2019\/05\/42155837.jpg\",\"contentUrl\":\"https:\/\/jornaldocarro.estadao.com.br\/wp-content\/uploads\/2019\/05\/42155837.jpg\",\"width\":1200,\"height\":800,\"caption\":\"Gabriela Bil\u00f3\/Estad\u00e3o\"},{\"@type\":\"BreadcrumbList\",\"@id\":\"https:\/\/jornaldocarro.estadao.com.br\/primeira-classe\/gol-e-mobi-dao-um-grande-salto\/#breadcrumb\",\"itemListElement\":[{\"@type\":\"ListItem\",\"position\":1,\"name\":\"In\u00edcio\",\"item\":\"https:\/\/jornaldocarro.estadao.com.br\/\"},{\"@type\":\"ListItem\",\"position\":2,\"name\":\"Primeira Classe\",\"item\":\"https:\/\/jornaldocarro.estadao.com.br\/primeira-classe\/\"},{\"@type\":\"ListItem\",\"position\":3,\"name\":\"Gol e Mobi d\u00e3o um grande salto\"}]},{\"@type\":\"WebSite\",\"@id\":\"https:\/\/jornaldocarro.estadao.com.br\/#website\",\"url\":\"https:\/\/jornaldocarro.estadao.com.br\/\",\"name\":\"Jornal do Carro - Estad\u00e3o\",\"description\":\"O portal sobre carros, motos e tudo sobre o tema ve\u00edculos no Estad\u00e3o. Fique por dentro de lan\u00e7amentos e de hist\u00f3rias dos leitores e seus carros.\",\"potentialAction\":[{\"@type\":\"SearchAction\",\"target\":{\"@type\":\"EntryPoint\",\"urlTemplate\":\"https:\/\/jornaldocarro.estadao.com.br\/?s={search_term_string}\"},\"query-input\":{\"@type\":\"PropertyValueSpecification\",\"valueRequired\":true,\"valueName\":\"search_term_string\"}}],\"inLanguage\":\"pt-BR\"}]}<\/script>\n<!-- \/ Yoast SEO plugin. -->","yoast_head_json":{"title":"Gol e Mobi d\u00e3o um grande salto - Jornal do Carro - Estad\u00e3o","description":"Volkswagen Gol e Fiat Mobi est\u00e3o sendo os grandes destaques de vendas nesse in\u00edcio de m\u00eas. Assim como o Ka Sedan, em abril, em maio s\u00e3o os dois hatches que ocupam posi\u00e7\u00f5es al\u00e9m das que obt\u00eam em m\u00e9dia","robots":{"index":"noindex","follow":"follow"},"twitter_card":"summary_large_image","twitter_title":"Gol e Mobi d\u00e3o um grande salto - Jornal do Carro - Estad\u00e3o","twitter_description":"Volkswagen Gol e Fiat Mobi est\u00e3o sendo os grandes destaques de vendas nesse in\u00edcio de m\u00eas. Assim como o Ka Sedan, em abril, em maio s\u00e3o os dois hatches que ocupam posi\u00e7\u00f5es al\u00e9m das que obt\u00eam em m\u00e9dia","twitter_image":"https:\/\/jornaldocarro.estadao.com.br\/wp-content\/uploads\/2019\/05\/42155837.jpg","twitter_misc":{"Est. tempo de leitura":"2 minutos"},"schema":{"@context":"https:\/\/schema.org","@graph":[{"@type":"WebPage","@id":"https:\/\/jornaldocarro.estadao.com.br\/primeira-classe\/gol-e-mobi-dao-um-grande-salto\/","url":"https:\/\/jornaldocarro.estadao.com.br\/primeira-classe\/gol-e-mobi-dao-um-grande-salto\/","name":"Gol e Mobi d\u00e3o um grande salto - Jornal do Carro - Estad\u00e3o","isPartOf":{"@id":"https:\/\/jornaldocarro.estadao.com.br\/#website"},"primaryImageOfPage":{"@id":"https:\/\/jornaldocarro.estadao.com.br\/primeira-classe\/gol-e-mobi-dao-um-grande-salto\/#primaryimage"},"image":{"@id":"https:\/\/jornaldocarro.estadao.com.br\/primeira-classe\/gol-e-mobi-dao-um-grande-salto\/#primaryimage"},"thumbnailUrl":"https:\/\/jornaldocarro.estadao.com.br\/wp-content\/uploads\/2019\/05\/42155837.jpg","datePublished":"2019-05-10T23:07:58+00:00","dateModified":"2019-05-10T23:21:34+00:00","description":"Volkswagen Gol e Fiat Mobi est\u00e3o sendo os grandes destaques de vendas nesse in\u00edcio de m\u00eas. Assim como o Ka Sedan, em abril, em maio s\u00e3o os dois hatches que ocupam posi\u00e7\u00f5es al\u00e9m das que obt\u00eam em m\u00e9dia","breadcrumb":{"@id":"https:\/\/jornaldocarro.estadao.com.br\/primeira-classe\/gol-e-mobi-dao-um-grande-salto\/#breadcrumb"},"inLanguage":"pt-BR","potentialAction":[{"@type":"ReadAction","target":["https:\/\/jornaldocarro.estadao.com.br\/primeira-classe\/gol-e-mobi-dao-um-grande-salto\/"]}]},{"@type":"ImageObject","inLanguage":"pt-BR","@id":"https:\/\/jornaldocarro.estadao.com.br\/primeira-classe\/gol-e-mobi-dao-um-grande-salto\/#primaryimage","url":"https:\/\/jornaldocarro.estadao.com.br\/wp-content\/uploads\/2019\/05\/42155837.jpg","contentUrl":"https:\/\/jornaldocarro.estadao.com.br\/wp-content\/uploads\/2019\/05\/42155837.jpg","width":1200,"height":800,"caption":"Gabriela Bil\u00f3\/Estad\u00e3o"},{"@type":"BreadcrumbList","@id":"https:\/\/jornaldocarro.estadao.com.br\/primeira-classe\/gol-e-mobi-dao-um-grande-salto\/#breadcrumb","itemListElement":[{"@type":"ListItem","position":1,"name":"In\u00edcio","item":"https:\/\/jornaldocarro.estadao.com.br\/"},{"@type":"ListItem","position":2,"name":"Primeira Classe","item":"https:\/\/jornaldocarro.estadao.com.br\/primeira-classe\/"},{"@type":"ListItem","position":3,"name":"Gol e Mobi d\u00e3o um grande salto"}]},{"@type":"WebSite","@id":"https:\/\/jornaldocarro.estadao.com.br\/#website","url":"https:\/\/jornaldocarro.estadao.com.br\/","name":"Jornal do Carro - Estad\u00e3o","description":"O portal sobre carros, motos e tudo sobre o tema ve\u00edculos no Estad\u00e3o. Fique por dentro de lan\u00e7amentos e de hist\u00f3rias dos leitores e seus carros.","potentialAction":[{"@type":"SearchAction","target":{"@type":"EntryPoint","urlTemplate":"https:\/\/jornaldocarro.estadao.com.br\/?s={search_term_string}"},"query-input":{"@type":"PropertyValueSpecification","valueRequired":true,"valueName":"search_term_string"}}],"inLanguage":"pt-BR"}]}},"_links":{"self":[{"href":"https:\/\/jornaldocarro.estadao.com.br\/api\/wp\/v2\/blog_primeira_classe\/109267","targetHints":{"allow":["GET"]}}],"collection":[{"href":"https:\/\/jornaldocarro.estadao.com.br\/api\/wp\/v2\/blog_primeira_classe"}],"about":[{"href":"https:\/\/jornaldocarro.estadao.com.br\/api\/wp\/v2\/types\/blog_primeira_classe"}],"version-history":[{"count":9,"href":"https:\/\/jornaldocarro.estadao.com.br\/api\/wp\/v2\/blog_primeira_classe\/109267\/revisions"}],"predecessor-version":[{"id":109316,"href":"https:\/\/jornaldocarro.estadao.com.br\/api\/wp\/v2\/blog_primeira_classe\/109267\/revisions\/109316"}],"wp:featuredmedia":[{"embeddable":true,"href":"https:\/\/jornaldocarro.estadao.com.br\/api\/wp\/v2\/media\/109296"}],"wp:attachment":[{"href":"https:\/\/jornaldocarro.estadao.com.br\/api\/wp\/v2\/media?parent=109267"}],"curies":[{"name":"wp","href":"https:\/\/api.w.org\/{rel}","templated":true}]}}