{"id":109784,"date":"2019-05-15T15:46:10","date_gmt":"2019-05-15T18:46:10","guid":{"rendered":"https:\/\/jornaldocarro.estadao.com.br\/?post_type=blog_primeira_classe&#038;p=109784"},"modified":"2019-05-15T15:46:10","modified_gmt":"2019-05-15T18:46:10","slug":"s4-avant-senna-nada-a-ver-audi-a4","status":"publish","type":"blog_primeira_classe","link":"https:\/\/jornaldocarro.estadao.com.br\/primeira-classe\/s4-avant-senna-nada-a-ver-audi-a4\/","title":{"rendered":"S4 Avant de Senna n\u00e3o tem nada a ver com Audi A4"},"content":{"rendered":"<p>Recentemente, postei em meu <a href=\"https:\/\/www.instagram.com\/rafaelatborges\/\" target=\"_blank\" rel=\"noopener nofollow\"><strong>perfil no Instagram<\/strong><\/a> uma foto do S4 Avant de Ayrton Senna. O modelo estava em Interlagos em 30 de abril, um dia antes do evento <a href=\"https:\/\/jornaldocarro.estadao.com.br\/primeira-classe\/fas-ayrton-senna-interlagos\/\" target=\"_blank\" rel=\"noopener nofollow\"><strong>Senna Day<\/strong><\/a> e data em que produz\u00edamos um v\u00eddeo sobre o McLaren Senna (veja abaixo).<\/p><ul>\n<li><a href=\"https:\/\/www.youtube.com\/channel\/UC-6xK_vYPSbK2-0bp6kD9RQ\" target=\"_blank\" rel=\"noopener nofollow\"><strong>Inscreva-se no canal do Jornal do Carro no YouTube<\/strong><\/a><\/li>\n<\/ul><p>Nos coment\u00e1rios, alguns seguidores informaram que eu estava errada. Aquela perua n\u00e3o seria a S4 Avant, e sim a RS2. Raz\u00e3o? A S4 Avant ainda n\u00e3o existia no ano de 1994.<\/p><p>O modelo \u00e9 sim uma S4 Avant. Por\u00e9m, s\u00f3 recentemente percebi a raz\u00e3o de diversas pessoas terem duvidado que aquele era mesmo o nome do modelo.<\/p>\n  <div style=\"width: 100%;\" id=\"render-hmeio-1\"><\/div>\n    <script type=\"text\/javascript\">\n      if(window.innerWidth > 1){\n        $(\"#render-hmeio-1\").append(`\n          <div class=\"area-publicidade-rectangular hmeio\">\n            <p>Publicidade\n            <div class=\"area-publicidade\">\n              <div id=\"hmeio1\">\n            \n          \n        `);\n\n        \n    window.jornaldocarro = window.jornaldocarro || {};\n    window.jornaldocarro.slotsAds = window.jornaldocarro.slotsAds || [];\n    window.jornaldocarro.slotsAds.push(\"hmeio1\");\n  \n      }\n    <\/script>\n  <br><h3>S4 Avant veio antes do A4<\/h3><p>A Audi divulgou, na semana passada, um comunicado: o Audi A4 est\u00e1 completando, neste m\u00eas de maio, 25 anos de hist\u00f3ria. Como poderia a S4 Avant, perua baseada nesse carro, estar aqui no Brasil em mar\u00e7o de 1994, dois meses antes de o primeiro A4 sair da linha de montagem?<\/p><p>Seria a S4 Avant de Senna um modelo pr\u00e9 s\u00e9rie? Qual \u00e9 o mist\u00e9rio dessa situa\u00e7\u00e3o.<\/p><p>\u00a0<\/p>\n  <div style=\"width: 100%;\" id=\"render-hmeio-2\"><\/div>\n    <script type=\"text\/javascript\">\n      if(window.innerWidth > 1){\n        $(\"#render-hmeio-2\").append(`\n          <div class=\"area-publicidade-rectangular hmeio\">\n            <p>Publicidade\n            <div class=\"area-publicidade\">\n              <div id=\"hmeio2\">\n            \n          \n        `);\n\n        \n    window.jornaldocarro = window.jornaldocarro || {};\n    window.jornaldocarro.slotsAds = window.jornaldocarro.slotsAds || [];\n    window.jornaldocarro.slotsAds.push(\"hmeio2\");\n  \n      }\n    <\/script>\n  <br><p><strong>V\u00eddeo relacionado: Testamos o McLaren Senna em Interlagos<\/strong><\/p><p><iframe loading=\"lazy\" src=\"https:\/\/www.youtube.com\/embed\/qetcqqU8iTI\" width=\"560\" height=\"315\" frameborder=\"0\" allowfullscreen=\"allowfullscreen\"><\/iframe><\/p><p>\u00a0<\/p>\n  <div style=\"width: 100%;\" id=\"render-hmeio-3\"><\/div>\n    <script type=\"text\/javascript\">\n      if(window.innerWidth > 1){\n        $(\"#render-hmeio-3\").append(`\n          <div class=\"area-publicidade-rectangular hmeio\">\n            <p>Publicidade\n            <div class=\"area-publicidade\">\n              <div id=\"hmeio3\">\n            \n          \n        `);\n\n        \n    window.jornaldocarro = window.jornaldocarro || {};\n    window.jornaldocarro.slotsAds = window.jornaldocarro.slotsAds || [];\n    window.jornaldocarro.slotsAds.push(\"hmeio3\");\n  \n      }\n    <\/script>\n  <br><p>N\u00e3o h\u00e1 mist\u00e9rio. A realidade \u00e9 a seguinte: a S4 Avant surgiu antes da linha Audi A4. A perua que inaugurou essa denomina\u00e7\u00e3o, diferentemente da S4 Avant atual, n\u00e3o tinha nada a ver com o Audi A4.<\/p><p>A primeira perua a trazer este nome foi lan\u00e7ada em 1991. Ela era baseada no Audi 100, e tamb\u00e9m conhecida como Audi 100 S4. A produ\u00e7\u00e3o desse modelo foi encerrada em julho de 1994.<\/p><p>A perua, assim como ocorre com a atual, era a vers\u00e3o esportiva do Audi 100.<\/p>\n  <div style=\"width: 100%;\" id=\"render-hmeio-4\"><\/div>\n    <script type=\"text\/javascript\">\n      if(window.innerWidth > 1){\n        $(\"#render-hmeio-4\").append(`\n          <div class=\"area-publicidade-rectangular hmeio\">\n            <p>Publicidade\n            <div class=\"area-publicidade\">\n              <div id=\"hmeio4\">\n            \n          \n        `);\n\n        \n    window.jornaldocarro = window.jornaldocarro || {};\n    window.jornaldocarro.slotsAds = window.jornaldocarro.slotsAds || [];\n    window.jornaldocarro.slotsAds.push(\"hmeio4\");\n  \n      }\n    <\/script>\n  <br><h3>A chegada do A4<\/h3><p>Em maio de 1994, era lan\u00e7ado o A4, que hoje \u00e9 o carro mais importante da Audi no mundo. O modelo foi sucessor do Audi 80, e hoje est\u00e1 em sua quinta gera\u00e7\u00e3o.<\/p><p>Ele foi o primeiro carro da Audi a ter a nomenclatura usada atualmente, com a letra \u201cA\u201d combinada ao n\u00famero que identifica a fam\u00edlia do carro, por tamanho. Os esportivos passaram a ser chamados de \u201cS\u201d combinado ao n\u00famero de identifica\u00e7\u00e3o da gama.<\/p><p><strong>LEIA TAMB\u00c9M<\/strong><\/p>\n  <div style=\"width: 100%;\" id=\"render-hmeio-5\"><\/div>\n    <script type=\"text\/javascript\">\n      if(window.innerWidth > 1){\n        $(\"#render-hmeio-5\").append(`\n          <div class=\"area-publicidade-rectangular hmeio\">\n            <p>Publicidade\n            <div class=\"area-publicidade\">\n              <div id=\"hmeio5\">\n            \n          \n        `);\n\n        \n    window.jornaldocarro = window.jornaldocarro || {};\n    window.jornaldocarro.slotsAds = window.jornaldocarro.slotsAds || [];\n    window.jornaldocarro.slotsAds.push(\"hmeio5\");\n  \n      }\n    <\/script>\n  <br><ul>\n<li><a href=\"https:\/\/jornaldocarro.estadao.com.br\/fanaticos\/os-carros-comuns-de-ayrton-senna\/\" target=\"_blank\" rel=\"noopener nofollow\"><strong>Os carros comuns de Ayrton Senna<\/strong><\/a><\/li>\n<li><a href=\"https:\/\/jornaldocarro.estadao.com.br\/primeira-classe\/formula-1-fazer-barulho\/\" target=\"_blank\" rel=\"noopener nofollow\"><strong>F\u00f3rmula 1 voltar\u00e1 a fazer barulho<\/strong><\/a><\/li>\n<li><a href=\"https:\/\/jornaldocarro.estadao.com.br\/primeira-classe\/nsx-o-carro-do-senna-faz-30-anos\/\" target=\"_blank\" rel=\"noopener nofollow\"><strong>NSX, o carro do Senna, faz 30 anos<\/strong><\/a><\/li>\n<\/ul><p>\u00a0<\/p><p>Depois, vieram ainda os \u201cRS\u201d, preparados de f\u00e1brica. Por fim, a Audi adotou o \u201cQ\u201d para identificar os utilit\u00e1rios-esportivos da linha.<\/p><p>Com o lan\u00e7amento do A4, a S4 derivada do Audi 100 foi aposentada. A perua A4 Avant chegou ao mercado em 1995, e dela derivou a S4 Avant nos moldes que conhecemos hoje, como integrante da fam\u00edlia \u201c4\u201d.<\/p>\n  <div style=\"width: 100%;\" id=\"render-hmeio-6\"><\/div>\n    <script type=\"text\/javascript\">\n      if(window.innerWidth > 1){\n        $(\"#render-hmeio-6\").append(`\n          <div class=\"area-publicidade-rectangular hmeio\">\n            <p>Publicidade\n            <div class=\"area-publicidade\">\n              <div id=\"hmeio6\">\n            \n          \n        `);\n\n        \n    window.jornaldocarro = window.jornaldocarro || {};\n    window.jornaldocarro.slotsAds = window.jornaldocarro.slotsAds || [];\n    window.jornaldocarro.slotsAds.push(\"hmeio6\");\n  \n      }\n    <\/script>\n  <br><p>A perua esportiva foi lan\u00e7ada em 1997. Um ano mais tarde, surgia a RS4.<\/p><h3>A S4 de Senna<\/h3><p>A S4 Avant de Ayrton Senna foi um dos primeiros Audi trazidos ao Brasil. Os mais novos podem n\u00e3o saber disso, mas foi o tricampe\u00e3o o respons\u00e1vel pela chegada da marca ao mercado brasileiro.<\/p><p>No entanto, em 1\u00ba de maio de 1994, pouco antes do lan\u00e7amento da Audi no Pa\u00eds, Senna morreu em um acidente no GP de San Marino. A empresa que se chamaria Audi-Senna, no entanto, continuou tendo sua fam\u00edlia como s\u00f3cia, representada pelo irm\u00e3o mais novo do piloto, Leonardo.<\/p>\n  <div style=\"width: 100%;\" id=\"render-hmeio-7\"><\/div>\n    <script type=\"text\/javascript\">\n      if(window.innerWidth > 1){\n        $(\"#render-hmeio-7\").append(`\n          <div class=\"area-publicidade-rectangular hmeio\">\n            <p>Publicidade\n            <div class=\"area-publicidade\">\n              <div id=\"hmeio7\">\n            \n          \n        `);\n\n        renderPubNow('hmeio', 7)\n      }\n    <\/script>\n  <br><p>\u00a0<\/p><p><strong>V\u00eddeo relacionado: Hist\u00f3rias sobre Ayrton Senna que voc\u00ea nunca escutou antes<\/strong><\/p><p><iframe loading=\"lazy\" src=\"https:\/\/www.youtube.com\/embed\/IAjb4NNfAaA\" width=\"560\" height=\"315\" frameborder=\"0\" allowfullscreen=\"allowfullscreen\"><\/iframe><\/p>\n  <div style=\"width: 100%;\" id=\"render-hmeio-8\"><\/div>\n    <script type=\"text\/javascript\">\n      if(window.innerWidth > 1){\n        $(\"#render-hmeio-8\").append(`\n          <div class=\"area-publicidade-rectangular hmeio\">\n            <p>Publicidade\n            <div class=\"area-publicidade\">\n              <div id=\"hmeio8\">\n            \n          \n        `);\n\n        renderPubNow('hmeio', 8)\n      }\n    <\/script>\n  <br><p>\u00a0<\/p><p>\u00c9 Leonardo Senna, ali\u00e1s, que tratou de preservar a S4 Avant de Ayrton. At\u00e9 hoje, em estado impec\u00e1vel, ela \u00e9 um dos dois carros de rua que continuam com a fam\u00edlia Senna \u2013 o outro \u00e9 o Honda NSX, que o tricampe\u00e3o ajudou a desenvolver.<\/p><p>A S4 Avant de Senna \u00e9 modelo 1993. O motor \u00e9 V8 de 280 cv, e a acelera\u00e7\u00e3o de 0 a 100 km\/h \u00e9 feita em 6,6 segundos. Entre os luxos, h\u00e1 banco revestido de couro e sistema de som da Bose.<\/p>\n  <div style=\"width: 100%;\" id=\"render-hmeio-9\"><\/div>\n    <script type=\"text\/javascript\">\n      if(window.innerWidth > 1){\n        $(\"#render-hmeio-9\").append(`\n          <div class=\"area-publicidade-rectangular hmeio\">\n            <p>Publicidade\n            <div class=\"area-publicidade\">\n              <div id=\"hmeio9\">\n            \n          \n        `);\n\n        renderPubNow('hmeio', 9)\n      }\n    <\/script>\n  <br><p>\u00a0<\/p><h3>Veja tamb\u00e9m: Os carros de luxo mais vendidos em abril<\/h3>\n\n<div class=\"clearfix\"><\/div>\n<div data-gallery-id=\"39932\" class=\"jc-img-gallery-wrapper mt-3 mb-2\">\n  <div class=\"jc-img-gallery\" id=\"jc-img-gallery-39932\" data-gallery-title=\"S4 Avant de Senna n\u00e3o tem nada a ver com Audi A4\">\n      <\/div>\n\n<\/div>\n<div class=\"clearfix\"><\/div>\n\n<p>\u00a0<\/p>","protected":false},"excerpt":{"rendered":"<p>Origem da S4 Avant \u00e9 uma curiosidade automotiva que talvez voc\u00ea n\u00e3o conhe\u00e7a<\/p>\n","protected":false},"featured_media":109863,"template":"","class_list":["post-109784","blog_primeira_classe","type-blog_primeira_classe","status-publish","has-post-thumbnail","hentry","tags_primeira_classe-a4","tags_primeira_classe-audi","tags_primeira_classe-ayrton-senna","tags_primeira_classe-s4-avant"],"yoast_head":"<!-- This site is optimized with the Yoast SEO plugin v23.5 - https:\/\/yoast.com\/wordpress\/plugins\/seo\/ -->\n<title>S4 Avant de Senna n\u00e3o tem nada a ver com Audi A4 - Jornal do Carro - Estad\u00e3o<\/title>\n<meta name=\"description\" content=\"A realidade \u00e9 a seguinte: a S4 Avant surgiu antes da linha Audi A4. A perua que inaugurou essa denomina\u00e7\u00e3o, diferentemente da S4 Avant atual, n\u00e3o tinha nada a ver com o Audi A4\" \/>\n<meta name=\"robots\" content=\"noindex, follow\" \/>\n<meta name=\"twitter:card\" content=\"summary_large_image\" \/>\n<meta name=\"twitter:title\" content=\"S4 Avant de Senna n\u00e3o tem nada a ver com Audi A4 - Jornal do Carro - Estad\u00e3o\" \/>\n<meta name=\"twitter:description\" content=\"A realidade \u00e9 a seguinte: a S4 Avant surgiu antes da linha Audi A4. A perua que inaugurou essa denomina\u00e7\u00e3o, diferentemente da S4 Avant atual, n\u00e3o tinha nada a ver com o Audi A4\" \/>\n<meta name=\"twitter:image\" content=\"https:\/\/jornaldocarro.estadao.com.br\/wp-content\/uploads\/2019\/05\/20190430_144157.jpg\" \/>\n<meta name=\"twitter:label1\" content=\"Est. tempo de leitura\" \/>\n\t<meta name=\"twitter:data1\" content=\"3 minutos\" \/>\n<script type=\"application\/ld+json\" class=\"yoast-schema-graph\">{\"@context\":\"https:\/\/schema.org\",\"@graph\":[{\"@type\":\"WebPage\",\"@id\":\"https:\/\/jornaldocarro.estadao.com.br\/primeira-classe\/s4-avant-senna-nada-a-ver-audi-a4\/\",\"url\":\"https:\/\/jornaldocarro.estadao.com.br\/primeira-classe\/s4-avant-senna-nada-a-ver-audi-a4\/\",\"name\":\"S4 Avant de Senna n\u00e3o tem nada a ver com Audi A4 - Jornal do Carro - Estad\u00e3o\",\"isPartOf\":{\"@id\":\"https:\/\/jornaldocarro.estadao.com.br\/#website\"},\"primaryImageOfPage\":{\"@id\":\"https:\/\/jornaldocarro.estadao.com.br\/primeira-classe\/s4-avant-senna-nada-a-ver-audi-a4\/#primaryimage\"},\"image\":{\"@id\":\"https:\/\/jornaldocarro.estadao.com.br\/primeira-classe\/s4-avant-senna-nada-a-ver-audi-a4\/#primaryimage\"},\"thumbnailUrl\":\"https:\/\/jornaldocarro.estadao.com.br\/wp-content\/uploads\/2019\/05\/20190430_144157.jpg\",\"datePublished\":\"2019-05-15T18:46:10+00:00\",\"dateModified\":\"2019-05-15T18:46:10+00:00\",\"description\":\"A realidade \u00e9 a seguinte: a S4 Avant surgiu antes da linha Audi A4. A perua que inaugurou essa denomina\u00e7\u00e3o, diferentemente da S4 Avant atual, n\u00e3o tinha nada a ver com o Audi A4\",\"breadcrumb\":{\"@id\":\"https:\/\/jornaldocarro.estadao.com.br\/primeira-classe\/s4-avant-senna-nada-a-ver-audi-a4\/#breadcrumb\"},\"inLanguage\":\"pt-BR\",\"potentialAction\":[{\"@type\":\"ReadAction\",\"target\":[\"https:\/\/jornaldocarro.estadao.com.br\/primeira-classe\/s4-avant-senna-nada-a-ver-audi-a4\/\"]}]},{\"@type\":\"ImageObject\",\"inLanguage\":\"pt-BR\",\"@id\":\"https:\/\/jornaldocarro.estadao.com.br\/primeira-classe\/s4-avant-senna-nada-a-ver-audi-a4\/#primaryimage\",\"url\":\"https:\/\/jornaldocarro.estadao.com.br\/wp-content\/uploads\/2019\/05\/20190430_144157.jpg\",\"contentUrl\":\"https:\/\/jornaldocarro.estadao.com.br\/wp-content\/uploads\/2019\/05\/20190430_144157.jpg\",\"width\":1200,\"height\":583,\"caption\":\"Rafaela Borges\"},{\"@type\":\"BreadcrumbList\",\"@id\":\"https:\/\/jornaldocarro.estadao.com.br\/primeira-classe\/s4-avant-senna-nada-a-ver-audi-a4\/#breadcrumb\",\"itemListElement\":[{\"@type\":\"ListItem\",\"position\":1,\"name\":\"In\u00edcio\",\"item\":\"https:\/\/jornaldocarro.estadao.com.br\/\"},{\"@type\":\"ListItem\",\"position\":2,\"name\":\"Primeira Classe\",\"item\":\"https:\/\/jornaldocarro.estadao.com.br\/primeira-classe\/\"},{\"@type\":\"ListItem\",\"position\":3,\"name\":\"S4 Avant de Senna n\u00e3o tem nada a ver com Audi A4\"}]},{\"@type\":\"WebSite\",\"@id\":\"https:\/\/jornaldocarro.estadao.com.br\/#website\",\"url\":\"https:\/\/jornaldocarro.estadao.com.br\/\",\"name\":\"Jornal do Carro - Estad\u00e3o\",\"description\":\"O portal sobre carros, motos e tudo sobre o tema ve\u00edculos no Estad\u00e3o. Fique por dentro de lan\u00e7amentos e de hist\u00f3rias dos leitores e seus carros.\",\"potentialAction\":[{\"@type\":\"SearchAction\",\"target\":{\"@type\":\"EntryPoint\",\"urlTemplate\":\"https:\/\/jornaldocarro.estadao.com.br\/?s={search_term_string}\"},\"query-input\":{\"@type\":\"PropertyValueSpecification\",\"valueRequired\":true,\"valueName\":\"search_term_string\"}}],\"inLanguage\":\"pt-BR\"}]}<\/script>\n<!-- \/ Yoast SEO plugin. -->","yoast_head_json":{"title":"S4 Avant de Senna n\u00e3o tem nada a ver com Audi A4 - Jornal do Carro - Estad\u00e3o","description":"A realidade \u00e9 a seguinte: a S4 Avant surgiu antes da linha Audi A4. A perua que inaugurou essa denomina\u00e7\u00e3o, diferentemente da S4 Avant atual, n\u00e3o tinha nada a ver com o Audi A4","robots":{"index":"noindex","follow":"follow"},"twitter_card":"summary_large_image","twitter_title":"S4 Avant de Senna n\u00e3o tem nada a ver com Audi A4 - Jornal do Carro - Estad\u00e3o","twitter_description":"A realidade \u00e9 a seguinte: a S4 Avant surgiu antes da linha Audi A4. A perua que inaugurou essa denomina\u00e7\u00e3o, diferentemente da S4 Avant atual, n\u00e3o tinha nada a ver com o Audi A4","twitter_image":"https:\/\/jornaldocarro.estadao.com.br\/wp-content\/uploads\/2019\/05\/20190430_144157.jpg","twitter_misc":{"Est. tempo de leitura":"3 minutos"},"schema":{"@context":"https:\/\/schema.org","@graph":[{"@type":"WebPage","@id":"https:\/\/jornaldocarro.estadao.com.br\/primeira-classe\/s4-avant-senna-nada-a-ver-audi-a4\/","url":"https:\/\/jornaldocarro.estadao.com.br\/primeira-classe\/s4-avant-senna-nada-a-ver-audi-a4\/","name":"S4 Avant de Senna n\u00e3o tem nada a ver com Audi A4 - Jornal do Carro - Estad\u00e3o","isPartOf":{"@id":"https:\/\/jornaldocarro.estadao.com.br\/#website"},"primaryImageOfPage":{"@id":"https:\/\/jornaldocarro.estadao.com.br\/primeira-classe\/s4-avant-senna-nada-a-ver-audi-a4\/#primaryimage"},"image":{"@id":"https:\/\/jornaldocarro.estadao.com.br\/primeira-classe\/s4-avant-senna-nada-a-ver-audi-a4\/#primaryimage"},"thumbnailUrl":"https:\/\/jornaldocarro.estadao.com.br\/wp-content\/uploads\/2019\/05\/20190430_144157.jpg","datePublished":"2019-05-15T18:46:10+00:00","dateModified":"2019-05-15T18:46:10+00:00","description":"A realidade \u00e9 a seguinte: a S4 Avant surgiu antes da linha Audi A4. A perua que inaugurou essa denomina\u00e7\u00e3o, diferentemente da S4 Avant atual, n\u00e3o tinha nada a ver com o Audi A4","breadcrumb":{"@id":"https:\/\/jornaldocarro.estadao.com.br\/primeira-classe\/s4-avant-senna-nada-a-ver-audi-a4\/#breadcrumb"},"inLanguage":"pt-BR","potentialAction":[{"@type":"ReadAction","target":["https:\/\/jornaldocarro.estadao.com.br\/primeira-classe\/s4-avant-senna-nada-a-ver-audi-a4\/"]}]},{"@type":"ImageObject","inLanguage":"pt-BR","@id":"https:\/\/jornaldocarro.estadao.com.br\/primeira-classe\/s4-avant-senna-nada-a-ver-audi-a4\/#primaryimage","url":"https:\/\/jornaldocarro.estadao.com.br\/wp-content\/uploads\/2019\/05\/20190430_144157.jpg","contentUrl":"https:\/\/jornaldocarro.estadao.com.br\/wp-content\/uploads\/2019\/05\/20190430_144157.jpg","width":1200,"height":583,"caption":"Rafaela Borges"},{"@type":"BreadcrumbList","@id":"https:\/\/jornaldocarro.estadao.com.br\/primeira-classe\/s4-avant-senna-nada-a-ver-audi-a4\/#breadcrumb","itemListElement":[{"@type":"ListItem","position":1,"name":"In\u00edcio","item":"https:\/\/jornaldocarro.estadao.com.br\/"},{"@type":"ListItem","position":2,"name":"Primeira Classe","item":"https:\/\/jornaldocarro.estadao.com.br\/primeira-classe\/"},{"@type":"ListItem","position":3,"name":"S4 Avant de Senna n\u00e3o tem nada a ver com Audi A4"}]},{"@type":"WebSite","@id":"https:\/\/jornaldocarro.estadao.com.br\/#website","url":"https:\/\/jornaldocarro.estadao.com.br\/","name":"Jornal do Carro - Estad\u00e3o","description":"O portal sobre carros, motos e tudo sobre o tema ve\u00edculos no Estad\u00e3o. Fique por dentro de lan\u00e7amentos e de hist\u00f3rias dos leitores e seus carros.","potentialAction":[{"@type":"SearchAction","target":{"@type":"EntryPoint","urlTemplate":"https:\/\/jornaldocarro.estadao.com.br\/?s={search_term_string}"},"query-input":{"@type":"PropertyValueSpecification","valueRequired":true,"valueName":"search_term_string"}}],"inLanguage":"pt-BR"}]}},"_links":{"self":[{"href":"https:\/\/jornaldocarro.estadao.com.br\/api\/wp\/v2\/blog_primeira_classe\/109784","targetHints":{"allow":["GET"]}}],"collection":[{"href":"https:\/\/jornaldocarro.estadao.com.br\/api\/wp\/v2\/blog_primeira_classe"}],"about":[{"href":"https:\/\/jornaldocarro.estadao.com.br\/api\/wp\/v2\/types\/blog_primeira_classe"}],"version-history":[{"count":8,"href":"https:\/\/jornaldocarro.estadao.com.br\/api\/wp\/v2\/blog_primeira_classe\/109784\/revisions"}],"predecessor-version":[{"id":109855,"href":"https:\/\/jornaldocarro.estadao.com.br\/api\/wp\/v2\/blog_primeira_classe\/109784\/revisions\/109855"}],"wp:featuredmedia":[{"embeddable":true,"href":"https:\/\/jornaldocarro.estadao.com.br\/api\/wp\/v2\/media\/109863"}],"wp:attachment":[{"href":"https:\/\/jornaldocarro.estadao.com.br\/api\/wp\/v2\/media?parent=109784"}],"curies":[{"name":"wp","href":"https:\/\/api.w.org\/{rel}","templated":true}]}}