{"id":110779,"date":"2019-05-23T19:11:18","date_gmt":"2019-05-23T22:11:18","guid":{"rendered":"https:\/\/jornaldocarro.estadao.com.br\/?post_type=blog_primeira_classe&#038;p=110779"},"modified":"2019-05-23T19:21:06","modified_gmt":"2019-05-23T22:21:06","slug":"melhores-provocacoes-montadoras-rivais","status":"publish","type":"blog_primeira_classe","link":"https:\/\/jornaldocarro.estadao.com.br\/primeira-classe\/melhores-provocacoes-montadoras-rivais\/","title":{"rendered":"As melhores alfinetadas das montadoras nas rivais"},"content":{"rendered":"<p>A provoca\u00e7\u00e3o que tamb\u00e9m pode ser encarada como homenagem feita pela BMW \u00e0 aposentadoria do CEO da Mercedes, <a href=\"https:\/\/jornaldocarro.estadao.com.br\/primeira-classe\/dieter-zetsche-peripecias-ceo-mercedes\/\" target=\"_blank\" rel=\"noopener nofollow\">Dieter Zetsche<\/a>, nos fez lembrar de outras brincadeiras de montadoras em propagandas. Especialmente entre as marcas alem\u00e3s, parece haver uma cultura de alfinetar as rivais.<\/p><ul>\n<li><a href=\"https:\/\/www.youtube.com\/user\/JdoCarro\" target=\"_blank\" rel=\"noopener nofollow\"><strong>Inscreva-se no canal do Jornal do Carro no YouTube<\/strong><\/a><\/li>\n<\/ul><p>Por\u00e9m, essas provoca\u00e7\u00f5es de montadoras em rela\u00e7\u00e3o a concorrentes j\u00e1 ocorreram at\u00e9 no Brasil. E, nesse quesito, a Nissan foi mestre, como voc\u00ea ver\u00e1 abaixo.<\/p><p>Antes disso, vamos relembrar as alfinetadas das montadoras alem\u00e3s, que s\u00e3o altamente sofisticadas?<\/p>\n  <div style=\"width: 100%;\" id=\"render-hmeio-1\"><\/div>\n    <script type=\"text\/javascript\">\n      if(window.innerWidth > 1){\n        $(\"#render-hmeio-1\").append(`\n          <div class=\"area-publicidade-rectangular hmeio\">\n            <p>Publicidade\n            <div class=\"area-publicidade\">\n              <div id=\"hmeio1\">\n            \n          \n        `);\n\n        \n    window.jornaldocarro = window.jornaldocarro || {};\n    window.jornaldocarro.slotsAds = window.jornaldocarro.slotsAds || [];\n    window.jornaldocarro.slotsAds.push(\"hmeio1\");\n  \n      }\n    <\/script>\n  <br><p>\u00a0<\/p><p><strong>Veja tamb\u00e9m: Os carros de luxo mais vendidos em abril<\/strong><\/p>\n\n<div class=\"clearfix\"><\/div>\n<div data-gallery-id=\"39932\" class=\"jc-img-gallery-wrapper mt-3 mb-2\">\n  <div class=\"jc-img-gallery\" id=\"jc-img-gallery-39932\" data-gallery-title=\"As melhores alfinetadas das montadoras nas rivais\">\n      <\/div>\n\n<\/div>\n<div class=\"clearfix\"><\/div>\n\n<p>\u00a0<\/p>\n  <div style=\"width: 100%;\" id=\"render-hmeio-2\"><\/div>\n    <script type=\"text\/javascript\">\n      if(window.innerWidth > 1){\n        $(\"#render-hmeio-2\").append(`\n          <div class=\"area-publicidade-rectangular hmeio\">\n            <p>Publicidade\n            <div class=\"area-publicidade\">\n              <div id=\"hmeio2\">\n            \n          \n        `);\n\n        \n    window.jornaldocarro = window.jornaldocarro || {};\n    window.jornaldocarro.slotsAds = window.jornaldocarro.slotsAds || [];\n    window.jornaldocarro.slotsAds.push(\"hmeio2\");\n  \n      }\n    <\/script>\n  <br><h3>Montadoras alem\u00e3s<\/h3><p>Uma propaganda extremamente criativa, em minha opini\u00e3o, \u00e9 da antiga gera\u00e7\u00e3o do R8. Para promover o lan\u00e7amento da vers\u00e3o V10 da antiga gera\u00e7\u00e3o, a Audi fez uma visita \u00e0 Maranello, na It\u00e1lia.<\/p><p>A cidade \u00e9 a sede da Ferrari, a montadora que \u00e9 o \u00edcone quando o assunto \u00e9 superesportivo. No v\u00eddeo, as rea\u00e7\u00f5es dos atores que representam italianos s\u00e3o hil\u00e1rias. H\u00e1 quem esconda o rosto de uma crian\u00e7a.<\/p><p>Outros gesticulam, irados, no maior estilo italiano. Detalhe: o R8, al\u00e9m de ser vermelho (cor que acabou ficando associada \u00e0 Ferrari), usa base da Lamborghini, arquirrival da marca do cavalo. Veja o v\u00eddeo abaixo.<\/p>\n  <div style=\"width: 100%;\" id=\"render-hmeio-3\"><\/div>\n    <script type=\"text\/javascript\">\n      if(window.innerWidth > 1){\n        $(\"#render-hmeio-3\").append(`\n          <div class=\"area-publicidade-rectangular hmeio\">\n            <p>Publicidade\n            <div class=\"area-publicidade\">\n              <div id=\"hmeio3\">\n            \n          \n        `);\n\n        \n    window.jornaldocarro = window.jornaldocarro || {};\n    window.jornaldocarro.slotsAds = window.jornaldocarro.slotsAds || [];\n    window.jornaldocarro.slotsAds.push(\"hmeio3\");\n  \n      }\n    <\/script>\n  <br><p><iframe loading=\"lazy\" src=\"https:\/\/www.youtube.com\/embed\/oCqsp7oBSlE\" width=\"560\" height=\"315\" frameborder=\"0\" allowfullscreen=\"allowfullscreen\"><\/iframe><\/p><p>\u00a0<\/p><p>Outra campanha descontra\u00edda da Audi explorou uma fama mundial e antiga da Mercedes: a de atrair apenas clientes mais velhos e conservadores. Ali\u00e1s, as montadoras rivais da \u201cdona Mer\u00e7a\u201d gostam muito de bater nessa tecla, porque \u00e9 este o tom que a BMW d\u00e1 \u00e0 campanha em homenagem a Zetsche (que foi divulgada ontem).<\/p>\n  <div style=\"width: 100%;\" id=\"render-hmeio-4\"><\/div>\n    <script type=\"text\/javascript\">\n      if(window.innerWidth > 1){\n        $(\"#render-hmeio-4\").append(`\n          <div class=\"area-publicidade-rectangular hmeio\">\n            <p>Publicidade\n            <div class=\"area-publicidade\">\n              <div id=\"hmeio4\">\n            \n          \n        `);\n\n        \n    window.jornaldocarro = window.jornaldocarro || {};\n    window.jornaldocarro.slotsAds = window.jornaldocarro.slotsAds || [];\n    window.jornaldocarro.slotsAds.push(\"hmeio4\");\n  \n      }\n    <\/script>\n  <br><p>Voltando \u00e0 Audi, em um v\u00eddeo de promo\u00e7\u00e3o do A8, a montadora mostra clientes da Mercedes em uma pris\u00e3o que parece ser exclusiva para ricos e idosos. Eles ficam \u201cmalucos\u201d ao som do saxofonista Kenny G. Veja o v\u00eddeo abaixo. Vale \u00e0 pena.<\/p><p><iframe loading=\"lazy\" src=\"https:\/\/www.youtube.com\/embed\/jUStwbciQ80\" width=\"560\" height=\"315\" frameborder=\"0\" allowfullscreen=\"allowfullscreen\"><\/iframe><\/p><p>\u00a0<\/p>\n  <div style=\"width: 100%;\" id=\"render-hmeio-5\"><\/div>\n    <script type=\"text\/javascript\">\n      if(window.innerWidth > 1){\n        $(\"#render-hmeio-5\").append(`\n          <div class=\"area-publicidade-rectangular hmeio\">\n            <p>Publicidade\n            <div class=\"area-publicidade\">\n              <div id=\"hmeio5\">\n            \n          \n        `);\n\n        \n    window.jornaldocarro = window.jornaldocarro || {};\n    window.jornaldocarro.slotsAds = window.jornaldocarro.slotsAds || [];\n    window.jornaldocarro.slotsAds.push(\"hmeio5\");\n  \n      }\n    <\/script>\n  <br><p>E, sobre a homenagem a Zetsche, vale explicar que o chef\u00e3o da Mercedes sempre teve fama de \u201cdescolado\u201d. Assim como os carros da BMW. <a href=\"https:\/\/jornaldocarro.estadao.com.br\/carros\/bmw-aposentadoria-zetsche-mercedes\/\" target=\"_blank\" rel=\"noopener nofollow\"><strong>Confira o v\u00eddeo e os detalhes sobre a campanha<\/strong><\/a>.<\/p><h3>P\u00f4neis malditos<\/h3><p>A campanha dos \u201cP\u00f4neis malditos\u201d, com a musiquinha que gruda na cabe\u00e7a, marcou \u00e9poca na propaganda do Brasil. Era o comercial da Nissan Frontier.<\/p><p>Nele, a Nissan atacava as montadoras rivais, e a Toyota em particular \u2013 dava para ver os tra\u00e7os da Hilux nos v\u00eddeos, nos quais a montadora afirmava que a rival da Frontier n\u00e3o tinha cavalos (abreviatura de cavalo motor, unidade de medida de pot\u00eancia), e sim p\u00f4neis.<\/p>\n  <div style=\"width: 100%;\" id=\"render-hmeio-6\"><\/div>\n    <script type=\"text\/javascript\">\n      if(window.innerWidth > 1){\n        $(\"#render-hmeio-6\").append(`\n          <div class=\"area-publicidade-rectangular hmeio\">\n            <p>Publicidade\n            <div class=\"area-publicidade\">\n              <div id=\"hmeio6\">\n            \n          \n        `);\n\n        \n    window.jornaldocarro = window.jornaldocarro || {};\n    window.jornaldocarro.slotsAds = window.jornaldocarro.slotsAds || [];\n    window.jornaldocarro.slotsAds.push(\"hmeio6\");\n  \n      }\n    <\/script>\n  <br><p><iframe loading=\"lazy\" src=\"https:\/\/www.youtube.com\/embed\/BZ-rGoTOESE\" width=\"560\" height=\"315\" frameborder=\"0\" allowfullscreen=\"allowfullscreen\"><\/iframe><\/p><p>\u00a0<\/p><p>J\u00e1 o \u201cN\u00e3o tem cara de tioz\u00e3o\u201d era o lema da campanha do Sentra. Ali, n\u00e3o havia provoca\u00e7\u00e3o a nenhum carro em especial, mas ao segmento de sed\u00e3s m\u00e9dios (rivais do Nissan) em geral. Veja o v\u00eddeo abaixo.<\/p>\n  <div style=\"width: 100%;\" id=\"render-hmeio-7\"><\/div>\n    <script type=\"text\/javascript\">\n      if(window.innerWidth > 1){\n        $(\"#render-hmeio-7\").append(`\n          <div class=\"area-publicidade-rectangular hmeio\">\n            <p>Publicidade\n            <div class=\"area-publicidade\">\n              <div id=\"hmeio7\">\n            \n          \n        `);\n\n        renderPubNow('hmeio', 7)\n      }\n    <\/script>\n  <br><p><iframe loading=\"lazy\" src=\"https:\/\/www.youtube.com\/embed\/kLZde63zTC0\" width=\"560\" height=\"315\" frameborder=\"0\" allowfullscreen=\"allowfullscreen\"><\/iframe><\/p><p>\u00a0<\/p><p>\u00a0<\/p>\n  <div style=\"width: 100%;\" id=\"render-hmeio-8\"><\/div>\n    <script type=\"text\/javascript\">\n      if(window.innerWidth > 1){\n        $(\"#render-hmeio-8\").append(`\n          <div class=\"area-publicidade-rectangular hmeio\">\n            <p>Publicidade\n            <div class=\"area-publicidade\">\n              <div id=\"hmeio8\">\n            \n          \n        `);\n\n        renderPubNow('hmeio', 8)\n      }\n    <\/script>\n  <br>","protected":false},"excerpt":{"rendered":"<p>P\u00f4neis malditos, carro de tioz\u00e3o, Audi em Maranello: montadoras usam criatividade em propagandas<\/p>\n","protected":false},"featured_media":110785,"template":"","class_list":["post-110779","blog_primeira_classe","type-blog_primeira_classe","status-publish","has-post-thumbnail","hentry","tags_primeira_classe-audi","tags_primeira_classe-bmw","tags_primeira_classe-ferrari","tags_primeira_classe-mercedes-benz","tags_primeira_classe-nissan","tags_primeira_classe-toyota"],"yoast_head":"<!-- This site is optimized with the Yoast SEO plugin v23.5 - https:\/\/yoast.com\/wordpress\/plugins\/seo\/ -->\n<title>As melhores alfinetadas das montadoras nas rivais - Jornal do Carro - Estad\u00e3o<\/title>\n<meta name=\"description\" content=\"A provoca\u00e7\u00e3o que tamb\u00e9m pode ser encarada como homenagem feita pela BMW \u00e0 aposentadoria do CEO da Mercedes, Dieter Zetsche, nos fez lembrar de outras brincadeiras de montadoras em propagandas. Especialmente entre as marcas alem\u00e3s, parece haver uma cultura de alfinetar as rivais\" \/>\n<meta name=\"robots\" content=\"noindex, follow\" \/>\n<meta name=\"twitter:card\" content=\"summary_large_image\" \/>\n<meta name=\"twitter:title\" content=\"As melhores alfinetadas das montadoras nas rivais - Jornal do Carro - Estad\u00e3o\" \/>\n<meta name=\"twitter:description\" content=\"A provoca\u00e7\u00e3o que tamb\u00e9m pode ser encarada como homenagem feita pela BMW \u00e0 aposentadoria do CEO da Mercedes, Dieter Zetsche, nos fez lembrar de outras brincadeiras de montadoras em propagandas. Especialmente entre as marcas alem\u00e3s, parece haver uma cultura de alfinetar as rivais\" \/>\n<meta name=\"twitter:image\" content=\"https:\/\/jornaldocarro.estadao.com.br\/wp-content\/uploads\/2019\/05\/audi-r8.jpg\" \/>\n<meta name=\"twitter:label1\" content=\"Est. tempo de leitura\" \/>\n\t<meta name=\"twitter:data1\" content=\"2 minutos\" \/>\n<script type=\"application\/ld+json\" class=\"yoast-schema-graph\">{\"@context\":\"https:\/\/schema.org\",\"@graph\":[{\"@type\":\"WebPage\",\"@id\":\"https:\/\/jornaldocarro.estadao.com.br\/primeira-classe\/melhores-provocacoes-montadoras-rivais\/\",\"url\":\"https:\/\/jornaldocarro.estadao.com.br\/primeira-classe\/melhores-provocacoes-montadoras-rivais\/\",\"name\":\"As melhores alfinetadas das montadoras nas rivais - Jornal do Carro - Estad\u00e3o\",\"isPartOf\":{\"@id\":\"https:\/\/jornaldocarro.estadao.com.br\/#website\"},\"primaryImageOfPage\":{\"@id\":\"https:\/\/jornaldocarro.estadao.com.br\/primeira-classe\/melhores-provocacoes-montadoras-rivais\/#primaryimage\"},\"image\":{\"@id\":\"https:\/\/jornaldocarro.estadao.com.br\/primeira-classe\/melhores-provocacoes-montadoras-rivais\/#primaryimage\"},\"thumbnailUrl\":\"https:\/\/jornaldocarro.estadao.com.br\/wp-content\/uploads\/2019\/05\/audi-r8.jpg\",\"datePublished\":\"2019-05-23T22:11:18+00:00\",\"dateModified\":\"2019-05-23T22:21:06+00:00\",\"description\":\"A provoca\u00e7\u00e3o que tamb\u00e9m pode ser encarada como homenagem feita pela BMW \u00e0 aposentadoria do CEO da Mercedes, Dieter Zetsche, nos fez lembrar de outras brincadeiras de montadoras em propagandas. Especialmente entre as marcas alem\u00e3s, parece haver uma cultura de alfinetar as rivais\",\"breadcrumb\":{\"@id\":\"https:\/\/jornaldocarro.estadao.com.br\/primeira-classe\/melhores-provocacoes-montadoras-rivais\/#breadcrumb\"},\"inLanguage\":\"pt-BR\",\"potentialAction\":[{\"@type\":\"ReadAction\",\"target\":[\"https:\/\/jornaldocarro.estadao.com.br\/primeira-classe\/melhores-provocacoes-montadoras-rivais\/\"]}]},{\"@type\":\"ImageObject\",\"inLanguage\":\"pt-BR\",\"@id\":\"https:\/\/jornaldocarro.estadao.com.br\/primeira-classe\/melhores-provocacoes-montadoras-rivais\/#primaryimage\",\"url\":\"https:\/\/jornaldocarro.estadao.com.br\/wp-content\/uploads\/2019\/05\/audi-r8.jpg\",\"contentUrl\":\"https:\/\/jornaldocarro.estadao.com.br\/wp-content\/uploads\/2019\/05\/audi-r8.jpg\",\"width\":1200,\"height\":675,\"caption\":\"Audi\/Divulga\u00e7\u00e3o\"},{\"@type\":\"BreadcrumbList\",\"@id\":\"https:\/\/jornaldocarro.estadao.com.br\/primeira-classe\/melhores-provocacoes-montadoras-rivais\/#breadcrumb\",\"itemListElement\":[{\"@type\":\"ListItem\",\"position\":1,\"name\":\"In\u00edcio\",\"item\":\"https:\/\/jornaldocarro.estadao.com.br\/\"},{\"@type\":\"ListItem\",\"position\":2,\"name\":\"Primeira Classe\",\"item\":\"https:\/\/jornaldocarro.estadao.com.br\/primeira-classe\/\"},{\"@type\":\"ListItem\",\"position\":3,\"name\":\"As melhores alfinetadas das montadoras nas rivais\"}]},{\"@type\":\"WebSite\",\"@id\":\"https:\/\/jornaldocarro.estadao.com.br\/#website\",\"url\":\"https:\/\/jornaldocarro.estadao.com.br\/\",\"name\":\"Jornal do Carro - Estad\u00e3o\",\"description\":\"O portal sobre carros, motos e tudo sobre o tema ve\u00edculos no Estad\u00e3o. Fique por dentro de lan\u00e7amentos e de hist\u00f3rias dos leitores e seus carros.\",\"potentialAction\":[{\"@type\":\"SearchAction\",\"target\":{\"@type\":\"EntryPoint\",\"urlTemplate\":\"https:\/\/jornaldocarro.estadao.com.br\/?s={search_term_string}\"},\"query-input\":{\"@type\":\"PropertyValueSpecification\",\"valueRequired\":true,\"valueName\":\"search_term_string\"}}],\"inLanguage\":\"pt-BR\"}]}<\/script>\n<!-- \/ Yoast SEO plugin. -->","yoast_head_json":{"title":"As melhores alfinetadas das montadoras nas rivais - Jornal do Carro - Estad\u00e3o","description":"A provoca\u00e7\u00e3o que tamb\u00e9m pode ser encarada como homenagem feita pela BMW \u00e0 aposentadoria do CEO da Mercedes, Dieter Zetsche, nos fez lembrar de outras brincadeiras de montadoras em propagandas. Especialmente entre as marcas alem\u00e3s, parece haver uma cultura de alfinetar as rivais","robots":{"index":"noindex","follow":"follow"},"twitter_card":"summary_large_image","twitter_title":"As melhores alfinetadas das montadoras nas rivais - Jornal do Carro - Estad\u00e3o","twitter_description":"A provoca\u00e7\u00e3o que tamb\u00e9m pode ser encarada como homenagem feita pela BMW \u00e0 aposentadoria do CEO da Mercedes, Dieter Zetsche, nos fez lembrar de outras brincadeiras de montadoras em propagandas. Especialmente entre as marcas alem\u00e3s, parece haver uma cultura de alfinetar as rivais","twitter_image":"https:\/\/jornaldocarro.estadao.com.br\/wp-content\/uploads\/2019\/05\/audi-r8.jpg","twitter_misc":{"Est. tempo de leitura":"2 minutos"},"schema":{"@context":"https:\/\/schema.org","@graph":[{"@type":"WebPage","@id":"https:\/\/jornaldocarro.estadao.com.br\/primeira-classe\/melhores-provocacoes-montadoras-rivais\/","url":"https:\/\/jornaldocarro.estadao.com.br\/primeira-classe\/melhores-provocacoes-montadoras-rivais\/","name":"As melhores alfinetadas das montadoras nas rivais - Jornal do Carro - Estad\u00e3o","isPartOf":{"@id":"https:\/\/jornaldocarro.estadao.com.br\/#website"},"primaryImageOfPage":{"@id":"https:\/\/jornaldocarro.estadao.com.br\/primeira-classe\/melhores-provocacoes-montadoras-rivais\/#primaryimage"},"image":{"@id":"https:\/\/jornaldocarro.estadao.com.br\/primeira-classe\/melhores-provocacoes-montadoras-rivais\/#primaryimage"},"thumbnailUrl":"https:\/\/jornaldocarro.estadao.com.br\/wp-content\/uploads\/2019\/05\/audi-r8.jpg","datePublished":"2019-05-23T22:11:18+00:00","dateModified":"2019-05-23T22:21:06+00:00","description":"A provoca\u00e7\u00e3o que tamb\u00e9m pode ser encarada como homenagem feita pela BMW \u00e0 aposentadoria do CEO da Mercedes, Dieter Zetsche, nos fez lembrar de outras brincadeiras de montadoras em propagandas. Especialmente entre as marcas alem\u00e3s, parece haver uma cultura de alfinetar as rivais","breadcrumb":{"@id":"https:\/\/jornaldocarro.estadao.com.br\/primeira-classe\/melhores-provocacoes-montadoras-rivais\/#breadcrumb"},"inLanguage":"pt-BR","potentialAction":[{"@type":"ReadAction","target":["https:\/\/jornaldocarro.estadao.com.br\/primeira-classe\/melhores-provocacoes-montadoras-rivais\/"]}]},{"@type":"ImageObject","inLanguage":"pt-BR","@id":"https:\/\/jornaldocarro.estadao.com.br\/primeira-classe\/melhores-provocacoes-montadoras-rivais\/#primaryimage","url":"https:\/\/jornaldocarro.estadao.com.br\/wp-content\/uploads\/2019\/05\/audi-r8.jpg","contentUrl":"https:\/\/jornaldocarro.estadao.com.br\/wp-content\/uploads\/2019\/05\/audi-r8.jpg","width":1200,"height":675,"caption":"Audi\/Divulga\u00e7\u00e3o"},{"@type":"BreadcrumbList","@id":"https:\/\/jornaldocarro.estadao.com.br\/primeira-classe\/melhores-provocacoes-montadoras-rivais\/#breadcrumb","itemListElement":[{"@type":"ListItem","position":1,"name":"In\u00edcio","item":"https:\/\/jornaldocarro.estadao.com.br\/"},{"@type":"ListItem","position":2,"name":"Primeira Classe","item":"https:\/\/jornaldocarro.estadao.com.br\/primeira-classe\/"},{"@type":"ListItem","position":3,"name":"As melhores alfinetadas das montadoras nas rivais"}]},{"@type":"WebSite","@id":"https:\/\/jornaldocarro.estadao.com.br\/#website","url":"https:\/\/jornaldocarro.estadao.com.br\/","name":"Jornal do Carro - Estad\u00e3o","description":"O portal sobre carros, motos e tudo sobre o tema ve\u00edculos no Estad\u00e3o. Fique por dentro de lan\u00e7amentos e de hist\u00f3rias dos leitores e seus carros.","potentialAction":[{"@type":"SearchAction","target":{"@type":"EntryPoint","urlTemplate":"https:\/\/jornaldocarro.estadao.com.br\/?s={search_term_string}"},"query-input":{"@type":"PropertyValueSpecification","valueRequired":true,"valueName":"search_term_string"}}],"inLanguage":"pt-BR"}]}},"_links":{"self":[{"href":"https:\/\/jornaldocarro.estadao.com.br\/api\/wp\/v2\/blog_primeira_classe\/110779","targetHints":{"allow":["GET"]}}],"collection":[{"href":"https:\/\/jornaldocarro.estadao.com.br\/api\/wp\/v2\/blog_primeira_classe"}],"about":[{"href":"https:\/\/jornaldocarro.estadao.com.br\/api\/wp\/v2\/types\/blog_primeira_classe"}],"version-history":[{"count":11,"href":"https:\/\/jornaldocarro.estadao.com.br\/api\/wp\/v2\/blog_primeira_classe\/110779\/revisions"}],"predecessor-version":[{"id":110796,"href":"https:\/\/jornaldocarro.estadao.com.br\/api\/wp\/v2\/blog_primeira_classe\/110779\/revisions\/110796"}],"wp:featuredmedia":[{"embeddable":true,"href":"https:\/\/jornaldocarro.estadao.com.br\/api\/wp\/v2\/media\/110785"}],"wp:attachment":[{"href":"https:\/\/jornaldocarro.estadao.com.br\/api\/wp\/v2\/media?parent=110779"}],"curies":[{"name":"wp","href":"https:\/\/api.w.org\/{rel}","templated":true}]}}