{"id":120356,"date":"2019-09-05T20:55:34","date_gmt":"2019-09-05T23:55:34","guid":{"rendered":"https:\/\/jornaldocarro.estadao.com.br\/?post_type=blog_primeira_classe&#038;p=120356"},"modified":"2019-09-06T01:34:14","modified_gmt":"2019-09-06T04:34:14","slug":"rocco-forte-charme-historia-luxo-italia","status":"publish","type":"blog_primeira_classe","link":"https:\/\/jornaldocarro.estadao.com.br\/primeira-classe\/rocco-forte-charme-historia-luxo-italia\/","title":{"rendered":"Rocco Forte: charme, hist\u00f3ria e luxo na It\u00e1lia"},"content":{"rendered":"<p>Pouco conhecido no Brasil, por n\u00e3o ter unidades aqui ou em qualquer outro pa\u00eds da Am\u00e9rica do Sul, o Rocco Forte \u00e9 uma das refer\u00eancias em hotelaria de alto luxo nas cidades em que atua \u2013 a maior parte delas, na Europa. A pequena rede re\u00fane elementos que encantam os sentidos e a mem\u00f3ria dos h\u00f3spedes, gerando grande fasc\u00ednio e, claro, a vontade de ficar mais. E voltar.<\/p><ul>\n<li><a href=\"https:\/\/www.youtube.com\/user\/JdoCarro\" target=\"_blank\" rel=\"noopener nofollow\"><strong>Inscreva-se no canal do Jornal do Carro no YouTube<\/strong><\/a><\/li>\n<\/ul><p>O charme \u00e9 a marca registrada da rede, e frequentemente faz um casamento acertado com elementos hist\u00f3ricos e design peculiar. Conheci dois hot\u00e9is Rocco Forte exatamente em seu pa\u00eds origem, a It\u00e1lia.<\/p><p>Em Roma, o Rocco Forte Hotel de la Ville foi inaugurado em maio, e aposta em se tornar um grande ponto de encontro na capital italiana. O Hotel Savoy, em Floren\u00e7a, j\u00e1 est\u00e1 h\u00e1 bem mais tempo sob a bandeira da rede hoteleira de luxo.<\/p>\n  <div style=\"width: 100%;\" id=\"render-hmeio-1\"><\/div>\n    <script type=\"text\/javascript\">\n      if(window.innerWidth > 1){\n        $(\"#render-hmeio-1\").append(`\n          <div class=\"area-publicidade-rectangular hmeio\">\n            <p>Publicidade\n            <div class=\"area-publicidade\">\n              <div id=\"hmeio1\">\n            \n          \n        `);\n\n        \n    window.jornaldocarro = window.jornaldocarro || {};\n    window.jornaldocarro.slotsAds = window.jornaldocarro.slotsAds || [];\n    window.jornaldocarro.slotsAds.push(\"hmeio1\");\n  \n      }\n    <\/script>\n  <br><p>Por\u00e9m, ganhou mais charme e exclusividade no ano passado, ao passar por uma completa renova\u00e7\u00e3o. Em comum, al\u00e9m de serem representantes da rede Rocco Forte, o De la Ville e o Savoy t\u00eam muito. Ambos ocupam localiza\u00e7\u00f5es privilegiadas em duas das mais visitadas cidades italianas.<\/p><p>\u00a0<\/p><p><strong>LEIA TAMB\u00c9M<\/strong><\/p>\n  <div style=\"width: 100%;\" id=\"render-hmeio-2\"><\/div>\n    <script type=\"text\/javascript\">\n      if(window.innerWidth > 1){\n        $(\"#render-hmeio-2\").append(`\n          <div class=\"area-publicidade-rectangular hmeio\">\n            <p>Publicidade\n            <div class=\"area-publicidade\">\n              <div id=\"hmeio2\">\n            \n          \n        `);\n\n        \n    window.jornaldocarro = window.jornaldocarro || {};\n    window.jornaldocarro.slotsAds = window.jornaldocarro.slotsAds || [];\n    window.jornaldocarro.slotsAds.push(\"hmeio2\");\n  \n      }\n    <\/script>\n  <br><ul>\n<li><a href=\"https:\/\/jornaldocarro.estadao.com.br\/primeira-classe\/tivoli-luxo-vistas-gastronomia\/\" target=\"_blank\" rel=\"noopener nofollow\"><strong>Tivoli investe em vistas impressionantes de S\u00e3o Paulo<\/strong><\/a><\/li>\n<li><a href=\"https:\/\/jornaldocarro.estadao.com.br\/primeira-classe\/nizuc-e-mais-sofisticado-que-cancun\/\" target=\"_blank\" rel=\"noopener nofollow\"><strong>Nizuc \u00e9 mais sofisticado que Cancun<\/strong><\/a><\/li>\n<li><a href=\"https:\/\/jornaldocarro.estadao.com.br\/primeira-classe\/ritz-e-um-mito-da-hotelaria\/\" target=\"_blank\" rel=\"noopener nofollow\"><strong>Por que o Ritz \u00e9 um mito da hotelaria\u00a0<\/strong><\/a><\/li>\n<li><a href=\"https:\/\/jornaldocarro.estadao.com.br\/primeira-classe\/hotel-bulgari-alta-costura\/\" target=\"_blank\" rel=\"noopener nofollow\"><strong>Hot\u00e9is de alta costura em Mil\u00e3o<\/strong><\/a><\/li>\n<\/ul><p>\u00a0<\/p><p>O hotel de Roma \u2013 segundo da rede na capital It\u00e1lia, depois do De Russie \u2013 fica bem ao lado da Escadaria de Espanha. O de Floren\u00e7a est\u00e1 na charmosa Pra\u00e7a da Rep\u00fablica, bem pr\u00f3ximo ao imponente Duomo di Firenze.<\/p><p>S\u00e3o tamb\u00e9m hot\u00e9is antigos, que j\u00e1 existiam muito antes de passarem para a administra\u00e7\u00e3o da rede. Assim, ocupam edif\u00edcios hist\u00f3ricos, com fachadas impressionantes. Ambos tamb\u00e9m investem em alta gastronomia.<\/p>\n  <div style=\"width: 100%;\" id=\"render-hmeio-3\"><\/div>\n    <script type=\"text\/javascript\">\n      if(window.innerWidth > 1){\n        $(\"#render-hmeio-3\").append(`\n          <div class=\"area-publicidade-rectangular hmeio\">\n            <p>Publicidade\n            <div class=\"area-publicidade\">\n              <div id=\"hmeio3\">\n            \n          \n        `);\n\n        \n    window.jornaldocarro = window.jornaldocarro || {};\n    window.jornaldocarro.slotsAds = window.jornaldocarro.slotsAds || [];\n    window.jornaldocarro.slotsAds.push(\"hmeio3\");\n  \n      }\n    <\/script>\n  <br><h3>Rocco Forte Hotel de la Ville<\/h3><p>Minha primeira imers\u00e3o no universo Rocco Forte foi o Hotel de la Ville. Antes de passar para a administra\u00e7\u00e3o da Rocco Forte, ele era o Intercontinental de la Ville.<\/p><p>Reformado e inaugurado em maio deste ano, o hotel tem uma fachada hist\u00f3rica e uma recep\u00e7\u00e3o minimalista, mas extremamente sofisticada. Por tr\u00e1s das portas do edif\u00edcio, est\u00e3o m\u00f3veis contempor\u00e2neos em cores vivas, mas sem exageros.<\/p><p>R\u00e9plicas de esculturas e quadros inspirados no Renascimento est\u00e3o por todos os lados. Um elevador panor\u00e2mico \u00e9 o principal acesso aos andares de quartos e su\u00edtes.<\/p>\n  <div style=\"width: 100%;\" id=\"render-hmeio-4\"><\/div>\n    <script type=\"text\/javascript\">\n      if(window.innerWidth > 1){\n        $(\"#render-hmeio-4\").append(`\n          <div class=\"area-publicidade-rectangular hmeio\">\n            <p>Publicidade\n            <div class=\"area-publicidade\">\n              <div id=\"hmeio4\">\n            \n          \n        `);\n\n        \n    window.jornaldocarro = window.jornaldocarro || {};\n    window.jornaldocarro.slotsAds = window.jornaldocarro.slotsAds || [];\n    window.jornaldocarro.slotsAds.push(\"hmeio4\");\n  \n      }\n    <\/script>\n  <br>\n<figure style=\"width: 1024px\" class=\"wp-caption alignnone\"><img loading=\"lazy\" decoding=\"async\" class=\"size-medium\" src=\"https:\/\/jornaldocarro.estadao.com.br\/wp-content\/uploads\/2019\/09\/208851506.jpg\" width=\"1024\" height=\"683\"><figcaption class=\"wp-caption-text\">Cielo Bar<\/figcaption><\/figure>\n<p>\u00a0<\/p><p>Mas n\u00e3o \u00e9 o \u00fanico. H\u00e1 outros dois blocos de elevadores, e cada um deles \u00e9 uma obra de arte. Eles s\u00e3o decorados com mosaicos. As \u00e1reas abertas do Rocco Forte de la Ville tamb\u00e9m s\u00e3o destaques. No ver\u00e3o, os h\u00f3spedes desfrutam o caf\u00e9 da manh\u00e3 em um terra\u00e7o.<\/p>\n  <div style=\"width: 100%;\" id=\"render-hmeio-5\"><\/div>\n    <script type=\"text\/javascript\">\n      if(window.innerWidth > 1){\n        $(\"#render-hmeio-5\").append(`\n          <div class=\"area-publicidade-rectangular hmeio\">\n            <p>Publicidade\n            <div class=\"area-publicidade\">\n              <div id=\"hmeio5\">\n            \n          \n        `);\n\n        \n    window.jornaldocarro = window.jornaldocarro || {};\n    window.jornaldocarro.slotsAds = window.jornaldocarro.slotsAds || [];\n    window.jornaldocarro.slotsAds.push(\"hmeio5\");\n  \n      }\n    <\/script>\n  <br><p>Nessa \u00e1rea, o clima mediterr\u00e2neo domina a decora\u00e7\u00e3o, com tons coloridos na medida certa, como o contraste entre o tom do pr\u00e9dio e as janelas na cor verde. Uma imagem que remete bastante ao litoral da Fran\u00e7a e da It\u00e1lia.<\/p><h3>Bares, restaurantes e spa<\/h3><p>No sexto e s\u00e9timo andares, o bar \u201crooftop\u201d (Cielo Bar) serve drinks e refei\u00e7\u00f5es leves com uma vista impressionante para a cidade eterna. No ver\u00e3o, h\u00e1 DJs, administrando trilha sonora que acompanha um incr\u00edvel por do sol. O bar j\u00e1 se tornou um ponto de encontro em Roma.<\/p>\n<figure style=\"width: 1024px\" class=\"wp-caption alignnone\"><img loading=\"lazy\" decoding=\"async\" class=\"size-medium\" src=\"https:\/\/jornaldocarro.estadao.com.br\/wp-content\/uploads\/2019\/09\/208851418.jpg\" width=\"1024\" height=\"683\"><figcaption class=\"wp-caption-text\"><div style=\"width: 100%;\" id=\"render-hmeio-6\"><\/div>\n    <script type=\"text\/javascript\">\n      if(window.innerWidth > 1){\n        $(\"#render-hmeio-6\").append(`\n          <div class=\"area-publicidade-rectangular hmeio\">\n            <p>Publicidade\n            <div class=\"area-publicidade\">\n              <div id=\"hmeio6\">\n            \n          \n        `);\n\n        \n    window.jornaldocarro = window.jornaldocarro || {};\n    window.jornaldocarro.slotsAds = window.jornaldocarro.slotsAds || [];\n    window.jornaldocarro.slotsAds.push(\"hmeio6\");\n  \n      }\n    <\/script>\n  <br> Da Sistina<\/figcaption><\/figure>\n<p>\u00a0<\/p><p>O outro bar do hotel (Julep) investe em decora\u00e7\u00e3o inspirada no s\u00e9culo XVII de v\u00e1rias capitais europeias, mas com elementos contempor\u00e2neos. Durante minha estadia, ele estava fechado, assim como o restaurante que ocupa o mesmo andar (chamado de Mosaico).<\/p><p>Segundo informa\u00e7\u00f5es do De La Ville, em agosto, por causa do ver\u00e3o, muitos h\u00f3spedes preferem desfrutar outras op\u00e7\u00f5es da noite de Roma a ficar nessas duas atra\u00e7\u00f5es do hotel. Da\u00ed, a op\u00e7\u00e3o por fechar. Uma pena; perdi a oportunidade de conhec\u00ea-los.<\/p>\n  <div style=\"width: 100%;\" id=\"render-hmeio-7\"><\/div>\n    <script type=\"text\/javascript\">\n      if(window.innerWidth > 1){\n        $(\"#render-hmeio-7\").append(`\n          <div class=\"area-publicidade-rectangular hmeio\">\n            <p>Publicidade\n            <div class=\"area-publicidade\">\n              <div id=\"hmeio7\">\n            \n          \n        `);\n\n        renderPubNow('hmeio', 7)\n      }\n    <\/script>\n  <br>\n<figure style=\"width: 1200px\" class=\"wp-caption alignnone\"><img loading=\"lazy\" decoding=\"async\" class=\"size-medium\" src=\"https:\/\/jornaldocarro.estadao.com.br\/wp-content\/uploads\/2019\/09\/20190823_083243.jpg\" width=\"1200\" height=\"675\"><figcaption class=\"wp-caption-text\">Spa<\/figcaption><\/figure>\n<p>\u00a0<\/p><p>No entanto, estava aberto o outro restaurante, voltado tanto aos h\u00f3spedes quanto a clientes n\u00e3o hospedados. Tamb\u00e9m um \u00edcone do casamento de design contempor\u00e2neo e hist\u00f3rico, o \u201cDa Sistina\u201d investe em culin\u00e1ria italiana com toques de cozinha internacional.<\/p>\n  <div style=\"width: 100%;\" id=\"render-hmeio-8\"><\/div>\n    <script type=\"text\/javascript\">\n      if(window.innerWidth > 1){\n        $(\"#render-hmeio-8\").append(`\n          <div class=\"area-publicidade-rectangular hmeio\">\n            <p>Publicidade\n            <div class=\"area-publicidade\">\n              <div id=\"hmeio8\">\n            \n          \n        `);\n\n        renderPubNow('hmeio', 8)\n      }\n    <\/script>\n  <br><p>\u00a0<\/p><p><img loading=\"lazy\" decoding=\"async\" class=\"alignnone size-medium\" src=\"https:\/\/jornaldocarro.estadao.com.br\/wp-content\/uploads\/2019\/09\/20190823_083452.jpg\" width=\"1200\" height=\"675\"><\/p><p>\u00a0<\/p>\n  <div style=\"width: 100%;\" id=\"render-hmeio-9\"><\/div>\n    <script type=\"text\/javascript\">\n      if(window.innerWidth > 1){\n        $(\"#render-hmeio-9\").append(`\n          <div class=\"area-publicidade-rectangular hmeio\">\n            <p>Publicidade\n            <div class=\"area-publicidade\">\n              <div id=\"hmeio9\">\n            \n          \n        `);\n\n        renderPubNow('hmeio', 9)\n      }\n    <\/script>\n  <br><p>Outro destaque do De La Ville \u00e9 o spa, que oferece diversos tipos de massagem e tratamentos em saunas variadas e banhos de luzes, por exemplo. Os produtos s\u00e3o de uma das marcas do grupo, Irene Forte.<\/p><h3>Quarto Deluxe no De La Ville<\/h3><p>Hospedei-me em um dos quartos mais sofisticados do hotel, da categoria Deluxe, com 35 metros quadrados. Alguns apartamentos dessa categoria t\u00eam uma entrada imponente, em frente ao elevador panor\u00e2mico.<\/p><p>A imponente porta de tom vermelho escuro (muito usado no hotel) d\u00e1 acesso a um pequeno closet. O banheiro \u00e9 revestido de m\u00e1rmore claro e azulejo bicolor, com box imenso e funcional \u2013 n\u00e3o gostei muito da press\u00e3o da \u00e1gua da ducha, para falar a verdade.<\/p>\n  <div style=\"width: 100%;\" id=\"render-hmeio-10\"><\/div>\n    <script type=\"text\/javascript\">\n      if(window.innerWidth > 1){\n        $(\"#render-hmeio-10\").append(`\n          <div class=\"area-publicidade-rectangular hmeio\">\n            <p>Publicidade\n            <div class=\"area-publicidade\">\n              <div id=\"hmeio10\">\n            \n          \n        `);\n\n        renderPubNow('hmeio', 10)\n      }\n    <\/script>\n  <br><p><img loading=\"lazy\" decoding=\"async\" class=\"alignnone size-medium\" src=\"https:\/\/jornaldocarro.estadao.com.br\/wp-content\/uploads\/2019\/09\/20190822_143414.jpg\" width=\"1200\" height=\"675\"><\/p><p>\u00a0<\/p><p>As amenidades, que incluem at\u00e9 kit de costura bem completo, s\u00e3o da marca Irene Forte, de excelente qualidade. Os tons de decora\u00e7\u00e3o variam bastante.<\/p>\n  <div style=\"width: 100%;\" id=\"render-hmeio-11\"><\/div>\n    <script type=\"text\/javascript\">\n      if(window.innerWidth > 1){\n        $(\"#render-hmeio-11\").append(`\n          <div class=\"area-publicidade-rectangular hmeio\">\n            <p>Publicidade\n            <div class=\"area-publicidade\">\n              <div id=\"hmeio11\">\n            \n          \n        `);\n\n        renderPubNow('hmeio', 11)\n      }\n    <\/script>\n  <br><p>No quarto em que me hospedei era predominantemente claro, tom que estava nas cortinas, poltronas e at\u00e9 nos quadros com desenhos cl\u00e1ssicos da arte italiana. Isso favorece a ampla ilumina\u00e7\u00e3o proporcionada pelas duas janelas, que se abrem completamente (embora esse apartamento n\u00e3o tenha terra\u00e7o) e s\u00e3o totalmente \u00e0 prova de som. A vista \u00e9 para a Via Sistina, ao lado da famosa Escadaria de Espanha.<\/p><p><img loading=\"lazy\" decoding=\"async\" class=\"alignnone size-medium\" src=\"https:\/\/jornaldocarro.estadao.com.br\/wp-content\/uploads\/2019\/09\/20190822_143931.jpg\" width=\"1200\" height=\"675\"><\/p><p>\u00a0<\/p>\n  <div style=\"width: 100%;\" id=\"render-hmeio-12\"><\/div>\n    <script type=\"text\/javascript\">\n      if(window.innerWidth > 1){\n        $(\"#render-hmeio-12\").append(`\n          <div class=\"area-publicidade-rectangular hmeio\">\n            <p>Publicidade\n            <div class=\"area-publicidade\">\n              <div id=\"hmeio12\">\n            \n          \n        `);\n\n        renderPubNow('hmeio', 12)\n      }\n    <\/script>\n  <br><p>Os tons claro s\u00e3o quebrados pelo preto de alguns m\u00f3veis, como arm\u00e1rios e o rack onde est\u00e3o a TV e o minibar. A cama \u00e9 do tipo \u201cking\u201d, com len\u00e7\u00f3is de algod\u00e3o eg\u00edpcio e imensos e confort\u00e1veis travesseiros.<\/p><p>Al\u00e9m das cortinas, h\u00e1 poucos elementos cl\u00e1ssicos na decora\u00e7\u00e3o, que \u00e9 contempor\u00e2nea sem exageros, deixando o ambiente \u201cclean\u201d e sofisticado.<\/p><p>A TV \u00e9 equipada com chrome cast, permitindo aos h\u00f3spedes visualizar programa\u00e7\u00e3o em streamings como Netflix.<\/p>\n  <div style=\"width: 100%;\" id=\"render-hmeio-13\"><\/div>\n    <script type=\"text\/javascript\">\n      if(window.innerWidth > 1){\n        $(\"#render-hmeio-13\").append(`\n          <div class=\"area-publicidade-rectangular hmeio\">\n            <p>Publicidade\n            <div class=\"area-publicidade\">\n              <div id=\"hmeio13\">\n            \n          \n        `);\n\n        renderPubNow('hmeio', 13)\n      }\n    <\/script>\n  <br><h3>Su\u00edtes<\/h3><p>O Rocco Forte De La Ville tem diversos tipos de su\u00edtes, das tradicionais \u201cj\u00fanior\u201d \u00e0s chamadas \u201csignatures\u201d, ou topo de linha.<\/p><p>\u00a0<\/p><p><strong>ROAD TRIPS PELO MUNDO<\/strong><\/p>\n  <div style=\"width: 100%;\" id=\"render-hmeio-14\"><\/div>\n    <script type=\"text\/javascript\">\n      if(window.innerWidth > 1){\n        $(\"#render-hmeio-14\").append(`\n          <div class=\"area-publicidade-rectangular hmeio\">\n            <p>Publicidade\n            <div class=\"area-publicidade\">\n              <div id=\"hmeio14\">\n            \n          \n        `);\n\n        renderPubNow('hmeio', 14)\n      }\n    <\/script>\n  <br><ul>\n<li><a href=\"https:\/\/jornaldocarro.estadao.com.br\/primeira-classe\/viagem-de-carro-italia-croacia\/\" target=\"_blank\" rel=\"noopener nofollow\"><strong>It\u00e1lia com Cro\u00e1cia \u00e9 viagem de carros dos sonhos<\/strong><\/a><\/li>\n<li><a href=\"https:\/\/jornaldocarro.estadao.com.br\/primeira-classe\/rota-66-estrada-mais-famosa-do-mundo\/\" target=\"_blank\" rel=\"noopener nofollow\"><strong>Percorrendo a Rota 66 de Las Vegas a Los Angeles<\/strong><\/a><\/li>\n<li><strong><a href=\"https:\/\/jornaldocarro.estadao.com.br\/primeira-classe\/viajar-de-carro-madri-toledo\/\" target=\"_blank\" rel=\"noopener nofollow\">Dicas para ir de carro de Madri a Toledo, na Espanha<\/a><\/strong><\/li>\n<\/ul><p>\u00a0<\/p><p>Conheci duas, ambas com terra\u00e7o. A Grand Suite tem 60 metros quadrados e tr\u00eas ambientes. J\u00e1 a Roma \u00e9 uma \u201csignature\u201d. Al\u00e9m de 80 metros quadrados em quatro ambientes, que inclui uma imensa sala com sof\u00e1, poltrona e espregui\u00e7adeiras, tem um terra\u00e7o panor\u00e2mico com vistas impressionantes de Roma.<\/p><p>Por ali, h\u00e1 mesa, sof\u00e1 e diversas espregui\u00e7adeiras, para que os h\u00f3spedes possam aproveitar o sol do ver\u00e3o. As r\u00e9plicas de importantes bustos da arte italiana s\u00e3o um elemento interessante na decora\u00e7\u00e3o das su\u00edtes do De La Ville.<\/p>\n  <div style=\"width: 100%;\" id=\"render-hmeio-15\"><\/div>\n    <script type=\"text\/javascript\">\n      if(window.innerWidth > 1){\n        $(\"#render-hmeio-15\").append(`\n          <div class=\"area-publicidade-rectangular hmeio\">\n            <p>Publicidade\n            <div class=\"area-publicidade\">\n              <div id=\"hmeio15\">\n            \n          \n        `);\n\n        renderPubNow('hmeio', 15)\n      }\n    <\/script>\n  <br><h3>Savoy<\/h3><p>O Savoy \u00e9 mais cl\u00e1ssico que o De La Ville, mas nem por isso abre m\u00e3o de elementos contempor\u00e2neos. Renovado no ano passado, teve seus 120 apartamentos e su\u00edtes transformados em apenas 80.<\/p><p>O lobby e outros ambientes do hotel, como bar e restaurante, foram decorados em colabora\u00e7\u00e3o com a marca de alta costura Emilio Pucci, que surgiu em Floren\u00e7a.<\/p><p><img loading=\"lazy\" decoding=\"async\" class=\"alignnone size-medium\" src=\"https:\/\/jornaldocarro.estadao.com.br\/wp-content\/uploads\/2019\/09\/142197246.jpg\" width=\"512\" height=\"768\"><\/p>\n  <div style=\"width: 100%;\" id=\"render-hmeio-16\"><\/div>\n    <script type=\"text\/javascript\">\n      if(window.innerWidth > 1){\n        $(\"#render-hmeio-16\").append(`\n          <div class=\"area-publicidade-rectangular hmeio\">\n            <p>Publicidade\n            <div class=\"area-publicidade\">\n              <div id=\"hmeio16\">\n            \n          \n        `);\n\n        renderPubNow('hmeio', 16)\n      }\n    <\/script>\n  <br><p>\u00a0<\/p><p>V\u00e1rios elementos da grife est\u00e3o em sof\u00e1s, mesas e outros detalhes do hotel.<\/p><p>As su\u00edtes s\u00e3o os destaques do Savoy. Hospedei-me em uma executiva, com 50 metros quadrados separados em sala, quarto e banheiro.<\/p>\n  <div style=\"width: 100%;\" id=\"render-hmeio-17\"><\/div>\n    <script type=\"text\/javascript\">\n      if(window.innerWidth > 1){\n        $(\"#render-hmeio-17\").append(`\n          <div class=\"area-publicidade-rectangular hmeio\">\n            <p>Publicidade\n            <div class=\"area-publicidade\">\n              <div id=\"hmeio17\">\n            \n          \n        `);\n\n        renderPubNow('hmeio', 17)\n      }\n    <\/script>\n  <br><p>Aqui, o visual \u00e9 mais cl\u00e1ssico que no De La Ville, linha evidenciada em elementos como sof\u00e1s e papel de parede. As janelas, que tamb\u00e9m abrem completamente, garantem uma bela vista para a Pra\u00e7a da Rep\u00fablica.<\/p><p><img loading=\"lazy\" decoding=\"async\" class=\"alignnone size-medium\" src=\"https:\/\/jornaldocarro.estadao.com.br\/wp-content\/uploads\/2019\/09\/20190825_235505.jpg\" width=\"1200\" height=\"675\"><\/p><p>\u00a0<\/p>\n  <div style=\"width: 100%;\" id=\"render-hmeio-18\"><\/div>\n    <script type=\"text\/javascript\">\n      if(window.innerWidth > 1){\n        $(\"#render-hmeio-18\").append(`\n          <div class=\"area-publicidade-rectangular hmeio\">\n            <p>Publicidade\n            <div class=\"area-publicidade\">\n              <div id=\"hmeio18\">\n            \n          \n        `);\n\n        renderPubNow('hmeio', 18)\n      }\n    <\/script>\n  <br><p>O imenso banheiro \u00e9 todo revestido de m\u00e1rmore e tem banheira e box (de tamanho m\u00e9dio) separados. A pia \u00e9 dupla.<\/p><p>Cama do tipo king, travesseiros imensos e confort\u00e1veis e len\u00e7\u00f3is de algod\u00e3o eg\u00edpcio tamb\u00e9m fazem parte do pacote de luxo dessa su\u00edte do Savoy.<\/p><p>Pude conhecer tamb\u00e9m outras su\u00edtes do hotel. A Junior Deluxe tem o mesmo tamanho da executiva, mas com uma disposi\u00e7\u00e3o e decora\u00e7\u00e3o levemente mais modernas.<\/p>\n  <div style=\"width: 100%;\" id=\"render-hmeio-19\"><\/div>\n    <script type=\"text\/javascript\">\n      if(window.innerWidth > 1){\n        $(\"#render-hmeio-19\").append(`\n          <div class=\"area-publicidade-rectangular hmeio\">\n            <p>Publicidade\n            <div class=\"area-publicidade\">\n              <div id=\"hmeio19\">\n            \n          \n        `);\n\n        renderPubNow('hmeio', 19)\n      }\n    <\/script>\n  <br><p><img loading=\"lazy\" decoding=\"async\" class=\"alignnone size-medium\" src=\"https:\/\/jornaldocarro.estadao.com.br\/wp-content\/uploads\/2019\/09\/20190825_235207.jpg\" width=\"1200\" height=\"675\"><\/p><p>\u00a0<\/p><p>J\u00e1 a presidencial, batizada de Duomo, \u00e9 um \u00edcone da sofistica\u00e7\u00e3o cl\u00e1ssica. S\u00e3o pelo menos cinco ambientes em 152 metros quadrados, com direito \u00e0 adega em uma enorme sala de jantar, al\u00e9m de uma cozinha exclusiva.<\/p>\n  <div style=\"width: 100%;\" id=\"render-hmeio-20\"><\/div>\n    <script type=\"text\/javascript\">\n      if(window.innerWidth > 1){\n        $(\"#render-hmeio-20\").append(`\n          <div class=\"area-publicidade-rectangular hmeio\">\n            <p>Publicidade\n            <div class=\"area-publicidade\">\n              <div id=\"hmeio20\">\n            \n          \n        `);\n\n        renderPubNow('hmeio', 20)\n      }\n    <\/script>\n  <br><p>H\u00e1 ainda um imenso closet, lavabo e sala, al\u00e9m do quarto principal. Ela pode ser tamb\u00e9m integrada a um dos quartos cl\u00e1ssicos do hotel \u2013 os \u00fanicos que t\u00eam chuveiro sobre a banheira, uma solu\u00e7\u00e3o que n\u00e3o me agrada.<\/p><p><img loading=\"lazy\" decoding=\"async\" class=\"alignnone size-medium\" src=\"https:\/\/jornaldocarro.estadao.com.br\/wp-content\/uploads\/2019\/09\/20190825_235242.jpg\" width=\"1200\" height=\"675\"><\/p><p>\u00a0<\/p>\n  <div style=\"width: 100%;\" id=\"render-hmeio-21\"><\/div>\n    <script type=\"text\/javascript\">\n      if(window.innerWidth > 1){\n        $(\"#render-hmeio-21\").append(`\n          <div class=\"area-publicidade-rectangular hmeio\">\n            <p>Publicidade\n            <div class=\"area-publicidade\">\n              <div id=\"hmeio21\">\n            \n          \n        `);\n\n        renderPubNow('hmeio', 21)\n      }\n    <\/script>\n  <br><h3>Outras atra\u00e7\u00f5es<\/h3><p>Diferentemente do Rocco Forte De La Ville, o Savoy n\u00e3o tem spa. Em contrapartida, na renova\u00e7\u00e3o, foi montada uma imensa sala de gin\u00e1stica, equipada com modernos e variados aparelhos. Uma academia com essas propor\u00e7\u00f5es \u00e9 rara de se ver em um hotel relativamente pequeno, de design.<\/p><p><img loading=\"lazy\" decoding=\"async\" class=\"alignnone size-medium\" src=\"https:\/\/jornaldocarro.estadao.com.br\/wp-content\/uploads\/2019\/09\/20190826_094400.jpg\" width=\"1200\" height=\"2133\"><\/p><p>\u00a0<\/p>\n  <div style=\"width: 100%;\" id=\"render-hmeio-22\"><\/div>\n    <script type=\"text\/javascript\">\n      if(window.innerWidth > 1){\n        $(\"#render-hmeio-22\").append(`\n          <div class=\"area-publicidade-rectangular hmeio\">\n            <p>Publicidade\n            <div class=\"area-publicidade\">\n              <div id=\"hmeio22\">\n            \n          \n        `);\n\n        renderPubNow('hmeio', 22)\n      }\n    <\/script>\n  <br><p>O restaurante do hotel \u00e9 o Irene, especializado em culin\u00e1ria da regi\u00e3o da Toscana. Al\u00e9m do sal\u00e3o principal, h\u00e1 ainda uma \u00e1rea externa, em plena Pra\u00e7a da Rep\u00fablica. Ali, as mesas s\u00e3o decoradas com elementos t\u00edpicos da marca Emilio Pucci.<\/p><p>Integrado ao restaurante est\u00e1 o Irene Bar, que costuma reunir h\u00f3spedes, visitantes e moradores de Floren\u00e7a para drinks no fim da noite.<\/p><p>Tamb\u00e9m chama bastante a aten\u00e7\u00e3o no Savoy a localiza\u00e7\u00e3o. Quase tudo est\u00e1 a uma \u201cwalking distance\u201d. Ou seja: d\u00e1 para ir caminhando \u00e0s principais atra\u00e7\u00f5es de Floren\u00e7a, como o Duomo, o Palacio Vecchio e a Galleria Uffizzi. Al\u00e9m, claro, dos bons restaurantes, bares e locais de compra da cidade que \u00e9 o ber\u00e7o do Renascimento.<\/p>\n  <div style=\"width: 100%;\" id=\"render-hmeio-23\"><\/div>\n    <script type=\"text\/javascript\">\n      if(window.innerWidth > 1){\n        $(\"#render-hmeio-23\").append(`\n          <div class=\"area-publicidade-rectangular hmeio\">\n            <p>Publicidade\n            <div class=\"area-publicidade\">\n              <div id=\"hmeio23\">\n            \n          \n        `);\n\n        renderPubNow('hmeio', 23)\n      }\n    <\/script>\n  <br><p>Ao lado do Savoy, ali\u00e1s, est\u00e3o lojas de diversas marcas de luxo, como Gucci e Miu Miu.<\/p><p><img loading=\"lazy\" decoding=\"async\" class=\"alignnone size-medium\" src=\"https:\/\/jornaldocarro.estadao.com.br\/wp-content\/uploads\/2019\/09\/45995511.jpg\" width=\"1024\" height=\"683\"><\/p><p>\u00a0<\/p>\n  <div style=\"width: 100%;\" id=\"render-hmeio-24\"><\/div>\n    <script type=\"text\/javascript\">\n      if(window.innerWidth > 1){\n        $(\"#render-hmeio-24\").append(`\n          <div class=\"area-publicidade-rectangular hmeio\">\n            <p>Publicidade\n            <div class=\"area-publicidade\">\n              <div id=\"hmeio24\">\n            \n          \n        `);\n\n        renderPubNow('hmeio', 24)\n      }\n    <\/script>\n  <br><h3>Servi\u00e7o<\/h3><p>O servi\u00e7o nos dois hot\u00e9is da rede Rocco Forte t\u00eam padr\u00f5es semelhantes \u2013 e bastante altos. Da chegada ao check-out, os funcion\u00e1rios s\u00e3o impec\u00e1veis.<\/p><p>Ap\u00f3s o check-in, h\u00e1 a apresenta\u00e7\u00e3o do quarto por um funcion\u00e1rio da recep\u00e7\u00e3o. Nos dois hot\u00e9is Rocco Forte, fui recebida com simp\u00e1ticas amenidades \u2013 chocolates, frutas e, no De la Ville, at\u00e9 garrafa de espumante.<\/p><p>Nota dez tamb\u00e9m para os mensageiros dos dois hot\u00e9is, especialmente em Floren\u00e7a. Como eu estava em uma \u201croad trip\u201d\u00a0 pela Toscana, e a cidade \u00e9 bem complicada para se rodar de carro, eles providenciaram para que eu n\u00e3o tivesse de me preocupar com nada relacionado ao autom\u00f3vel, al\u00e9m de me ensinarem caminhos que o GPS n\u00e3o conseguia identificar.<\/p>\n  <div style=\"width: 100%;\" id=\"render-hmeio-25\"><\/div>\n    <script type=\"text\/javascript\">\n      if(window.innerWidth > 1){\n        $(\"#render-hmeio-25\").append(`\n          <div class=\"area-publicidade-rectangular hmeio\">\n            <p>Publicidade\n            <div class=\"area-publicidade\">\n              <div id=\"hmeio25\">\n            \n          \n        `);\n\n        renderPubNow('hmeio', 25)\n      }\n    <\/script>\n  <br><p>\u00a0<\/p><p><strong>LEIA TAMB\u00c9M<\/strong><\/p><ul>\n<li><a href=\"https:\/\/jornaldocarro.estadao.com.br\/primeira-classe\/como-voar-executiva-air-europa\/\" target=\"_blank\" rel=\"noopener nofollow\"><strong>Como \u00e9 voar na classe executiva da Air Europa<\/strong><\/a><\/li>\n<li><a href=\"https:\/\/jornaldocarro.estadao.com.br\/primeira-classe\/voando-executiva-american-airlines\/\" target=\"_blank\" rel=\"noopener nofollow\"><strong>Resenha da business class da American Airlines<\/strong><\/a><\/li>\n<li><a href=\"https:\/\/jornaldocarro.estadao.com.br\/primeira-classe\/voando-classe-executiva-latam\/\" target=\"_blank\" rel=\"noopener nofollow\"><strong>A executiva da Latam no Boeing 767<\/strong><\/a><\/li>\n<\/ul><p>\u00a0<\/p>\n  <div style=\"width: 100%;\" id=\"render-hmeio-26\"><\/div>\n    <script type=\"text\/javascript\">\n      if(window.innerWidth > 1){\n        $(\"#render-hmeio-26\").append(`\n          <div class=\"area-publicidade-rectangular hmeio\">\n            <p>Publicidade\n            <div class=\"area-publicidade\">\n              <div id=\"hmeio26\">\n            \n          \n        `);\n\n        renderPubNow('hmeio', 26)\n      }\n    <\/script>\n  <br><p>Aqui, por\u00e9m, vale uma ressalva. Nem o hotel Savoy (ou nenhum outro do centro de Floren\u00e7a) \u00e9 um ponto intermedi\u00e1rio aconselh\u00e1vel para uma viagem de carro pela Toscana. As ruas dessa parte da cidade s\u00e3o de acesso limitado. Al\u00e9m disso, os estacionamentos s\u00e3o car\u00edssimos \u2013 no Savoy, paguei 50 euros a di\u00e1ria.<\/p><p>Mas d\u00e1 para contornar esse problema. Explicarei melhor essa din\u00e2mica no post sobre a \u201croad trip\u201d pela Toscana.<\/p><p>Vale tamb\u00e9m destacar, especialmente em Floren\u00e7a, a facilidade de comunica\u00e7\u00e3o com os funcion\u00e1rios no hotel. Todos falam ingl\u00eas.<\/p>\n  <div style=\"width: 100%;\" id=\"render-hmeio-27\"><\/div>\n    <script type=\"text\/javascript\">\n      if(window.innerWidth > 1){\n        $(\"#render-hmeio-27\").append(`\n          <div class=\"area-publicidade-rectangular hmeio\">\n            <p>Publicidade\n            <div class=\"area-publicidade\">\n              <div id=\"hmeio27\">\n            \n          \n        `);\n\n        renderPubNow('hmeio', 27)\n      }\n    <\/script>\n  <br><p>Pode parecer \u00f3bvio, mas n\u00e3o \u00e9. Em Roma esse problema \u00e9 menos evidente, mas na regi\u00e3o da Toscana, at\u00e9 mesmo em Floren\u00e7a, a comunica\u00e7\u00e3o em ingl\u00eas \u00e9 bastante complicada. Quase ningu\u00e9m domina o idioma \u2013 e isso ocorre at\u00e9 mesmo em hot\u00e9is.<\/p><h3>Gostei<\/h3><p>Em ambos, a decora\u00e7\u00e3o, a localiza\u00e7\u00e3o, o casamento entre hist\u00f3rico e moderno, o charme e o servi\u00e7o. No De La Ville, o bar Cielo,\u00a0 os terra\u00e7os de estilo Mediterr\u00e2neo e os elementos contempor\u00e2neos na decora\u00e7\u00e3o, al\u00e9m do spa. No Savoy, os elementos de Emilio Pucci na decora\u00e7\u00e3o e a sala de gin\u00e1stica.<\/p><h3>N\u00e3o gostei<\/h3><p>Em ambos, a internet gratuita simplesmente n\u00e3o funciona. Se precisar mesmo de wi-fi, s\u00e3o 20 euros por dia. No Savoy, a aus\u00eancia de spa. No De la Ville, o fato de um restaurante e um bar n\u00e3o estarem funcionando.<\/p>\n  <div style=\"width: 100%;\" id=\"render-hmeio-28\"><\/div>\n    <script type=\"text\/javascript\">\n      if(window.innerWidth > 1){\n        $(\"#render-hmeio-28\").append(`\n          <div class=\"area-publicidade-rectangular hmeio\">\n            <p>Publicidade\n            <div class=\"area-publicidade\">\n              <div id=\"hmeio28\">\n            \n          \n        `);\n\n        renderPubNow('hmeio', 28)\n      }\n    <\/script>\n  <br><p>\u00a0<\/p><p>\u00a0<\/p><p>\u00a0<\/p>\n  <div style=\"width: 100%;\" id=\"render-hmeio-29\"><\/div>\n    <script type=\"text\/javascript\">\n      if(window.innerWidth > 1){\n        $(\"#render-hmeio-29\").append(`\n          <div class=\"area-publicidade-rectangular hmeio\">\n            <p>Publicidade\n            <div class=\"area-publicidade\">\n              <div id=\"hmeio29\">\n            \n          \n        `);\n\n        renderPubNow('hmeio', 29)\n      }\n    <\/script>\n  <br>","protected":false},"excerpt":{"rendered":"<p>Em Roma e Floren\u00e7a, hot\u00e9is da rede Rocco Forte se destacam por servi\u00e7o impec\u00e1vel e contraste entre hist\u00f3rico e contempor\u00e2neo <\/p>\n","protected":false},"featured_media":120364,"template":"","class_list":["post-120356","blog_primeira_classe","type-blog_primeira_classe","status-publish","has-post-thumbnail","hentry","tags_primeira_classe-florenca","tags_primeira_classe-hoteis","tags_primeira_classe-italia","tags_primeira_classe-rocco-forte","tags_primeira_classe-roma","tags_primeira_classe-viagem"],"yoast_head":"<!-- This site is optimized with the Yoast SEO plugin v23.5 - https:\/\/yoast.com\/wordpress\/plugins\/seo\/ -->\n<title>Rocco Forte: charme, hist\u00f3ria e luxo na It\u00e1lia - Jornal do Carro - Estad\u00e3o<\/title>\n<meta name=\"description\" content=\"Em Roma, o Rocco Forte Hotel de la Ville foi inaugurado em maio, e aposta em se tornar um grande ponto de encontro na capital italiana. O Hotel Savoy, em Floren\u00e7a, j\u00e1 est\u00e1 h\u00e1 bem mais tempo sob a bandeira da rede hoteleira de luxo\" \/>\n<meta name=\"robots\" content=\"noindex, follow\" \/>\n<meta name=\"twitter:card\" content=\"summary_large_image\" \/>\n<meta name=\"twitter:title\" content=\"Rocco Forte: charme, hist\u00f3ria e luxo na It\u00e1lia - Jornal do Carro - Estad\u00e3o\" \/>\n<meta name=\"twitter:description\" content=\"Em Roma, o Rocco Forte Hotel de la Ville foi inaugurado em maio, e aposta em se tornar um grande ponto de encontro na capital italiana. O Hotel Savoy, em Floren\u00e7a, j\u00e1 est\u00e1 h\u00e1 bem mais tempo sob a bandeira da rede hoteleira de luxo\" \/>\n<meta name=\"twitter:image\" content=\"https:\/\/jornaldocarro.estadao.com.br\/wp-content\/uploads\/2019\/09\/208851446.jpg\" \/>\n<meta name=\"twitter:label1\" content=\"Est. tempo de leitura\" \/>\n\t<meta name=\"twitter:data1\" content=\"11 minutos\" \/>\n<script type=\"application\/ld+json\" class=\"yoast-schema-graph\">{\"@context\":\"https:\/\/schema.org\",\"@graph\":[{\"@type\":\"WebPage\",\"@id\":\"https:\/\/jornaldocarro.estadao.com.br\/primeira-classe\/rocco-forte-charme-historia-luxo-italia\/\",\"url\":\"https:\/\/jornaldocarro.estadao.com.br\/primeira-classe\/rocco-forte-charme-historia-luxo-italia\/\",\"name\":\"Rocco Forte: charme, hist\u00f3ria e luxo na It\u00e1lia - Jornal do Carro - Estad\u00e3o\",\"isPartOf\":{\"@id\":\"https:\/\/jornaldocarro.estadao.com.br\/#website\"},\"primaryImageOfPage\":{\"@id\":\"https:\/\/jornaldocarro.estadao.com.br\/primeira-classe\/rocco-forte-charme-historia-luxo-italia\/#primaryimage\"},\"image\":{\"@id\":\"https:\/\/jornaldocarro.estadao.com.br\/primeira-classe\/rocco-forte-charme-historia-luxo-italia\/#primaryimage\"},\"thumbnailUrl\":\"https:\/\/jornaldocarro.estadao.com.br\/wp-content\/uploads\/2019\/09\/208851446.jpg\",\"datePublished\":\"2019-09-05T23:55:34+00:00\",\"dateModified\":\"2019-09-06T04:34:14+00:00\",\"description\":\"Em Roma, o Rocco Forte Hotel de la Ville foi inaugurado em maio, e aposta em se tornar um grande ponto de encontro na capital italiana. O Hotel Savoy, em Floren\u00e7a, j\u00e1 est\u00e1 h\u00e1 bem mais tempo sob a bandeira da rede hoteleira de luxo\",\"breadcrumb\":{\"@id\":\"https:\/\/jornaldocarro.estadao.com.br\/primeira-classe\/rocco-forte-charme-historia-luxo-italia\/#breadcrumb\"},\"inLanguage\":\"pt-BR\",\"potentialAction\":[{\"@type\":\"ReadAction\",\"target\":[\"https:\/\/jornaldocarro.estadao.com.br\/primeira-classe\/rocco-forte-charme-historia-luxo-italia\/\"]}]},{\"@type\":\"ImageObject\",\"inLanguage\":\"pt-BR\",\"@id\":\"https:\/\/jornaldocarro.estadao.com.br\/primeira-classe\/rocco-forte-charme-historia-luxo-italia\/#primaryimage\",\"url\":\"https:\/\/jornaldocarro.estadao.com.br\/wp-content\/uploads\/2019\/09\/208851446.jpg\",\"contentUrl\":\"https:\/\/jornaldocarro.estadao.com.br\/wp-content\/uploads\/2019\/09\/208851446.jpg\",\"width\":1024,\"height\":683,\"caption\":\"Fotos: Rafaela Borges e Divulga\u00e7\u00e3o\"},{\"@type\":\"BreadcrumbList\",\"@id\":\"https:\/\/jornaldocarro.estadao.com.br\/primeira-classe\/rocco-forte-charme-historia-luxo-italia\/#breadcrumb\",\"itemListElement\":[{\"@type\":\"ListItem\",\"position\":1,\"name\":\"In\u00edcio\",\"item\":\"https:\/\/jornaldocarro.estadao.com.br\/\"},{\"@type\":\"ListItem\",\"position\":2,\"name\":\"Primeira Classe\",\"item\":\"https:\/\/jornaldocarro.estadao.com.br\/primeira-classe\/\"},{\"@type\":\"ListItem\",\"position\":3,\"name\":\"Rocco Forte: charme, hist\u00f3ria e luxo na It\u00e1lia\"}]},{\"@type\":\"WebSite\",\"@id\":\"https:\/\/jornaldocarro.estadao.com.br\/#website\",\"url\":\"https:\/\/jornaldocarro.estadao.com.br\/\",\"name\":\"Jornal do Carro - Estad\u00e3o\",\"description\":\"O portal sobre carros, motos e tudo sobre o tema ve\u00edculos no Estad\u00e3o. Fique por dentro de lan\u00e7amentos e de hist\u00f3rias dos leitores e seus carros.\",\"potentialAction\":[{\"@type\":\"SearchAction\",\"target\":{\"@type\":\"EntryPoint\",\"urlTemplate\":\"https:\/\/jornaldocarro.estadao.com.br\/?s={search_term_string}\"},\"query-input\":{\"@type\":\"PropertyValueSpecification\",\"valueRequired\":true,\"valueName\":\"search_term_string\"}}],\"inLanguage\":\"pt-BR\"}]}<\/script>\n<!-- \/ Yoast SEO plugin. -->","yoast_head_json":{"title":"Rocco Forte: charme, hist\u00f3ria e luxo na It\u00e1lia - Jornal do Carro - Estad\u00e3o","description":"Em Roma, o Rocco Forte Hotel de la Ville foi inaugurado em maio, e aposta em se tornar um grande ponto de encontro na capital italiana. O Hotel Savoy, em Floren\u00e7a, j\u00e1 est\u00e1 h\u00e1 bem mais tempo sob a bandeira da rede hoteleira de luxo","robots":{"index":"noindex","follow":"follow"},"twitter_card":"summary_large_image","twitter_title":"Rocco Forte: charme, hist\u00f3ria e luxo na It\u00e1lia - Jornal do Carro - Estad\u00e3o","twitter_description":"Em Roma, o Rocco Forte Hotel de la Ville foi inaugurado em maio, e aposta em se tornar um grande ponto de encontro na capital italiana. O Hotel Savoy, em Floren\u00e7a, j\u00e1 est\u00e1 h\u00e1 bem mais tempo sob a bandeira da rede hoteleira de luxo","twitter_image":"https:\/\/jornaldocarro.estadao.com.br\/wp-content\/uploads\/2019\/09\/208851446.jpg","twitter_misc":{"Est. tempo de leitura":"11 minutos"},"schema":{"@context":"https:\/\/schema.org","@graph":[{"@type":"WebPage","@id":"https:\/\/jornaldocarro.estadao.com.br\/primeira-classe\/rocco-forte-charme-historia-luxo-italia\/","url":"https:\/\/jornaldocarro.estadao.com.br\/primeira-classe\/rocco-forte-charme-historia-luxo-italia\/","name":"Rocco Forte: charme, hist\u00f3ria e luxo na It\u00e1lia - Jornal do Carro - Estad\u00e3o","isPartOf":{"@id":"https:\/\/jornaldocarro.estadao.com.br\/#website"},"primaryImageOfPage":{"@id":"https:\/\/jornaldocarro.estadao.com.br\/primeira-classe\/rocco-forte-charme-historia-luxo-italia\/#primaryimage"},"image":{"@id":"https:\/\/jornaldocarro.estadao.com.br\/primeira-classe\/rocco-forte-charme-historia-luxo-italia\/#primaryimage"},"thumbnailUrl":"https:\/\/jornaldocarro.estadao.com.br\/wp-content\/uploads\/2019\/09\/208851446.jpg","datePublished":"2019-09-05T23:55:34+00:00","dateModified":"2019-09-06T04:34:14+00:00","description":"Em Roma, o Rocco Forte Hotel de la Ville foi inaugurado em maio, e aposta em se tornar um grande ponto de encontro na capital italiana. O Hotel Savoy, em Floren\u00e7a, j\u00e1 est\u00e1 h\u00e1 bem mais tempo sob a bandeira da rede hoteleira de luxo","breadcrumb":{"@id":"https:\/\/jornaldocarro.estadao.com.br\/primeira-classe\/rocco-forte-charme-historia-luxo-italia\/#breadcrumb"},"inLanguage":"pt-BR","potentialAction":[{"@type":"ReadAction","target":["https:\/\/jornaldocarro.estadao.com.br\/primeira-classe\/rocco-forte-charme-historia-luxo-italia\/"]}]},{"@type":"ImageObject","inLanguage":"pt-BR","@id":"https:\/\/jornaldocarro.estadao.com.br\/primeira-classe\/rocco-forte-charme-historia-luxo-italia\/#primaryimage","url":"https:\/\/jornaldocarro.estadao.com.br\/wp-content\/uploads\/2019\/09\/208851446.jpg","contentUrl":"https:\/\/jornaldocarro.estadao.com.br\/wp-content\/uploads\/2019\/09\/208851446.jpg","width":1024,"height":683,"caption":"Fotos: Rafaela Borges e Divulga\u00e7\u00e3o"},{"@type":"BreadcrumbList","@id":"https:\/\/jornaldocarro.estadao.com.br\/primeira-classe\/rocco-forte-charme-historia-luxo-italia\/#breadcrumb","itemListElement":[{"@type":"ListItem","position":1,"name":"In\u00edcio","item":"https:\/\/jornaldocarro.estadao.com.br\/"},{"@type":"ListItem","position":2,"name":"Primeira Classe","item":"https:\/\/jornaldocarro.estadao.com.br\/primeira-classe\/"},{"@type":"ListItem","position":3,"name":"Rocco Forte: charme, hist\u00f3ria e luxo na It\u00e1lia"}]},{"@type":"WebSite","@id":"https:\/\/jornaldocarro.estadao.com.br\/#website","url":"https:\/\/jornaldocarro.estadao.com.br\/","name":"Jornal do Carro - Estad\u00e3o","description":"O portal sobre carros, motos e tudo sobre o tema ve\u00edculos no Estad\u00e3o. Fique por dentro de lan\u00e7amentos e de hist\u00f3rias dos leitores e seus carros.","potentialAction":[{"@type":"SearchAction","target":{"@type":"EntryPoint","urlTemplate":"https:\/\/jornaldocarro.estadao.com.br\/?s={search_term_string}"},"query-input":{"@type":"PropertyValueSpecification","valueRequired":true,"valueName":"search_term_string"}}],"inLanguage":"pt-BR"}]}},"_links":{"self":[{"href":"https:\/\/jornaldocarro.estadao.com.br\/api\/wp\/v2\/blog_primeira_classe\/120356","targetHints":{"allow":["GET"]}}],"collection":[{"href":"https:\/\/jornaldocarro.estadao.com.br\/api\/wp\/v2\/blog_primeira_classe"}],"about":[{"href":"https:\/\/jornaldocarro.estadao.com.br\/api\/wp\/v2\/types\/blog_primeira_classe"}],"version-history":[{"count":14,"href":"https:\/\/jornaldocarro.estadao.com.br\/api\/wp\/v2\/blog_primeira_classe\/120356\/revisions"}],"predecessor-version":[{"id":120473,"href":"https:\/\/jornaldocarro.estadao.com.br\/api\/wp\/v2\/blog_primeira_classe\/120356\/revisions\/120473"}],"wp:featuredmedia":[{"embeddable":true,"href":"https:\/\/jornaldocarro.estadao.com.br\/api\/wp\/v2\/media\/120364"}],"wp:attachment":[{"href":"https:\/\/jornaldocarro.estadao.com.br\/api\/wp\/v2\/media?parent=120356"}],"curies":[{"name":"wp","href":"https:\/\/api.w.org\/{rel}","templated":true}]}}