{"id":2066,"date":"2015-06-08T14:50:06","date_gmt":"2015-06-08T17:50:06","guid":{"rendered":"http:\/\/blogs.estadao.com.br\/primeira-classe\/?p=2066"},"modified":"2015-06-08T14:50:06","modified_gmt":"2015-06-08T17:50:06","slug":"carrinhos-classicos-e-motos-dominam-a-paisagem-da-italia","status":"publish","type":"blog_primeira_classe","link":"https:\/\/jornaldocarro.estadao.com.br\/primeira-classe\/carrinhos-classicos-e-motos-dominam-a-paisagem-da-italia\/","title":{"rendered":"Carrinhos cl\u00e1ssicos e motos dominam a paisagem da It\u00e1lia"},"content":{"rendered":"<p>Oi pessoal. Eu acabei de voltar de uma viagem \u00e0 Monte Carlo, para conferir \u2018in loco\u2019 ao GP de M\u00f4naco (leia <a rel=\"nofollow\" href=\"https:\/\/blogs.estadao.com.br\/primeira-classe\/gp-de-monaco-videos-fotos-e-relatos-sobre-o-que-a-tv-nao-mostrou\/\">aqui<\/a>), e \u00e0s regi\u00f5es da Lig\u00faria e Lombardia, na It\u00e1lia.<\/p><p>Em territ\u00f3rio italiano, me chamou a aten\u00e7\u00e3o a quantidade de carros subcompactos nas ruas. E n\u00e3o apenas exemplares, impec\u00e1veis ou todos cheios de marcas de pequenas batidas, da joia local, o Fiat 500. Tamb\u00e9m tem espa\u00e7o para Mini Cooper e o nosso adorado Fusquinha.<\/p><p>Fora as motos e scooters, uma tradi\u00e7\u00e3o em territ\u00f3rio italiano.<\/p>\n  <div style=\"width: 100%;\" id=\"render-hmeio-1\"><\/div>\n    <script type=\"text\/javascript\">\n      if(window.innerWidth > 1){\n        $(\"#render-hmeio-1\").append(`\n          <div class=\"area-publicidade-rectangular hmeio\">\n            <p>Publicidade\n            <div class=\"area-publicidade\">\n              <div id=\"hmeio1\">\n            \n          \n        `);\n\n        \n    window.jornaldocarro = window.jornaldocarro || {};\n    window.jornaldocarro.slotsAds = window.jornaldocarro.slotsAds || [];\n    window.jornaldocarro.slotsAds.push(\"hmeio1\");\n  \n      }\n    <\/script>\n  <br><p>Sobre os carros superesportivos que s\u00e3o produzidos no Pa\u00eds? Sinceramente, vi muito mais Ferrari e Lamborghini em Monte Carlo e na Riviera Francesa (Nice, Cannes, entre outras cidades). Na It\u00e1lia, s\u00e3o os carrinhos que se destacam. Vejam algumas fotos.<\/p>\n<figure id=\"attachment_2069\" aria-describedby=\"caption-attachment-2069\" style=\"width: 530px\" class=\"wp-caption alignnone\"><a rel=\"nofollow\" href=\"https:\/\/fotos.jornaldocarro.estadao.com.br\/primeira-classe\/files\/2015\/06\/fusca.jpg\"><img loading=\"lazy\" decoding=\"async\" class=\"size-full wp-image-2069\" src=\"https:\/\/fotos.jornaldocarro.estadao.com.br\/primeira-classe\/files\/2015\/06\/fusca.jpg\" alt=\"\" width=\"530\" height=\"460\"><\/a><figcaption id=\"caption-attachment-2069\" class=\"wp-caption-text\">Fusca convers\u00edvel no estacionamento de Paraggi, que fica ao lado de Portofino e tem uma praia paradis\u00edaca (Fotos: Rafaela Borges\/Estad\u00e3o)<\/figcaption><\/figure>\n<p>\u00a0<\/p>\n<figure id=\"attachment_2072\" aria-describedby=\"caption-attachment-2072\" style=\"width: 530px\" class=\"wp-caption alignnone\"><a rel=\"nofollow\" href=\"https:\/\/fotos.jornaldocarro.estadao.com.br\/primeira-classe\/files\/2015\/06\/scooters.jpg\"><img loading=\"lazy\" decoding=\"async\" class=\"size-full wp-image-2072\" src=\"https:\/\/fotos.jornaldocarro.estadao.com.br\/primeira-classe\/files\/2015\/06\/scooters.jpg\" alt=\"\" width=\"530\" height=\"448\"><\/a><figcaption id=\"caption-attachment-2072\" class=\"wp-caption-text\">Estacionamento de scooters em G\u00eanova<\/figcaption><\/figure>\n<p>\u00a0<\/p>\n  <div style=\"width: 100%;\" id=\"render-hmeio-2\"><\/div>\n    <script type=\"text\/javascript\">\n      if(window.innerWidth > 1){\n        $(\"#render-hmeio-2\").append(`\n          <div class=\"area-publicidade-rectangular hmeio\">\n            <p>Publicidade\n            <div class=\"area-publicidade\">\n              <div id=\"hmeio2\">\n            \n          \n        `);\n\n        \n    window.jornaldocarro = window.jornaldocarro || {};\n    window.jornaldocarro.slotsAds = window.jornaldocarro.slotsAds || [];\n    window.jornaldocarro.slotsAds.push(\"hmeio2\");\n  \n      }\n    <\/script>\n  <br>\n<figure id=\"attachment_2067\" aria-describedby=\"caption-attachment-2067\" style=\"width: 530px\" class=\"wp-caption alignnone\"><a rel=\"nofollow\" href=\"https:\/\/fotos.jornaldocarro.estadao.com.br\/primeira-classe\/files\/2015\/06\/diesel.jpg\"><img loading=\"lazy\" decoding=\"async\" class=\"size-full wp-image-2067\" src=\"https:\/\/fotos.jornaldocarro.estadao.com.br\/primeira-classe\/files\/2015\/06\/diesel.jpg\" alt=\"\" width=\"530\" height=\"440\"><\/a><figcaption id=\"caption-attachment-2067\" class=\"wp-caption-text\">Moto exposta na loja da Diesel em Mil\u00e3o<\/figcaption><\/figure>\n<p>\u00a0<\/p>\n<figure id=\"attachment_2068\" aria-describedby=\"caption-attachment-2068\" style=\"width: 530px\" class=\"wp-caption alignnone\"><a rel=\"nofollow\" href=\"https:\/\/fotos.jornaldocarro.estadao.com.br\/primeira-classe\/files\/2015\/06\/fiat-500.jpg\"><img loading=\"lazy\" decoding=\"async\" class=\"size-full wp-image-2068\" src=\"https:\/\/fotos.jornaldocarro.estadao.com.br\/primeira-classe\/files\/2015\/06\/fiat-500.jpg\" alt=\"\" width=\"530\" height=\"448\"><\/a><figcaption id=\"caption-attachment-2068\" class=\"wp-caption-text\">Em G\u00eanova, n\u00e3o poderia faltar o Fiat 500<\/figcaption><\/figure>\n<p>\u00a0<\/p>\n<figure id=\"attachment_2071\" aria-describedby=\"caption-attachment-2071\" style=\"width: 530px\" class=\"wp-caption alignnone\"><a rel=\"nofollow\" href=\"https:\/\/fotos.jornaldocarro.estadao.com.br\/primeira-classe\/files\/2015\/06\/motos-milao.jpg\"><img loading=\"lazy\" decoding=\"async\" class=\"size-full wp-image-2071\" src=\"https:\/\/fotos.jornaldocarro.estadao.com.br\/primeira-classe\/files\/2015\/06\/motos-milao.jpg\" alt=\"\" width=\"530\" height=\"353\"><\/a><figcaption id=\"caption-attachment-2071\" class=\"wp-caption-text\">Motos e scooters comp\u00f5em a paisagem de Mil\u00e3o<\/figcaption><\/figure>\n<p>\u00a0<\/p>\n  <div style=\"width: 100%;\" id=\"render-hmeio-3\"><\/div>\n    <script type=\"text\/javascript\">\n      if(window.innerWidth > 1){\n        $(\"#render-hmeio-3\").append(`\n          <div class=\"area-publicidade-rectangular hmeio\">\n            <p>Publicidade\n            <div class=\"area-publicidade\">\n              <div id=\"hmeio3\">\n            \n          \n        `);\n\n        \n    window.jornaldocarro = window.jornaldocarro || {};\n    window.jornaldocarro.slotsAds = window.jornaldocarro.slotsAds || [];\n    window.jornaldocarro.slotsAds.push(\"hmeio3\");\n  \n      }\n    <\/script>\n  <br>\n<figure id=\"attachment_2070\" aria-describedby=\"caption-attachment-2070\" style=\"width: 530px\" class=\"wp-caption alignnone\"><a rel=\"nofollow\" href=\"https:\/\/fotos.jornaldocarro.estadao.com.br\/primeira-classe\/files\/2015\/06\/mini-cooper.jpg\"><img loading=\"lazy\" decoding=\"async\" class=\"size-full wp-image-2070\" src=\"https:\/\/fotos.jornaldocarro.estadao.com.br\/primeira-classe\/files\/2015\/06\/mini-cooper.jpg\" alt=\"\" width=\"530\" height=\"453\"><\/a><figcaption id=\"caption-attachment-2070\" class=\"wp-caption-text\">Mini Cooper impec\u00e1vel em G\u00eanova<\/figcaption><\/figure>\n<p>\u00a0<\/p>","protected":false},"excerpt":{"rendered":"<p>Confira fotos de modelos flagrados nas regi\u00f5es da Lig\u00faria e Lombardia <\/p>\n","protected":false},"featured_media":0,"template":"","class_list":["post-2066","blog_primeira_classe","type-blog_primeira_classe","status-publish","hentry","tags_primeira_classe-carro-classico","tags_primeira_classe-carros","tags_primeira_classe-carros-classicos","tags_primeira_classe-classicos","tags_primeira_classe-estilo-de-vida","tags_primeira_classe-fiat-500","tags_primeira_classe-fusca","tags_primeira_classe-genova","tags_primeira_classe-milao","tags_primeira_classe-mini-cooper","tags_primeira_classe-moto","tags_primeira_classe-motocicletas","tags_primeira_classe-paraggi","tags_primeira_classe-portofino","tags_primeira_classe-scooter","tags_primeira_classe-viagem","tags_primeira_classe-viagem-2"],"yoast_head":"<!-- This site is optimized with the Yoast SEO plugin v23.5 - https:\/\/yoast.com\/wordpress\/plugins\/seo\/ -->\n<title>Carrinhos cl\u00e1ssicos e motos dominam a paisagem da It\u00e1lia - Jornal do Carro - Estad\u00e3o<\/title>\n<meta name=\"robots\" content=\"noindex, follow\" \/>\n<meta name=\"twitter:card\" content=\"summary_large_image\" \/>\n<meta name=\"twitter:title\" content=\"Carrinhos cl\u00e1ssicos e motos dominam a paisagem da It\u00e1lia - Jornal do Carro - Estad\u00e3o\" \/>\n<meta name=\"twitter:description\" content=\"Confira fotos de modelos flagrados nas regi\u00f5es da Lig\u00faria e Lombardia\" \/>\n<meta name=\"twitter:image\" content=\"https:\/\/fotos.jornaldocarro.estadao.com.br\/primeira-classe\/files\/2015\/06\/fusca.jpg\" \/>\n<meta name=\"twitter:label1\" content=\"Est. tempo de leitura\" \/>\n\t<meta name=\"twitter:data1\" content=\"1 minuto\" \/>\n<script type=\"application\/ld+json\" class=\"yoast-schema-graph\">{\"@context\":\"https:\/\/schema.org\",\"@graph\":[{\"@type\":\"WebPage\",\"@id\":\"https:\/\/jornaldocarro.estadao.com.br\/primeira-classe\/carrinhos-classicos-e-motos-dominam-a-paisagem-da-italia\/\",\"url\":\"https:\/\/jornaldocarro.estadao.com.br\/primeira-classe\/carrinhos-classicos-e-motos-dominam-a-paisagem-da-italia\/\",\"name\":\"Carrinhos cl\u00e1ssicos e motos dominam a paisagem da It\u00e1lia - Jornal do Carro - Estad\u00e3o\",\"isPartOf\":{\"@id\":\"https:\/\/jornaldocarro.estadao.com.br\/#website\"},\"primaryImageOfPage\":{\"@id\":\"https:\/\/jornaldocarro.estadao.com.br\/primeira-classe\/carrinhos-classicos-e-motos-dominam-a-paisagem-da-italia\/#primaryimage\"},\"image\":{\"@id\":\"https:\/\/jornaldocarro.estadao.com.br\/primeira-classe\/carrinhos-classicos-e-motos-dominam-a-paisagem-da-italia\/#primaryimage\"},\"thumbnailUrl\":\"https:\/\/fotos.jornaldocarro.estadao.com.br\/primeira-classe\/files\/2015\/06\/fusca.jpg\",\"datePublished\":\"2015-06-08T17:50:06+00:00\",\"dateModified\":\"2015-06-08T17:50:06+00:00\",\"breadcrumb\":{\"@id\":\"https:\/\/jornaldocarro.estadao.com.br\/primeira-classe\/carrinhos-classicos-e-motos-dominam-a-paisagem-da-italia\/#breadcrumb\"},\"inLanguage\":\"pt-BR\",\"potentialAction\":[{\"@type\":\"ReadAction\",\"target\":[\"https:\/\/jornaldocarro.estadao.com.br\/primeira-classe\/carrinhos-classicos-e-motos-dominam-a-paisagem-da-italia\/\"]}]},{\"@type\":\"ImageObject\",\"inLanguage\":\"pt-BR\",\"@id\":\"https:\/\/jornaldocarro.estadao.com.br\/primeira-classe\/carrinhos-classicos-e-motos-dominam-a-paisagem-da-italia\/#primaryimage\",\"url\":\"https:\/\/fotos.jornaldocarro.estadao.com.br\/primeira-classe\/files\/2015\/06\/fusca.jpg\",\"contentUrl\":\"https:\/\/fotos.jornaldocarro.estadao.com.br\/primeira-classe\/files\/2015\/06\/fusca.jpg\"},{\"@type\":\"BreadcrumbList\",\"@id\":\"https:\/\/jornaldocarro.estadao.com.br\/primeira-classe\/carrinhos-classicos-e-motos-dominam-a-paisagem-da-italia\/#breadcrumb\",\"itemListElement\":[{\"@type\":\"ListItem\",\"position\":1,\"name\":\"In\u00edcio\",\"item\":\"https:\/\/jornaldocarro.estadao.com.br\/\"},{\"@type\":\"ListItem\",\"position\":2,\"name\":\"Primeira Classe\",\"item\":\"https:\/\/jornaldocarro.estadao.com.br\/primeira-classe\/\"},{\"@type\":\"ListItem\",\"position\":3,\"name\":\"Carrinhos cl\u00e1ssicos e motos dominam a paisagem da It\u00e1lia\"}]},{\"@type\":\"WebSite\",\"@id\":\"https:\/\/jornaldocarro.estadao.com.br\/#website\",\"url\":\"https:\/\/jornaldocarro.estadao.com.br\/\",\"name\":\"Jornal do Carro - Estad\u00e3o\",\"description\":\"O portal sobre carros, motos e tudo sobre o tema ve\u00edculos no Estad\u00e3o. Fique por dentro de lan\u00e7amentos e de hist\u00f3rias dos leitores e seus carros.\",\"potentialAction\":[{\"@type\":\"SearchAction\",\"target\":{\"@type\":\"EntryPoint\",\"urlTemplate\":\"https:\/\/jornaldocarro.estadao.com.br\/?s={search_term_string}\"},\"query-input\":{\"@type\":\"PropertyValueSpecification\",\"valueRequired\":true,\"valueName\":\"search_term_string\"}}],\"inLanguage\":\"pt-BR\"}]}<\/script>\n<!-- \/ Yoast SEO plugin. -->","yoast_head_json":{"title":"Carrinhos cl\u00e1ssicos e motos dominam a paisagem da It\u00e1lia - Jornal do Carro - Estad\u00e3o","robots":{"index":"noindex","follow":"follow"},"twitter_card":"summary_large_image","twitter_title":"Carrinhos cl\u00e1ssicos e motos dominam a paisagem da It\u00e1lia - Jornal do Carro - Estad\u00e3o","twitter_description":"Confira fotos de modelos flagrados nas regi\u00f5es da Lig\u00faria e Lombardia","twitter_image":"https:\/\/fotos.jornaldocarro.estadao.com.br\/primeira-classe\/files\/2015\/06\/fusca.jpg","twitter_misc":{"Est. tempo de leitura":"1 minuto"},"schema":{"@context":"https:\/\/schema.org","@graph":[{"@type":"WebPage","@id":"https:\/\/jornaldocarro.estadao.com.br\/primeira-classe\/carrinhos-classicos-e-motos-dominam-a-paisagem-da-italia\/","url":"https:\/\/jornaldocarro.estadao.com.br\/primeira-classe\/carrinhos-classicos-e-motos-dominam-a-paisagem-da-italia\/","name":"Carrinhos cl\u00e1ssicos e motos dominam a paisagem da It\u00e1lia - Jornal do Carro - Estad\u00e3o","isPartOf":{"@id":"https:\/\/jornaldocarro.estadao.com.br\/#website"},"primaryImageOfPage":{"@id":"https:\/\/jornaldocarro.estadao.com.br\/primeira-classe\/carrinhos-classicos-e-motos-dominam-a-paisagem-da-italia\/#primaryimage"},"image":{"@id":"https:\/\/jornaldocarro.estadao.com.br\/primeira-classe\/carrinhos-classicos-e-motos-dominam-a-paisagem-da-italia\/#primaryimage"},"thumbnailUrl":"https:\/\/fotos.jornaldocarro.estadao.com.br\/primeira-classe\/files\/2015\/06\/fusca.jpg","datePublished":"2015-06-08T17:50:06+00:00","dateModified":"2015-06-08T17:50:06+00:00","breadcrumb":{"@id":"https:\/\/jornaldocarro.estadao.com.br\/primeira-classe\/carrinhos-classicos-e-motos-dominam-a-paisagem-da-italia\/#breadcrumb"},"inLanguage":"pt-BR","potentialAction":[{"@type":"ReadAction","target":["https:\/\/jornaldocarro.estadao.com.br\/primeira-classe\/carrinhos-classicos-e-motos-dominam-a-paisagem-da-italia\/"]}]},{"@type":"ImageObject","inLanguage":"pt-BR","@id":"https:\/\/jornaldocarro.estadao.com.br\/primeira-classe\/carrinhos-classicos-e-motos-dominam-a-paisagem-da-italia\/#primaryimage","url":"https:\/\/fotos.jornaldocarro.estadao.com.br\/primeira-classe\/files\/2015\/06\/fusca.jpg","contentUrl":"https:\/\/fotos.jornaldocarro.estadao.com.br\/primeira-classe\/files\/2015\/06\/fusca.jpg"},{"@type":"BreadcrumbList","@id":"https:\/\/jornaldocarro.estadao.com.br\/primeira-classe\/carrinhos-classicos-e-motos-dominam-a-paisagem-da-italia\/#breadcrumb","itemListElement":[{"@type":"ListItem","position":1,"name":"In\u00edcio","item":"https:\/\/jornaldocarro.estadao.com.br\/"},{"@type":"ListItem","position":2,"name":"Primeira Classe","item":"https:\/\/jornaldocarro.estadao.com.br\/primeira-classe\/"},{"@type":"ListItem","position":3,"name":"Carrinhos cl\u00e1ssicos e motos dominam a paisagem da It\u00e1lia"}]},{"@type":"WebSite","@id":"https:\/\/jornaldocarro.estadao.com.br\/#website","url":"https:\/\/jornaldocarro.estadao.com.br\/","name":"Jornal do Carro - Estad\u00e3o","description":"O portal sobre carros, motos e tudo sobre o tema ve\u00edculos no Estad\u00e3o. Fique por dentro de lan\u00e7amentos e de hist\u00f3rias dos leitores e seus carros.","potentialAction":[{"@type":"SearchAction","target":{"@type":"EntryPoint","urlTemplate":"https:\/\/jornaldocarro.estadao.com.br\/?s={search_term_string}"},"query-input":{"@type":"PropertyValueSpecification","valueRequired":true,"valueName":"search_term_string"}}],"inLanguage":"pt-BR"}]}},"_links":{"self":[{"href":"https:\/\/jornaldocarro.estadao.com.br\/api\/wp\/v2\/blog_primeira_classe\/2066","targetHints":{"allow":["GET"]}}],"collection":[{"href":"https:\/\/jornaldocarro.estadao.com.br\/api\/wp\/v2\/blog_primeira_classe"}],"about":[{"href":"https:\/\/jornaldocarro.estadao.com.br\/api\/wp\/v2\/types\/blog_primeira_classe"}],"version-history":[{"count":0,"href":"https:\/\/jornaldocarro.estadao.com.br\/api\/wp\/v2\/blog_primeira_classe\/2066\/revisions"}],"wp:attachment":[{"href":"https:\/\/jornaldocarro.estadao.com.br\/api\/wp\/v2\/media?parent=2066"}],"curies":[{"name":"wp","href":"https:\/\/api.w.org\/{rel}","templated":true}]}}