{"id":2135,"date":"2015-07-03T15:44:08","date_gmt":"2015-07-03T18:44:08","guid":{"rendered":"http:\/\/blogs.estadao.com.br\/primeira-classe\/?p=2135"},"modified":"2015-07-03T15:44:08","modified_gmt":"2015-07-03T18:44:08","slug":"marcas-de-luxo-qual-foi-a-lider-do-primeiro-semestre","status":"publish","type":"blog_primeira_classe","link":"https:\/\/jornaldocarro.estadao.com.br\/primeira-classe\/marcas-de-luxo-qual-foi-a-lider-do-primeiro-semestre\/","title":{"rendered":"Marcas de luxo: qual foi a l\u00edder do primeiro semestre?"},"content":{"rendered":"<p><figure id=\"attachment_2137\" aria-describedby=\"caption-attachment-2137\" style=\"width: 530px\" class=\"wp-caption alignnone\"><a rel=\"nofollow\" href=\"https:\/\/fotos.jornaldocarro.estadao.com.br\/primeira-classe\/files\/2015\/07\/abre-alemas-nova.jpg\"><img loading=\"lazy\" decoding=\"async\" class=\"size-full wp-image-2137\" src=\"https:\/\/fotos.jornaldocarro.estadao.com.br\/primeira-classe\/files\/2015\/07\/abre-alemas-nova.jpg\" alt=\"\" width=\"530\" height=\"316\"><\/a><figcaption id=\"caption-attachment-2137\" class=\"wp-caption-text\">Utilit\u00e1rios registram boas vendas (Foto: M\u00e1rcio Fernandes\/Estad\u00e3o)<\/figcaption><\/figure>\n<\/p><p>No ano passado, \u00a0a Mercedes-Benz terminou o ano na frente da BMW nas vendas no mercado nacional. Foi uma margem bem pequena (veja <a rel=\"nofollow\" href=\"https:\/\/blogs.estadao.com.br\/primeira-classe\/marcas-de-luxo-e-a-campea-de-2014-e\/\">aqui<\/a>), impulsionada pelo desempenho da Sprinter, que n\u00e3o \u00e9 carro de luxo, mas que a Fenabrave, fonte de divulga\u00e7\u00e3o dos \u00a0n\u00fameros de emplacamentos no Pa\u00eds, inclu\u00eda no mesmo grupo de modelos como Classe M, por exemplo.<\/p><p><strong>(No Instagram: @blogprimeiraclasse)<\/strong><\/p>\n  <div style=\"width: 100%;\" id=\"render-hmeio-1\"><\/div>\n    <script type=\"text\/javascript\">\n      if(window.innerWidth > 1){\n        $(\"#render-hmeio-1\").append(`\n          <div class=\"area-publicidade-rectangular hmeio\">\n            <p>Publicidade\n            <div class=\"area-publicidade\">\n              <div id=\"hmeio1\">\n            \n          \n        `);\n\n        \n    window.jornaldocarro = window.jornaldocarro || {};\n    window.jornaldocarro.slotsAds = window.jornaldocarro.slotsAds || [];\n    window.jornaldocarro.slotsAds.push(\"hmeio1\");\n  \n      }\n    <\/script>\n  <br><p>Este ano, a Fenabrave reorganizou seu ranking. Os utilit\u00e1rios-esportivos passaram a ser inclu\u00eddos entre os \u201ccarros de passeio\u201d. Antes, estavam classificados pela Fenabrave como comerciais leves, denomina\u00e7\u00e3o que agora a federa\u00e7\u00e3o \u00a0s\u00f3 aplica a vans, picapes, furg\u00f5es\u2026<\/p><p>Mas n\u00e3o foi s\u00f3 isso que mudou o panorama do mercado de luxo no primeiro semestre de 2015. Porque, caro leitor, n\u00e3o foi a BMW que ficou na lideran\u00e7a. Quem conquistou este posto na primeira parte do ano foi a Audi, que havia terminado 2014 na terceira posi\u00e7\u00e3o.<\/p><p>De janeiro a junho, a Audi registrou vendas de 7.796 carros no Pa\u00eds. A Mercedes, segunda colocada (e desta vez sem inclus\u00e3o da Sprinter, apenas dos carros de luxo), comercializou 7.507 ve\u00edculos. Da BMW, foram emplacados 7.267 exemplares. Tudo muito equilibrado, heim. Menos no caso da Land Rover, que, quarta colocada, teve 4.031 modelos vendidos.<\/p>\n  <div style=\"width: 100%;\" id=\"render-hmeio-2\"><\/div>\n    <script type=\"text\/javascript\">\n      if(window.innerWidth > 1){\n        $(\"#render-hmeio-2\").append(`\n          <div class=\"area-publicidade-rectangular hmeio\">\n            <p>Publicidade\n            <div class=\"area-publicidade\">\n              <div id=\"hmeio2\">\n            \n          \n        `);\n\n        \n    window.jornaldocarro = window.jornaldocarro || {};\n    window.jornaldocarro.slotsAds = window.jornaldocarro.slotsAds || [];\n    window.jornaldocarro.slotsAds.push(\"hmeio2\");\n  \n      }\n    <\/script>\n  <br>\n<figure id=\"attachment_2136\" aria-describedby=\"caption-attachment-2136\" style=\"width: 530px\" class=\"wp-caption alignnone\"><a rel=\"nofollow\" href=\"https:\/\/fotos.jornaldocarro.estadao.com.br\/primeira-classe\/files\/2015\/07\/classe-c.jpg\"><img loading=\"lazy\" decoding=\"async\" class=\"size-full wp-image-2136\" src=\"https:\/\/fotos.jornaldocarro.estadao.com.br\/primeira-classe\/files\/2015\/07\/classe-c.jpg\" alt=\"\" width=\"530\" height=\"353\"><\/a><figcaption id=\"caption-attachment-2136\" class=\"wp-caption-text\">Classe C \u00e9 o mais vendido do Pa\u00eds (Foto: Mercedes-Benz\/Divulga\u00e7\u00e3o)<\/figcaption><\/figure>\n<p>O excelente desempenho da Audi foi impulsionado pelo A3 Sedan, que superou o Q3 como seu carro mais vendido (veja abaixo a lista dos mais emplacados). Juntos, o tr\u00eas-volumes e o utilit\u00e1rio formam uma bela dupla.<\/p><p>Por\u00e9m, o l\u00edder do segmento de luxo \u00e9 agora o Classe C, formando tamb\u00e9m um belo conjunto com o GLA. J\u00e1 o S\u00e9rie 3, que em 2014 era o primeiro colocado, caiu para a terceira posi\u00e7\u00e3o. O modelo agora \u00e9 nacional, feito em Araquari (SC).<\/p><p><em><strong>CONFIRA A LISTA DOS MAIS VENDIDOS<\/strong><\/em><\/p>\n  <div style=\"width: 100%;\" id=\"render-hmeio-3\"><\/div>\n    <script type=\"text\/javascript\">\n      if(window.innerWidth > 1){\n        $(\"#render-hmeio-3\").append(`\n          <div class=\"area-publicidade-rectangular hmeio\">\n            <p>Publicidade\n            <div class=\"area-publicidade\">\n              <div id=\"hmeio3\">\n            \n          \n        `);\n\n        \n    window.jornaldocarro = window.jornaldocarro || {};\n    window.jornaldocarro.slotsAds = window.jornaldocarro.slotsAds || [];\n    window.jornaldocarro.slotsAds.push(\"hmeio3\");\n  \n      }\n    <\/script>\n  <br><p>(Janeiro a Junho de 2015)\u00a0<\/p><p>1 \u2013 Mercedes-Benz Classe C \u2013 3.206 unidades<\/p><p>2 \u2013 Audi A3 Sedan \u2013 3.041<\/p>\n  <div style=\"width: 100%;\" id=\"render-hmeio-4\"><\/div>\n    <script type=\"text\/javascript\">\n      if(window.innerWidth > 1){\n        $(\"#render-hmeio-4\").append(`\n          <div class=\"area-publicidade-rectangular hmeio\">\n            <p>Publicidade\n            <div class=\"area-publicidade\">\n              <div id=\"hmeio4\">\n            \n          \n        `);\n\n        \n    window.jornaldocarro = window.jornaldocarro || {};\n    window.jornaldocarro.slotsAds = window.jornaldocarro.slotsAds || [];\n    window.jornaldocarro.slotsAds.push(\"hmeio4\");\n  \n      }\n    <\/script>\n  <br><p>3 \u2013 BMW S\u00e9rie 3 \u2013 2.566<\/p><p>4 \u2013 Land Rover Range Rover Evoque \u2013 2.380<\/p><p>5 \u2013 Audi Q3 \u2013 2.065<\/p>\n  <div style=\"width: 100%;\" id=\"render-hmeio-5\"><\/div>\n    <script type=\"text\/javascript\">\n      if(window.innerWidth > 1){\n        $(\"#render-hmeio-5\").append(`\n          <div class=\"area-publicidade-rectangular hmeio\">\n            <p>Publicidade\n            <div class=\"area-publicidade\">\n              <div id=\"hmeio5\">\n            \n          \n        `);\n\n        \n    window.jornaldocarro = window.jornaldocarro || {};\n    window.jornaldocarro.slotsAds = window.jornaldocarro.slotsAds || [];\n    window.jornaldocarro.slotsAds.push(\"hmeio5\");\n  \n      }\n    <\/script>\n  <br><p>6 \u2013 Mercedes-Benz GLA \u2013 1.880<\/p><p>7 \u2013 BMW X1 \u2013 1.602<\/p><p>FONTE: FENABRAVE<\/p>\n  <div style=\"width: 100%;\" id=\"render-hmeio-6\"><\/div>\n    <script type=\"text\/javascript\">\n      if(window.innerWidth > 1){\n        $(\"#render-hmeio-6\").append(`\n          <div class=\"area-publicidade-rectangular hmeio\">\n            <p>Publicidade\n            <div class=\"area-publicidade\">\n              <div id=\"hmeio6\">\n            \n          \n        `);\n\n        \n    window.jornaldocarro = window.jornaldocarro || {};\n    window.jornaldocarro.slotsAds = window.jornaldocarro.slotsAds || [];\n    window.jornaldocarro.slotsAds.push(\"hmeio6\");\n  \n      }\n    <\/script>\n  <br><p>\u00a0<\/p>","protected":false},"excerpt":{"rendered":"<p>Veja tamb\u00e9m quais foram os carros de luxo mais vendidos de janeiro da junho<\/p>\n","protected":false},"featured_media":0,"template":"","class_list":["post-2135","blog_primeira_classe","type-blog_primeira_classe","status-publish","hentry","tags_primeira_classe-a3-sedan","tags_primeira_classe-audi","tags_primeira_classe-bmw","tags_primeira_classe-carro-de-luxo","tags_primeira_classe-classe-c","tags_primeira_classe-evoque","tags_primeira_classe-gla","tags_primeira_classe-land-rover","tags_primeira_classe-marketing","tags_primeira_classe-mercado","tags_primeira_classe-mercado-de-luxo","tags_primeira_classe-mercedes","tags_primeira_classe-mercedes-benz","tags_primeira_classe-q3","tags_primeira_classe-serie-3","tags_primeira_classe-x1"],"yoast_head":"<!-- This site is optimized with the Yoast SEO plugin v23.5 - https:\/\/yoast.com\/wordpress\/plugins\/seo\/ -->\n<title>Marcas de luxo: qual foi a l\u00edder do primeiro semestre? - Jornal do Carro - Estad\u00e3o<\/title>\n<meta name=\"robots\" content=\"noindex, follow\" \/>\n<meta name=\"twitter:card\" content=\"summary_large_image\" \/>\n<meta name=\"twitter:title\" content=\"Marcas de luxo: qual foi a l\u00edder do primeiro semestre? - Jornal do Carro - Estad\u00e3o\" \/>\n<meta name=\"twitter:description\" content=\"Veja tamb\u00e9m quais foram os carros de luxo mais vendidos de janeiro da junho\" \/>\n<meta name=\"twitter:image\" content=\"https:\/\/fotos.jornaldocarro.estadao.com.br\/primeira-classe\/files\/2015\/07\/abre-alemas-nova.jpg\" \/>\n<meta name=\"twitter:label1\" content=\"Est. tempo de leitura\" \/>\n\t<meta name=\"twitter:data1\" content=\"2 minutos\" \/>\n<script type=\"application\/ld+json\" class=\"yoast-schema-graph\">{\"@context\":\"https:\/\/schema.org\",\"@graph\":[{\"@type\":\"WebPage\",\"@id\":\"https:\/\/jornaldocarro.estadao.com.br\/primeira-classe\/marcas-de-luxo-qual-foi-a-lider-do-primeiro-semestre\/\",\"url\":\"https:\/\/jornaldocarro.estadao.com.br\/primeira-classe\/marcas-de-luxo-qual-foi-a-lider-do-primeiro-semestre\/\",\"name\":\"Marcas de luxo: qual foi a l\u00edder do primeiro semestre? - Jornal do Carro - Estad\u00e3o\",\"isPartOf\":{\"@id\":\"https:\/\/jornaldocarro.estadao.com.br\/#website\"},\"primaryImageOfPage\":{\"@id\":\"https:\/\/jornaldocarro.estadao.com.br\/primeira-classe\/marcas-de-luxo-qual-foi-a-lider-do-primeiro-semestre\/#primaryimage\"},\"image\":{\"@id\":\"https:\/\/jornaldocarro.estadao.com.br\/primeira-classe\/marcas-de-luxo-qual-foi-a-lider-do-primeiro-semestre\/#primaryimage\"},\"thumbnailUrl\":\"https:\/\/fotos.jornaldocarro.estadao.com.br\/primeira-classe\/files\/2015\/07\/abre-alemas-nova.jpg\",\"datePublished\":\"2015-07-03T18:44:08+00:00\",\"dateModified\":\"2015-07-03T18:44:08+00:00\",\"breadcrumb\":{\"@id\":\"https:\/\/jornaldocarro.estadao.com.br\/primeira-classe\/marcas-de-luxo-qual-foi-a-lider-do-primeiro-semestre\/#breadcrumb\"},\"inLanguage\":\"pt-BR\",\"potentialAction\":[{\"@type\":\"ReadAction\",\"target\":[\"https:\/\/jornaldocarro.estadao.com.br\/primeira-classe\/marcas-de-luxo-qual-foi-a-lider-do-primeiro-semestre\/\"]}]},{\"@type\":\"ImageObject\",\"inLanguage\":\"pt-BR\",\"@id\":\"https:\/\/jornaldocarro.estadao.com.br\/primeira-classe\/marcas-de-luxo-qual-foi-a-lider-do-primeiro-semestre\/#primaryimage\",\"url\":\"https:\/\/fotos.jornaldocarro.estadao.com.br\/primeira-classe\/files\/2015\/07\/abre-alemas-nova.jpg\",\"contentUrl\":\"https:\/\/fotos.jornaldocarro.estadao.com.br\/primeira-classe\/files\/2015\/07\/abre-alemas-nova.jpg\"},{\"@type\":\"BreadcrumbList\",\"@id\":\"https:\/\/jornaldocarro.estadao.com.br\/primeira-classe\/marcas-de-luxo-qual-foi-a-lider-do-primeiro-semestre\/#breadcrumb\",\"itemListElement\":[{\"@type\":\"ListItem\",\"position\":1,\"name\":\"In\u00edcio\",\"item\":\"https:\/\/jornaldocarro.estadao.com.br\/\"},{\"@type\":\"ListItem\",\"position\":2,\"name\":\"Primeira Classe\",\"item\":\"https:\/\/jornaldocarro.estadao.com.br\/primeira-classe\/\"},{\"@type\":\"ListItem\",\"position\":3,\"name\":\"Marcas de luxo: qual foi a l\u00edder do primeiro semestre?\"}]},{\"@type\":\"WebSite\",\"@id\":\"https:\/\/jornaldocarro.estadao.com.br\/#website\",\"url\":\"https:\/\/jornaldocarro.estadao.com.br\/\",\"name\":\"Jornal do Carro - Estad\u00e3o\",\"description\":\"O portal sobre carros, motos e tudo sobre o tema ve\u00edculos no Estad\u00e3o. Fique por dentro de lan\u00e7amentos e de hist\u00f3rias dos leitores e seus carros.\",\"potentialAction\":[{\"@type\":\"SearchAction\",\"target\":{\"@type\":\"EntryPoint\",\"urlTemplate\":\"https:\/\/jornaldocarro.estadao.com.br\/?s={search_term_string}\"},\"query-input\":{\"@type\":\"PropertyValueSpecification\",\"valueRequired\":true,\"valueName\":\"search_term_string\"}}],\"inLanguage\":\"pt-BR\"}]}<\/script>\n<!-- \/ Yoast SEO plugin. -->","yoast_head_json":{"title":"Marcas de luxo: qual foi a l\u00edder do primeiro semestre? - Jornal do Carro - Estad\u00e3o","robots":{"index":"noindex","follow":"follow"},"twitter_card":"summary_large_image","twitter_title":"Marcas de luxo: qual foi a l\u00edder do primeiro semestre? - Jornal do Carro - Estad\u00e3o","twitter_description":"Veja tamb\u00e9m quais foram os carros de luxo mais vendidos de janeiro da junho","twitter_image":"https:\/\/fotos.jornaldocarro.estadao.com.br\/primeira-classe\/files\/2015\/07\/abre-alemas-nova.jpg","twitter_misc":{"Est. tempo de leitura":"2 minutos"},"schema":{"@context":"https:\/\/schema.org","@graph":[{"@type":"WebPage","@id":"https:\/\/jornaldocarro.estadao.com.br\/primeira-classe\/marcas-de-luxo-qual-foi-a-lider-do-primeiro-semestre\/","url":"https:\/\/jornaldocarro.estadao.com.br\/primeira-classe\/marcas-de-luxo-qual-foi-a-lider-do-primeiro-semestre\/","name":"Marcas de luxo: qual foi a l\u00edder do primeiro semestre? - Jornal do Carro - Estad\u00e3o","isPartOf":{"@id":"https:\/\/jornaldocarro.estadao.com.br\/#website"},"primaryImageOfPage":{"@id":"https:\/\/jornaldocarro.estadao.com.br\/primeira-classe\/marcas-de-luxo-qual-foi-a-lider-do-primeiro-semestre\/#primaryimage"},"image":{"@id":"https:\/\/jornaldocarro.estadao.com.br\/primeira-classe\/marcas-de-luxo-qual-foi-a-lider-do-primeiro-semestre\/#primaryimage"},"thumbnailUrl":"https:\/\/fotos.jornaldocarro.estadao.com.br\/primeira-classe\/files\/2015\/07\/abre-alemas-nova.jpg","datePublished":"2015-07-03T18:44:08+00:00","dateModified":"2015-07-03T18:44:08+00:00","breadcrumb":{"@id":"https:\/\/jornaldocarro.estadao.com.br\/primeira-classe\/marcas-de-luxo-qual-foi-a-lider-do-primeiro-semestre\/#breadcrumb"},"inLanguage":"pt-BR","potentialAction":[{"@type":"ReadAction","target":["https:\/\/jornaldocarro.estadao.com.br\/primeira-classe\/marcas-de-luxo-qual-foi-a-lider-do-primeiro-semestre\/"]}]},{"@type":"ImageObject","inLanguage":"pt-BR","@id":"https:\/\/jornaldocarro.estadao.com.br\/primeira-classe\/marcas-de-luxo-qual-foi-a-lider-do-primeiro-semestre\/#primaryimage","url":"https:\/\/fotos.jornaldocarro.estadao.com.br\/primeira-classe\/files\/2015\/07\/abre-alemas-nova.jpg","contentUrl":"https:\/\/fotos.jornaldocarro.estadao.com.br\/primeira-classe\/files\/2015\/07\/abre-alemas-nova.jpg"},{"@type":"BreadcrumbList","@id":"https:\/\/jornaldocarro.estadao.com.br\/primeira-classe\/marcas-de-luxo-qual-foi-a-lider-do-primeiro-semestre\/#breadcrumb","itemListElement":[{"@type":"ListItem","position":1,"name":"In\u00edcio","item":"https:\/\/jornaldocarro.estadao.com.br\/"},{"@type":"ListItem","position":2,"name":"Primeira Classe","item":"https:\/\/jornaldocarro.estadao.com.br\/primeira-classe\/"},{"@type":"ListItem","position":3,"name":"Marcas de luxo: qual foi a l\u00edder do primeiro semestre?"}]},{"@type":"WebSite","@id":"https:\/\/jornaldocarro.estadao.com.br\/#website","url":"https:\/\/jornaldocarro.estadao.com.br\/","name":"Jornal do Carro - Estad\u00e3o","description":"O portal sobre carros, motos e tudo sobre o tema ve\u00edculos no Estad\u00e3o. Fique por dentro de lan\u00e7amentos e de hist\u00f3rias dos leitores e seus carros.","potentialAction":[{"@type":"SearchAction","target":{"@type":"EntryPoint","urlTemplate":"https:\/\/jornaldocarro.estadao.com.br\/?s={search_term_string}"},"query-input":{"@type":"PropertyValueSpecification","valueRequired":true,"valueName":"search_term_string"}}],"inLanguage":"pt-BR"}]}},"_links":{"self":[{"href":"https:\/\/jornaldocarro.estadao.com.br\/api\/wp\/v2\/blog_primeira_classe\/2135","targetHints":{"allow":["GET"]}}],"collection":[{"href":"https:\/\/jornaldocarro.estadao.com.br\/api\/wp\/v2\/blog_primeira_classe"}],"about":[{"href":"https:\/\/jornaldocarro.estadao.com.br\/api\/wp\/v2\/types\/blog_primeira_classe"}],"version-history":[{"count":0,"href":"https:\/\/jornaldocarro.estadao.com.br\/api\/wp\/v2\/blog_primeira_classe\/2135\/revisions"}],"wp:attachment":[{"href":"https:\/\/jornaldocarro.estadao.com.br\/api\/wp\/v2\/media?parent=2135"}],"curies":[{"name":"wp","href":"https:\/\/api.w.org\/{rel}","templated":true}]}}