{"id":2384,"date":"2015-09-06T19:00:43","date_gmt":"2015-09-06T22:00:43","guid":{"rendered":"http:\/\/blogs.estadao.com.br\/primeira-classe\/?p=2384"},"modified":"2015-09-06T19:00:43","modified_gmt":"2015-09-06T22:00:43","slug":"jenson-button-mostra-seu-mclaren-650s-veja-quais-sao-os-carros-dos-pilotos","status":"publish","type":"blog_primeira_classe","link":"https:\/\/jornaldocarro.estadao.com.br\/primeira-classe\/jenson-button-mostra-seu-mclaren-650s-veja-quais-sao-os-carros-dos-pilotos\/","title":{"rendered":"Jenson Button mostra seu McLaren 650S. Veja quais s\u00e3o os carros dos pilotos"},"content":{"rendered":"<p><figure id=\"attachment_2394\" aria-describedby=\"caption-attachment-2394\" style=\"width: 530px\" class=\"wp-caption alignnone\"><a rel=\"nofollow\" href=\"https:\/\/fotos.jornaldocarro.estadao.com.br\/primeira-classe\/files\/2015\/09\/button-650S1.jpg\"><img loading=\"lazy\" decoding=\"async\" class=\"size-full wp-image-2394\" src=\"https:\/\/fotos.jornaldocarro.estadao.com.br\/primeira-classe\/files\/2015\/09\/button-650S1.jpg\" alt=\"\" width=\"530\" height=\"530\"><\/a><figcaption id=\"caption-attachment-2394\" class=\"wp-caption-text\">Jenson Button postou imagem de seu 650S no Instagram<\/figcaption><\/figure>\n<\/p><p>\u00a0<\/p><p>A vida n\u00e3o est\u00e1 f\u00e1cil para Jenson Button nas pistas, com uma McLaren capenga vivendo um dos piores anos de sua hist\u00f3ria.\u00a0 Fora delas, o piloto n\u00e3o tem muito do que reclamar. Pelo menos no aspecto automotivo.<\/p>\n  <div style=\"width: 100%;\" id=\"render-hmeio-1\"><\/div>\n    <script type=\"text\/javascript\">\n      if(window.innerWidth > 1){\n        $(\"#render-hmeio-1\").append(`\n          <div class=\"area-publicidade-rectangular hmeio\">\n            <p>Publicidade\n            <div class=\"area-publicidade\">\n              <div id=\"hmeio1\">\n            \n          \n        `);\n\n        \n    window.jornaldocarro = window.jornaldocarro || {};\n    window.jornaldocarro.slotsAds = window.jornaldocarro.slotsAds || [];\n    window.jornaldocarro.slotsAds.push(\"hmeio1\");\n  \n      }\n    <\/script>\n  <br><p><strong>(Instagram: @blogprimeiraclasse)<\/strong><\/p><p>O brit\u00e2nico \u00e9 um dos felizes propriet\u00e1rios de um 650S, o supercarro da McLaren. Ele mostrou seu modelo, na cor amarela, neste domingo, em sua conta no Instagram (@jenson_ichiban).<\/p><p>O superesportivo custa o equivalente a R$ 800 mil e tem motor V8 de 660 cv. \u00c9 capaz de acelerar de 0 a 100 km\/h em 3 segundos.<\/p>\n  <div style=\"width: 100%;\" id=\"render-hmeio-2\"><\/div>\n    <script type=\"text\/javascript\">\n      if(window.innerWidth > 1){\n        $(\"#render-hmeio-2\").append(`\n          <div class=\"area-publicidade-rectangular hmeio\">\n            <p>Publicidade\n            <div class=\"area-publicidade\">\n              <div id=\"hmeio2\">\n            \n          \n        `);\n\n        \n    window.jornaldocarro = window.jornaldocarro || {};\n    window.jornaldocarro.slotsAds = window.jornaldocarro.slotsAds || [];\n    window.jornaldocarro.slotsAds.push(\"hmeio2\");\n  \n      }\n    <\/script>\n  <br><p>Ap\u00f3s um desempenho p\u00edfio no GP de Monza, nesta manh\u00e3 (foi 14\u00b0 colocado), Button pelo menos p\u00f4de se divertir no fim do dia. Ele percorreu os cerca de 330 km entre a cidade italiana e M\u00f4naco, onde reside, ao volante de seu 650S. S\u00e3o cerca de 330 km de belas paisagens, passando pelas rivieras italiana e francesa.<\/p>\n<figure id=\"attachment_2389\" aria-describedby=\"caption-attachment-2389\" style=\"width: 530px\" class=\"wp-caption alignnone\"><a rel=\"nofollow\" href=\"https:\/\/fotos.jornaldocarro.estadao.com.br\/primeira-classe\/files\/2015\/09\/jenson-mclaren.jpg\"><img loading=\"lazy\" decoding=\"async\" class=\"size-full wp-image-2389\" src=\"https:\/\/fotos.jornaldocarro.estadao.com.br\/primeira-classe\/files\/2015\/09\/jenson-mclaren.jpg\" alt=\"\" width=\"530\" height=\"216\"><\/a><figcaption id=\"caption-attachment-2389\" class=\"wp-caption-text\">Button tem tamb\u00e9m um McLaren P1<\/figcaption><\/figure>\n<p>Mais exclusivo e poderoso que o 650S \u00e9 o outro McLaren de Button, o P1, que teve 375 exemplares produzidos, vendidos por 700 mil libras, ou aproximadamente R$ 4,2 \u00a0milh\u00f5es. O piloto recebeu o seu no primeiro semestre deste ano.<\/p><p>Com pot\u00eancia de 906 cv, entregues por seu V8 biturbo em conjunto com o el\u00e9trico, o P1 \u00e9 capaz de atingir 385 km\/h.<\/p>\n  <div style=\"width: 100%;\" id=\"render-hmeio-3\"><\/div>\n    <script type=\"text\/javascript\">\n      if(window.innerWidth > 1){\n        $(\"#render-hmeio-3\").append(`\n          <div class=\"area-publicidade-rectangular hmeio\">\n            <p>Publicidade\n            <div class=\"area-publicidade\">\n              <div id=\"hmeio3\">\n            \n          \n        `);\n\n        \n    window.jornaldocarro = window.jornaldocarro || {};\n    window.jornaldocarro.slotsAds = window.jornaldocarro.slotsAds || [];\n    window.jornaldocarro.slotsAds.push(\"hmeio3\");\n  \n      }\n    <\/script>\n  <br><p>Outro que decidiu passear por estradas europeias recentemente ao volante de seu novo supercarro foi Mark Webber, que na semana passada ganhou da Porsche, equipe que defende no Campeonato Mundial de Endurece, um 918 Spyder.<\/p>\n<figure id=\"attachment_2385\" aria-describedby=\"caption-attachment-2385\" style=\"width: 530px\" class=\"wp-caption alignnone\"><a rel=\"nofollow\" href=\"https:\/\/fotos.jornaldocarro.estadao.com.br\/primeira-classe\/files\/2015\/09\/button-650S.jpg\"><img loading=\"lazy\" decoding=\"async\" class=\"size-full wp-image-2385\" src=\"https:\/\/fotos.jornaldocarro.estadao.com.br\/primeira-classe\/files\/2015\/09\/button-650S.jpg\" alt=\"\" width=\"530\" height=\"353\"><\/a><figcaption id=\"caption-attachment-2385\" class=\"wp-caption-text\">O 918 Spyder personalizado de Mark Webber<\/figcaption><\/figure>\n<p>A entrega foi feita em Stuttgart, na Alemanha. De l\u00e1, ele partiu, guiando seu novo Porsche, para Nurburgring, a 320 km, ao volante do 918. Neste aut\u00f3dromo, ele disputou \u2013 e venceu -, no domingo passado, uma etapa do Mundial de Endurance.<\/p><p>O 918 Spyder de Webber foi personalizado. Tem a cor vermelha com faixas brancas. Limitado a 918 unidades, todas j\u00e1 vendidas, o superesportivo h\u00edbrido tem cerca de 900 cv, atinge 345 km\/h de m\u00e1xima e acelera de 0 a 100 km\/h em 2,8 segundos. Aqui no Brasil, o carro teve tr\u00eas unidades vendidas por R$ 4 milh\u00f5es.<\/p>\n  <div style=\"width: 100%;\" id=\"render-hmeio-4\"><\/div>\n    <script type=\"text\/javascript\">\n      if(window.innerWidth > 1){\n        $(\"#render-hmeio-4\").append(`\n          <div class=\"area-publicidade-rectangular hmeio\">\n            <p>Publicidade\n            <div class=\"area-publicidade\">\n              <div id=\"hmeio4\">\n            \n          \n        `);\n\n        \n    window.jornaldocarro = window.jornaldocarro || {};\n    window.jornaldocarro.slotsAds = window.jornaldocarro.slotsAds || [];\n    window.jornaldocarro.slotsAds.push(\"hmeio4\");\n  \n      }\n    <\/script>\n  <br><p><a rel=\"nofollow\" href=\"https:\/\/fotos.jornaldocarro.estadao.com.br\/primeira-classe\/files\/2015\/09\/webber-918-2.jpg\"><img loading=\"lazy\" decoding=\"async\" class=\"alignnone size-full wp-image-2393\" src=\"https:\/\/fotos.jornaldocarro.estadao.com.br\/primeira-classe\/files\/2015\/09\/webber-918-2.jpg\" alt=\"\" width=\"530\" height=\"353\"><\/a><\/p><p>Um belo presente, n\u00e3o? O Mundial de Endurance pode at\u00e9 n\u00e3o ser t\u00e3o importante quanto a F\u00f3rmula 1, mas com certeza ganhar um Porsche \u00e9 infinitamente mais interessante do que ter \u00e0 disposi\u00e7\u00e3o, \u201cna faixa\u201d, algumas latinhas de energ\u00e9tico Red Bull.<\/p><p>No mesmo ano em que Webber deixou a Red Bull para participar do endurance, Felipe Massa saiu da Ferrari. A Ferrari, por\u00e9m, n\u00e3o saiu dele. No Grande Pr\u00eamio de M\u00f4naco, descobriu-se que ele \u00e9 dono de um exemplar do carro de rua topo de linha da marca italiana, a j\u00e1 emblem\u00e1tica LaFerrari \u2013 que, diga-se de passagem, \u00e9 rival de P1 e 918 Spyder.<\/p>\n  <div style=\"width: 100%;\" id=\"render-hmeio-5\"><\/div>\n    <script type=\"text\/javascript\">\n      if(window.innerWidth > 1){\n        $(\"#render-hmeio-5\").append(`\n          <div class=\"area-publicidade-rectangular hmeio\">\n            <p>Publicidade\n            <div class=\"area-publicidade\">\n              <div id=\"hmeio5\">\n            \n          \n        `);\n\n        \n    window.jornaldocarro = window.jornaldocarro || {};\n    window.jornaldocarro.slotsAds = window.jornaldocarro.slotsAds || [];\n    window.jornaldocarro.slotsAds.push(\"hmeio5\");\n  \n      }\n    <\/script>\n  <br>\n<figure id=\"attachment_2390\" aria-describedby=\"caption-attachment-2390\" style=\"width: 530px\" class=\"wp-caption alignnone\"><a rel=\"nofollow\" href=\"https:\/\/fotos.jornaldocarro.estadao.com.br\/primeira-classe\/files\/2015\/09\/laferrari-felipe-massa-1.jpg\"><img loading=\"lazy\" decoding=\"async\" class=\"size-full wp-image-2390\" src=\"https:\/\/fotos.jornaldocarro.estadao.com.br\/primeira-classe\/files\/2015\/09\/laferrari-felipe-massa-1.jpg\" alt=\"\" width=\"530\" height=\"278\"><\/a><figcaption id=\"caption-attachment-2390\" class=\"wp-caption-text\">LaFerrari de Massa em M\u00f4naco<\/figcaption><\/figure>\n<p>N\u00e3o que ele fizesse quest\u00e3o de esconder. Felipe apareceu com o carro tranquilamente na \u00e1rea do aut\u00f3dromo. Anteriormente, j\u00e1 havia postado em sua conta no Instagram (@massafelipe19) \u00a0foto de sua esposa e seu filho ao lado do superesportivo h\u00edbrido. E, recentemente, colocou na mesma rede a imagem das miniaturas de seu dois carros \u2013 a Williams de F1 e a LaFerrari.<\/p>\n<figure id=\"attachment_2391\" aria-describedby=\"caption-attachment-2391\" style=\"width: 530px\" class=\"wp-caption alignnone\"><a rel=\"nofollow\" href=\"https:\/\/fotos.jornaldocarro.estadao.com.br\/primeira-classe\/files\/2015\/09\/massa-laferrari.jpg\"><img loading=\"lazy\" decoding=\"async\" class=\"size-full wp-image-2391\" src=\"https:\/\/fotos.jornaldocarro.estadao.com.br\/primeira-classe\/files\/2015\/09\/massa-laferrari.jpg\" alt=\"\" width=\"530\" height=\"530\"><\/a><figcaption id=\"caption-attachment-2391\" class=\"wp-caption-text\">Esposa e filho de Felipe Massa junto com a LaFerrari, em imagem postada pelo piloto no Instagram<\/figcaption><\/figure>\n<p>A m\u00e1quina da Ferrari teve 499 unidades fabricadas, todas j\u00e1 esgotadas e vendidas pelo equivalente a R$ 5,5 milh\u00f5es. Combinando um V12 a um motor el\u00e9trico, o carro entrega 963 cv e leva menos de tr\u00eas segundos para acelerar de 0 a 100 km\/h.<\/p>\n<figure id=\"attachment_2392\" aria-describedby=\"caption-attachment-2392\" style=\"width: 530px\" class=\"wp-caption alignnone\"><a rel=\"nofollow\" href=\"https:\/\/fotos.jornaldocarro.estadao.com.br\/primeira-classe\/files\/2015\/09\/miniaturas.jpg\"><img loading=\"lazy\" decoding=\"async\" class=\"size-full wp-image-2392\" src=\"https:\/\/fotos.jornaldocarro.estadao.com.br\/primeira-classe\/files\/2015\/09\/miniaturas.jpg\" alt=\"\" width=\"530\" height=\"423\"><\/a><figcaption id=\"caption-attachment-2392\" class=\"wp-caption-text\">Miniaturas dos carros de Massa<\/figcaption><\/figure>\n<p>No ano passado, a dire\u00e7\u00e3o da Ferrari fez um desafio a Fernando Alonso e Kimi Raikkonen. Quem vencesse o t\u00edtulo ganharia uma LaFerrari. Infelizmente para ambos, eles n\u00e3o chegaram nem perto. Pelo contr\u00e1rio: a Ferrari foi apenas quarta colocada entre os construtores em 2014.<\/p>\n  <div style=\"width: 100%;\" id=\"render-hmeio-6\"><\/div>\n    <script type=\"text\/javascript\">\n      if(window.innerWidth > 1){\n        $(\"#render-hmeio-6\").append(`\n          <div class=\"area-publicidade-rectangular hmeio\">\n            <p>Publicidade\n            <div class=\"area-publicidade\">\n              <div id=\"hmeio6\">\n            \n          \n        `);\n\n        \n    window.jornaldocarro = window.jornaldocarro || {};\n    window.jornaldocarro.slotsAds = window.jornaldocarro.slotsAds || [];\n    window.jornaldocarro.slotsAds.push(\"hmeio6\");\n  \n      }\n    <\/script>\n  <br><p>Alonso saiu da Ferrari e foi para a McLaren. Seu substituto, o tetracampe\u00e3o Sebastian Vettel, chegou j\u00e1 trazendo bons resultados (inclusive dois primeiros lugares) e n\u00e3o demorou a ganhar sua primeira Ferrari. N\u00e3o \u00e9 uma LaFerrari, mas ainda assim trata-se de um modelo especial.<\/p>\n<figure id=\"attachment_2386\" aria-describedby=\"caption-attachment-2386\" style=\"width: 530px\" class=\"wp-caption alignnone\"><a rel=\"nofollow\" href=\"https:\/\/fotos.jornaldocarro.estadao.com.br\/primeira-classe\/files\/2015\/09\/ferrari-vettel-edition-1.jpg\"><img loading=\"lazy\" decoding=\"async\" class=\"size-full wp-image-2386\" src=\"https:\/\/fotos.jornaldocarro.estadao.com.br\/primeira-classe\/files\/2015\/09\/ferrari-vettel-edition-1.jpg\" alt=\"\" width=\"530\" height=\"346\"><\/a><figcaption id=\"caption-attachment-2386\" class=\"wp-caption-text\">California T Vettel Edition<\/figcaption><\/figure>\n<p>Trata-se da California T Vettel Edition, personalizada especialmente para o piloto, que a recebeu h\u00e1 duas semanas, no GP da B\u00e9lgica.<\/p><p>E Hamilton, heim? O atual campe\u00e3o da categoria tem tamb\u00e9m um McLaren P1. Ele tamb\u00e9m uma LaFerrari. Gosta da concorr\u00eancia, esse menino!<\/p>\n  <div style=\"width: 100%;\" id=\"render-hmeio-7\"><\/div>\n    <script type=\"text\/javascript\">\n      if(window.innerWidth > 1){\n        $(\"#render-hmeio-7\").append(`\n          <div class=\"area-publicidade-rectangular hmeio\">\n            <p>Publicidade\n            <div class=\"area-publicidade\">\n              <div id=\"hmeio7\">\n            \n          \n        `);\n\n        renderPubNow('hmeio', 7)\n      }\n    <\/script>\n  <br>\n<figure id=\"attachment_2388\" aria-describedby=\"caption-attachment-2388\" style=\"width: 530px\" class=\"wp-caption alignnone\"><a rel=\"nofollow\" href=\"https:\/\/fotos.jornaldocarro.estadao.com.br\/primeira-classe\/files\/2015\/09\/Hamilton_Zonda_670.jpg\"><img loading=\"lazy\" decoding=\"async\" class=\"size-full wp-image-2388\" src=\"https:\/\/fotos.jornaldocarro.estadao.com.br\/primeira-classe\/files\/2015\/09\/Hamilton_Zonda_670.jpg\" alt=\"\" width=\"530\" height=\"316\"><\/a><figcaption id=\"caption-attachment-2388\" class=\"wp-caption-text\">Hamilton com seu Pagani Zonda<\/figcaption><\/figure>\n<p>Mas nem s\u00f3 de carros superesportivos h\u00edbridos \u00e9 feita a garagem do piloto da Mercedes. Ele tem tamb\u00e9m um Pagani Zonda. E, por fim, via Twitter, ele revelou ser apreciador de carros cl\u00e1ssicos. Hamilton \u00e9 dono de um Ford Mustang Shelby GT500 de 1967.<\/p>\n<figure id=\"attachment_2387\" aria-describedby=\"caption-attachment-2387\" style=\"width: 530px\" class=\"wp-caption alignnone\"><a rel=\"nofollow\" href=\"https:\/\/fotos.jornaldocarro.estadao.com.br\/primeira-classe\/files\/2015\/09\/Hamilton_Ford_GT_670.jpg\"><img loading=\"lazy\" decoding=\"async\" class=\"size-full wp-image-2387\" src=\"https:\/\/fotos.jornaldocarro.estadao.com.br\/primeira-classe\/files\/2015\/09\/Hamilton_Ford_GT_670.jpg\" alt=\"\" width=\"530\" height=\"316\"><\/a><figcaption id=\"caption-attachment-2387\" class=\"wp-caption-text\">O Ford de 1967 do atual campe\u00e3o<\/figcaption><\/figure>\n<p>\u00a0<\/p>","protected":false},"excerpt":{"rendered":"<p>LaFerrari, McLaren P1, Porsche 918 Spyder, Pagani Zonda&#8230; supercarros n\u00e3o faltam na garagem dos astros do automobilismo. Veja as fotos<\/p>\n","protected":false},"featured_media":0,"template":"","class_list":["post-2384","blog_primeira_classe","type-blog_primeira_classe","status-publish","hentry","tags_primeira_classe-automobilismo","tags_primeira_classe-california-t","tags_primeira_classe-carros","tags_primeira_classe-estilo-de-vida","tags_primeira_classe-felipe-massa","tags_primeira_classe-ferrari","tags_primeira_classe-ford-mustang","tags_primeira_classe-formula-1","tags_primeira_classe-jenson-button","tags_primeira_classe-laferrari","tags_primeira_classe-lewis-hamilton","tags_primeira_classe-mark-webber","tags_primeira_classe-mclaren","tags_primeira_classe-mclaren-650s","tags_primeira_classe-mclaren-p1","tags_primeira_classe-pagani-zonda","tags_primeira_classe-porsche","tags_primeira_classe-porsche-918-spyder","tags_primeira_classe-sebastian-vettel"],"yoast_head":"<!-- This site is optimized with the Yoast SEO plugin v23.5 - https:\/\/yoast.com\/wordpress\/plugins\/seo\/ -->\n<title>Jenson Button mostra seu McLaren 650S. Veja quais s\u00e3o os carros dos pilotos - Jornal do Carro - Estad\u00e3o<\/title>\n<meta name=\"robots\" content=\"noindex, follow\" \/>\n<meta name=\"twitter:card\" content=\"summary_large_image\" \/>\n<meta name=\"twitter:title\" content=\"Jenson Button mostra seu McLaren 650S. Veja quais s\u00e3o os carros dos pilotos - Jornal do Carro - Estad\u00e3o\" \/>\n<meta name=\"twitter:description\" content=\"LaFerrari, McLaren P1, Porsche 918 Spyder, Pagani Zonda... supercarros n\u00e3o faltam na garagem dos astros do automobilismo. Veja as fotos\" \/>\n<meta name=\"twitter:image\" content=\"https:\/\/fotos.jornaldocarro.estadao.com.br\/primeira-classe\/files\/2015\/09\/button-650S1.jpg\" \/>\n<meta name=\"twitter:label1\" content=\"Est. tempo de leitura\" \/>\n\t<meta name=\"twitter:data1\" content=\"4 minutos\" \/>\n<script type=\"application\/ld+json\" class=\"yoast-schema-graph\">{\"@context\":\"https:\/\/schema.org\",\"@graph\":[{\"@type\":\"WebPage\",\"@id\":\"https:\/\/jornaldocarro.estadao.com.br\/primeira-classe\/jenson-button-mostra-seu-mclaren-650s-veja-quais-sao-os-carros-dos-pilotos\/\",\"url\":\"https:\/\/jornaldocarro.estadao.com.br\/primeira-classe\/jenson-button-mostra-seu-mclaren-650s-veja-quais-sao-os-carros-dos-pilotos\/\",\"name\":\"Jenson Button mostra seu McLaren 650S. Veja quais s\u00e3o os carros dos pilotos - Jornal do Carro - Estad\u00e3o\",\"isPartOf\":{\"@id\":\"https:\/\/jornaldocarro.estadao.com.br\/#website\"},\"primaryImageOfPage\":{\"@id\":\"https:\/\/jornaldocarro.estadao.com.br\/primeira-classe\/jenson-button-mostra-seu-mclaren-650s-veja-quais-sao-os-carros-dos-pilotos\/#primaryimage\"},\"image\":{\"@id\":\"https:\/\/jornaldocarro.estadao.com.br\/primeira-classe\/jenson-button-mostra-seu-mclaren-650s-veja-quais-sao-os-carros-dos-pilotos\/#primaryimage\"},\"thumbnailUrl\":\"https:\/\/fotos.jornaldocarro.estadao.com.br\/primeira-classe\/files\/2015\/09\/button-650S1.jpg\",\"datePublished\":\"2015-09-06T22:00:43+00:00\",\"dateModified\":\"2015-09-06T22:00:43+00:00\",\"breadcrumb\":{\"@id\":\"https:\/\/jornaldocarro.estadao.com.br\/primeira-classe\/jenson-button-mostra-seu-mclaren-650s-veja-quais-sao-os-carros-dos-pilotos\/#breadcrumb\"},\"inLanguage\":\"pt-BR\",\"potentialAction\":[{\"@type\":\"ReadAction\",\"target\":[\"https:\/\/jornaldocarro.estadao.com.br\/primeira-classe\/jenson-button-mostra-seu-mclaren-650s-veja-quais-sao-os-carros-dos-pilotos\/\"]}]},{\"@type\":\"ImageObject\",\"inLanguage\":\"pt-BR\",\"@id\":\"https:\/\/jornaldocarro.estadao.com.br\/primeira-classe\/jenson-button-mostra-seu-mclaren-650s-veja-quais-sao-os-carros-dos-pilotos\/#primaryimage\",\"url\":\"https:\/\/fotos.jornaldocarro.estadao.com.br\/primeira-classe\/files\/2015\/09\/button-650S1.jpg\",\"contentUrl\":\"https:\/\/fotos.jornaldocarro.estadao.com.br\/primeira-classe\/files\/2015\/09\/button-650S1.jpg\"},{\"@type\":\"BreadcrumbList\",\"@id\":\"https:\/\/jornaldocarro.estadao.com.br\/primeira-classe\/jenson-button-mostra-seu-mclaren-650s-veja-quais-sao-os-carros-dos-pilotos\/#breadcrumb\",\"itemListElement\":[{\"@type\":\"ListItem\",\"position\":1,\"name\":\"In\u00edcio\",\"item\":\"https:\/\/jornaldocarro.estadao.com.br\/\"},{\"@type\":\"ListItem\",\"position\":2,\"name\":\"Primeira Classe\",\"item\":\"https:\/\/jornaldocarro.estadao.com.br\/primeira-classe\/\"},{\"@type\":\"ListItem\",\"position\":3,\"name\":\"Jenson Button mostra seu McLaren 650S. Veja quais s\u00e3o os carros dos pilotos\"}]},{\"@type\":\"WebSite\",\"@id\":\"https:\/\/jornaldocarro.estadao.com.br\/#website\",\"url\":\"https:\/\/jornaldocarro.estadao.com.br\/\",\"name\":\"Jornal do Carro - Estad\u00e3o\",\"description\":\"O portal sobre carros, motos e tudo sobre o tema ve\u00edculos no Estad\u00e3o. Fique por dentro de lan\u00e7amentos e de hist\u00f3rias dos leitores e seus carros.\",\"potentialAction\":[{\"@type\":\"SearchAction\",\"target\":{\"@type\":\"EntryPoint\",\"urlTemplate\":\"https:\/\/jornaldocarro.estadao.com.br\/?s={search_term_string}\"},\"query-input\":{\"@type\":\"PropertyValueSpecification\",\"valueRequired\":true,\"valueName\":\"search_term_string\"}}],\"inLanguage\":\"pt-BR\"}]}<\/script>\n<!-- \/ Yoast SEO plugin. -->","yoast_head_json":{"title":"Jenson Button mostra seu McLaren 650S. Veja quais s\u00e3o os carros dos pilotos - Jornal do Carro - Estad\u00e3o","robots":{"index":"noindex","follow":"follow"},"twitter_card":"summary_large_image","twitter_title":"Jenson Button mostra seu McLaren 650S. Veja quais s\u00e3o os carros dos pilotos - Jornal do Carro - Estad\u00e3o","twitter_description":"LaFerrari, McLaren P1, Porsche 918 Spyder, Pagani Zonda... supercarros n\u00e3o faltam na garagem dos astros do automobilismo. Veja as fotos","twitter_image":"https:\/\/fotos.jornaldocarro.estadao.com.br\/primeira-classe\/files\/2015\/09\/button-650S1.jpg","twitter_misc":{"Est. tempo de leitura":"4 minutos"},"schema":{"@context":"https:\/\/schema.org","@graph":[{"@type":"WebPage","@id":"https:\/\/jornaldocarro.estadao.com.br\/primeira-classe\/jenson-button-mostra-seu-mclaren-650s-veja-quais-sao-os-carros-dos-pilotos\/","url":"https:\/\/jornaldocarro.estadao.com.br\/primeira-classe\/jenson-button-mostra-seu-mclaren-650s-veja-quais-sao-os-carros-dos-pilotos\/","name":"Jenson Button mostra seu McLaren 650S. Veja quais s\u00e3o os carros dos pilotos - Jornal do Carro - Estad\u00e3o","isPartOf":{"@id":"https:\/\/jornaldocarro.estadao.com.br\/#website"},"primaryImageOfPage":{"@id":"https:\/\/jornaldocarro.estadao.com.br\/primeira-classe\/jenson-button-mostra-seu-mclaren-650s-veja-quais-sao-os-carros-dos-pilotos\/#primaryimage"},"image":{"@id":"https:\/\/jornaldocarro.estadao.com.br\/primeira-classe\/jenson-button-mostra-seu-mclaren-650s-veja-quais-sao-os-carros-dos-pilotos\/#primaryimage"},"thumbnailUrl":"https:\/\/fotos.jornaldocarro.estadao.com.br\/primeira-classe\/files\/2015\/09\/button-650S1.jpg","datePublished":"2015-09-06T22:00:43+00:00","dateModified":"2015-09-06T22:00:43+00:00","breadcrumb":{"@id":"https:\/\/jornaldocarro.estadao.com.br\/primeira-classe\/jenson-button-mostra-seu-mclaren-650s-veja-quais-sao-os-carros-dos-pilotos\/#breadcrumb"},"inLanguage":"pt-BR","potentialAction":[{"@type":"ReadAction","target":["https:\/\/jornaldocarro.estadao.com.br\/primeira-classe\/jenson-button-mostra-seu-mclaren-650s-veja-quais-sao-os-carros-dos-pilotos\/"]}]},{"@type":"ImageObject","inLanguage":"pt-BR","@id":"https:\/\/jornaldocarro.estadao.com.br\/primeira-classe\/jenson-button-mostra-seu-mclaren-650s-veja-quais-sao-os-carros-dos-pilotos\/#primaryimage","url":"https:\/\/fotos.jornaldocarro.estadao.com.br\/primeira-classe\/files\/2015\/09\/button-650S1.jpg","contentUrl":"https:\/\/fotos.jornaldocarro.estadao.com.br\/primeira-classe\/files\/2015\/09\/button-650S1.jpg"},{"@type":"BreadcrumbList","@id":"https:\/\/jornaldocarro.estadao.com.br\/primeira-classe\/jenson-button-mostra-seu-mclaren-650s-veja-quais-sao-os-carros-dos-pilotos\/#breadcrumb","itemListElement":[{"@type":"ListItem","position":1,"name":"In\u00edcio","item":"https:\/\/jornaldocarro.estadao.com.br\/"},{"@type":"ListItem","position":2,"name":"Primeira Classe","item":"https:\/\/jornaldocarro.estadao.com.br\/primeira-classe\/"},{"@type":"ListItem","position":3,"name":"Jenson Button mostra seu McLaren 650S. Veja quais s\u00e3o os carros dos pilotos"}]},{"@type":"WebSite","@id":"https:\/\/jornaldocarro.estadao.com.br\/#website","url":"https:\/\/jornaldocarro.estadao.com.br\/","name":"Jornal do Carro - Estad\u00e3o","description":"O portal sobre carros, motos e tudo sobre o tema ve\u00edculos no Estad\u00e3o. Fique por dentro de lan\u00e7amentos e de hist\u00f3rias dos leitores e seus carros.","potentialAction":[{"@type":"SearchAction","target":{"@type":"EntryPoint","urlTemplate":"https:\/\/jornaldocarro.estadao.com.br\/?s={search_term_string}"},"query-input":{"@type":"PropertyValueSpecification","valueRequired":true,"valueName":"search_term_string"}}],"inLanguage":"pt-BR"}]}},"_links":{"self":[{"href":"https:\/\/jornaldocarro.estadao.com.br\/api\/wp\/v2\/blog_primeira_classe\/2384","targetHints":{"allow":["GET"]}}],"collection":[{"href":"https:\/\/jornaldocarro.estadao.com.br\/api\/wp\/v2\/blog_primeira_classe"}],"about":[{"href":"https:\/\/jornaldocarro.estadao.com.br\/api\/wp\/v2\/types\/blog_primeira_classe"}],"version-history":[{"count":0,"href":"https:\/\/jornaldocarro.estadao.com.br\/api\/wp\/v2\/blog_primeira_classe\/2384\/revisions"}],"wp:attachment":[{"href":"https:\/\/jornaldocarro.estadao.com.br\/api\/wp\/v2\/media?parent=2384"}],"curies":[{"name":"wp","href":"https:\/\/api.w.org\/{rel}","templated":true}]}}