{"id":2556,"date":"2015-10-21T18:39:45","date_gmt":"2015-10-21T20:39:45","guid":{"rendered":"http:\/\/blogs.estadao.com.br\/primeira-classe\/?p=2556"},"modified":"2015-10-21T18:39:45","modified_gmt":"2015-10-21T20:39:45","slug":"casa-de-r-38-milhoes-da-jaguar-tem-atracoes-abertas-ao-publico","status":"publish","type":"blog_primeira_classe","link":"https:\/\/jornaldocarro.estadao.com.br\/primeira-classe\/casa-de-r-38-milhoes-da-jaguar-tem-atracoes-abertas-ao-publico\/","title":{"rendered":"Casa de R$ 38 milh\u00f5es da Jaguar tem atra\u00e7\u00f5es abertas ao p\u00fablico"},"content":{"rendered":"<p><figure id=\"attachment_2564\" aria-describedby=\"caption-attachment-2564\" style=\"width: 530px\" class=\"wp-caption alignnone\"><a rel=\"nofollow\" href=\"https:\/\/fotos.jornaldocarro.estadao.com.br\/primeira-classe\/files\/2015\/10\/xe-casa-2.jpg\"><img loading=\"lazy\" decoding=\"async\" class=\"size-full wp-image-2564\" src=\"https:\/\/fotos.jornaldocarro.estadao.com.br\/primeira-classe\/files\/2015\/10\/xe-casa-2.jpg\" alt=\"\" width=\"530\" height=\"353\"><\/a><figcaption id=\"caption-attachment-2564\" class=\"wp-caption-text\">Fotos: Sergio Castro\/Estad\u00e3o<\/figcaption><\/figure>\n<\/p><p>\u00a0<\/p><p>Na semana passada, a Jaguar inaugurou na zona sul de S\u00e3o Paulo a Casa XE, para promover seu sed\u00e3 rec\u00e9m-lan\u00e7ado no mercado nacional. A iniciativa \u00e9 uma reedi\u00e7\u00e3o da a\u00e7\u00e3o criada em 2011, a Casa Evoque (cujo objetivo era divulgar o ent\u00e3o novato modelo da marca \u201cirm\u00e3\u201d Land Rover).<\/p>\n  <div style=\"width: 100%;\" id=\"render-hmeio-1\"><\/div>\n    <script type=\"text\/javascript\">\n      if(window.innerWidth > 1){\n        $(\"#render-hmeio-1\").append(`\n          <div class=\"area-publicidade-rectangular hmeio\">\n            <p>Publicidade\n            <div class=\"area-publicidade\">\n              <div id=\"hmeio1\">\n            \n          \n        `);\n\n        \n    window.jornaldocarro = window.jornaldocarro || {};\n    window.jornaldocarro.slotsAds = window.jornaldocarro.slotsAds || [];\n    window.jornaldocarro.slotsAds.push(\"hmeio1\");\n  \n      }\n    <\/script>\n  <br><p><strong>(No Instagram: @blogprimeiraclasse)<\/strong><\/p><p>A Casa XE, por\u00e9m, \u00e9 mais democr\u00e1tica. Nesta ter\u00e7a-feira, a Jaguar divulgou uma lista de atra\u00e7\u00f5es abertas ao p\u00fablico em geral, sem necessidade de convites ou nomes na lista.<\/p><p>Em hor\u00e1rios determinados, qualquer pessoa pode visitar a casa para ver galerias de arte, al\u00e9m de testar o modelo XE \u2013 neste caso, basta ter CNH v\u00e1lida.<\/p>\n  <div style=\"width: 100%;\" id=\"render-hmeio-2\"><\/div>\n    <script type=\"text\/javascript\">\n      if(window.innerWidth > 1){\n        $(\"#render-hmeio-2\").append(`\n          <div class=\"area-publicidade-rectangular hmeio\">\n            <p>Publicidade\n            <div class=\"area-publicidade\">\n              <div id=\"hmeio2\">\n            \n          \n        `);\n\n        \n    window.jornaldocarro = window.jornaldocarro || {};\n    window.jornaldocarro.slotsAds = window.jornaldocarro.slotsAds || [];\n    window.jornaldocarro.slotsAds.push(\"hmeio2\");\n  \n      }\n    <\/script>\n  <br><p><a rel=\"nofollow\" href=\"https:\/\/fotos.jornaldocarro.estadao.com.br\/primeira-classe\/files\/2015\/10\/xe-casa.jpg\"><img loading=\"lazy\" decoding=\"async\" class=\"alignnone size-full wp-image-2563\" src=\"https:\/\/fotos.jornaldocarro.estadao.com.br\/primeira-classe\/files\/2015\/10\/xe-casa.jpg\" alt=\"\" width=\"530\" height=\"353\"><\/a><\/p><p>Os testes est\u00e3o dispon\u00edveis das 10h \u00e0s 18h, \u00e0s quintas e sextas-feiras, e das 10h \u00e0s 17h, aos s\u00e1bados e domingos. J\u00e1 as visitas \u00e0s exposi\u00e7\u00f5es podem ocorrer de quinta a domingo, das 10h \u00e0s 17h. Nesta semana, \u00e9 sobre os 45 anos das joias de Jos\u00e9 Carlos Guerreiro.<\/p>\n<figure id=\"attachment_2565\" aria-describedby=\"caption-attachment-2565\" style=\"width: 530px\" class=\"wp-caption alignnone\"><a rel=\"nofollow\" href=\"https:\/\/fotos.jornaldocarro.estadao.com.br\/primeira-classe\/files\/2015\/10\/xe-casa-31.jpg\"><img loading=\"lazy\" decoding=\"async\" class=\"size-full wp-image-2565\" src=\"https:\/\/fotos.jornaldocarro.estadao.com.br\/primeira-classe\/files\/2015\/10\/xe-casa-31.jpg\" alt=\"\" width=\"530\" height=\"353\"><\/a><figcaption id=\"caption-attachment-2565\" class=\"wp-caption-text\">Foto: Jaguar\/Divulga\u00e7\u00e3o<\/figcaption><\/figure>\n<p>Entre os destaques da casa, h\u00e1 a \u00e1rea iluminada onde o XE est\u00e1 exposto, junto com acess\u00f3rios como rodas e capacete. O p\u00fablico pode entrar no exemplar em exposi\u00e7\u00e3o para explor\u00e1-lo.<\/p>\n  <div style=\"width: 100%;\" id=\"render-hmeio-3\"><\/div>\n    <script type=\"text\/javascript\">\n      if(window.innerWidth > 1){\n        $(\"#render-hmeio-3\").append(`\n          <div class=\"area-publicidade-rectangular hmeio\">\n            <p>Publicidade\n            <div class=\"area-publicidade\">\n              <div id=\"hmeio3\">\n            \n          \n        `);\n\n        \n    window.jornaldocarro = window.jornaldocarro || {};\n    window.jornaldocarro.slotsAds = window.jornaldocarro.slotsAds || [];\n    window.jornaldocarro.slotsAds.push(\"hmeio3\");\n  \n      }\n    <\/script>\n  <br><p>\u00a0<\/p><p>A Casa XE ocupa um im\u00f3vel de quatro mil metros quadrados, no bairro Jardim Am\u00e9rica, avaliado em R$ 38 milh\u00f5es. O endere\u00e7o \u00e9 Rua Canad\u00e1, 132. Ela fica aberta at\u00e9 1\u00ba de novembro. \u00a0Informa\u00e7\u00f5es adicionais podem ser obtidas por meio do <a rel=\"nofollow\" href=\"https:\/\/casajaguarxe.com.br\/#home\/init.php\">site da Casa XE<\/a>.<\/p><p><strong>S\u00d3 PARA CONVIDADOS<\/strong><\/p>\n  <div style=\"width: 100%;\" id=\"render-hmeio-4\"><\/div>\n    <script type=\"text\/javascript\">\n      if(window.innerWidth > 1){\n        $(\"#render-hmeio-4\").append(`\n          <div class=\"area-publicidade-rectangular hmeio\">\n            <p>Publicidade\n            <div class=\"area-publicidade\">\n              <div id=\"hmeio4\">\n            \n          \n        `);\n\n        \n    window.jornaldocarro = window.jornaldocarro || {};\n    window.jornaldocarro.slotsAds = window.jornaldocarro.slotsAds || [];\n    window.jornaldocarro.slotsAds.push(\"hmeio4\");\n  \n      }\n    <\/script>\n  <br><p>Algumas a\u00e7\u00f5es realizadas na casa Jaguar requerem convites ou nome na lista. Como o desfile que ocorreu na manh\u00e3 de hoje, promovido pelo estilista Vitorino Campos como parte da S\u00e3o Paulo Fashion Week.<\/p><p>Tamb\u00e9m h\u00e1 almo\u00e7os e coquet\u00e9is especiais com DJs renomados e bandas \u2013 principalmente de jazz.<\/p><p>\u00a0<\/p>\n  <div style=\"width: 100%;\" id=\"render-hmeio-5\"><\/div>\n    <script type=\"text\/javascript\">\n      if(window.innerWidth > 1){\n        $(\"#render-hmeio-5\").append(`\n          <div class=\"area-publicidade-rectangular hmeio\">\n            <p>Publicidade\n            <div class=\"area-publicidade\">\n              <div id=\"hmeio5\">\n            \n          \n        `);\n\n        \n    window.jornaldocarro = window.jornaldocarro || {};\n    window.jornaldocarro.slotsAds = window.jornaldocarro.slotsAds || [];\n    window.jornaldocarro.slotsAds.push(\"hmeio5\");\n  \n      }\n    <\/script>\n  <br>","protected":false},"excerpt":{"rendered":"<p>Visitantes podem fazer test-drive e visitar exposi\u00e7\u00e3o de arte<\/p>\n","protected":false},"featured_media":0,"template":"","class_list":["post-2556","blog_primeira_classe","type-blog_primeira_classe","status-publish","hentry","tags_primeira_classe-bastidores","tags_primeira_classe-carros","tags_primeira_classe-casa-xe","tags_primeira_classe-estilo-de-vida","tags_primeira_classe-estilo-de-vida-2","tags_primeira_classe-jaguar","tags_primeira_classe-jaguar-xe","tags_primeira_classe-land-rover","tags_primeira_classe-marketing","tags_primeira_classe-xe"],"yoast_head":"<!-- This site is optimized with the Yoast SEO plugin v23.5 - https:\/\/yoast.com\/wordpress\/plugins\/seo\/ -->\n<title>Casa de R$ 38 milh\u00f5es da Jaguar tem atra\u00e7\u00f5es abertas ao p\u00fablico - Jornal do Carro - Estad\u00e3o<\/title>\n<meta name=\"robots\" content=\"noindex, follow\" \/>\n<meta name=\"twitter:card\" content=\"summary_large_image\" \/>\n<meta name=\"twitter:title\" content=\"Casa de R$ 38 milh\u00f5es da Jaguar tem atra\u00e7\u00f5es abertas ao p\u00fablico - Jornal do Carro - Estad\u00e3o\" \/>\n<meta name=\"twitter:description\" content=\"Visitantes podem fazer test-drive e visitar exposi\u00e7\u00e3o de arte\" \/>\n<meta name=\"twitter:image\" content=\"https:\/\/fotos.jornaldocarro.estadao.com.br\/primeira-classe\/files\/2015\/10\/xe-casa-2.jpg\" \/>\n<meta name=\"twitter:label1\" content=\"Est. tempo de leitura\" \/>\n\t<meta name=\"twitter:data1\" content=\"2 minutos\" \/>\n<script type=\"application\/ld+json\" class=\"yoast-schema-graph\">{\"@context\":\"https:\/\/schema.org\",\"@graph\":[{\"@type\":\"WebPage\",\"@id\":\"https:\/\/jornaldocarro.estadao.com.br\/primeira-classe\/casa-de-r-38-milhoes-da-jaguar-tem-atracoes-abertas-ao-publico\/\",\"url\":\"https:\/\/jornaldocarro.estadao.com.br\/primeira-classe\/casa-de-r-38-milhoes-da-jaguar-tem-atracoes-abertas-ao-publico\/\",\"name\":\"Casa de R$ 38 milh\u00f5es da Jaguar tem atra\u00e7\u00f5es abertas ao p\u00fablico - Jornal do Carro - Estad\u00e3o\",\"isPartOf\":{\"@id\":\"https:\/\/jornaldocarro.estadao.com.br\/#website\"},\"primaryImageOfPage\":{\"@id\":\"https:\/\/jornaldocarro.estadao.com.br\/primeira-classe\/casa-de-r-38-milhoes-da-jaguar-tem-atracoes-abertas-ao-publico\/#primaryimage\"},\"image\":{\"@id\":\"https:\/\/jornaldocarro.estadao.com.br\/primeira-classe\/casa-de-r-38-milhoes-da-jaguar-tem-atracoes-abertas-ao-publico\/#primaryimage\"},\"thumbnailUrl\":\"https:\/\/fotos.jornaldocarro.estadao.com.br\/primeira-classe\/files\/2015\/10\/xe-casa-2.jpg\",\"datePublished\":\"2015-10-21T20:39:45+00:00\",\"dateModified\":\"2015-10-21T20:39:45+00:00\",\"breadcrumb\":{\"@id\":\"https:\/\/jornaldocarro.estadao.com.br\/primeira-classe\/casa-de-r-38-milhoes-da-jaguar-tem-atracoes-abertas-ao-publico\/#breadcrumb\"},\"inLanguage\":\"pt-BR\",\"potentialAction\":[{\"@type\":\"ReadAction\",\"target\":[\"https:\/\/jornaldocarro.estadao.com.br\/primeira-classe\/casa-de-r-38-milhoes-da-jaguar-tem-atracoes-abertas-ao-publico\/\"]}]},{\"@type\":\"ImageObject\",\"inLanguage\":\"pt-BR\",\"@id\":\"https:\/\/jornaldocarro.estadao.com.br\/primeira-classe\/casa-de-r-38-milhoes-da-jaguar-tem-atracoes-abertas-ao-publico\/#primaryimage\",\"url\":\"https:\/\/fotos.jornaldocarro.estadao.com.br\/primeira-classe\/files\/2015\/10\/xe-casa-2.jpg\",\"contentUrl\":\"https:\/\/fotos.jornaldocarro.estadao.com.br\/primeira-classe\/files\/2015\/10\/xe-casa-2.jpg\"},{\"@type\":\"BreadcrumbList\",\"@id\":\"https:\/\/jornaldocarro.estadao.com.br\/primeira-classe\/casa-de-r-38-milhoes-da-jaguar-tem-atracoes-abertas-ao-publico\/#breadcrumb\",\"itemListElement\":[{\"@type\":\"ListItem\",\"position\":1,\"name\":\"In\u00edcio\",\"item\":\"https:\/\/jornaldocarro.estadao.com.br\/\"},{\"@type\":\"ListItem\",\"position\":2,\"name\":\"Primeira Classe\",\"item\":\"https:\/\/jornaldocarro.estadao.com.br\/primeira-classe\/\"},{\"@type\":\"ListItem\",\"position\":3,\"name\":\"Casa de R$ 38 milh\u00f5es da Jaguar tem atra\u00e7\u00f5es abertas ao p\u00fablico\"}]},{\"@type\":\"WebSite\",\"@id\":\"https:\/\/jornaldocarro.estadao.com.br\/#website\",\"url\":\"https:\/\/jornaldocarro.estadao.com.br\/\",\"name\":\"Jornal do Carro - Estad\u00e3o\",\"description\":\"O portal sobre carros, motos e tudo sobre o tema ve\u00edculos no Estad\u00e3o. Fique por dentro de lan\u00e7amentos e de hist\u00f3rias dos leitores e seus carros.\",\"potentialAction\":[{\"@type\":\"SearchAction\",\"target\":{\"@type\":\"EntryPoint\",\"urlTemplate\":\"https:\/\/jornaldocarro.estadao.com.br\/?s={search_term_string}\"},\"query-input\":{\"@type\":\"PropertyValueSpecification\",\"valueRequired\":true,\"valueName\":\"search_term_string\"}}],\"inLanguage\":\"pt-BR\"}]}<\/script>\n<!-- \/ Yoast SEO plugin. -->","yoast_head_json":{"title":"Casa de R$ 38 milh\u00f5es da Jaguar tem atra\u00e7\u00f5es abertas ao p\u00fablico - Jornal do Carro - Estad\u00e3o","robots":{"index":"noindex","follow":"follow"},"twitter_card":"summary_large_image","twitter_title":"Casa de R$ 38 milh\u00f5es da Jaguar tem atra\u00e7\u00f5es abertas ao p\u00fablico - Jornal do Carro - Estad\u00e3o","twitter_description":"Visitantes podem fazer test-drive e visitar exposi\u00e7\u00e3o de arte","twitter_image":"https:\/\/fotos.jornaldocarro.estadao.com.br\/primeira-classe\/files\/2015\/10\/xe-casa-2.jpg","twitter_misc":{"Est. tempo de leitura":"2 minutos"},"schema":{"@context":"https:\/\/schema.org","@graph":[{"@type":"WebPage","@id":"https:\/\/jornaldocarro.estadao.com.br\/primeira-classe\/casa-de-r-38-milhoes-da-jaguar-tem-atracoes-abertas-ao-publico\/","url":"https:\/\/jornaldocarro.estadao.com.br\/primeira-classe\/casa-de-r-38-milhoes-da-jaguar-tem-atracoes-abertas-ao-publico\/","name":"Casa de R$ 38 milh\u00f5es da Jaguar tem atra\u00e7\u00f5es abertas ao p\u00fablico - Jornal do Carro - Estad\u00e3o","isPartOf":{"@id":"https:\/\/jornaldocarro.estadao.com.br\/#website"},"primaryImageOfPage":{"@id":"https:\/\/jornaldocarro.estadao.com.br\/primeira-classe\/casa-de-r-38-milhoes-da-jaguar-tem-atracoes-abertas-ao-publico\/#primaryimage"},"image":{"@id":"https:\/\/jornaldocarro.estadao.com.br\/primeira-classe\/casa-de-r-38-milhoes-da-jaguar-tem-atracoes-abertas-ao-publico\/#primaryimage"},"thumbnailUrl":"https:\/\/fotos.jornaldocarro.estadao.com.br\/primeira-classe\/files\/2015\/10\/xe-casa-2.jpg","datePublished":"2015-10-21T20:39:45+00:00","dateModified":"2015-10-21T20:39:45+00:00","breadcrumb":{"@id":"https:\/\/jornaldocarro.estadao.com.br\/primeira-classe\/casa-de-r-38-milhoes-da-jaguar-tem-atracoes-abertas-ao-publico\/#breadcrumb"},"inLanguage":"pt-BR","potentialAction":[{"@type":"ReadAction","target":["https:\/\/jornaldocarro.estadao.com.br\/primeira-classe\/casa-de-r-38-milhoes-da-jaguar-tem-atracoes-abertas-ao-publico\/"]}]},{"@type":"ImageObject","inLanguage":"pt-BR","@id":"https:\/\/jornaldocarro.estadao.com.br\/primeira-classe\/casa-de-r-38-milhoes-da-jaguar-tem-atracoes-abertas-ao-publico\/#primaryimage","url":"https:\/\/fotos.jornaldocarro.estadao.com.br\/primeira-classe\/files\/2015\/10\/xe-casa-2.jpg","contentUrl":"https:\/\/fotos.jornaldocarro.estadao.com.br\/primeira-classe\/files\/2015\/10\/xe-casa-2.jpg"},{"@type":"BreadcrumbList","@id":"https:\/\/jornaldocarro.estadao.com.br\/primeira-classe\/casa-de-r-38-milhoes-da-jaguar-tem-atracoes-abertas-ao-publico\/#breadcrumb","itemListElement":[{"@type":"ListItem","position":1,"name":"In\u00edcio","item":"https:\/\/jornaldocarro.estadao.com.br\/"},{"@type":"ListItem","position":2,"name":"Primeira Classe","item":"https:\/\/jornaldocarro.estadao.com.br\/primeira-classe\/"},{"@type":"ListItem","position":3,"name":"Casa de R$ 38 milh\u00f5es da Jaguar tem atra\u00e7\u00f5es abertas ao p\u00fablico"}]},{"@type":"WebSite","@id":"https:\/\/jornaldocarro.estadao.com.br\/#website","url":"https:\/\/jornaldocarro.estadao.com.br\/","name":"Jornal do Carro - Estad\u00e3o","description":"O portal sobre carros, motos e tudo sobre o tema ve\u00edculos no Estad\u00e3o. Fique por dentro de lan\u00e7amentos e de hist\u00f3rias dos leitores e seus carros.","potentialAction":[{"@type":"SearchAction","target":{"@type":"EntryPoint","urlTemplate":"https:\/\/jornaldocarro.estadao.com.br\/?s={search_term_string}"},"query-input":{"@type":"PropertyValueSpecification","valueRequired":true,"valueName":"search_term_string"}}],"inLanguage":"pt-BR"}]}},"_links":{"self":[{"href":"https:\/\/jornaldocarro.estadao.com.br\/api\/wp\/v2\/blog_primeira_classe\/2556","targetHints":{"allow":["GET"]}}],"collection":[{"href":"https:\/\/jornaldocarro.estadao.com.br\/api\/wp\/v2\/blog_primeira_classe"}],"about":[{"href":"https:\/\/jornaldocarro.estadao.com.br\/api\/wp\/v2\/types\/blog_primeira_classe"}],"version-history":[{"count":0,"href":"https:\/\/jornaldocarro.estadao.com.br\/api\/wp\/v2\/blog_primeira_classe\/2556\/revisions"}],"wp:attachment":[{"href":"https:\/\/jornaldocarro.estadao.com.br\/api\/wp\/v2\/media?parent=2556"}],"curies":[{"name":"wp","href":"https:\/\/api.w.org\/{rel}","templated":true}]}}