{"id":258,"date":"2014-04-29T18:37:45","date_gmt":"2014-04-29T21:37:45","guid":{"rendered":"http:\/\/blogs.estadao.com.br\/primeira-classe-jc\/?p=258"},"modified":"2014-04-29T18:37:45","modified_gmt":"2014-04-29T21:37:45","slug":"encontro-de-lindoia-agora-sera-em-campos-do-jordao","status":"publish","type":"blog_primeira_classe","link":"https:\/\/jornaldocarro.estadao.com.br\/primeira-classe\/encontro-de-lindoia-agora-sera-em-campos-do-jordao\/","title":{"rendered":"Encontro de Lindoia agora ser\u00e1 em Campos do Jord\u00e3o"},"content":{"rendered":"<p><figure id=\"attachment_260\" aria-describedby=\"caption-attachment-260\" style=\"width: 600px\" class=\"wp-caption alignnone\"><a rel=\"nofollow\" href=\"https:\/\/blogs.estadao.com.br\/primeira-classe-jc\/files\/2014\/04\/encontro-lindoia-2011.jpg\"><img loading=\"lazy\" decoding=\"async\" class=\"size-full wp-image-260\" src=\"https:\/\/blogs.estadao.com.br\/primeira-classe-jc\/files\/2014\/04\/encontro-lindoia-2011.jpg\" alt=\"\" width=\"600\" height=\"400\"><\/a><figcaption id=\"caption-attachment-260\" class=\"wp-caption-text\">At\u00e9 o ano passado, o evento ocorria em \u00c1guas de Lindoia (Fotos: Divulga\u00e7\u00e3o)<\/figcaption><\/figure>\n<\/p><p>\u00a0<\/p><p>O tradicional Encontro Paulista de Carros Antigos, que at\u00e9 2013 tinha como sede a cidade de \u00c1guas de Lindoia, este ano ocorrer\u00e1 em Campos do Jord\u00e3o. Para quem vai viajar para a cidade serrana, ou ainda n\u00e3o tem programa\u00e7\u00e3o para o feriad\u00e3o, esta pode ser uma \u00f3tima pedida: ocorre, oficialmente, entre 1\u00ba e 4 de maio, no bairro de Capivari.<\/p>\n  <div style=\"width: 100%;\" id=\"render-hmeio-1\"><\/div>\n    <script type=\"text\/javascript\">\n      if(window.innerWidth > 1){\n        $(\"#render-hmeio-1\").append(`\n          <div class=\"area-publicidade-rectangular hmeio\">\n            <p>Publicidade\n            <div class=\"area-publicidade\">\n              <div id=\"hmeio1\">\n            \n          \n        `);\n\n        \n    window.jornaldocarro = window.jornaldocarro || {};\n    window.jornaldocarro.slotsAds = window.jornaldocarro.slotsAds || [];\n    window.jornaldocarro.slotsAds.push(\"hmeio1\");\n  \n      }\n    <\/script>\n  <br><p>Por\u00e9m, de acordo com a organiza\u00e7\u00e3o, os principais carros do evento \u2013 s\u00e3o esperados cerca de 500 \u2013 s\u00f3 ficar\u00e3o no local da exposi\u00e7\u00e3o at\u00e9 a noite de s\u00e1bado, dia 3.<\/p><p>A abertura do evento ocorrer\u00e1 \u00e0s 8h de quinta-feira, dia 1\u00ba. A exposi\u00e7\u00e3o de carros, aberta ao p\u00fablico e gratuita, ocorrer\u00e1 na Esta\u00e7\u00e3o Ferrovi\u00e1ria (Avenida Em\u00edlio Ribas, s\/n). De acordo com a organiza\u00e7\u00e3o, na parte da tarde do dia de abertura a maioria dos ve\u00edculos j\u00e1 dever\u00e1 estar no local.<\/p><p><a rel=\"nofollow\" href=\"https:\/\/blogs.estadao.com.br\/primeira-classe-jc\/files\/2014\/04\/encontro-paulista.jpg\"><img loading=\"lazy\" decoding=\"async\" class=\"alignnone size-full wp-image-261\" src=\"https:\/\/blogs.estadao.com.br\/primeira-classe-jc\/files\/2014\/04\/encontro-paulista.jpg\" alt=\"\" width=\"600\" height=\"400\"><\/a><\/p>\n  <div style=\"width: 100%;\" id=\"render-hmeio-2\"><\/div>\n    <script type=\"text\/javascript\">\n      if(window.innerWidth > 1){\n        $(\"#render-hmeio-2\").append(`\n          <div class=\"area-publicidade-rectangular hmeio\">\n            <p>Publicidade\n            <div class=\"area-publicidade\">\n              <div id=\"hmeio2\">\n            \n          \n        `);\n\n        \n    window.jornaldocarro = window.jornaldocarro || {};\n    window.jornaldocarro.slotsAds = window.jornaldocarro.slotsAds || [];\n    window.jornaldocarro.slotsAds.push(\"hmeio2\");\n  \n      }\n    <\/script>\n  <br><p>J\u00e1 a feira de pe\u00e7as ser\u00e1 nas partes interna e externa do T\u00eanis Clube (Rua Dr. Paulo Ribas, 76), tamb\u00e9m com entrada gr\u00e1tis.<\/p><p>Haver\u00e1 ainda mostra de pequenos objetos e vendas de ve\u00edculos cl\u00e1ssicos, como a promovida pela loja paulistana Private Collections.<\/p><p>No s\u00e1bado, \u00e0s 17h, ocorrer\u00e1 o concurso que eleger\u00e1 o melhor carro do evento, encerrando a programa\u00e7\u00e3o oficial. As inscri\u00e7\u00f5es para expositores, que t\u00eam direito a eventos especiais \u2013 como uma festa \u00e0 fantasia na noite de abertura -, est\u00e3o encerradas.<\/p>\n  <div style=\"width: 100%;\" id=\"render-hmeio-3\"><\/div>\n    <script type=\"text\/javascript\">\n      if(window.innerWidth > 1){\n        $(\"#render-hmeio-3\").append(`\n          <div class=\"area-publicidade-rectangular hmeio\">\n            <p>Publicidade\n            <div class=\"area-publicidade\">\n              <div id=\"hmeio3\">\n            \n          \n        `);\n\n        \n    window.jornaldocarro = window.jornaldocarro || {};\n    window.jornaldocarro.slotsAds = window.jornaldocarro.slotsAds || [];\n    window.jornaldocarro.slotsAds.push(\"hmeio3\");\n  \n      }\n    <\/script>\n  <br>\n<figure id=\"attachment_259\" aria-describedby=\"caption-attachment-259\" style=\"width: 600px\" class=\"wp-caption alignnone\"><a rel=\"nofollow\" href=\"https:\/\/blogs.estadao.com.br\/primeira-classe-jc\/files\/2014\/04\/furia-encontro-paulista.jpg\"><img loading=\"lazy\" decoding=\"async\" class=\"size-full wp-image-259\" src=\"https:\/\/blogs.estadao.com.br\/primeira-classe-jc\/files\/2014\/04\/furia-encontro-paulista.jpg\" alt=\"\" width=\"600\" height=\"400\"><\/a><figcaption id=\"caption-attachment-259\" class=\"wp-caption-text\">Furia GT 1971 ganhou o pr\u00eamio de melhor carro nacional em 2011<\/figcaption><\/figure>\n<p><strong>COMO CHEGAR E ONDE FICAR<\/strong><\/p><p>Campos do Jord\u00e3o fica a 172 km de S\u00e3o Paulo, 331 km do Rio de Janeiro e 495 km de Belo Horizonte. Rodovias como Ayrton Senna, Carvalho Pinto e Dutra s\u00e3o op\u00e7\u00f5es de acesso.<\/p><p>A movimenta\u00e7\u00e3o na cidade neste feriado ser\u00e1 grande, o que acarreta em hot\u00e9is a pre\u00e7os inflacionados. Muitos j\u00e1 est\u00e3o com lota\u00e7\u00e3o esgotada \u2013 inclusive o Blue Mountain, um dos mais sofisticados de Campos do Jord\u00e3o, embora n\u00e3o se localize no \u201cepicentro\u201d de Capivari.<\/p>\n  <div style=\"width: 100%;\" id=\"render-hmeio-4\"><\/div>\n    <script type=\"text\/javascript\">\n      if(window.innerWidth > 1){\n        $(\"#render-hmeio-4\").append(`\n          <div class=\"area-publicidade-rectangular hmeio\">\n            <p>Publicidade\n            <div class=\"area-publicidade\">\n              <div id=\"hmeio4\">\n            \n          \n        `);\n\n        \n    window.jornaldocarro = window.jornaldocarro || {};\n    window.jornaldocarro.slotsAds = window.jornaldocarro.slotsAds || [];\n    window.jornaldocarro.slotsAds.push(\"hmeio4\");\n  \n      }\n    <\/script>\n  <br><p>Ainda h\u00e1 vagas, portanto, no aconchegante e bem localizado <a rel=\"nofollow\" href=\"https:\/\/www.grandehotelsenac.com.br\/Home.aspx?HotelId=2\"><strong>Grande Hotel Campos do Jord\u00e3o<\/strong><\/a> (o pacote do feriad\u00e3o, entre 1\u00ba e 4 de maio, sai por R$ 10.275 em su\u00edte para duas pessoas).<\/p><p>Os demais hot\u00e9is em Capivari que ainda oferecem vagas s\u00e3o tr\u00eas estrelas. O <a rel=\"nofollow\" href=\"https:\/\/www.booking.com\/hotel\/br\/siena.pt-br.html?sid=d6f3e6c0b4160dfae0acbaff12170965;dcid=4;checkin=2014-05-01;checkout=2014-05-04;ucfs=1;srfid=cc929867f3c610d2a9897de6fb1709793f3b36ebX1\">Siena<\/a> parte de R$ 1.884 e a <a rel=\"nofollow\" href=\"https:\/\/www.booking.com\/hotel\/br\/pousada-italia-eleganza.pt-br.html?sid=d6f3e6c0b4160dfae0acbaff12170965;dcid=4;checkin=2014-05-01;checkout=2014-05-04;ucfs=1;srfid=cc929867f3c610d2a9897de6fb1709793f3b36ebX2\">Pousada Italia Eleganza<\/a>, de R$ 2.277 \u2013 ambos em pacote de tr\u00eas noites, para duas pessoas.<\/p><p>A partir da cidade de S\u00e3o Paulo, uma op\u00e7\u00e3o \u00e9 fazer \u201cbate-e-volta\u201d. Neste caso, v\u00e1 na sexta-feira. A quinta dever\u00e1 ter grande movimento \u2013 e tr\u00e2nsito \u2013 nas estradas em dire\u00e7\u00e3o a Campos do Jord\u00e3o. A partir do s\u00e1bado \u00e0 noite, a previs\u00e3o \u00e9 de congestionamentos na sa\u00edda da cidade.<\/p>\n  <div style=\"width: 100%;\" id=\"render-hmeio-5\"><\/div>\n    <script type=\"text\/javascript\">\n      if(window.innerWidth > 1){\n        $(\"#render-hmeio-5\").append(`\n          <div class=\"area-publicidade-rectangular hmeio\">\n            <p>Publicidade\n            <div class=\"area-publicidade\">\n              <div id=\"hmeio5\">\n            \n          \n        `);\n\n        \n    window.jornaldocarro = window.jornaldocarro || {};\n    window.jornaldocarro.slotsAds = window.jornaldocarro.slotsAds || [];\n    window.jornaldocarro.slotsAds.push(\"hmeio5\");\n  \n      }\n    <\/script>\n  <br>","protected":false},"excerpt":{"rendered":"<p>\u00a0O tradicional Encontro Paulista de Carros Antigos, que at\u00e9 2013 tinha como sede a cidade de \u00c1guas de Lindoia, este<a rel=\"nofollow\" href=\"https:\/\/jornaldocarro.estadao.com.br\/primeira-classe\/encontro-de-lindoia-agora-sera-em-campos-do-jordao\/\" aria-label=\"... leia mais\" role=\"link\">&#8230; leia mais<\/a><\/p>\n","protected":false},"featured_media":0,"template":"","class_list":["post-258","blog_primeira_classe","type-blog_primeira_classe","status-publish","hentry","tags_primeira_classe-campos-do-jordao","tags_primeira_classe-carros-antigos","tags_primeira_classe-carros-classicos","tags_primeira_classe-classicos","tags_primeira_classe-encontro-de-aguas-de-lindoia","tags_primeira_classe-encontro-de-antigos","tags_primeira_classe-encontro-de-classicos","tags_primeira_classe-encontro-paulista-de-autos-antigos","tags_primeira_classe-viagem","tags_primeira_classe-viagem-2"],"yoast_head":"<!-- This site is optimized with the Yoast SEO plugin v23.5 - https:\/\/yoast.com\/wordpress\/plugins\/seo\/ -->\n<title>Encontro de Lindoia agora ser\u00e1 em Campos do Jord\u00e3o - Jornal do Carro - Estad\u00e3o<\/title>\n<meta name=\"robots\" content=\"noindex, follow\" \/>\n<meta name=\"twitter:card\" content=\"summary_large_image\" \/>\n<meta name=\"twitter:title\" content=\"Encontro de Lindoia agora ser\u00e1 em Campos do Jord\u00e3o - Jornal do Carro - Estad\u00e3o\" \/>\n<meta name=\"twitter:description\" content=\"\u00a0O tradicional Encontro Paulista de Carros Antigos, que at\u00e9 2013 tinha como sede a cidade de \u00c1guas de Lindoia, este... leia mais\" \/>\n<meta name=\"twitter:image\" content=\"https:\/\/blogs.estadao.com.br\/primeira-classe-jc\/files\/2014\/04\/encontro-lindoia-2011.jpg\" \/>\n<meta name=\"twitter:label1\" content=\"Est. tempo de leitura\" \/>\n\t<meta name=\"twitter:data1\" content=\"3 minutos\" \/>\n<script type=\"application\/ld+json\" class=\"yoast-schema-graph\">{\"@context\":\"https:\/\/schema.org\",\"@graph\":[{\"@type\":\"WebPage\",\"@id\":\"https:\/\/jornaldocarro.estadao.com.br\/primeira-classe\/encontro-de-lindoia-agora-sera-em-campos-do-jordao\/\",\"url\":\"https:\/\/jornaldocarro.estadao.com.br\/primeira-classe\/encontro-de-lindoia-agora-sera-em-campos-do-jordao\/\",\"name\":\"Encontro de Lindoia agora ser\u00e1 em Campos do Jord\u00e3o - Jornal do Carro - Estad\u00e3o\",\"isPartOf\":{\"@id\":\"https:\/\/jornaldocarro.estadao.com.br\/#website\"},\"primaryImageOfPage\":{\"@id\":\"https:\/\/jornaldocarro.estadao.com.br\/primeira-classe\/encontro-de-lindoia-agora-sera-em-campos-do-jordao\/#primaryimage\"},\"image\":{\"@id\":\"https:\/\/jornaldocarro.estadao.com.br\/primeira-classe\/encontro-de-lindoia-agora-sera-em-campos-do-jordao\/#primaryimage\"},\"thumbnailUrl\":\"https:\/\/blogs.estadao.com.br\/primeira-classe-jc\/files\/2014\/04\/encontro-lindoia-2011.jpg\",\"datePublished\":\"2014-04-29T21:37:45+00:00\",\"dateModified\":\"2014-04-29T21:37:45+00:00\",\"breadcrumb\":{\"@id\":\"https:\/\/jornaldocarro.estadao.com.br\/primeira-classe\/encontro-de-lindoia-agora-sera-em-campos-do-jordao\/#breadcrumb\"},\"inLanguage\":\"pt-BR\",\"potentialAction\":[{\"@type\":\"ReadAction\",\"target\":[\"https:\/\/jornaldocarro.estadao.com.br\/primeira-classe\/encontro-de-lindoia-agora-sera-em-campos-do-jordao\/\"]}]},{\"@type\":\"ImageObject\",\"inLanguage\":\"pt-BR\",\"@id\":\"https:\/\/jornaldocarro.estadao.com.br\/primeira-classe\/encontro-de-lindoia-agora-sera-em-campos-do-jordao\/#primaryimage\",\"url\":\"https:\/\/blogs.estadao.com.br\/primeira-classe-jc\/files\/2014\/04\/encontro-lindoia-2011.jpg\",\"contentUrl\":\"https:\/\/blogs.estadao.com.br\/primeira-classe-jc\/files\/2014\/04\/encontro-lindoia-2011.jpg\"},{\"@type\":\"BreadcrumbList\",\"@id\":\"https:\/\/jornaldocarro.estadao.com.br\/primeira-classe\/encontro-de-lindoia-agora-sera-em-campos-do-jordao\/#breadcrumb\",\"itemListElement\":[{\"@type\":\"ListItem\",\"position\":1,\"name\":\"In\u00edcio\",\"item\":\"https:\/\/jornaldocarro.estadao.com.br\/\"},{\"@type\":\"ListItem\",\"position\":2,\"name\":\"Primeira Classe\",\"item\":\"https:\/\/jornaldocarro.estadao.com.br\/primeira-classe\/\"},{\"@type\":\"ListItem\",\"position\":3,\"name\":\"Encontro de Lindoia agora ser\u00e1 em Campos do Jord\u00e3o\"}]},{\"@type\":\"WebSite\",\"@id\":\"https:\/\/jornaldocarro.estadao.com.br\/#website\",\"url\":\"https:\/\/jornaldocarro.estadao.com.br\/\",\"name\":\"Jornal do Carro - Estad\u00e3o\",\"description\":\"O portal sobre carros, motos e tudo sobre o tema ve\u00edculos no Estad\u00e3o. Fique por dentro de lan\u00e7amentos e de hist\u00f3rias dos leitores e seus carros.\",\"potentialAction\":[{\"@type\":\"SearchAction\",\"target\":{\"@type\":\"EntryPoint\",\"urlTemplate\":\"https:\/\/jornaldocarro.estadao.com.br\/?s={search_term_string}\"},\"query-input\":{\"@type\":\"PropertyValueSpecification\",\"valueRequired\":true,\"valueName\":\"search_term_string\"}}],\"inLanguage\":\"pt-BR\"}]}<\/script>\n<!-- \/ Yoast SEO plugin. -->","yoast_head_json":{"title":"Encontro de Lindoia agora ser\u00e1 em Campos do Jord\u00e3o - Jornal do Carro - Estad\u00e3o","robots":{"index":"noindex","follow":"follow"},"twitter_card":"summary_large_image","twitter_title":"Encontro de Lindoia agora ser\u00e1 em Campos do Jord\u00e3o - Jornal do Carro - Estad\u00e3o","twitter_description":"\u00a0O tradicional Encontro Paulista de Carros Antigos, que at\u00e9 2013 tinha como sede a cidade de \u00c1guas de Lindoia, este... leia mais","twitter_image":"https:\/\/blogs.estadao.com.br\/primeira-classe-jc\/files\/2014\/04\/encontro-lindoia-2011.jpg","twitter_misc":{"Est. tempo de leitura":"3 minutos"},"schema":{"@context":"https:\/\/schema.org","@graph":[{"@type":"WebPage","@id":"https:\/\/jornaldocarro.estadao.com.br\/primeira-classe\/encontro-de-lindoia-agora-sera-em-campos-do-jordao\/","url":"https:\/\/jornaldocarro.estadao.com.br\/primeira-classe\/encontro-de-lindoia-agora-sera-em-campos-do-jordao\/","name":"Encontro de Lindoia agora ser\u00e1 em Campos do Jord\u00e3o - Jornal do Carro - Estad\u00e3o","isPartOf":{"@id":"https:\/\/jornaldocarro.estadao.com.br\/#website"},"primaryImageOfPage":{"@id":"https:\/\/jornaldocarro.estadao.com.br\/primeira-classe\/encontro-de-lindoia-agora-sera-em-campos-do-jordao\/#primaryimage"},"image":{"@id":"https:\/\/jornaldocarro.estadao.com.br\/primeira-classe\/encontro-de-lindoia-agora-sera-em-campos-do-jordao\/#primaryimage"},"thumbnailUrl":"https:\/\/blogs.estadao.com.br\/primeira-classe-jc\/files\/2014\/04\/encontro-lindoia-2011.jpg","datePublished":"2014-04-29T21:37:45+00:00","dateModified":"2014-04-29T21:37:45+00:00","breadcrumb":{"@id":"https:\/\/jornaldocarro.estadao.com.br\/primeira-classe\/encontro-de-lindoia-agora-sera-em-campos-do-jordao\/#breadcrumb"},"inLanguage":"pt-BR","potentialAction":[{"@type":"ReadAction","target":["https:\/\/jornaldocarro.estadao.com.br\/primeira-classe\/encontro-de-lindoia-agora-sera-em-campos-do-jordao\/"]}]},{"@type":"ImageObject","inLanguage":"pt-BR","@id":"https:\/\/jornaldocarro.estadao.com.br\/primeira-classe\/encontro-de-lindoia-agora-sera-em-campos-do-jordao\/#primaryimage","url":"https:\/\/blogs.estadao.com.br\/primeira-classe-jc\/files\/2014\/04\/encontro-lindoia-2011.jpg","contentUrl":"https:\/\/blogs.estadao.com.br\/primeira-classe-jc\/files\/2014\/04\/encontro-lindoia-2011.jpg"},{"@type":"BreadcrumbList","@id":"https:\/\/jornaldocarro.estadao.com.br\/primeira-classe\/encontro-de-lindoia-agora-sera-em-campos-do-jordao\/#breadcrumb","itemListElement":[{"@type":"ListItem","position":1,"name":"In\u00edcio","item":"https:\/\/jornaldocarro.estadao.com.br\/"},{"@type":"ListItem","position":2,"name":"Primeira Classe","item":"https:\/\/jornaldocarro.estadao.com.br\/primeira-classe\/"},{"@type":"ListItem","position":3,"name":"Encontro de Lindoia agora ser\u00e1 em Campos do Jord\u00e3o"}]},{"@type":"WebSite","@id":"https:\/\/jornaldocarro.estadao.com.br\/#website","url":"https:\/\/jornaldocarro.estadao.com.br\/","name":"Jornal do Carro - Estad\u00e3o","description":"O portal sobre carros, motos e tudo sobre o tema ve\u00edculos no Estad\u00e3o. Fique por dentro de lan\u00e7amentos e de hist\u00f3rias dos leitores e seus carros.","potentialAction":[{"@type":"SearchAction","target":{"@type":"EntryPoint","urlTemplate":"https:\/\/jornaldocarro.estadao.com.br\/?s={search_term_string}"},"query-input":{"@type":"PropertyValueSpecification","valueRequired":true,"valueName":"search_term_string"}}],"inLanguage":"pt-BR"}]}},"_links":{"self":[{"href":"https:\/\/jornaldocarro.estadao.com.br\/api\/wp\/v2\/blog_primeira_classe\/258","targetHints":{"allow":["GET"]}}],"collection":[{"href":"https:\/\/jornaldocarro.estadao.com.br\/api\/wp\/v2\/blog_primeira_classe"}],"about":[{"href":"https:\/\/jornaldocarro.estadao.com.br\/api\/wp\/v2\/types\/blog_primeira_classe"}],"version-history":[{"count":0,"href":"https:\/\/jornaldocarro.estadao.com.br\/api\/wp\/v2\/blog_primeira_classe\/258\/revisions"}],"wp:attachment":[{"href":"https:\/\/jornaldocarro.estadao.com.br\/api\/wp\/v2\/media?parent=258"}],"curies":[{"name":"wp","href":"https:\/\/api.w.org\/{rel}","templated":true}]}}