{"id":2704,"date":"2015-12-03T21:29:27","date_gmt":"2015-12-03T23:29:27","guid":{"rendered":"http:\/\/blogs.estadao.com.br\/primeira-classe\/?p=2704"},"modified":"2015-12-03T21:29:27","modified_gmt":"2015-12-03T23:29:27","slug":"jaguar-land-rover-expoe-carros-em-convento-historico-de-sp","status":"publish","type":"blog_primeira_classe","link":"https:\/\/jornaldocarro.estadao.com.br\/primeira-classe\/jaguar-land-rover-expoe-carros-em-convento-historico-de-sp\/","title":{"rendered":"Jaguar Land Rover exp\u00f5e carros em convento hist\u00f3rico de SP"},"content":{"rendered":"<p><a rel=\"nofollow\" href=\"https:\/\/fotos.jornaldocarro.estadao.com.br\/primeira-classe\/files\/2015\/12\/expo-ipiranga.jpg\"><img loading=\"lazy\" decoding=\"async\" class=\"alignnone size-full wp-image-2705\" src=\"https:\/\/fotos.jornaldocarro.estadao.com.br\/primeira-classe\/files\/2015\/12\/expo-ipiranga.jpg\" alt=\"\" width=\"530\" height=\"298\"><\/a><\/p><p>Desta quarta-feira (2) at\u00e9 sexta-feira (4), as marcas \u201cirm\u00e3s\u201d Jaguar e Land Rover est\u00e3o expondo alguns modelos de sua linha no antigo Noviciado Nossa Senhora das Gra\u00e7as, que fica no bairro do Ipiranga, no centro de S\u00e3o Paulo. O motivo? O casar\u00e3o hist\u00f3rico \u00e9 palco de um evento batizado de \u201cBlue Sessions\u201d, uma parceria do Fechado para Jantar (clube do qual as montadoras fazem parte) com a fabricante de whisky Johnnie Walker.<\/p><p><strong>(No Instagram: @blogprimeiraclasse)<\/strong><\/p>\n  <div style=\"width: 100%;\" id=\"render-hmeio-1\"><\/div>\n    <script type=\"text\/javascript\">\n      if(window.innerWidth > 1){\n        $(\"#render-hmeio-1\").append(`\n          <div class=\"area-publicidade-rectangular hmeio\">\n            <p>Publicidade\n            <div class=\"area-publicidade\">\n              <div id=\"hmeio1\">\n            \n          \n        `);\n\n        \n    window.jornaldocarro = window.jornaldocarro || {};\n    window.jornaldocarro.slotsAds = window.jornaldocarro.slotsAds || [];\n    window.jornaldocarro.slotsAds.push(\"hmeio1\");\n  \n      }\n    <\/script>\n  <br><p>O Fechado para Jantar foi criado para promover jantares especiais preparados por chefes renomados em locais inusitados de S\u00e3o Paulo. Nesta edi\u00e7\u00e3o, a quarta e \u00faltima do ano, o card\u00e1pio foi preparado Despirite e feito para combinar com o whisky topo de linha da Johnnie Walker, o Blue Label \u2013 que, ali\u00e1s, \u00e9 servido durante quase toda a noite.<\/p><p><a rel=\"nofollow\" href=\"https:\/\/fotos.jornaldocarro.estadao.com.br\/primeira-classe\/files\/2015\/12\/fechado-jantar.jpg\"><img loading=\"lazy\" decoding=\"async\" class=\"alignnone size-full wp-image-2706\" src=\"https:\/\/fotos.jornaldocarro.estadao.com.br\/primeira-classe\/files\/2015\/12\/fechado-jantar.jpg\" alt=\"\" width=\"530\" height=\"298\"><\/a><\/p><p>E, como faz parte do clube, a Jaguar Land Rover aproveita para expor seus carros no evento, que ainda se destaca pela boa m\u00fasica \u2013 com uma excelente banda de blues e rock cl\u00e1ssico.<\/p>\n  <div style=\"width: 100%;\" id=\"render-hmeio-2\"><\/div>\n    <script type=\"text\/javascript\">\n      if(window.innerWidth > 1){\n        $(\"#render-hmeio-2\").append(`\n          <div class=\"area-publicidade-rectangular hmeio\">\n            <p>Publicidade\n            <div class=\"area-publicidade\">\n              <div id=\"hmeio2\">\n            \n          \n        `);\n\n        \n    window.jornaldocarro = window.jornaldocarro || {};\n    window.jornaldocarro.slotsAds = window.jornaldocarro.slotsAds || [];\n    window.jornaldocarro.slotsAds.push(\"hmeio2\");\n  \n      }\n    <\/script>\n  <br><p>Entre os modelos expostos nos dois p\u00e1tios do casar\u00e3o, os destaques s\u00e3o os da Jaguar. Em primeiro lugar, porque um deles \u00e9 o poderoso F-Type \u2013 o outro \u00e9 o XE. Mas, principalmente, por causa da ambienta\u00e7\u00e3o. Os modelos est\u00e3o \u00e0 mostra diante de um painel com diversas refer\u00eancias a Londres e \u00e0 Inglaterra, terra de origem das duas marcas. Entre elas, os famosos telefones p\u00fablicos t\u00edpicos da capital do pa\u00eds dos Beatles e dos Rolling Stones.<\/p><p>Apesar de ter a primeira noite voltada a convidados das empresas que fazem parte do Fechado para Jantar, o Blue Sessions \u00e9 aberto ao p\u00fablico nestas quinta e sexta-feiras. O ingresso custa R$ 250 por pessoa, com tudo inclu\u00eddo \u2013 jantar, coquet\u00e9is com whisky Johnnie Walker, doses de Blue Label e cervejas artesanais, entre outras atra\u00e7\u00f5es. Para saber mais, confira no site <a rel=\"nofollow\" href=\"https:\/\/www.sabiar.com\/produtos\/blue-sessions-por-fechado-para-jantar\">Sabiar<\/a>.<\/p><p>E, por falar neste site, est\u00e1 a\u00ed uma iniciativa interessante. Eles vendem experi\u00eancias inusitadas pelo Brasil e o mundo. H\u00e1 op\u00e7\u00f5es nas categorias gastronomia, fotografia, arte e, claro, viagem, uma das atividades preferidas desta que vos bloga.<\/p>\n  <div style=\"width: 100%;\" id=\"render-hmeio-3\"><\/div>\n    <script type=\"text\/javascript\">\n      if(window.innerWidth > 1){\n        $(\"#render-hmeio-3\").append(`\n          <div class=\"area-publicidade-rectangular hmeio\">\n            <p>Publicidade\n            <div class=\"area-publicidade\">\n              <div id=\"hmeio3\">\n            \n          \n        `);\n\n        \n    window.jornaldocarro = window.jornaldocarro || {};\n    window.jornaldocarro.slotsAds = window.jornaldocarro.slotsAds || [];\n    window.jornaldocarro.slotsAds.push(\"hmeio3\");\n  \n      }\n    <\/script>\n  <br><p>Achei muito legais alguns \u201ctours\u201d oferecidos no site. Entre eles, h\u00e1 um passeio pelos cen\u00e1rios do filme \u201cA Princesa e o Plebeu\u201d, em Roma, um passeio de tren\u00f3 puxado por renas em algum local in\u00f3spito da Noruega e um tour de cavalo ou Vespa pela Toscana. Saiba mais <a rel=\"nofollow\" href=\"https:\/\/www.sabiar.com\/pt\/categorias\/tours\">aqui<\/a>.<\/p>","protected":false},"excerpt":{"rendered":"<p>Exposi\u00e7\u00e3o \u00e9 parte de a\u00e7\u00e3o que inclui m\u00fasica, arte e gastronomia<\/p>\n","protected":false},"featured_media":0,"template":"","class_list":["post-2704","blog_primeira_classe","type-blog_primeira_classe","status-publish","hentry","tags_primeira_classe-carros","tags_primeira_classe-estilo-de-vida","tags_primeira_classe-estilo-de-vida-2","tags_primeira_classe-f-type","tags_primeira_classe-gastronomia","tags_primeira_classe-historia","tags_primeira_classe-ipiranga","tags_primeira_classe-jaguar","tags_primeira_classe-land-rover","tags_primeira_classe-musica-2","tags_primeira_classe-sao-paulo","tags_primeira_classe-xe"],"yoast_head":"<!-- This site is optimized with the Yoast SEO plugin v23.5 - https:\/\/yoast.com\/wordpress\/plugins\/seo\/ -->\n<title>Jaguar Land Rover exp\u00f5e carros em convento hist\u00f3rico de SP - Jornal do Carro - Estad\u00e3o<\/title>\n<meta name=\"robots\" content=\"noindex, follow\" \/>\n<meta name=\"twitter:card\" content=\"summary_large_image\" \/>\n<meta name=\"twitter:title\" content=\"Jaguar Land Rover exp\u00f5e carros em convento hist\u00f3rico de SP - Jornal do Carro - Estad\u00e3o\" \/>\n<meta name=\"twitter:description\" content=\"Exposi\u00e7\u00e3o \u00e9 parte de a\u00e7\u00e3o que inclui m\u00fasica, arte e gastronomia\" \/>\n<meta name=\"twitter:image\" content=\"https:\/\/fotos.jornaldocarro.estadao.com.br\/primeira-classe\/files\/2015\/12\/expo-ipiranga.jpg\" \/>\n<meta name=\"twitter:label1\" content=\"Est. tempo de leitura\" \/>\n\t<meta name=\"twitter:data1\" content=\"2 minutos\" \/>\n<script type=\"application\/ld+json\" class=\"yoast-schema-graph\">{\"@context\":\"https:\/\/schema.org\",\"@graph\":[{\"@type\":\"WebPage\",\"@id\":\"https:\/\/jornaldocarro.estadao.com.br\/primeira-classe\/jaguar-land-rover-expoe-carros-em-convento-historico-de-sp\/\",\"url\":\"https:\/\/jornaldocarro.estadao.com.br\/primeira-classe\/jaguar-land-rover-expoe-carros-em-convento-historico-de-sp\/\",\"name\":\"Jaguar Land Rover exp\u00f5e carros em convento hist\u00f3rico de SP - Jornal do Carro - Estad\u00e3o\",\"isPartOf\":{\"@id\":\"https:\/\/jornaldocarro.estadao.com.br\/#website\"},\"primaryImageOfPage\":{\"@id\":\"https:\/\/jornaldocarro.estadao.com.br\/primeira-classe\/jaguar-land-rover-expoe-carros-em-convento-historico-de-sp\/#primaryimage\"},\"image\":{\"@id\":\"https:\/\/jornaldocarro.estadao.com.br\/primeira-classe\/jaguar-land-rover-expoe-carros-em-convento-historico-de-sp\/#primaryimage\"},\"thumbnailUrl\":\"https:\/\/fotos.jornaldocarro.estadao.com.br\/primeira-classe\/files\/2015\/12\/expo-ipiranga.jpg\",\"datePublished\":\"2015-12-03T23:29:27+00:00\",\"dateModified\":\"2015-12-03T23:29:27+00:00\",\"breadcrumb\":{\"@id\":\"https:\/\/jornaldocarro.estadao.com.br\/primeira-classe\/jaguar-land-rover-expoe-carros-em-convento-historico-de-sp\/#breadcrumb\"},\"inLanguage\":\"pt-BR\",\"potentialAction\":[{\"@type\":\"ReadAction\",\"target\":[\"https:\/\/jornaldocarro.estadao.com.br\/primeira-classe\/jaguar-land-rover-expoe-carros-em-convento-historico-de-sp\/\"]}]},{\"@type\":\"ImageObject\",\"inLanguage\":\"pt-BR\",\"@id\":\"https:\/\/jornaldocarro.estadao.com.br\/primeira-classe\/jaguar-land-rover-expoe-carros-em-convento-historico-de-sp\/#primaryimage\",\"url\":\"https:\/\/fotos.jornaldocarro.estadao.com.br\/primeira-classe\/files\/2015\/12\/expo-ipiranga.jpg\",\"contentUrl\":\"https:\/\/fotos.jornaldocarro.estadao.com.br\/primeira-classe\/files\/2015\/12\/expo-ipiranga.jpg\"},{\"@type\":\"BreadcrumbList\",\"@id\":\"https:\/\/jornaldocarro.estadao.com.br\/primeira-classe\/jaguar-land-rover-expoe-carros-em-convento-historico-de-sp\/#breadcrumb\",\"itemListElement\":[{\"@type\":\"ListItem\",\"position\":1,\"name\":\"In\u00edcio\",\"item\":\"https:\/\/jornaldocarro.estadao.com.br\/\"},{\"@type\":\"ListItem\",\"position\":2,\"name\":\"Primeira Classe\",\"item\":\"https:\/\/jornaldocarro.estadao.com.br\/primeira-classe\/\"},{\"@type\":\"ListItem\",\"position\":3,\"name\":\"Jaguar Land Rover exp\u00f5e carros em convento hist\u00f3rico de SP\"}]},{\"@type\":\"WebSite\",\"@id\":\"https:\/\/jornaldocarro.estadao.com.br\/#website\",\"url\":\"https:\/\/jornaldocarro.estadao.com.br\/\",\"name\":\"Jornal do Carro - Estad\u00e3o\",\"description\":\"O portal sobre carros, motos e tudo sobre o tema ve\u00edculos no Estad\u00e3o. Fique por dentro de lan\u00e7amentos e de hist\u00f3rias dos leitores e seus carros.\",\"potentialAction\":[{\"@type\":\"SearchAction\",\"target\":{\"@type\":\"EntryPoint\",\"urlTemplate\":\"https:\/\/jornaldocarro.estadao.com.br\/?s={search_term_string}\"},\"query-input\":{\"@type\":\"PropertyValueSpecification\",\"valueRequired\":true,\"valueName\":\"search_term_string\"}}],\"inLanguage\":\"pt-BR\"}]}<\/script>\n<!-- \/ Yoast SEO plugin. -->","yoast_head_json":{"title":"Jaguar Land Rover exp\u00f5e carros em convento hist\u00f3rico de SP - Jornal do Carro - Estad\u00e3o","robots":{"index":"noindex","follow":"follow"},"twitter_card":"summary_large_image","twitter_title":"Jaguar Land Rover exp\u00f5e carros em convento hist\u00f3rico de SP - Jornal do Carro - Estad\u00e3o","twitter_description":"Exposi\u00e7\u00e3o \u00e9 parte de a\u00e7\u00e3o que inclui m\u00fasica, arte e gastronomia","twitter_image":"https:\/\/fotos.jornaldocarro.estadao.com.br\/primeira-classe\/files\/2015\/12\/expo-ipiranga.jpg","twitter_misc":{"Est. tempo de leitura":"2 minutos"},"schema":{"@context":"https:\/\/schema.org","@graph":[{"@type":"WebPage","@id":"https:\/\/jornaldocarro.estadao.com.br\/primeira-classe\/jaguar-land-rover-expoe-carros-em-convento-historico-de-sp\/","url":"https:\/\/jornaldocarro.estadao.com.br\/primeira-classe\/jaguar-land-rover-expoe-carros-em-convento-historico-de-sp\/","name":"Jaguar Land Rover exp\u00f5e carros em convento hist\u00f3rico de SP - Jornal do Carro - Estad\u00e3o","isPartOf":{"@id":"https:\/\/jornaldocarro.estadao.com.br\/#website"},"primaryImageOfPage":{"@id":"https:\/\/jornaldocarro.estadao.com.br\/primeira-classe\/jaguar-land-rover-expoe-carros-em-convento-historico-de-sp\/#primaryimage"},"image":{"@id":"https:\/\/jornaldocarro.estadao.com.br\/primeira-classe\/jaguar-land-rover-expoe-carros-em-convento-historico-de-sp\/#primaryimage"},"thumbnailUrl":"https:\/\/fotos.jornaldocarro.estadao.com.br\/primeira-classe\/files\/2015\/12\/expo-ipiranga.jpg","datePublished":"2015-12-03T23:29:27+00:00","dateModified":"2015-12-03T23:29:27+00:00","breadcrumb":{"@id":"https:\/\/jornaldocarro.estadao.com.br\/primeira-classe\/jaguar-land-rover-expoe-carros-em-convento-historico-de-sp\/#breadcrumb"},"inLanguage":"pt-BR","potentialAction":[{"@type":"ReadAction","target":["https:\/\/jornaldocarro.estadao.com.br\/primeira-classe\/jaguar-land-rover-expoe-carros-em-convento-historico-de-sp\/"]}]},{"@type":"ImageObject","inLanguage":"pt-BR","@id":"https:\/\/jornaldocarro.estadao.com.br\/primeira-classe\/jaguar-land-rover-expoe-carros-em-convento-historico-de-sp\/#primaryimage","url":"https:\/\/fotos.jornaldocarro.estadao.com.br\/primeira-classe\/files\/2015\/12\/expo-ipiranga.jpg","contentUrl":"https:\/\/fotos.jornaldocarro.estadao.com.br\/primeira-classe\/files\/2015\/12\/expo-ipiranga.jpg"},{"@type":"BreadcrumbList","@id":"https:\/\/jornaldocarro.estadao.com.br\/primeira-classe\/jaguar-land-rover-expoe-carros-em-convento-historico-de-sp\/#breadcrumb","itemListElement":[{"@type":"ListItem","position":1,"name":"In\u00edcio","item":"https:\/\/jornaldocarro.estadao.com.br\/"},{"@type":"ListItem","position":2,"name":"Primeira Classe","item":"https:\/\/jornaldocarro.estadao.com.br\/primeira-classe\/"},{"@type":"ListItem","position":3,"name":"Jaguar Land Rover exp\u00f5e carros em convento hist\u00f3rico de SP"}]},{"@type":"WebSite","@id":"https:\/\/jornaldocarro.estadao.com.br\/#website","url":"https:\/\/jornaldocarro.estadao.com.br\/","name":"Jornal do Carro - Estad\u00e3o","description":"O portal sobre carros, motos e tudo sobre o tema ve\u00edculos no Estad\u00e3o. Fique por dentro de lan\u00e7amentos e de hist\u00f3rias dos leitores e seus carros.","potentialAction":[{"@type":"SearchAction","target":{"@type":"EntryPoint","urlTemplate":"https:\/\/jornaldocarro.estadao.com.br\/?s={search_term_string}"},"query-input":{"@type":"PropertyValueSpecification","valueRequired":true,"valueName":"search_term_string"}}],"inLanguage":"pt-BR"}]}},"_links":{"self":[{"href":"https:\/\/jornaldocarro.estadao.com.br\/api\/wp\/v2\/blog_primeira_classe\/2704","targetHints":{"allow":["GET"]}}],"collection":[{"href":"https:\/\/jornaldocarro.estadao.com.br\/api\/wp\/v2\/blog_primeira_classe"}],"about":[{"href":"https:\/\/jornaldocarro.estadao.com.br\/api\/wp\/v2\/types\/blog_primeira_classe"}],"version-history":[{"count":0,"href":"https:\/\/jornaldocarro.estadao.com.br\/api\/wp\/v2\/blog_primeira_classe\/2704\/revisions"}],"wp:attachment":[{"href":"https:\/\/jornaldocarro.estadao.com.br\/api\/wp\/v2\/media?parent=2704"}],"curies":[{"name":"wp","href":"https:\/\/api.w.org\/{rel}","templated":true}]}}