{"id":2824,"date":"2016-01-15T16:21:47","date_gmt":"2016-01-15T18:21:47","guid":{"rendered":"http:\/\/blogs.estadao.com.br\/primeira-classe\/?p=2824"},"modified":"2016-01-15T16:21:47","modified_gmt":"2016-01-15T18:21:47","slug":"leitores-elegem-carro-mais-aguardado-de-2016-veja-resultado","status":"publish","type":"blog_primeira_classe","link":"https:\/\/jornaldocarro.estadao.com.br\/primeira-classe\/leitores-elegem-carro-mais-aguardado-de-2016-veja-resultado\/","title":{"rendered":"Leitores elegem carro mais aguardado de 2016. Veja resultado"},"content":{"rendered":"<p>\u00a0<\/p>\n<figure id=\"attachment_2827\" aria-describedby=\"caption-attachment-2827\" style=\"width: 530px\" class=\"wp-caption alignnone\"><a rel=\"nofollow\" href=\"https:\/\/fotos.jornaldocarro.estadao.com.br\/primeira-classe\/files\/2016\/01\/kicks-salao2.jpg\"><img loading=\"lazy\" decoding=\"async\" class=\"size-full wp-image-2827\" src=\"https:\/\/fotos.jornaldocarro.estadao.com.br\/primeira-classe\/files\/2016\/01\/kicks-salao2.jpg\" alt=\"\" width=\"530\" height=\"353\"><\/a><figcaption id=\"caption-attachment-2827\" class=\"wp-caption-text\">Prot\u00f3tipo foi apresentado no Sal\u00e3o do Autom\u00f3vel de 2014 (Foto: Werther Santana\/Estad\u00e3o)<\/figcaption><\/figure>\n<p>\u00a0<\/p><p>Ap\u00f3s dez dias de vota\u00e7\u00e3o, a enquete sobre o lan\u00e7amento mais esperado para 2016 foi encerrada. E o campe\u00e3o, com ampla vantagem, foi o Kicks, cuja chegada \u00e0s concession\u00e1rias a Nissan confirmou recentemente.<\/p>\n  <div style=\"width: 100%;\" id=\"render-hmeio-1\"><\/div>\n    <script type=\"text\/javascript\">\n      if(window.innerWidth > 1){\n        $(\"#render-hmeio-1\").append(`\n          <div class=\"area-publicidade-rectangular hmeio\">\n            <p>Publicidade\n            <div class=\"area-publicidade\">\n              <div id=\"hmeio1\">\n            \n          \n        `);\n\n        \n    window.jornaldocarro = window.jornaldocarro || {};\n    window.jornaldocarro.slotsAds = window.jornaldocarro.slotsAds || [];\n    window.jornaldocarro.slotsAds.push(\"hmeio1\");\n  \n      }\n    <\/script>\n  <br><p><strong>(No Instagram: @blogprimeiraclasse)<\/strong><\/p><p>O crossover ser\u00e1 a vers\u00e3o final do prot\u00f3tipo apresentado no Sal\u00e3o do Autom\u00f3vel de 2014. Ele chegar\u00e1 ao mercado at\u00e9 o fim do ano; a expectativa \u00e9 que seja apresentado no per\u00edodo das Olimp\u00edadas do Rio, evento do qual a Nissan \u00e9 a principal patrocinadora \u2013 e que ocorrer\u00e1 entre 5 e 21 de agosto.<\/p><p>O modelo compacto vem para concorrer com Honda HR-V, Jeep Renegade, Renault Duster e Ford EcoSport, entre outros. Na enquete, ele obteve 57,46% dos votos (veja detalhes abaixo).<\/p>\n  <div style=\"width: 100%;\" id=\"render-hmeio-2\"><\/div>\n    <script type=\"text\/javascript\">\n      if(window.innerWidth > 1){\n        $(\"#render-hmeio-2\").append(`\n          <div class=\"area-publicidade-rectangular hmeio\">\n            <p>Publicidade\n            <div class=\"area-publicidade\">\n              <div id=\"hmeio2\">\n            \n          \n        `);\n\n        \n    window.jornaldocarro = window.jornaldocarro || {};\n    window.jornaldocarro.slotsAds = window.jornaldocarro.slotsAds || [];\n    window.jornaldocarro.slotsAds.push(\"hmeio2\");\n  \n      }\n    <\/script>\n  <br><p>A nova gera\u00e7\u00e3o do Civic, prevista para o meio do ano, ficou com o segundo lugar. A Fiat Toro, que chega at\u00e9 o in\u00edcio de mar\u00e7o, foi a terceira colocada. A picape, com porte entre a da Strada e da Chevrolet S10, usa base do Renegade.<\/p><p>Fecham a lista a nova gera\u00e7\u00e3o do Chevrolet Cruze, em quarto lugar, e o in\u00e9dito compacto Fiat Mobi, em quinto.<\/p><p>[polldaddy poll=9258443]<\/p>\n  <div style=\"width: 100%;\" id=\"render-hmeio-3\"><\/div>\n    <script type=\"text\/javascript\">\n      if(window.innerWidth > 1){\n        $(\"#render-hmeio-3\").append(`\n          <div class=\"area-publicidade-rectangular hmeio\">\n            <p>Publicidade\n            <div class=\"area-publicidade\">\n              <div id=\"hmeio3\">\n            \n          \n        `);\n\n        \n    window.jornaldocarro = window.jornaldocarro || {};\n    window.jornaldocarro.slotsAds = window.jornaldocarro.slotsAds || [];\n    window.jornaldocarro.slotsAds.push(\"hmeio3\");\n  \n      }\n    <\/script>\n  <br>","protected":false},"excerpt":{"rendered":"<p>Disputa foi entre Kicks, Civic, Mobi, Cruze e Toro<\/p>\n","protected":false},"featured_media":0,"template":"","class_list":["post-2824","blog_primeira_classe","type-blog_primeira_classe","status-publish","hentry","tags_primeira_classe-carros","tags_primeira_classe-chevrolet-cruze","tags_primeira_classe-enquete","tags_primeira_classe-enquete-2","tags_primeira_classe-fiat-mobi","tags_primeira_classe-fiat-toro","tags_primeira_classe-honda-civic","tags_primeira_classe-nissan-kicks"],"yoast_head":"<!-- This site is optimized with the Yoast SEO plugin v23.5 - https:\/\/yoast.com\/wordpress\/plugins\/seo\/ -->\n<title>Leitores elegem carro mais aguardado de 2016. Veja resultado - Jornal do Carro - Estad\u00e3o<\/title>\n<meta name=\"robots\" content=\"noindex, follow\" \/>\n<meta name=\"twitter:card\" content=\"summary_large_image\" \/>\n<meta name=\"twitter:title\" content=\"Leitores elegem carro mais aguardado de 2016. Veja resultado - Jornal do Carro - Estad\u00e3o\" \/>\n<meta name=\"twitter:description\" content=\"Disputa foi entre Kicks, Civic, Mobi, Cruze e Toro\" \/>\n<meta name=\"twitter:image\" content=\"https:\/\/fotos.jornaldocarro.estadao.com.br\/primeira-classe\/files\/2016\/01\/kicks-salao2.jpg\" \/>\n<meta name=\"twitter:label1\" content=\"Est. tempo de leitura\" \/>\n\t<meta name=\"twitter:data1\" content=\"1 minuto\" \/>\n<script type=\"application\/ld+json\" class=\"yoast-schema-graph\">{\"@context\":\"https:\/\/schema.org\",\"@graph\":[{\"@type\":\"WebPage\",\"@id\":\"https:\/\/jornaldocarro.estadao.com.br\/primeira-classe\/leitores-elegem-carro-mais-aguardado-de-2016-veja-resultado\/\",\"url\":\"https:\/\/jornaldocarro.estadao.com.br\/primeira-classe\/leitores-elegem-carro-mais-aguardado-de-2016-veja-resultado\/\",\"name\":\"Leitores elegem carro mais aguardado de 2016. Veja resultado - Jornal do Carro - Estad\u00e3o\",\"isPartOf\":{\"@id\":\"https:\/\/jornaldocarro.estadao.com.br\/#website\"},\"primaryImageOfPage\":{\"@id\":\"https:\/\/jornaldocarro.estadao.com.br\/primeira-classe\/leitores-elegem-carro-mais-aguardado-de-2016-veja-resultado\/#primaryimage\"},\"image\":{\"@id\":\"https:\/\/jornaldocarro.estadao.com.br\/primeira-classe\/leitores-elegem-carro-mais-aguardado-de-2016-veja-resultado\/#primaryimage\"},\"thumbnailUrl\":\"https:\/\/fotos.jornaldocarro.estadao.com.br\/primeira-classe\/files\/2016\/01\/kicks-salao2.jpg\",\"datePublished\":\"2016-01-15T18:21:47+00:00\",\"dateModified\":\"2016-01-15T18:21:47+00:00\",\"breadcrumb\":{\"@id\":\"https:\/\/jornaldocarro.estadao.com.br\/primeira-classe\/leitores-elegem-carro-mais-aguardado-de-2016-veja-resultado\/#breadcrumb\"},\"inLanguage\":\"pt-BR\",\"potentialAction\":[{\"@type\":\"ReadAction\",\"target\":[\"https:\/\/jornaldocarro.estadao.com.br\/primeira-classe\/leitores-elegem-carro-mais-aguardado-de-2016-veja-resultado\/\"]}]},{\"@type\":\"ImageObject\",\"inLanguage\":\"pt-BR\",\"@id\":\"https:\/\/jornaldocarro.estadao.com.br\/primeira-classe\/leitores-elegem-carro-mais-aguardado-de-2016-veja-resultado\/#primaryimage\",\"url\":\"https:\/\/fotos.jornaldocarro.estadao.com.br\/primeira-classe\/files\/2016\/01\/kicks-salao2.jpg\",\"contentUrl\":\"https:\/\/fotos.jornaldocarro.estadao.com.br\/primeira-classe\/files\/2016\/01\/kicks-salao2.jpg\"},{\"@type\":\"BreadcrumbList\",\"@id\":\"https:\/\/jornaldocarro.estadao.com.br\/primeira-classe\/leitores-elegem-carro-mais-aguardado-de-2016-veja-resultado\/#breadcrumb\",\"itemListElement\":[{\"@type\":\"ListItem\",\"position\":1,\"name\":\"In\u00edcio\",\"item\":\"https:\/\/jornaldocarro.estadao.com.br\/\"},{\"@type\":\"ListItem\",\"position\":2,\"name\":\"Primeira Classe\",\"item\":\"https:\/\/jornaldocarro.estadao.com.br\/primeira-classe\/\"},{\"@type\":\"ListItem\",\"position\":3,\"name\":\"Leitores elegem carro mais aguardado de 2016. Veja resultado\"}]},{\"@type\":\"WebSite\",\"@id\":\"https:\/\/jornaldocarro.estadao.com.br\/#website\",\"url\":\"https:\/\/jornaldocarro.estadao.com.br\/\",\"name\":\"Jornal do Carro - Estad\u00e3o\",\"description\":\"O portal sobre carros, motos e tudo sobre o tema ve\u00edculos no Estad\u00e3o. Fique por dentro de lan\u00e7amentos e de hist\u00f3rias dos leitores e seus carros.\",\"potentialAction\":[{\"@type\":\"SearchAction\",\"target\":{\"@type\":\"EntryPoint\",\"urlTemplate\":\"https:\/\/jornaldocarro.estadao.com.br\/?s={search_term_string}\"},\"query-input\":{\"@type\":\"PropertyValueSpecification\",\"valueRequired\":true,\"valueName\":\"search_term_string\"}}],\"inLanguage\":\"pt-BR\"}]}<\/script>\n<!-- \/ Yoast SEO plugin. -->","yoast_head_json":{"title":"Leitores elegem carro mais aguardado de 2016. Veja resultado - Jornal do Carro - Estad\u00e3o","robots":{"index":"noindex","follow":"follow"},"twitter_card":"summary_large_image","twitter_title":"Leitores elegem carro mais aguardado de 2016. Veja resultado - Jornal do Carro - Estad\u00e3o","twitter_description":"Disputa foi entre Kicks, Civic, Mobi, Cruze e Toro","twitter_image":"https:\/\/fotos.jornaldocarro.estadao.com.br\/primeira-classe\/files\/2016\/01\/kicks-salao2.jpg","twitter_misc":{"Est. tempo de leitura":"1 minuto"},"schema":{"@context":"https:\/\/schema.org","@graph":[{"@type":"WebPage","@id":"https:\/\/jornaldocarro.estadao.com.br\/primeira-classe\/leitores-elegem-carro-mais-aguardado-de-2016-veja-resultado\/","url":"https:\/\/jornaldocarro.estadao.com.br\/primeira-classe\/leitores-elegem-carro-mais-aguardado-de-2016-veja-resultado\/","name":"Leitores elegem carro mais aguardado de 2016. Veja resultado - Jornal do Carro - Estad\u00e3o","isPartOf":{"@id":"https:\/\/jornaldocarro.estadao.com.br\/#website"},"primaryImageOfPage":{"@id":"https:\/\/jornaldocarro.estadao.com.br\/primeira-classe\/leitores-elegem-carro-mais-aguardado-de-2016-veja-resultado\/#primaryimage"},"image":{"@id":"https:\/\/jornaldocarro.estadao.com.br\/primeira-classe\/leitores-elegem-carro-mais-aguardado-de-2016-veja-resultado\/#primaryimage"},"thumbnailUrl":"https:\/\/fotos.jornaldocarro.estadao.com.br\/primeira-classe\/files\/2016\/01\/kicks-salao2.jpg","datePublished":"2016-01-15T18:21:47+00:00","dateModified":"2016-01-15T18:21:47+00:00","breadcrumb":{"@id":"https:\/\/jornaldocarro.estadao.com.br\/primeira-classe\/leitores-elegem-carro-mais-aguardado-de-2016-veja-resultado\/#breadcrumb"},"inLanguage":"pt-BR","potentialAction":[{"@type":"ReadAction","target":["https:\/\/jornaldocarro.estadao.com.br\/primeira-classe\/leitores-elegem-carro-mais-aguardado-de-2016-veja-resultado\/"]}]},{"@type":"ImageObject","inLanguage":"pt-BR","@id":"https:\/\/jornaldocarro.estadao.com.br\/primeira-classe\/leitores-elegem-carro-mais-aguardado-de-2016-veja-resultado\/#primaryimage","url":"https:\/\/fotos.jornaldocarro.estadao.com.br\/primeira-classe\/files\/2016\/01\/kicks-salao2.jpg","contentUrl":"https:\/\/fotos.jornaldocarro.estadao.com.br\/primeira-classe\/files\/2016\/01\/kicks-salao2.jpg"},{"@type":"BreadcrumbList","@id":"https:\/\/jornaldocarro.estadao.com.br\/primeira-classe\/leitores-elegem-carro-mais-aguardado-de-2016-veja-resultado\/#breadcrumb","itemListElement":[{"@type":"ListItem","position":1,"name":"In\u00edcio","item":"https:\/\/jornaldocarro.estadao.com.br\/"},{"@type":"ListItem","position":2,"name":"Primeira Classe","item":"https:\/\/jornaldocarro.estadao.com.br\/primeira-classe\/"},{"@type":"ListItem","position":3,"name":"Leitores elegem carro mais aguardado de 2016. Veja resultado"}]},{"@type":"WebSite","@id":"https:\/\/jornaldocarro.estadao.com.br\/#website","url":"https:\/\/jornaldocarro.estadao.com.br\/","name":"Jornal do Carro - Estad\u00e3o","description":"O portal sobre carros, motos e tudo sobre o tema ve\u00edculos no Estad\u00e3o. Fique por dentro de lan\u00e7amentos e de hist\u00f3rias dos leitores e seus carros.","potentialAction":[{"@type":"SearchAction","target":{"@type":"EntryPoint","urlTemplate":"https:\/\/jornaldocarro.estadao.com.br\/?s={search_term_string}"},"query-input":{"@type":"PropertyValueSpecification","valueRequired":true,"valueName":"search_term_string"}}],"inLanguage":"pt-BR"}]}},"_links":{"self":[{"href":"https:\/\/jornaldocarro.estadao.com.br\/api\/wp\/v2\/blog_primeira_classe\/2824","targetHints":{"allow":["GET"]}}],"collection":[{"href":"https:\/\/jornaldocarro.estadao.com.br\/api\/wp\/v2\/blog_primeira_classe"}],"about":[{"href":"https:\/\/jornaldocarro.estadao.com.br\/api\/wp\/v2\/types\/blog_primeira_classe"}],"version-history":[{"count":0,"href":"https:\/\/jornaldocarro.estadao.com.br\/api\/wp\/v2\/blog_primeira_classe\/2824\/revisions"}],"wp:attachment":[{"href":"https:\/\/jornaldocarro.estadao.com.br\/api\/wp\/v2\/media?parent=2824"}],"curies":[{"name":"wp","href":"https:\/\/api.w.org\/{rel}","templated":true}]}}