{"id":2853,"date":"2016-01-27T16:55:02","date_gmt":"2016-01-27T18:55:02","guid":{"rendered":"http:\/\/blogs.estadao.com.br\/primeira-classe\/?p=2853"},"modified":"2016-01-27T16:55:02","modified_gmt":"2016-01-27T18:55:02","slug":"conheca-o-s-65-amg-o-mercedes-benz-de-mais-de-r-1-milhao","status":"publish","type":"blog_primeira_classe","link":"https:\/\/jornaldocarro.estadao.com.br\/primeira-classe\/conheca-o-s-65-amg-o-mercedes-benz-de-mais-de-r-1-milhao\/","title":{"rendered":"Conhe\u00e7a o S 65 AMG, o Mercedes-Benz de mais de R$ 1 milh\u00e3o"},"content":{"rendered":"<p><a rel=\"nofollow\" href=\"https:\/\/fotos.jornaldocarro.estadao.com.br\/primeira-classe\/files\/2016\/01\/s65-1.jpg\"><img loading=\"lazy\" decoding=\"async\" class=\"alignnone size-full wp-image-2854\" src=\"https:\/\/fotos.jornaldocarro.estadao.com.br\/primeira-classe\/files\/2016\/01\/s65-1.jpg\" alt=\"\" width=\"530\" height=\"323\"><\/a><\/p><p>\u00a0<\/p><p>Na nova tabela da Mercedes-Benz, al\u00e9m de aumento nos pre\u00e7os de v\u00e1rios modelos (leia <a rel=\"nofollow\" href=\"https:\/\/www.estadao.com.br\/jornal-do-carro\/noticias\/mercado,carros-da-mercedes-ja-passam-de-r-1-mi,27347,0.htm\">aqui<\/a>), agora h\u00e1 uma linha que custa mais de R$ 1 milh\u00e3o. Trata-se da gama S 65 AMG, nas vers\u00f5es sed\u00e3 de entre-eixos longo e cup\u00ea. Mas o que esse carro tem de t\u00e3o especial para ser mais caro que o superesportivo AMG GT, por exemplo?<\/p>\n  <div style=\"width: 100%;\" id=\"render-hmeio-1\"><\/div>\n    <script type=\"text\/javascript\">\n      if(window.innerWidth > 1){\n        $(\"#render-hmeio-1\").append(`\n          <div class=\"area-publicidade-rectangular hmeio\">\n            <p>Publicidade\n            <div class=\"area-publicidade\">\n              <div id=\"hmeio1\">\n            \n          \n        `);\n\n        \n    window.jornaldocarro = window.jornaldocarro || {};\n    window.jornaldocarro.slotsAds = window.jornaldocarro.slotsAds || [];\n    window.jornaldocarro.slotsAds.push(\"hmeio1\");\n  \n      }\n    <\/script>\n  <br><p><strong>(No Instagram: @blogprimeiraclasse)<\/strong><\/p><p>Primeiramente, uma informa\u00e7\u00e3o importante: esses dois modelos s\u00e3o novos na linha Mercedes-Benz do Brasil. At\u00e9 ent\u00e3o, s\u00f3 estava dispon\u00edvel o S 63 AMG (tamb\u00e9m cup\u00ea e sed\u00e3). Ambos s\u00e3o vers\u00f5es preparadas dos modelos da gama topo de linha da marca, a Classe S.<\/p><p><a rel=\"nofollow\" href=\"https:\/\/fotos.jornaldocarro.estadao.com.br\/primeira-classe\/files\/2016\/01\/s65-2.jpg\"><img loading=\"lazy\" decoding=\"async\" class=\"alignnone size-full wp-image-2855\" src=\"https:\/\/fotos.jornaldocarro.estadao.com.br\/primeira-classe\/files\/2016\/01\/s65-2.jpg\" alt=\"\" width=\"530\" height=\"310\"><\/a><\/p>\n  <div style=\"width: 100%;\" id=\"render-hmeio-2\"><\/div>\n    <script type=\"text\/javascript\">\n      if(window.innerWidth > 1){\n        $(\"#render-hmeio-2\").append(`\n          <div class=\"area-publicidade-rectangular hmeio\">\n            <p>Publicidade\n            <div class=\"area-publicidade\">\n              <div id=\"hmeio2\">\n            \n          \n        `);\n\n        \n    window.jornaldocarro = window.jornaldocarro || {};\n    window.jornaldocarro.slotsAds = window.jornaldocarro.slotsAds || [];\n    window.jornaldocarro.slotsAds.push(\"hmeio2\");\n  \n      }\n    <\/script>\n  <br><p>O S 65 AMG, feito com foco no mercado norte-americano \u2013 o S 63 \u00e9 mais dedicado aos pa\u00edses da Europa -, se diferencia por ser um pouco maior. E dimens\u00f5es e no motor.<\/p><p>Em vez do V8 biturbo do 63, o 65 usa um V12, tamb\u00e9m turbo, com 6 litros e 620 cv de pot\u00eancia. De acordo com informa\u00e7\u00f5es da Mercedes-Benz, o sed\u00e3 acelera de 0 a 100 km\/h em 4,3 segundos. Para as duas op\u00e7\u00f5es de carroceria, a velocidade \u00e9 limitada eletronicamente a 250 km\/h.<\/p><p><a rel=\"nofollow\" href=\"https:\/\/fotos.jornaldocarro.estadao.com.br\/primeira-classe\/files\/2016\/01\/s65-3.jpg\"><img loading=\"lazy\" decoding=\"async\" class=\"alignnone size-full wp-image-2856\" src=\"https:\/\/fotos.jornaldocarro.estadao.com.br\/primeira-classe\/files\/2016\/01\/s65-3.jpg\" alt=\"\" width=\"530\" height=\"359\"><\/a><\/p>\n  <div style=\"width: 100%;\" id=\"render-hmeio-3\"><\/div>\n    <script type=\"text\/javascript\">\n      if(window.innerWidth > 1){\n        $(\"#render-hmeio-3\").append(`\n          <div class=\"area-publicidade-rectangular hmeio\">\n            <p>Publicidade\n            <div class=\"area-publicidade\">\n              <div id=\"hmeio3\">\n            \n          \n        `);\n\n        \n    window.jornaldocarro = window.jornaldocarro || {};\n    window.jornaldocarro.slotsAds = window.jornaldocarro.slotsAds || [];\n    window.jornaldocarro.slotsAds.push(\"hmeio3\");\n  \n      }\n    <\/script>\n  <br><p>Mais que a pot\u00eancia e o desempenho, o que mais impressiona \u00e9 o torque desse esportivo. S\u00e3o 1.000 NM, equivalentes 102 mkgf (par\u00e2metro utilizado no Brasil). Sabe quanto tem um carro 1.0, por exemplo? Uns 12 mkgf, no m\u00e1ximo. Um A3 Sedan com motor 1.4 turbo? 25,5 mkgf. O pr\u00f3prio S 63 (cujo V8 gera 585 cv)? 90 mkgf. Imagine ent\u00e3o a for\u00e7a do S 65 em acelera\u00e7\u00f5es e retomadas?<\/p><p>Outras caracter\u00edsticas que chamam a aten\u00e7\u00e3o nesse modelo s\u00e3o os far\u00f3is, cada um com 47 cristais Swarovski. As baterias convencionais s\u00e3o de \u00edons de l\u00edtio, como a de carros el\u00e9tricos. Isso permitiu ao carro, na compara\u00e7\u00e3o com a gera\u00e7\u00e3o anterior, \u201cemagrecer\u201d 20 quilos.<\/p><p><a rel=\"nofollow\" href=\"https:\/\/fotos.jornaldocarro.estadao.com.br\/primeira-classe\/files\/2016\/01\/s65-5.jpg\"><img loading=\"lazy\" decoding=\"async\" class=\"alignnone size-full wp-image-2858\" src=\"https:\/\/fotos.jornaldocarro.estadao.com.br\/primeira-classe\/files\/2016\/01\/s65-5.jpg\" alt=\"\" width=\"530\" height=\"348\"><\/a><\/p>\n  <div style=\"width: 100%;\" id=\"render-hmeio-4\"><\/div>\n    <script type=\"text\/javascript\">\n      if(window.innerWidth > 1){\n        $(\"#render-hmeio-4\").append(`\n          <div class=\"area-publicidade-rectangular hmeio\">\n            <p>Publicidade\n            <div class=\"area-publicidade\">\n              <div id=\"hmeio4\">\n            \n          \n        `);\n\n        \n    window.jornaldocarro = window.jornaldocarro || {};\n    window.jornaldocarro.slotsAds = window.jornaldocarro.slotsAds || [];\n    window.jornaldocarro.slotsAds.push(\"hmeio4\");\n  \n      }\n    <\/script>\n  <br><p>O pre\u00e7o? S\u00e3o R$ 1.008.900 para o sed\u00e3 e R$ 1.070.000 para o cup\u00ea. As vendas s\u00e3o s\u00f3 por encomenda.<\/p><p>E as fotos s\u00e3o da vers\u00e3o cup\u00ea, que \u00e9 bem mais bonita que a sed\u00e3.<\/p><p><a rel=\"nofollow\" href=\"https:\/\/fotos.jornaldocarro.estadao.com.br\/primeira-classe\/files\/2016\/01\/s65-4.jpg\"><img loading=\"lazy\" decoding=\"async\" class=\"alignnone size-full wp-image-2857\" src=\"https:\/\/fotos.jornaldocarro.estadao.com.br\/primeira-classe\/files\/2016\/01\/s65-4.jpg\" alt=\"\" width=\"530\" height=\"376\"><\/a><\/p>\n  <div style=\"width: 100%;\" id=\"render-hmeio-5\"><\/div>\n    <script type=\"text\/javascript\">\n      if(window.innerWidth > 1){\n        $(\"#render-hmeio-5\").append(`\n          <div class=\"area-publicidade-rectangular hmeio\">\n            <p>Publicidade\n            <div class=\"area-publicidade\">\n              <div id=\"hmeio5\">\n            \n          \n        `);\n\n        \n    window.jornaldocarro = window.jornaldocarro || {};\n    window.jornaldocarro.slotsAds = window.jornaldocarro.slotsAds || [];\n    window.jornaldocarro.slotsAds.push(\"hmeio5\");\n  \n      }\n    <\/script>\n  <br>","protected":false},"excerpt":{"rendered":"<p>Carro tem at\u00e9 cristais Swarovski nos far\u00f3is. Veja fotos<\/p>\n","protected":false},"featured_media":0,"template":"","class_list":["post-2853","blog_primeira_classe","type-blog_primeira_classe","status-publish","hentry","tags_primeira_classe-amg","tags_primeira_classe-carro-de-luxo","tags_primeira_classe-carros","tags_primeira_classe-curiosidades","tags_primeira_classe-estilo-de-vida","tags_primeira_classe-estilo-de-vida-2","tags_primeira_classe-mercado","tags_primeira_classe-mercedes","tags_primeira_classe-mercedes-benz","tags_primeira_classe-s-65-amg"],"yoast_head":"<!-- This site is optimized with the Yoast SEO plugin v23.5 - https:\/\/yoast.com\/wordpress\/plugins\/seo\/ -->\n<title>Conhe\u00e7a o S 65 AMG, o Mercedes-Benz de mais de R$ 1 milh\u00e3o - Jornal do Carro - Estad\u00e3o<\/title>\n<meta name=\"robots\" content=\"noindex, follow\" \/>\n<meta name=\"twitter:card\" content=\"summary_large_image\" \/>\n<meta name=\"twitter:title\" content=\"Conhe\u00e7a o S 65 AMG, o Mercedes-Benz de mais de R$ 1 milh\u00e3o - Jornal do Carro - Estad\u00e3o\" \/>\n<meta name=\"twitter:description\" content=\"Carro tem at\u00e9 cristais Swarovski nos far\u00f3is. Veja fotos\" \/>\n<meta name=\"twitter:image\" content=\"https:\/\/fotos.jornaldocarro.estadao.com.br\/primeira-classe\/files\/2016\/01\/s65-1.jpg\" \/>\n<meta name=\"twitter:label1\" content=\"Est. tempo de leitura\" \/>\n\t<meta name=\"twitter:data1\" content=\"2 minutos\" \/>\n<script type=\"application\/ld+json\" class=\"yoast-schema-graph\">{\"@context\":\"https:\/\/schema.org\",\"@graph\":[{\"@type\":\"WebPage\",\"@id\":\"https:\/\/jornaldocarro.estadao.com.br\/primeira-classe\/conheca-o-s-65-amg-o-mercedes-benz-de-mais-de-r-1-milhao\/\",\"url\":\"https:\/\/jornaldocarro.estadao.com.br\/primeira-classe\/conheca-o-s-65-amg-o-mercedes-benz-de-mais-de-r-1-milhao\/\",\"name\":\"Conhe\u00e7a o S 65 AMG, o Mercedes-Benz de mais de R$ 1 milh\u00e3o - Jornal do Carro - Estad\u00e3o\",\"isPartOf\":{\"@id\":\"https:\/\/jornaldocarro.estadao.com.br\/#website\"},\"primaryImageOfPage\":{\"@id\":\"https:\/\/jornaldocarro.estadao.com.br\/primeira-classe\/conheca-o-s-65-amg-o-mercedes-benz-de-mais-de-r-1-milhao\/#primaryimage\"},\"image\":{\"@id\":\"https:\/\/jornaldocarro.estadao.com.br\/primeira-classe\/conheca-o-s-65-amg-o-mercedes-benz-de-mais-de-r-1-milhao\/#primaryimage\"},\"thumbnailUrl\":\"https:\/\/fotos.jornaldocarro.estadao.com.br\/primeira-classe\/files\/2016\/01\/s65-1.jpg\",\"datePublished\":\"2016-01-27T18:55:02+00:00\",\"dateModified\":\"2016-01-27T18:55:02+00:00\",\"breadcrumb\":{\"@id\":\"https:\/\/jornaldocarro.estadao.com.br\/primeira-classe\/conheca-o-s-65-amg-o-mercedes-benz-de-mais-de-r-1-milhao\/#breadcrumb\"},\"inLanguage\":\"pt-BR\",\"potentialAction\":[{\"@type\":\"ReadAction\",\"target\":[\"https:\/\/jornaldocarro.estadao.com.br\/primeira-classe\/conheca-o-s-65-amg-o-mercedes-benz-de-mais-de-r-1-milhao\/\"]}]},{\"@type\":\"ImageObject\",\"inLanguage\":\"pt-BR\",\"@id\":\"https:\/\/jornaldocarro.estadao.com.br\/primeira-classe\/conheca-o-s-65-amg-o-mercedes-benz-de-mais-de-r-1-milhao\/#primaryimage\",\"url\":\"https:\/\/fotos.jornaldocarro.estadao.com.br\/primeira-classe\/files\/2016\/01\/s65-1.jpg\",\"contentUrl\":\"https:\/\/fotos.jornaldocarro.estadao.com.br\/primeira-classe\/files\/2016\/01\/s65-1.jpg\"},{\"@type\":\"BreadcrumbList\",\"@id\":\"https:\/\/jornaldocarro.estadao.com.br\/primeira-classe\/conheca-o-s-65-amg-o-mercedes-benz-de-mais-de-r-1-milhao\/#breadcrumb\",\"itemListElement\":[{\"@type\":\"ListItem\",\"position\":1,\"name\":\"In\u00edcio\",\"item\":\"https:\/\/jornaldocarro.estadao.com.br\/\"},{\"@type\":\"ListItem\",\"position\":2,\"name\":\"Primeira Classe\",\"item\":\"https:\/\/jornaldocarro.estadao.com.br\/primeira-classe\/\"},{\"@type\":\"ListItem\",\"position\":3,\"name\":\"Conhe\u00e7a o S 65 AMG, o Mercedes-Benz de mais de R$ 1 milh\u00e3o\"}]},{\"@type\":\"WebSite\",\"@id\":\"https:\/\/jornaldocarro.estadao.com.br\/#website\",\"url\":\"https:\/\/jornaldocarro.estadao.com.br\/\",\"name\":\"Jornal do Carro - Estad\u00e3o\",\"description\":\"O portal sobre carros, motos e tudo sobre o tema ve\u00edculos no Estad\u00e3o. Fique por dentro de lan\u00e7amentos e de hist\u00f3rias dos leitores e seus carros.\",\"potentialAction\":[{\"@type\":\"SearchAction\",\"target\":{\"@type\":\"EntryPoint\",\"urlTemplate\":\"https:\/\/jornaldocarro.estadao.com.br\/?s={search_term_string}\"},\"query-input\":{\"@type\":\"PropertyValueSpecification\",\"valueRequired\":true,\"valueName\":\"search_term_string\"}}],\"inLanguage\":\"pt-BR\"}]}<\/script>\n<!-- \/ Yoast SEO plugin. -->","yoast_head_json":{"title":"Conhe\u00e7a o S 65 AMG, o Mercedes-Benz de mais de R$ 1 milh\u00e3o - Jornal do Carro - Estad\u00e3o","robots":{"index":"noindex","follow":"follow"},"twitter_card":"summary_large_image","twitter_title":"Conhe\u00e7a o S 65 AMG, o Mercedes-Benz de mais de R$ 1 milh\u00e3o - Jornal do Carro - Estad\u00e3o","twitter_description":"Carro tem at\u00e9 cristais Swarovski nos far\u00f3is. Veja fotos","twitter_image":"https:\/\/fotos.jornaldocarro.estadao.com.br\/primeira-classe\/files\/2016\/01\/s65-1.jpg","twitter_misc":{"Est. tempo de leitura":"2 minutos"},"schema":{"@context":"https:\/\/schema.org","@graph":[{"@type":"WebPage","@id":"https:\/\/jornaldocarro.estadao.com.br\/primeira-classe\/conheca-o-s-65-amg-o-mercedes-benz-de-mais-de-r-1-milhao\/","url":"https:\/\/jornaldocarro.estadao.com.br\/primeira-classe\/conheca-o-s-65-amg-o-mercedes-benz-de-mais-de-r-1-milhao\/","name":"Conhe\u00e7a o S 65 AMG, o Mercedes-Benz de mais de R$ 1 milh\u00e3o - Jornal do Carro - Estad\u00e3o","isPartOf":{"@id":"https:\/\/jornaldocarro.estadao.com.br\/#website"},"primaryImageOfPage":{"@id":"https:\/\/jornaldocarro.estadao.com.br\/primeira-classe\/conheca-o-s-65-amg-o-mercedes-benz-de-mais-de-r-1-milhao\/#primaryimage"},"image":{"@id":"https:\/\/jornaldocarro.estadao.com.br\/primeira-classe\/conheca-o-s-65-amg-o-mercedes-benz-de-mais-de-r-1-milhao\/#primaryimage"},"thumbnailUrl":"https:\/\/fotos.jornaldocarro.estadao.com.br\/primeira-classe\/files\/2016\/01\/s65-1.jpg","datePublished":"2016-01-27T18:55:02+00:00","dateModified":"2016-01-27T18:55:02+00:00","breadcrumb":{"@id":"https:\/\/jornaldocarro.estadao.com.br\/primeira-classe\/conheca-o-s-65-amg-o-mercedes-benz-de-mais-de-r-1-milhao\/#breadcrumb"},"inLanguage":"pt-BR","potentialAction":[{"@type":"ReadAction","target":["https:\/\/jornaldocarro.estadao.com.br\/primeira-classe\/conheca-o-s-65-amg-o-mercedes-benz-de-mais-de-r-1-milhao\/"]}]},{"@type":"ImageObject","inLanguage":"pt-BR","@id":"https:\/\/jornaldocarro.estadao.com.br\/primeira-classe\/conheca-o-s-65-amg-o-mercedes-benz-de-mais-de-r-1-milhao\/#primaryimage","url":"https:\/\/fotos.jornaldocarro.estadao.com.br\/primeira-classe\/files\/2016\/01\/s65-1.jpg","contentUrl":"https:\/\/fotos.jornaldocarro.estadao.com.br\/primeira-classe\/files\/2016\/01\/s65-1.jpg"},{"@type":"BreadcrumbList","@id":"https:\/\/jornaldocarro.estadao.com.br\/primeira-classe\/conheca-o-s-65-amg-o-mercedes-benz-de-mais-de-r-1-milhao\/#breadcrumb","itemListElement":[{"@type":"ListItem","position":1,"name":"In\u00edcio","item":"https:\/\/jornaldocarro.estadao.com.br\/"},{"@type":"ListItem","position":2,"name":"Primeira Classe","item":"https:\/\/jornaldocarro.estadao.com.br\/primeira-classe\/"},{"@type":"ListItem","position":3,"name":"Conhe\u00e7a o S 65 AMG, o Mercedes-Benz de mais de R$ 1 milh\u00e3o"}]},{"@type":"WebSite","@id":"https:\/\/jornaldocarro.estadao.com.br\/#website","url":"https:\/\/jornaldocarro.estadao.com.br\/","name":"Jornal do Carro - Estad\u00e3o","description":"O portal sobre carros, motos e tudo sobre o tema ve\u00edculos no Estad\u00e3o. Fique por dentro de lan\u00e7amentos e de hist\u00f3rias dos leitores e seus carros.","potentialAction":[{"@type":"SearchAction","target":{"@type":"EntryPoint","urlTemplate":"https:\/\/jornaldocarro.estadao.com.br\/?s={search_term_string}"},"query-input":{"@type":"PropertyValueSpecification","valueRequired":true,"valueName":"search_term_string"}}],"inLanguage":"pt-BR"}]}},"_links":{"self":[{"href":"https:\/\/jornaldocarro.estadao.com.br\/api\/wp\/v2\/blog_primeira_classe\/2853","targetHints":{"allow":["GET"]}}],"collection":[{"href":"https:\/\/jornaldocarro.estadao.com.br\/api\/wp\/v2\/blog_primeira_classe"}],"about":[{"href":"https:\/\/jornaldocarro.estadao.com.br\/api\/wp\/v2\/types\/blog_primeira_classe"}],"version-history":[{"count":0,"href":"https:\/\/jornaldocarro.estadao.com.br\/api\/wp\/v2\/blog_primeira_classe\/2853\/revisions"}],"wp:attachment":[{"href":"https:\/\/jornaldocarro.estadao.com.br\/api\/wp\/v2\/media?parent=2853"}],"curies":[{"name":"wp","href":"https:\/\/api.w.org\/{rel}","templated":true}]}}