{"id":2868,"date":"2016-01-29T17:06:15","date_gmt":"2016-01-29T19:06:15","guid":{"rendered":"http:\/\/blogs.estadao.com.br\/primeira-classe\/?p=2868"},"modified":"2016-01-29T17:06:15","modified_gmt":"2016-01-29T19:06:15","slug":"land-rover-promove-a-viagem-mais-luxuosa-do-mundo","status":"publish","type":"blog_primeira_classe","link":"https:\/\/jornaldocarro.estadao.com.br\/primeira-classe\/land-rover-promove-a-viagem-mais-luxuosa-do-mundo\/","title":{"rendered":"Land Rover promove &#8216;a viagem mais luxuosa do mundo&#8217;"},"content":{"rendered":"<p><figure id=\"attachment_2873\" aria-describedby=\"caption-attachment-2873\" style=\"width: 530px\" class=\"wp-caption alignnone\"><a rel=\"nofollow\" href=\"https:\/\/fotos.jornaldocarro.estadao.com.br\/primeira-classe\/files\/2016\/01\/deserto-rr.jpg\"><img loading=\"lazy\" decoding=\"async\" class=\"size-full wp-image-2873\" src=\"https:\/\/fotos.jornaldocarro.estadao.com.br\/primeira-classe\/files\/2016\/01\/deserto-rr.jpg\" alt=\"\" width=\"530\" height=\"397\"><\/a><figcaption id=\"caption-attachment-2873\" class=\"wp-caption-text\">H\u00e1 regi\u00f5es de montanha, praia e deserto na viagem ao volante do Range Rover SVAutobiography (Foto: Land Rover\/Divulga\u00e7\u00e3o)<\/figcaption><\/figure>\n<\/p><p>\u00a0<\/p><p>A Land Rover divulgou hoje informa\u00e7\u00f5es sobre uma viagem que preparou em parceria com a ag\u00eancia de turismo inglesa especializada em roteiros de luxo Abercrombie &amp; Kent. Definida pela marca como \u201ca viagem mais luxuosa do mundo\u201d, ela passar\u00e1 por oito pa\u00edses, em quatro continentes, durante 21 dias, tendo Londres como pontos de partida e chegada. O pre\u00e7o? A partir de 100 mil libras, que equivalem a R$ 600 mil. O objetivo \u00e9 promover o lan\u00e7amento da nova vers\u00e3o SVAutobiography do Range Rover, que chega ao Brasil ainda este ano.<\/p>\n  <div style=\"width: 100%;\" id=\"render-hmeio-1\"><\/div>\n    <script type=\"text\/javascript\">\n      if(window.innerWidth > 1){\n        $(\"#render-hmeio-1\").append(`\n          <div class=\"area-publicidade-rectangular hmeio\">\n            <p>Publicidade\n            <div class=\"area-publicidade\">\n              <div id=\"hmeio1\">\n            \n          \n        `);\n\n        \n    window.jornaldocarro = window.jornaldocarro || {};\n    window.jornaldocarro.slotsAds = window.jornaldocarro.slotsAds || [];\n    window.jornaldocarro.slotsAds.push(\"hmeio1\");\n  \n      }\n    <\/script>\n  <br><p><strong>(No Instagram: @blogprimeiraclasse)<\/strong><\/p><p>O pacote, v\u00e1lido para qualquer \u00e9poca do ano, pode ser adquirido nas lojas f\u00edsicas da Abercrombie &amp; Kent em Londres, M\u00f4naco ou Abu Dabi, ou ainda pelo site da <a rel=\"nofollow\" href=\"https:\/\/www.landrover.com\/experiences\/adventure-travel\/index.html\">Land Rover Experience<\/a>. O foco da experi\u00eancia ser\u00e1 \u201croad trips\u201d ao volante do Range Rover SVAutobiography em belas estradas ao redor do mundo \u2013 tanto em trechos on-road quanto em trilhas fora de estrada.<\/p>\n<figure id=\"attachment_2871\" aria-describedby=\"caption-attachment-2871\" style=\"width: 530px\" class=\"wp-caption alignnone\"><a rel=\"nofollow\" href=\"https:\/\/fotos.jornaldocarro.estadao.com.br\/primeira-classe\/files\/2016\/01\/20150529_124038.jpg\"><img loading=\"lazy\" decoding=\"async\" class=\"size-full wp-image-2871\" src=\"https:\/\/fotos.jornaldocarro.estadao.com.br\/primeira-classe\/files\/2016\/01\/20150529_124038.jpg\" alt=\"\" width=\"530\" height=\"298\"><\/a><figcaption id=\"caption-attachment-2871\" class=\"wp-caption-text\">Portofino, uma das joias da Riviera Italiana (Fotos: Rafaela Borges\/Estad\u00e3o)<\/figcaption><\/figure>\n<p>Al\u00e9m disso, a hospedagem ser\u00e1 em hot\u00e9is badalados e luxuosos e os jantares, em restaurantes estrelados, como os do chefe franc\u00eas Joel Robuchon.<\/p>\n  <div style=\"width: 100%;\" id=\"render-hmeio-2\"><\/div>\n    <script type=\"text\/javascript\">\n      if(window.innerWidth > 1){\n        $(\"#render-hmeio-2\").append(`\n          <div class=\"area-publicidade-rectangular hmeio\">\n            <p>Publicidade\n            <div class=\"area-publicidade\">\n              <div id=\"hmeio2\">\n            \n          \n        `);\n\n        \n    window.jornaldocarro = window.jornaldocarro || {};\n    window.jornaldocarro.slotsAds = window.jornaldocarro.slotsAds || [];\n    window.jornaldocarro.slotsAds.push(\"hmeio2\");\n  \n      }\n    <\/script>\n  <br><p>A primeira parte da viagem, na Europa, ter\u00e1 sete dias e ser\u00e1 entre Fran\u00e7a e It\u00e1lia, com hospedagem no hotel Four Seasons de Cap Ferrat, na Riviera Francesa. As demais pernoites s\u00e3o na It\u00e1lia, no Splendido, em Portofino, no renomado Vila D\u2019Este, no Lago Como, e no San Lorenzo Mountain Lounge, nas montanhas Dolomitas.<\/p>\n<figure id=\"attachment_2869\" aria-describedby=\"caption-attachment-2869\" style=\"width: 530px\" class=\"wp-caption alignnone\"><a rel=\"nofollow\" href=\"https:\/\/fotos.jornaldocarro.estadao.com.br\/primeira-classe\/files\/2016\/01\/20150522_181733.jpg\"><img loading=\"lazy\" decoding=\"async\" class=\"size-full wp-image-2869\" src=\"https:\/\/fotos.jornaldocarro.estadao.com.br\/primeira-classe\/files\/2016\/01\/20150522_181733.jpg\" alt=\"\" width=\"530\" height=\"376\"><\/a><figcaption id=\"caption-attachment-2869\" class=\"wp-caption-text\">Estrada entre as rivieras da Fran\u00e7a e It\u00e1lia<\/figcaption><\/figure>\n<p>Extensos trechos ao volante do Range Rover, passeio de helic\u00f3ptero, caminhada na neve, piquenique, rapel, cruzeiro no Lago Como e uma visita \u00e0 deslumbrante regi\u00e3o do Cinque Terre (It\u00e1lia) est\u00e3o na programa\u00e7\u00e3o.<\/p><p>Na segunda parte, a partir do oitavo dia, os participantes embarcam de Veneza a Marrakech, no Marrocos, para dias de atividades ao volante no deserto (onde haver\u00e1 uma noite de estadia em camping privado). S\u00e3o tr\u00eas noites, duas delas no hotel Royal Mansour.<\/p>\n  <div style=\"width: 100%;\" id=\"render-hmeio-3\"><\/div>\n    <script type=\"text\/javascript\">\n      if(window.innerWidth > 1){\n        $(\"#render-hmeio-3\").append(`\n          <div class=\"area-publicidade-rectangular hmeio\">\n            <p>Publicidade\n            <div class=\"area-publicidade\">\n              <div id=\"hmeio3\">\n            \n          \n        `);\n\n        \n    window.jornaldocarro = window.jornaldocarro || {};\n    window.jornaldocarro.slotsAds = window.jornaldocarro.slotsAds || [];\n    window.jornaldocarro.slotsAds.push(\"hmeio3\");\n  \n      }\n    <\/script>\n  <br>\n<figure id=\"attachment_2870\" aria-describedby=\"caption-attachment-2870\" style=\"width: 298px\" class=\"wp-caption alignnone\"><a rel=\"nofollow\" href=\"https:\/\/fotos.jornaldocarro.estadao.com.br\/primeira-classe\/files\/2016\/01\/20150526_125112.jpg\"><img loading=\"lazy\" decoding=\"async\" class=\"size-full wp-image-2870\" src=\"https:\/\/fotos.jornaldocarro.estadao.com.br\/primeira-classe\/files\/2016\/01\/20150526_125112.jpg\" alt=\"\" width=\"298\" height=\"530\"><\/a><figcaption id=\"caption-attachment-2870\" class=\"wp-caption-text\">Trecho entre Nice e M\u00f4naco<\/figcaption><\/figure>\n<p>Em seguida, o roteiro segue para os Estados Unidos, com desembarque em Las Vegas, passeio de helic\u00f3ptero no Grand Canyon e viagens de Land Rover pelas estradas de Arizona e Utah.<\/p><p>Depois, os participantes v\u00e3o novamente para o deserto. Desta vez, no Atacama, no Chile.<\/p>\n<figure id=\"attachment_2872\" aria-describedby=\"caption-attachment-2872\" style=\"width: 530px\" class=\"wp-caption alignnone\"><a rel=\"nofollow\" href=\"https:\/\/fotos.jornaldocarro.estadao.com.br\/primeira-classe\/files\/2016\/01\/20150916_190744.jpg\"><img loading=\"lazy\" decoding=\"async\" class=\"size-full wp-image-2872\" src=\"https:\/\/fotos.jornaldocarro.estadao.com.br\/primeira-classe\/files\/2016\/01\/20150916_190744.jpg\" alt=\"\" width=\"530\" height=\"298\"><\/a><figcaption id=\"caption-attachment-2872\" class=\"wp-caption-text\">Veneza<\/figcaption><\/figure>\n<p>Por fim, o roteiro atingir\u00e1 a Oceania, com visitas a Sidney e Tasm\u00e2nia.<\/p>\n  <div style=\"width: 100%;\" id=\"render-hmeio-4\"><\/div>\n    <script type=\"text\/javascript\">\n      if(window.innerWidth > 1){\n        $(\"#render-hmeio-4\").append(`\n          <div class=\"area-publicidade-rectangular hmeio\">\n            <p>Publicidade\n            <div class=\"area-publicidade\">\n              <div id=\"hmeio4\">\n            \n          \n        `);\n\n        \n    window.jornaldocarro = window.jornaldocarro || {};\n    window.jornaldocarro.slotsAds = window.jornaldocarro.slotsAds || [];\n    window.jornaldocarro.slotsAds.push(\"hmeio4\");\n  \n      }\n    <\/script>\n  <br><p><strong>CONFIRA O ROTEIRO DETALHADO<\/strong><\/p><p>Dia 1 \u2013 Nice at\u00e9 Monaco<\/p><p>Almo\u00e7o no Joel Robuchon, no Metropole, em M\u00f4naco<\/p>\n  <div style=\"width: 100%;\" id=\"render-hmeio-5\"><\/div>\n    <script type=\"text\/javascript\">\n      if(window.innerWidth > 1){\n        $(\"#render-hmeio-5\").append(`\n          <div class=\"area-publicidade-rectangular hmeio\">\n            <p>Publicidade\n            <div class=\"area-publicidade\">\n              <div id=\"hmeio5\">\n            \n          \n        `);\n\n        \n    window.jornaldocarro = window.jornaldocarro || {};\n    window.jornaldocarro.slotsAds = window.jornaldocarro.slotsAds || [];\n    window.jornaldocarro.slotsAds.push(\"hmeio5\");\n  \n      }\n    <\/script>\n  <br><p>Estada no Four Seasons Cap Ferrat<\/p><p>Dia 2 \u2013 Hills of Provence<\/p><p>Aula de elabora\u00e7\u00e3o de fragr\u00e2ncia personalizada<\/p>\n  <div style=\"width: 100%;\" id=\"render-hmeio-6\"><\/div>\n    <script type=\"text\/javascript\">\n      if(window.innerWidth > 1){\n        $(\"#render-hmeio-6\").append(`\n          <div class=\"area-publicidade-rectangular hmeio\">\n            <p>Publicidade\n            <div class=\"area-publicidade\">\n              <div id=\"hmeio6\">\n            \n          \n        `);\n\n        \n    window.jornaldocarro = window.jornaldocarro || {};\n    window.jornaldocarro.slotsAds = window.jornaldocarro.slotsAds || [];\n    window.jornaldocarro.slotsAds.push(\"hmeio6\");\n  \n      }\n    <\/script>\n  <br><p>Almo\u00e7o no Chateau St Martin<\/p><p>Estada no Four Seasons Cap Ferrat<\/p><p>Dia 3 \u2013 Dire\u00e7\u00e3o pela costa at\u00e9 Portofino<\/p>\n  <div style=\"width: 100%;\" id=\"render-hmeio-7\"><\/div>\n    <script type=\"text\/javascript\">\n      if(window.innerWidth > 1){\n        $(\"#render-hmeio-7\").append(`\n          <div class=\"area-publicidade-rectangular hmeio\">\n            <p>Publicidade\n            <div class=\"area-publicidade\">\n              <div id=\"hmeio7\">\n            \n          \n        `);\n\n        renderPubNow('hmeio', 7)\n      }\n    <\/script>\n  <br><p>3 horas de dire\u00e7\u00e3o at\u00e9 Portofino pela estrada que beira a costa<\/p><p>Estada no Hotel Splendido, Portofino<\/p><p>Dia 4 \u2013 Cinque Terre<\/p>\n  <div style=\"width: 100%;\" id=\"render-hmeio-8\"><\/div>\n    <script type=\"text\/javascript\">\n      if(window.innerWidth > 1){\n        $(\"#render-hmeio-8\").append(`\n          <div class=\"area-publicidade-rectangular hmeio\">\n            <p>Publicidade\n            <div class=\"area-publicidade\">\n              <div id=\"hmeio8\">\n            \n          \n        `);\n\n        renderPubNow('hmeio', 8)\n      }\n    <\/script>\n  <br><p>Dire\u00e7\u00e3o ao longo da costa Cinque Terre<\/p><p>Almo\u00e7o no Italian Riviera<\/p><p>Estada no Hotel Splendido, Portofino<\/p>\n  <div style=\"width: 100%;\" id=\"render-hmeio-9\"><\/div>\n    <script type=\"text\/javascript\">\n      if(window.innerWidth > 1){\n        $(\"#render-hmeio-9\").append(`\n          <div class=\"area-publicidade-rectangular hmeio\">\n            <p>Publicidade\n            <div class=\"area-publicidade\">\n              <div id=\"hmeio9\">\n            \n          \n        `);\n\n        renderPubNow('hmeio', 9)\n      }\n    <\/script>\n  <br><p>Dia 5 \u2013 Cruzeiro no Lago Como<\/p><p>3 horas de dire\u00e7\u00e3o at\u00e9 o Lago Como<\/p><p>Um cruzeiro privado pelo Lago at\u00e9 a cidade de Bellagio<\/p>\n  <div style=\"width: 100%;\" id=\"render-hmeio-10\"><\/div>\n    <script type=\"text\/javascript\">\n      if(window.innerWidth > 1){\n        $(\"#render-hmeio-10\").append(`\n          <div class=\"area-publicidade-rectangular hmeio\">\n            <p>Publicidade\n            <div class=\"area-publicidade\">\n              <div id=\"hmeio10\">\n            \n          \n        `);\n\n        renderPubNow('hmeio', 10)\n      }\n    <\/script>\n  <br><p>Estada no Villa D\u2019Este<\/p><p>Dia 6 \u2013 Montanhas Dolomitas<\/p><p>5 horas de dire\u00e7\u00e3o at\u00e9 os lagos italianos nas montanhas Dolomitas<\/p>\n  <div style=\"width: 100%;\" id=\"render-hmeio-11\"><\/div>\n    <script type=\"text\/javascript\">\n      if(window.innerWidth > 1){\n        $(\"#render-hmeio-11\").append(`\n          <div class=\"area-publicidade-rectangular hmeio\">\n            <p>Publicidade\n            <div class=\"area-publicidade\">\n              <div id=\"hmeio11\">\n            \n          \n        `);\n\n        renderPubNow('hmeio', 11)\n      }\n    <\/script>\n  <br><p>Estada no San Lorenzo Mountain Lodge<\/p><p>Dia 7 \u2013 Picnic e Helic\u00f3ptero<\/p><p>Voar de helic\u00f3ptero para um discreto piquenique na geleira<\/p>\n  <div style=\"width: 100%;\" id=\"render-hmeio-12\"><\/div>\n    <script type=\"text\/javascript\">\n      if(window.innerWidth > 1){\n        $(\"#render-hmeio-12\").append(`\n          <div class=\"area-publicidade-rectangular hmeio\">\n            <p>Publicidade\n            <div class=\"area-publicidade\">\n              <div id=\"hmeio12\">\n            \n          \n        `);\n\n        renderPubNow('hmeio', 12)\n      }\n    <\/script>\n  <br><p>Caminhada pela neve e rapel na fenda<\/p><p>Estada no San Lorenzo Mountain Lodge<\/p><p>Dia 8 \u2013 Voo at\u00e9 Marrakech<\/p>\n  <div style=\"width: 100%;\" id=\"render-hmeio-13\"><\/div>\n    <script type=\"text\/javascript\">\n      if(window.innerWidth > 1){\n        $(\"#render-hmeio-13\").append(`\n          <div class=\"area-publicidade-rectangular hmeio\">\n            <p>Publicidade\n            <div class=\"area-publicidade\">\n              <div id=\"hmeio13\">\n            \n          \n        `);\n\n        renderPubNow('hmeio', 13)\n      }\n    <\/script>\n  <br><p>Traslado at\u00e9 Veneza<\/p><p>Voo para Marrakech<\/p><p>Estada no Royal Mansour<\/p>\n  <div style=\"width: 100%;\" id=\"render-hmeio-14\"><\/div>\n    <script type=\"text\/javascript\">\n      if(window.innerWidth > 1){\n        $(\"#render-hmeio-14\").append(`\n          <div class=\"area-publicidade-rectangular hmeio\">\n            <p>Publicidade\n            <div class=\"area-publicidade\">\n              <div id=\"hmeio14\">\n            \n          \n        `);\n\n        renderPubNow('hmeio', 14)\n      }\n    <\/script>\n  <br><p>Dia 9 \u2013 Dire\u00e7\u00e3o no deserto Ouarzazate<\/p><p>Dire\u00e7\u00e3o pela manh\u00e3 at\u00e9 o deserto \u00e1rido de Ouarzazate<\/p><p>Almo\u00e7o no acampamento privado no deserto<\/p>\n  <div style=\"width: 100%;\" id=\"render-hmeio-15\"><\/div>\n    <script type=\"text\/javascript\">\n      if(window.innerWidth > 1){\n        $(\"#render-hmeio-15\").append(`\n          <div class=\"area-publicidade-rectangular hmeio\">\n            <p>Publicidade\n            <div class=\"area-publicidade\">\n              <div id=\"hmeio15\">\n            \n          \n        `);\n\n        renderPubNow('hmeio', 15)\n      }\n    <\/script>\n  <br><p>Estada no Royal Mansour<\/p><p>Dia 10 \u2013 Montanhas Atlas<\/p><p>Dire\u00e7\u00e3o pela manh\u00e3 at\u00e9 as Montanhas Atlas pelas vilas Berber<\/p>\n  <div style=\"width: 100%;\" id=\"render-hmeio-16\"><\/div>\n    <script type=\"text\/javascript\">\n      if(window.innerWidth > 1){\n        $(\"#render-hmeio-16\").append(`\n          <div class=\"area-publicidade-rectangular hmeio\">\n            <p>Publicidade\n            <div class=\"area-publicidade\">\n              <div id=\"hmeio16\">\n            \n          \n        `);\n\n        renderPubNow('hmeio', 16)\n      }\n    <\/script>\n  <br><p>Almo\u00e7o no Richard Branson\u2019s hotel Kasbah Tamadot<\/p><p>Estada no Royal Mansour<\/p><p>Dia 11 \u2013 Transfer at\u00e9 os EUA<\/p>\n  <div style=\"width: 100%;\" id=\"render-hmeio-17\"><\/div>\n    <script type=\"text\/javascript\">\n      if(window.innerWidth > 1){\n        $(\"#render-hmeio-17\").append(`\n          <div class=\"area-publicidade-rectangular hmeio\">\n            <p>Publicidade\n            <div class=\"area-publicidade\">\n              <div id=\"hmeio17\">\n            \n          \n        `);\n\n        renderPubNow('hmeio', 17)\n      }\n    <\/script>\n  <br><p>Voo at\u00e9 Las Vegas<\/p><p>Helic\u00f3ptero at\u00e9 Amangiri \u2013 Range Rover estar\u00e1 aguardando para lev\u00e1-lo at\u00e9 o hotel<\/p><p>Estada no Amangiri<\/p>\n  <div style=\"width: 100%;\" id=\"render-hmeio-18\"><\/div>\n    <script type=\"text\/javascript\">\n      if(window.innerWidth > 1){\n        $(\"#render-hmeio-18\").append(`\n          <div class=\"area-publicidade-rectangular hmeio\">\n            <p>Publicidade\n            <div class=\"area-publicidade\">\n              <div id=\"hmeio18\">\n            \n          \n        `);\n\n        renderPubNow('hmeio', 18)\n      }\n    <\/script>\n  <br><p>Dia 12 \u2013 Dire\u00e7\u00e3o no Monument Valley<\/p><p>Dire\u00e7\u00e3o de 2,5 horas at\u00e9 Monument Valley<\/p><p>Antelope Canyon \u2013 excurs\u00e3o de caminhada e escalada<\/p>\n  <div style=\"width: 100%;\" id=\"render-hmeio-19\"><\/div>\n    <script type=\"text\/javascript\">\n      if(window.innerWidth > 1){\n        $(\"#render-hmeio-19\").append(`\n          <div class=\"area-publicidade-rectangular hmeio\">\n            <p>Publicidade\n            <div class=\"area-publicidade\">\n              <div id=\"hmeio19\">\n            \n          \n        `);\n\n        renderPubNow('hmeio', 19)\n      }\n    <\/script>\n  <br><p>Estada no Amangiri<\/p><p>Dia 13 \u2013 Grand Canyon de helic\u00f3ptero<\/p><p>Helic\u00f3ptero at\u00e9 a margem norte do Grand Canyon<\/p>\n  <div style=\"width: 100%;\" id=\"render-hmeio-20\"><\/div>\n    <script type=\"text\/javascript\">\n      if(window.innerWidth > 1){\n        $(\"#render-hmeio-20\").append(`\n          <div class=\"area-publicidade-rectangular hmeio\">\n            <p>Publicidade\n            <div class=\"area-publicidade\">\n              <div id=\"hmeio20\">\n            \n          \n        `);\n\n        renderPubNow('hmeio', 20)\n      }\n    <\/script>\n  <br><p>Jantar privado debaixo das estrelas no Sandstone Butte<\/p><p>Estada no Amangiri<\/p><p>Dia 14 \u2013 Dire\u00e7\u00e3o ao deserto de Utah<\/p>\n  <div style=\"width: 100%;\" id=\"render-hmeio-21\"><\/div>\n    <script type=\"text\/javascript\">\n      if(window.innerWidth > 1){\n        $(\"#render-hmeio-21\").append(`\n          <div class=\"area-publicidade-rectangular hmeio\">\n            <p>Publicidade\n            <div class=\"area-publicidade\">\n              <div id=\"hmeio21\">\n            \n          \n        `);\n\n        renderPubNow('hmeio', 21)\n      }\n    <\/script>\n  <br><p>Dire\u00e7\u00e3o de 4,5 horas pelo deserto Arizona\/Utah<\/p><p>Caf\u00e9 da manh\u00e3 no Zion National Park<\/p><p>Voo noturno partindo de Las Vegas<\/p>\n  <div style=\"width: 100%;\" id=\"render-hmeio-22\"><\/div>\n    <script type=\"text\/javascript\">\n      if(window.innerWidth > 1){\n        $(\"#render-hmeio-22\").append(`\n          <div class=\"area-publicidade-rectangular hmeio\">\n            <p>Publicidade\n            <div class=\"area-publicidade\">\n              <div id=\"hmeio22\">\n            \n          \n        `);\n\n        renderPubNow('hmeio', 22)\n      }\n    <\/script>\n  <br><p>Dia 15 \u2013 Atacama, Chile<\/p><p>Chegada no Deserto do Atacama<\/p><p>Estada no Awasi<\/p>\n  <div style=\"width: 100%;\" id=\"render-hmeio-23\"><\/div>\n    <script type=\"text\/javascript\">\n      if(window.innerWidth > 1){\n        $(\"#render-hmeio-23\").append(`\n          <div class=\"area-publicidade-rectangular hmeio\">\n            <p>Publicidade\n            <div class=\"area-publicidade\">\n              <div id=\"hmeio23\">\n            \n          \n        `);\n\n        renderPubNow('hmeio', 23)\n      }\n    <\/script>\n  <br><p>Dia 16 \u2013 Observat\u00f3rio \u00c1lamo<\/p><p>Dire\u00e7\u00e3o at\u00e9 o Observat\u00f3rio \u00c1lamo<\/p><p>Almo\u00e7o privado<\/p>\n  <div style=\"width: 100%;\" id=\"render-hmeio-24\"><\/div>\n    <script type=\"text\/javascript\">\n      if(window.innerWidth > 1){\n        $(\"#render-hmeio-24\").append(`\n          <div class=\"area-publicidade-rectangular hmeio\">\n            <p>Publicidade\n            <div class=\"area-publicidade\">\n              <div id=\"hmeio24\">\n            \n          \n        `);\n\n        renderPubNow('hmeio', 24)\n      }\n    <\/script>\n  <br><p>Estada no Awasi<\/p><p>Dia 17 \u2013 Dire\u00e7\u00e3o at\u00e9 Deserto do Atacama<\/p><p>Dire\u00e7\u00e3o at\u00e9 o Deserto do Atacama<\/p>\n  <div style=\"width: 100%;\" id=\"render-hmeio-25\"><\/div>\n    <script type=\"text\/javascript\">\n      if(window.innerWidth > 1){\n        $(\"#render-hmeio-25\").append(`\n          <div class=\"area-publicidade-rectangular hmeio\">\n            <p>Publicidade\n            <div class=\"area-publicidade\">\n              <div id=\"hmeio25\">\n            \n          \n        `);\n\n        renderPubNow('hmeio', 25)\n      }\n    <\/script>\n  <br><p>Estada no Awasi<\/p><p>Dia 18 \u2013 Voo para a Australia<\/p><p>Voo noturno at\u00e9 Sydney<\/p>\n  <div style=\"width: 100%;\" id=\"render-hmeio-26\"><\/div>\n    <script type=\"text\/javascript\">\n      if(window.innerWidth > 1){\n        $(\"#render-hmeio-26\").append(`\n          <div class=\"area-publicidade-rectangular hmeio\">\n            <p>Publicidade\n            <div class=\"area-publicidade\">\n              <div id=\"hmeio26\">\n            \n          \n        `);\n\n        renderPubNow('hmeio', 26)\n      }\n    <\/script>\n  <br><p>Dia 19 \u2013 Subida at\u00e9 a Sydney Bridge<\/p><p>Experi\u00eancia de escalada VIP na Sydney Bridge e os bastidores da Sydney Opera House<\/p><p>Estada no Park Hyatt Sydney<\/p>\n  <div style=\"width: 100%;\" id=\"render-hmeio-27\"><\/div>\n    <script type=\"text\/javascript\">\n      if(window.innerWidth > 1){\n        $(\"#render-hmeio-27\").append(`\n          <div class=\"area-publicidade-rectangular hmeio\">\n            <p>Publicidade\n            <div class=\"area-publicidade\">\n              <div id=\"hmeio27\">\n            \n          \n        `);\n\n        renderPubNow('hmeio', 27)\n      }\n    <\/script>\n  <br><p>Dia 20 \u2013 Transfer at\u00e9 Tasmania<\/p><p>Voo at\u00e9 a Tasm\u00e2nia<\/p><p>Dire\u00e7\u00e3o de 2,5 horas at\u00e9 a Tasm\u00e2nia em estradas espetaculares<\/p>\n  <div style=\"width: 100%;\" id=\"render-hmeio-28\"><\/div>\n    <script type=\"text\/javascript\">\n      if(window.innerWidth > 1){\n        $(\"#render-hmeio-28\").append(`\n          <div class=\"area-publicidade-rectangular hmeio\">\n            <p>Publicidade\n            <div class=\"area-publicidade\">\n              <div id=\"hmeio28\">\n            \n          \n        `);\n\n        renderPubNow('hmeio', 28)\n      }\n    <\/script>\n  <br><p>Estada no Saffire<\/p><p>Dia 21 \u2013 Viagem at\u00e9 Wineglass Bay<\/p><p>Quadriciclo pela costa e floresta<\/p>\n  <div style=\"width: 100%;\" id=\"render-hmeio-29\"><\/div>\n    <script type=\"text\/javascript\">\n      if(window.innerWidth > 1){\n        $(\"#render-hmeio-29\").append(`\n          <div class=\"area-publicidade-rectangular hmeio\">\n            <p>Publicidade\n            <div class=\"area-publicidade\">\n              <div id=\"hmeio29\">\n            \n          \n        `);\n\n        renderPubNow('hmeio', 29)\n      }\n    <\/script>\n  <br><p>Viagem de barco at\u00e9 Wineglass Bay<\/p><p>Estada no Saffire<\/p><p>Dia 22 \u2013 Retorno a Londres<\/p>\n  <div style=\"width: 100%;\" id=\"render-hmeio-30\"><\/div>\n    <script type=\"text\/javascript\">\n      if(window.innerWidth > 1){\n        $(\"#render-hmeio-30\").append(`\n          <div class=\"area-publicidade-rectangular hmeio\">\n            <p>Publicidade\n            <div class=\"area-publicidade\">\n              <div id=\"hmeio30\">\n            \n          \n        `);\n\n        renderPubNow('hmeio', 30)\n      }\n    <\/script>\n  <br><p>\u00a0<\/p>","protected":false},"excerpt":{"rendered":"<p>S\u00e3o 21 dias em oito pa\u00edses de quatro continentes<\/p>\n","protected":false},"featured_media":0,"template":"","class_list":["post-2868","blog_primeira_classe","type-blog_primeira_classe","status-publish","hentry","tags_primeira_classe-atacama","tags_primeira_classe-australia","tags_primeira_classe-carros","tags_primeira_classe-chile","tags_primeira_classe-cinque-terre","tags_primeira_classe-desbravando-estradas","tags_primeira_classe-deserto","tags_primeira_classe-estados-unidos","tags_primeira_classe-estilo-de-vida","tags_primeira_classe-estilo-de-vida-2","tags_primeira_classe-expedicao","tags_primeira_classe-experiencias","tags_primeira_classe-land-rover","tags_primeira_classe-las-vegas","tags_primeira_classe-marrocos","tags_primeira_classe-mercado-de-luxo","tags_primeira_classe-monaco","tags_primeira_classe-nice","tags_primeira_classe-portofino","tags_primeira_classe-range-rover","tags_primeira_classe-veneza","tags_primeira_classe-viagem","tags_primeira_classe-viagem-2","tags_primeira_classe-viagem-de-carro"],"yoast_head":"<!-- This site is optimized with the Yoast SEO plugin v23.5 - https:\/\/yoast.com\/wordpress\/plugins\/seo\/ -->\n<title>Land Rover promove &#039;a viagem mais luxuosa do mundo&#039; - Jornal do Carro - Estad\u00e3o<\/title>\n<meta name=\"robots\" content=\"noindex, follow\" \/>\n<meta name=\"twitter:card\" content=\"summary_large_image\" \/>\n<meta name=\"twitter:title\" content=\"Land Rover promove &#039;a viagem mais luxuosa do mundo&#039; - Jornal do Carro - Estad\u00e3o\" \/>\n<meta name=\"twitter:description\" content=\"S\u00e3o 21 dias em oito pa\u00edses de quatro continentes\" \/>\n<meta name=\"twitter:image\" content=\"https:\/\/fotos.jornaldocarro.estadao.com.br\/primeira-classe\/files\/2016\/01\/deserto-rr.jpg\" \/>\n<meta name=\"twitter:label1\" content=\"Est. tempo de leitura\" \/>\n\t<meta name=\"twitter:data1\" content=\"5 minutos\" \/>\n<script type=\"application\/ld+json\" class=\"yoast-schema-graph\">{\"@context\":\"https:\/\/schema.org\",\"@graph\":[{\"@type\":\"WebPage\",\"@id\":\"https:\/\/jornaldocarro.estadao.com.br\/primeira-classe\/land-rover-promove-a-viagem-mais-luxuosa-do-mundo\/\",\"url\":\"https:\/\/jornaldocarro.estadao.com.br\/primeira-classe\/land-rover-promove-a-viagem-mais-luxuosa-do-mundo\/\",\"name\":\"Land Rover promove 'a viagem mais luxuosa do mundo' - Jornal do Carro - Estad\u00e3o\",\"isPartOf\":{\"@id\":\"https:\/\/jornaldocarro.estadao.com.br\/#website\"},\"primaryImageOfPage\":{\"@id\":\"https:\/\/jornaldocarro.estadao.com.br\/primeira-classe\/land-rover-promove-a-viagem-mais-luxuosa-do-mundo\/#primaryimage\"},\"image\":{\"@id\":\"https:\/\/jornaldocarro.estadao.com.br\/primeira-classe\/land-rover-promove-a-viagem-mais-luxuosa-do-mundo\/#primaryimage\"},\"thumbnailUrl\":\"https:\/\/fotos.jornaldocarro.estadao.com.br\/primeira-classe\/files\/2016\/01\/deserto-rr.jpg\",\"datePublished\":\"2016-01-29T19:06:15+00:00\",\"dateModified\":\"2016-01-29T19:06:15+00:00\",\"breadcrumb\":{\"@id\":\"https:\/\/jornaldocarro.estadao.com.br\/primeira-classe\/land-rover-promove-a-viagem-mais-luxuosa-do-mundo\/#breadcrumb\"},\"inLanguage\":\"pt-BR\",\"potentialAction\":[{\"@type\":\"ReadAction\",\"target\":[\"https:\/\/jornaldocarro.estadao.com.br\/primeira-classe\/land-rover-promove-a-viagem-mais-luxuosa-do-mundo\/\"]}]},{\"@type\":\"ImageObject\",\"inLanguage\":\"pt-BR\",\"@id\":\"https:\/\/jornaldocarro.estadao.com.br\/primeira-classe\/land-rover-promove-a-viagem-mais-luxuosa-do-mundo\/#primaryimage\",\"url\":\"https:\/\/fotos.jornaldocarro.estadao.com.br\/primeira-classe\/files\/2016\/01\/deserto-rr.jpg\",\"contentUrl\":\"https:\/\/fotos.jornaldocarro.estadao.com.br\/primeira-classe\/files\/2016\/01\/deserto-rr.jpg\"},{\"@type\":\"BreadcrumbList\",\"@id\":\"https:\/\/jornaldocarro.estadao.com.br\/primeira-classe\/land-rover-promove-a-viagem-mais-luxuosa-do-mundo\/#breadcrumb\",\"itemListElement\":[{\"@type\":\"ListItem\",\"position\":1,\"name\":\"In\u00edcio\",\"item\":\"https:\/\/jornaldocarro.estadao.com.br\/\"},{\"@type\":\"ListItem\",\"position\":2,\"name\":\"Primeira Classe\",\"item\":\"https:\/\/jornaldocarro.estadao.com.br\/primeira-classe\/\"},{\"@type\":\"ListItem\",\"position\":3,\"name\":\"Land Rover promove 'a viagem mais luxuosa do mundo'\"}]},{\"@type\":\"WebSite\",\"@id\":\"https:\/\/jornaldocarro.estadao.com.br\/#website\",\"url\":\"https:\/\/jornaldocarro.estadao.com.br\/\",\"name\":\"Jornal do Carro - Estad\u00e3o\",\"description\":\"O portal sobre carros, motos e tudo sobre o tema ve\u00edculos no Estad\u00e3o. Fique por dentro de lan\u00e7amentos e de hist\u00f3rias dos leitores e seus carros.\",\"potentialAction\":[{\"@type\":\"SearchAction\",\"target\":{\"@type\":\"EntryPoint\",\"urlTemplate\":\"https:\/\/jornaldocarro.estadao.com.br\/?s={search_term_string}\"},\"query-input\":{\"@type\":\"PropertyValueSpecification\",\"valueRequired\":true,\"valueName\":\"search_term_string\"}}],\"inLanguage\":\"pt-BR\"}]}<\/script>\n<!-- \/ Yoast SEO plugin. -->","yoast_head_json":{"title":"Land Rover promove 'a viagem mais luxuosa do mundo' - Jornal do Carro - Estad\u00e3o","robots":{"index":"noindex","follow":"follow"},"twitter_card":"summary_large_image","twitter_title":"Land Rover promove 'a viagem mais luxuosa do mundo' - Jornal do Carro - Estad\u00e3o","twitter_description":"S\u00e3o 21 dias em oito pa\u00edses de quatro continentes","twitter_image":"https:\/\/fotos.jornaldocarro.estadao.com.br\/primeira-classe\/files\/2016\/01\/deserto-rr.jpg","twitter_misc":{"Est. tempo de leitura":"5 minutos"},"schema":{"@context":"https:\/\/schema.org","@graph":[{"@type":"WebPage","@id":"https:\/\/jornaldocarro.estadao.com.br\/primeira-classe\/land-rover-promove-a-viagem-mais-luxuosa-do-mundo\/","url":"https:\/\/jornaldocarro.estadao.com.br\/primeira-classe\/land-rover-promove-a-viagem-mais-luxuosa-do-mundo\/","name":"Land Rover promove 'a viagem mais luxuosa do mundo' - Jornal do Carro - Estad\u00e3o","isPartOf":{"@id":"https:\/\/jornaldocarro.estadao.com.br\/#website"},"primaryImageOfPage":{"@id":"https:\/\/jornaldocarro.estadao.com.br\/primeira-classe\/land-rover-promove-a-viagem-mais-luxuosa-do-mundo\/#primaryimage"},"image":{"@id":"https:\/\/jornaldocarro.estadao.com.br\/primeira-classe\/land-rover-promove-a-viagem-mais-luxuosa-do-mundo\/#primaryimage"},"thumbnailUrl":"https:\/\/fotos.jornaldocarro.estadao.com.br\/primeira-classe\/files\/2016\/01\/deserto-rr.jpg","datePublished":"2016-01-29T19:06:15+00:00","dateModified":"2016-01-29T19:06:15+00:00","breadcrumb":{"@id":"https:\/\/jornaldocarro.estadao.com.br\/primeira-classe\/land-rover-promove-a-viagem-mais-luxuosa-do-mundo\/#breadcrumb"},"inLanguage":"pt-BR","potentialAction":[{"@type":"ReadAction","target":["https:\/\/jornaldocarro.estadao.com.br\/primeira-classe\/land-rover-promove-a-viagem-mais-luxuosa-do-mundo\/"]}]},{"@type":"ImageObject","inLanguage":"pt-BR","@id":"https:\/\/jornaldocarro.estadao.com.br\/primeira-classe\/land-rover-promove-a-viagem-mais-luxuosa-do-mundo\/#primaryimage","url":"https:\/\/fotos.jornaldocarro.estadao.com.br\/primeira-classe\/files\/2016\/01\/deserto-rr.jpg","contentUrl":"https:\/\/fotos.jornaldocarro.estadao.com.br\/primeira-classe\/files\/2016\/01\/deserto-rr.jpg"},{"@type":"BreadcrumbList","@id":"https:\/\/jornaldocarro.estadao.com.br\/primeira-classe\/land-rover-promove-a-viagem-mais-luxuosa-do-mundo\/#breadcrumb","itemListElement":[{"@type":"ListItem","position":1,"name":"In\u00edcio","item":"https:\/\/jornaldocarro.estadao.com.br\/"},{"@type":"ListItem","position":2,"name":"Primeira Classe","item":"https:\/\/jornaldocarro.estadao.com.br\/primeira-classe\/"},{"@type":"ListItem","position":3,"name":"Land Rover promove 'a viagem mais luxuosa do mundo'"}]},{"@type":"WebSite","@id":"https:\/\/jornaldocarro.estadao.com.br\/#website","url":"https:\/\/jornaldocarro.estadao.com.br\/","name":"Jornal do Carro - Estad\u00e3o","description":"O portal sobre carros, motos e tudo sobre o tema ve\u00edculos no Estad\u00e3o. Fique por dentro de lan\u00e7amentos e de hist\u00f3rias dos leitores e seus carros.","potentialAction":[{"@type":"SearchAction","target":{"@type":"EntryPoint","urlTemplate":"https:\/\/jornaldocarro.estadao.com.br\/?s={search_term_string}"},"query-input":{"@type":"PropertyValueSpecification","valueRequired":true,"valueName":"search_term_string"}}],"inLanguage":"pt-BR"}]}},"_links":{"self":[{"href":"https:\/\/jornaldocarro.estadao.com.br\/api\/wp\/v2\/blog_primeira_classe\/2868","targetHints":{"allow":["GET"]}}],"collection":[{"href":"https:\/\/jornaldocarro.estadao.com.br\/api\/wp\/v2\/blog_primeira_classe"}],"about":[{"href":"https:\/\/jornaldocarro.estadao.com.br\/api\/wp\/v2\/types\/blog_primeira_classe"}],"version-history":[{"count":0,"href":"https:\/\/jornaldocarro.estadao.com.br\/api\/wp\/v2\/blog_primeira_classe\/2868\/revisions"}],"wp:attachment":[{"href":"https:\/\/jornaldocarro.estadao.com.br\/api\/wp\/v2\/media?parent=2868"}],"curies":[{"name":"wp","href":"https:\/\/api.w.org\/{rel}","templated":true}]}}