{"id":2878,"date":"2016-02-03T17:08:35","date_gmt":"2016-02-03T19:08:35","guid":{"rendered":"http:\/\/blogs.estadao.com.br\/primeira-classe\/?p=2878"},"modified":"2016-02-03T17:08:35","modified_gmt":"2016-02-03T19:08:35","slug":"marcas-de-luxo-saiba-qual-foi-a-lider-em-janeiro","status":"publish","type":"blog_primeira_classe","link":"https:\/\/jornaldocarro.estadao.com.br\/primeira-classe\/marcas-de-luxo-saiba-qual-foi-a-lider-em-janeiro\/","title":{"rendered":"Marcas de luxo: saiba qual foi a l\u00edder em janeiro"},"content":{"rendered":"<p><figure id=\"attachment_2879\" aria-describedby=\"caption-attachment-2879\" style=\"width: 530px\" class=\"wp-caption alignnone\"><a rel=\"nofollow\" href=\"https:\/\/fotos.jornaldocarro.estadao.com.br\/primeira-classe\/files\/2016\/02\/gla-evoque.jpg\"><img loading=\"lazy\" decoding=\"async\" class=\"size-full wp-image-2879\" src=\"https:\/\/fotos.jornaldocarro.estadao.com.br\/primeira-classe\/files\/2016\/02\/gla-evoque.jpg\" alt=\"\" width=\"530\" height=\"353\"><\/a><figcaption id=\"caption-attachment-2879\" class=\"wp-caption-text\">GLA e Evoque ficaram entre os dez mais vendidos (Foto: Tiago Queiroz\/Estad\u00e3o)<\/figcaption><\/figure>\n<\/p><p>A <a rel=\"nofollow\" href=\"https:\/\/blogs.estadao.com.br\/primeira-classe\/carro-de-luxo-a-lua-de-mel-pode-acabar-em-breve\/\"><strong>alta nos pre\u00e7os de tabela<\/strong><\/a> de Audi, BMW e Mercedes-Benz j\u00e1 refletiu nas vendas. As tr\u00eas marcas registraram queda em seus emplacamentos em janeiro, na compara\u00e7\u00e3o com o mesmo m\u00eas do ano passado. Enquanto isso, a Land Rover, a \u00fanica marca de luxo que ainda n\u00e3o fez reajustes, cresceu.<\/p><p><strong>(No Instagram: @blogprimeiraclasse)<\/strong><\/p>\n  <div style=\"width: 100%;\" id=\"render-hmeio-1\"><\/div>\n    <script type=\"text\/javascript\">\n      if(window.innerWidth > 1){\n        $(\"#render-hmeio-1\").append(`\n          <div class=\"area-publicidade-rectangular hmeio\">\n            <p>Publicidade\n            <div class=\"area-publicidade\">\n              <div id=\"hmeio1\">\n            \n          \n        `);\n\n        \n    window.jornaldocarro = window.jornaldocarro || {};\n    window.jornaldocarro.slotsAds = window.jornaldocarro.slotsAds || [];\n    window.jornaldocarro.slotsAds.push(\"hmeio1\");\n  \n      }\n    <\/script>\n  <br><p>Mais: o modelo de marca de luxo mais vendido do Brasil em janeiro foi uma grande surpresa. Nada de Classe C, S\u00e9rie 3 ou A3 Sedan. O l\u00edder do ranking foi o Land Rover Discovery.<\/p><p>Entre as marcas, o primeiro lugar ficou com a Audi, a l\u00edder de 2015, que registrou 799 emplacamentos, ante os 783 da segunda colocada, a BMW. O terceiro lugar ficou com a Land Rover, com 738 unidades vendidas, enquanto a Mercedes-Benz foi quarta no ranking (725).<\/p><p>Na compara\u00e7\u00e3o com janeiro do ano passado, a Audi teve queda de 26,5% nas vendas, enquanto as da BMW recuaram 39,5% e as da Mercedes, 15,4%. J\u00e1 os emplacamentos da Land Rover registraram alta de 15,1%.<\/p>\n  <div style=\"width: 100%;\" id=\"render-hmeio-2\"><\/div>\n    <script type=\"text\/javascript\">\n      if(window.innerWidth > 1){\n        $(\"#render-hmeio-2\").append(`\n          <div class=\"area-publicidade-rectangular hmeio\">\n            <p>Publicidade\n            <div class=\"area-publicidade\">\n              <div id=\"hmeio2\">\n            \n          \n        `);\n\n        \n    window.jornaldocarro = window.jornaldocarro || {};\n    window.jornaldocarro.slotsAds = window.jornaldocarro.slotsAds || [];\n    window.jornaldocarro.slotsAds.push(\"hmeio2\");\n  \n      }\n    <\/script>\n  <br><p>Entre os modelos mais vendidos, atr\u00e1s do Discovery apareceu o Classe C, seguido pela A3 Sedan.<\/p><p><strong>VEJA A LISTA DOS DEZ MAIS VENDIDOS EM JANEIRO<\/strong><\/p><p>1 \u2013 Land Rover Discovery \u2013 473 emplacamentos<\/p>\n  <div style=\"width: 100%;\" id=\"render-hmeio-3\"><\/div>\n    <script type=\"text\/javascript\">\n      if(window.innerWidth > 1){\n        $(\"#render-hmeio-3\").append(`\n          <div class=\"area-publicidade-rectangular hmeio\">\n            <p>Publicidade\n            <div class=\"area-publicidade\">\n              <div id=\"hmeio3\">\n            \n          \n        `);\n\n        \n    window.jornaldocarro = window.jornaldocarro || {};\n    window.jornaldocarro.slotsAds = window.jornaldocarro.slotsAds || [];\n    window.jornaldocarro.slotsAds.push(\"hmeio3\");\n  \n      }\n    <\/script>\n  <br><p>2 \u2013 Mercedes-Benz Classe C \u2013 322<\/p><p>3 \u2013 Audi A3 Sedan \u2013 284<\/p><p>4 \u2013 BMW S\u00e9rie 3 \u2013 266<\/p>\n  <div style=\"width: 100%;\" id=\"render-hmeio-4\"><\/div>\n    <script type=\"text\/javascript\">\n      if(window.innerWidth > 1){\n        $(\"#render-hmeio-4\").append(`\n          <div class=\"area-publicidade-rectangular hmeio\">\n            <p>Publicidade\n            <div class=\"area-publicidade\">\n              <div id=\"hmeio4\">\n            \n          \n        `);\n\n        \n    window.jornaldocarro = window.jornaldocarro || {};\n    window.jornaldocarro.slotsAds = window.jornaldocarro.slotsAds || [];\n    window.jornaldocarro.slotsAds.push(\"hmeio4\");\n  \n      }\n    <\/script>\n  <br><p>5 \u2013 Audi Q3 \u2013 233<\/p><p>6 \u2013 Mercedes-Benz GLA \u2013 220<\/p><p>7 \u2013 Land Rover Range Rover Evoque \u2013 199<\/p>\n  <div style=\"width: 100%;\" id=\"render-hmeio-5\"><\/div>\n    <script type=\"text\/javascript\">\n      if(window.innerWidth > 1){\n        $(\"#render-hmeio-5\").append(`\n          <div class=\"area-publicidade-rectangular hmeio\">\n            <p>Publicidade\n            <div class=\"area-publicidade\">\n              <div id=\"hmeio5\">\n            \n          \n        `);\n\n        \n    window.jornaldocarro = window.jornaldocarro || {};\n    window.jornaldocarro.slotsAds = window.jornaldocarro.slotsAds || [];\n    window.jornaldocarro.slotsAds.push(\"hmeio5\");\n  \n      }\n    <\/script>\n  <br><p>8 \u2013 Volvo XC60 \u2013 193<\/p><p>9 \u2013 BMW X1 \u2013 133<\/p><p>10 \u2013 Audi A4 \u2013 100<\/p>\n  <div style=\"width: 100%;\" id=\"render-hmeio-6\"><\/div>\n    <script type=\"text\/javascript\">\n      if(window.innerWidth > 1){\n        $(\"#render-hmeio-6\").append(`\n          <div class=\"area-publicidade-rectangular hmeio\">\n            <p>Publicidade\n            <div class=\"area-publicidade\">\n              <div id=\"hmeio6\">\n            \n          \n        `);\n\n        \n    window.jornaldocarro = window.jornaldocarro || {};\n    window.jornaldocarro.slotsAds = window.jornaldocarro.slotsAds || [];\n    window.jornaldocarro.slotsAds.push(\"hmeio6\");\n  \n      }\n    <\/script>\n  <br><p><em>FONTE: FENABRAVE\u00a0<\/em><\/p>","protected":false},"excerpt":{"rendered":"<p>Pela primeira vez, Discovery \u00e9 o carro de marca de luxo mais vendido<\/p>\n","protected":false},"featured_media":0,"template":"","class_list":["post-2878","blog_primeira_classe","type-blog_primeira_classe","status-publish","hentry","tags_primeira_classe-a3-sedan","tags_primeira_classe-audi","tags_primeira_classe-bmw","tags_primeira_classe-carros","tags_primeira_classe-classe-c","tags_primeira_classe-fenabrave","tags_primeira_classe-land-rover","tags_primeira_classe-land-rover-discovery","tags_primeira_classe-marketing","tags_primeira_classe-mercado","tags_primeira_classe-mercado-2","tags_primeira_classe-mercado-de-luxo","tags_primeira_classe-mercedes","tags_primeira_classe-mercedes-benz","tags_primeira_classe-q3","tags_primeira_classe-ranking","tags_primeira_classe-serie-3"],"yoast_head":"<!-- This site is optimized with the Yoast SEO plugin v23.5 - https:\/\/yoast.com\/wordpress\/plugins\/seo\/ -->\n<title>Marcas de luxo: saiba qual foi a l\u00edder em janeiro - Jornal do Carro - Estad\u00e3o<\/title>\n<meta name=\"robots\" content=\"noindex, follow\" \/>\n<meta name=\"twitter:card\" content=\"summary_large_image\" \/>\n<meta name=\"twitter:title\" content=\"Marcas de luxo: saiba qual foi a l\u00edder em janeiro - Jornal do Carro - Estad\u00e3o\" \/>\n<meta name=\"twitter:description\" content=\"Pela primeira vez, Discovery \u00e9 o carro de marca de luxo mais vendido\" \/>\n<meta name=\"twitter:image\" content=\"https:\/\/fotos.jornaldocarro.estadao.com.br\/primeira-classe\/files\/2016\/02\/gla-evoque.jpg\" \/>\n<meta name=\"twitter:label1\" content=\"Est. tempo de leitura\" \/>\n\t<meta name=\"twitter:data1\" content=\"1 minuto\" \/>\n<script type=\"application\/ld+json\" class=\"yoast-schema-graph\">{\"@context\":\"https:\/\/schema.org\",\"@graph\":[{\"@type\":\"WebPage\",\"@id\":\"https:\/\/jornaldocarro.estadao.com.br\/primeira-classe\/marcas-de-luxo-saiba-qual-foi-a-lider-em-janeiro\/\",\"url\":\"https:\/\/jornaldocarro.estadao.com.br\/primeira-classe\/marcas-de-luxo-saiba-qual-foi-a-lider-em-janeiro\/\",\"name\":\"Marcas de luxo: saiba qual foi a l\u00edder em janeiro - Jornal do Carro - Estad\u00e3o\",\"isPartOf\":{\"@id\":\"https:\/\/jornaldocarro.estadao.com.br\/#website\"},\"primaryImageOfPage\":{\"@id\":\"https:\/\/jornaldocarro.estadao.com.br\/primeira-classe\/marcas-de-luxo-saiba-qual-foi-a-lider-em-janeiro\/#primaryimage\"},\"image\":{\"@id\":\"https:\/\/jornaldocarro.estadao.com.br\/primeira-classe\/marcas-de-luxo-saiba-qual-foi-a-lider-em-janeiro\/#primaryimage\"},\"thumbnailUrl\":\"https:\/\/fotos.jornaldocarro.estadao.com.br\/primeira-classe\/files\/2016\/02\/gla-evoque.jpg\",\"datePublished\":\"2016-02-03T19:08:35+00:00\",\"dateModified\":\"2016-02-03T19:08:35+00:00\",\"breadcrumb\":{\"@id\":\"https:\/\/jornaldocarro.estadao.com.br\/primeira-classe\/marcas-de-luxo-saiba-qual-foi-a-lider-em-janeiro\/#breadcrumb\"},\"inLanguage\":\"pt-BR\",\"potentialAction\":[{\"@type\":\"ReadAction\",\"target\":[\"https:\/\/jornaldocarro.estadao.com.br\/primeira-classe\/marcas-de-luxo-saiba-qual-foi-a-lider-em-janeiro\/\"]}]},{\"@type\":\"ImageObject\",\"inLanguage\":\"pt-BR\",\"@id\":\"https:\/\/jornaldocarro.estadao.com.br\/primeira-classe\/marcas-de-luxo-saiba-qual-foi-a-lider-em-janeiro\/#primaryimage\",\"url\":\"https:\/\/fotos.jornaldocarro.estadao.com.br\/primeira-classe\/files\/2016\/02\/gla-evoque.jpg\",\"contentUrl\":\"https:\/\/fotos.jornaldocarro.estadao.com.br\/primeira-classe\/files\/2016\/02\/gla-evoque.jpg\"},{\"@type\":\"BreadcrumbList\",\"@id\":\"https:\/\/jornaldocarro.estadao.com.br\/primeira-classe\/marcas-de-luxo-saiba-qual-foi-a-lider-em-janeiro\/#breadcrumb\",\"itemListElement\":[{\"@type\":\"ListItem\",\"position\":1,\"name\":\"In\u00edcio\",\"item\":\"https:\/\/jornaldocarro.estadao.com.br\/\"},{\"@type\":\"ListItem\",\"position\":2,\"name\":\"Primeira Classe\",\"item\":\"https:\/\/jornaldocarro.estadao.com.br\/primeira-classe\/\"},{\"@type\":\"ListItem\",\"position\":3,\"name\":\"Marcas de luxo: saiba qual foi a l\u00edder em janeiro\"}]},{\"@type\":\"WebSite\",\"@id\":\"https:\/\/jornaldocarro.estadao.com.br\/#website\",\"url\":\"https:\/\/jornaldocarro.estadao.com.br\/\",\"name\":\"Jornal do Carro - Estad\u00e3o\",\"description\":\"O portal sobre carros, motos e tudo sobre o tema ve\u00edculos no Estad\u00e3o. Fique por dentro de lan\u00e7amentos e de hist\u00f3rias dos leitores e seus carros.\",\"potentialAction\":[{\"@type\":\"SearchAction\",\"target\":{\"@type\":\"EntryPoint\",\"urlTemplate\":\"https:\/\/jornaldocarro.estadao.com.br\/?s={search_term_string}\"},\"query-input\":{\"@type\":\"PropertyValueSpecification\",\"valueRequired\":true,\"valueName\":\"search_term_string\"}}],\"inLanguage\":\"pt-BR\"}]}<\/script>\n<!-- \/ Yoast SEO plugin. -->","yoast_head_json":{"title":"Marcas de luxo: saiba qual foi a l\u00edder em janeiro - Jornal do Carro - Estad\u00e3o","robots":{"index":"noindex","follow":"follow"},"twitter_card":"summary_large_image","twitter_title":"Marcas de luxo: saiba qual foi a l\u00edder em janeiro - Jornal do Carro - Estad\u00e3o","twitter_description":"Pela primeira vez, Discovery \u00e9 o carro de marca de luxo mais vendido","twitter_image":"https:\/\/fotos.jornaldocarro.estadao.com.br\/primeira-classe\/files\/2016\/02\/gla-evoque.jpg","twitter_misc":{"Est. tempo de leitura":"1 minuto"},"schema":{"@context":"https:\/\/schema.org","@graph":[{"@type":"WebPage","@id":"https:\/\/jornaldocarro.estadao.com.br\/primeira-classe\/marcas-de-luxo-saiba-qual-foi-a-lider-em-janeiro\/","url":"https:\/\/jornaldocarro.estadao.com.br\/primeira-classe\/marcas-de-luxo-saiba-qual-foi-a-lider-em-janeiro\/","name":"Marcas de luxo: saiba qual foi a l\u00edder em janeiro - Jornal do Carro - Estad\u00e3o","isPartOf":{"@id":"https:\/\/jornaldocarro.estadao.com.br\/#website"},"primaryImageOfPage":{"@id":"https:\/\/jornaldocarro.estadao.com.br\/primeira-classe\/marcas-de-luxo-saiba-qual-foi-a-lider-em-janeiro\/#primaryimage"},"image":{"@id":"https:\/\/jornaldocarro.estadao.com.br\/primeira-classe\/marcas-de-luxo-saiba-qual-foi-a-lider-em-janeiro\/#primaryimage"},"thumbnailUrl":"https:\/\/fotos.jornaldocarro.estadao.com.br\/primeira-classe\/files\/2016\/02\/gla-evoque.jpg","datePublished":"2016-02-03T19:08:35+00:00","dateModified":"2016-02-03T19:08:35+00:00","breadcrumb":{"@id":"https:\/\/jornaldocarro.estadao.com.br\/primeira-classe\/marcas-de-luxo-saiba-qual-foi-a-lider-em-janeiro\/#breadcrumb"},"inLanguage":"pt-BR","potentialAction":[{"@type":"ReadAction","target":["https:\/\/jornaldocarro.estadao.com.br\/primeira-classe\/marcas-de-luxo-saiba-qual-foi-a-lider-em-janeiro\/"]}]},{"@type":"ImageObject","inLanguage":"pt-BR","@id":"https:\/\/jornaldocarro.estadao.com.br\/primeira-classe\/marcas-de-luxo-saiba-qual-foi-a-lider-em-janeiro\/#primaryimage","url":"https:\/\/fotos.jornaldocarro.estadao.com.br\/primeira-classe\/files\/2016\/02\/gla-evoque.jpg","contentUrl":"https:\/\/fotos.jornaldocarro.estadao.com.br\/primeira-classe\/files\/2016\/02\/gla-evoque.jpg"},{"@type":"BreadcrumbList","@id":"https:\/\/jornaldocarro.estadao.com.br\/primeira-classe\/marcas-de-luxo-saiba-qual-foi-a-lider-em-janeiro\/#breadcrumb","itemListElement":[{"@type":"ListItem","position":1,"name":"In\u00edcio","item":"https:\/\/jornaldocarro.estadao.com.br\/"},{"@type":"ListItem","position":2,"name":"Primeira Classe","item":"https:\/\/jornaldocarro.estadao.com.br\/primeira-classe\/"},{"@type":"ListItem","position":3,"name":"Marcas de luxo: saiba qual foi a l\u00edder em janeiro"}]},{"@type":"WebSite","@id":"https:\/\/jornaldocarro.estadao.com.br\/#website","url":"https:\/\/jornaldocarro.estadao.com.br\/","name":"Jornal do Carro - Estad\u00e3o","description":"O portal sobre carros, motos e tudo sobre o tema ve\u00edculos no Estad\u00e3o. Fique por dentro de lan\u00e7amentos e de hist\u00f3rias dos leitores e seus carros.","potentialAction":[{"@type":"SearchAction","target":{"@type":"EntryPoint","urlTemplate":"https:\/\/jornaldocarro.estadao.com.br\/?s={search_term_string}"},"query-input":{"@type":"PropertyValueSpecification","valueRequired":true,"valueName":"search_term_string"}}],"inLanguage":"pt-BR"}]}},"_links":{"self":[{"href":"https:\/\/jornaldocarro.estadao.com.br\/api\/wp\/v2\/blog_primeira_classe\/2878","targetHints":{"allow":["GET"]}}],"collection":[{"href":"https:\/\/jornaldocarro.estadao.com.br\/api\/wp\/v2\/blog_primeira_classe"}],"about":[{"href":"https:\/\/jornaldocarro.estadao.com.br\/api\/wp\/v2\/types\/blog_primeira_classe"}],"version-history":[{"count":0,"href":"https:\/\/jornaldocarro.estadao.com.br\/api\/wp\/v2\/blog_primeira_classe\/2878\/revisions"}],"wp:attachment":[{"href":"https:\/\/jornaldocarro.estadao.com.br\/api\/wp\/v2\/media?parent=2878"}],"curies":[{"name":"wp","href":"https:\/\/api.w.org\/{rel}","templated":true}]}}