{"id":2925,"date":"2016-02-16T20:01:19","date_gmt":"2016-02-16T22:01:19","guid":{"rendered":"http:\/\/blogs.estadao.com.br\/primeira-classe\/?p=2925"},"modified":"2016-02-16T20:01:19","modified_gmt":"2016-02-16T22:01:19","slug":"a-epoca-em-que-um-bmw-esportivo-custava-r-100-mil","status":"publish","type":"blog_primeira_classe","link":"https:\/\/jornaldocarro.estadao.com.br\/primeira-classe\/a-epoca-em-que-um-bmw-esportivo-custava-r-100-mil\/","title":{"rendered":"A \u00e9poca em que um BMW esportivo custava R$ 100 mil"},"content":{"rendered":"<p><figure id=\"attachment_2926\" aria-describedby=\"caption-attachment-2926\" style=\"width: 530px\" class=\"wp-caption alignnone\"><a rel=\"nofollow\" href=\"https:\/\/fotos.jornaldocarro.estadao.com.br\/primeira-classe\/files\/2016\/02\/z3-edu.jpg\"><img loading=\"lazy\" decoding=\"async\" class=\"size-full wp-image-2926\" src=\"https:\/\/fotos.jornaldocarro.estadao.com.br\/primeira-classe\/files\/2016\/02\/z3-edu.jpg\" alt=\"\" width=\"530\" height=\"364\"><\/a><figcaption id=\"caption-attachment-2926\" class=\"wp-caption-text\">O BMW Z3 de Edu: R$ 100 mil no fim de 1999 (Foto: Reprodu\u00e7\u00e3o)<\/figcaption><\/figure>\n<\/p><p>\u00a0<\/p><p>Um BMW esportivo custava R$ 100 mil. O Z3, sabe? Antecessor do Z4, cujo lan\u00e7amento mundial ocorreu em 2002. E as pessoas n\u00e3o estavam dispostas a abandonar o celular nem na hora de dirigir. Como hoje. S\u00f3 que eram liga\u00e7\u00f5es, n\u00e3o mensagens de texto ou de voz via WhatsApp. Digitar: s\u00f3 se fosse torpedo SMS, mas ningu\u00e9m fazia isso enquanto estava guiando.<\/p>\n  <div style=\"width: 100%;\" id=\"render-hmeio-1\"><\/div>\n    <script type=\"text\/javascript\">\n      if(window.innerWidth > 1){\n        $(\"#render-hmeio-1\").append(`\n          <div class=\"area-publicidade-rectangular hmeio\">\n            <p>Publicidade\n            <div class=\"area-publicidade\">\n              <div id=\"hmeio1\">\n            \n          \n        `);\n\n        \n    window.jornaldocarro = window.jornaldocarro || {};\n    window.jornaldocarro.slotsAds = window.jornaldocarro.slotsAds || [];\n    window.jornaldocarro.slotsAds.push(\"hmeio1\");\n  \n      }\n    <\/script>\n  <br><p><strong>(No Instagram: @blogprimeiraclasse)<\/strong><\/p><p>\u201cJ\u00e1 tem at\u00e9 lei que pro\u00edbe isso\u201d, diz Alma, personagem de Marieta Severo, sobre o h\u00e1bito de falar ao telefone ao volante.<\/p><p>E \u00e9 um acidente provocado por esse h\u00e1bito, que virou um problem\u00e3o nos dias de hoje, o ponto principal do primeiro cap\u00edtulo de \u201cLa\u00e7os de Fam\u00edlia\u201d, novela que estreou no fim de 1999, mas teve a maior parte de sua trama exibida em 2000. Por estar conversando ao telefone com sua funcion\u00e1ria, enquanto dirigia, Helena (Vera Fischer) acaba batendo seu Ford Explorer no nov\u00edssimo BMW Z3 de Edu, um Reinaldo Gianecchini estreante e nada convincente \u2013 quem diria que ele se transformaria em um grande ator.<\/p>\n  <div style=\"width: 100%;\" id=\"render-hmeio-2\"><\/div>\n    <script type=\"text\/javascript\">\n      if(window.innerWidth > 1){\n        $(\"#render-hmeio-2\").append(`\n          <div class=\"area-publicidade-rectangular hmeio\">\n            <p>Publicidade\n            <div class=\"area-publicidade\">\n              <div id=\"hmeio2\">\n            \n          \n        `);\n\n        \n    window.jornaldocarro = window.jornaldocarro || {};\n    window.jornaldocarro.slotsAds = window.jornaldocarro.slotsAds || [];\n    window.jornaldocarro.slotsAds.push(\"hmeio2\");\n  \n      }\n    <\/script>\n  <br><p><iframe loading=\"lazy\" src=\"\/\/www.dailymotion.com\/embed\/video\/x23zwan\" frameborder=\"0\" width=\"480\" height=\"270\"><\/iframe><\/p><p><a rel=\"nofollow\" href=\"https:\/\/www.dailymotion.com\/video\/x23zwan_lacos-de-familia-capitulo-1-parte-1_shortfilms\" target=\"_blank\">La\u00e7os de Fam\u00edlia \u2013 Capitulo 1, Parte 1<\/a> <em>por <a rel=\"nofollow\" href=\"https:\/\/www.dailymotion.com\/bruna-garritano\" target=\"_blank\">bruna-garritano<\/a><\/em><\/p><p>A reexibi\u00e7\u00e3o de \u201cLa\u00e7os de Fam\u00edlia\u201d estreou nesta segunda-feira (15) no canal a cabo Viva e, como \u00e9 bom rever essa obra de Manoel Carlos. Maneco, como \u00e9 chamado carinhosamente o autor, \u00e9 um romancista de costumes, e j\u00e1 foi mestre em transportar para as telinhas os h\u00e1bitos da sociedade. Assim, criou, em suas novelas, um \u00f3timo document\u00e1rio da \u00e9poca em que elas foram exibidas.<\/p>\n  <div style=\"width: 100%;\" id=\"render-hmeio-3\"><\/div>\n    <script type=\"text\/javascript\">\n      if(window.innerWidth > 1){\n        $(\"#render-hmeio-3\").append(`\n          <div class=\"area-publicidade-rectangular hmeio\">\n            <p>Publicidade\n            <div class=\"area-publicidade\">\n              <div id=\"hmeio3\">\n            \n          \n        `);\n\n        \n    window.jornaldocarro = window.jornaldocarro || {};\n    window.jornaldocarro.slotsAds = window.jornaldocarro.slotsAds || [];\n    window.jornaldocarro.slotsAds.push(\"hmeio3\");\n  \n      }\n    <\/script>\n  <br><p>Rever \u201cLa\u00e7os\u201d me remeteu ao passado. Surgiram lembran\u00e7as de como era a vida naquela \u00e9poca. Eu tinha 18 anos. Caloura na PUC-SP, no curso de jornalismo. Cheia de sonhos, esperan\u00e7as e muitas ambi\u00e7\u00f5es.<\/p><p>Parece-me que tamb\u00e9m cheio de sonhos, esperan\u00e7as e ambi\u00e7\u00f5es estava o Brasil, otimista com a estabilidade econ\u00f4mica conquistada ap\u00f3s per\u00edodos sombrios consecutivos: ditadura militar, cat\u00e1strofes econ\u00f4micas, governos corruptos. T\u00ednhamos uma moeda forte, chances para as iniciativas individuais e muitas grandes empresas chegando ao Brasil.<\/p><p>Nesses 16 anos, ganhamos muito. Muitas facilidades. Mas perdemos tanto. O principal? As rela\u00e7\u00f5es humanas existiam no plano real. Hoje, est\u00e3o cada vez mais no mundo virtual.<\/p>\n  <div style=\"width: 100%;\" id=\"render-hmeio-4\"><\/div>\n    <script type=\"text\/javascript\">\n      if(window.innerWidth > 1){\n        $(\"#render-hmeio-4\").append(`\n          <div class=\"area-publicidade-rectangular hmeio\">\n            <p>Publicidade\n            <div class=\"area-publicidade\">\n              <div id=\"hmeio4\">\n            \n          \n        `);\n\n        \n    window.jornaldocarro = window.jornaldocarro || {};\n    window.jornaldocarro.slotsAds = window.jornaldocarro.slotsAds || [];\n    window.jornaldocarro.slotsAds.push(\"hmeio4\");\n  \n      }\n    <\/script>\n  <br><p>Listei alguns aspectos que me chamaram a aten\u00e7\u00e3o no primeiro cap\u00edtulo da novela, e que mostram as mudan\u00e7as de nossa sociedade do in\u00edcio dos anos 2000 para c\u00e1.<\/p><p><strong>LEGISLA\u00c7\u00c3O<\/strong><\/p><p>J\u00e1 existia o problema do celular ao volante. O que mudou? Agora, com os smartphones e seus diversos aplicativos, o h\u00e1bito virou quase um problema de seguran\u00e7a p\u00fablica. Com Waze, WhatsApp, Instagram, etc, as pessoas se recusam a abandonar seus telefones, o que torna o tr\u00e2nsito ainda mais ca\u00f3tico do que j\u00e1 \u00e9 e aumenta as ocorr\u00eancias de acidentes.<\/p>\n  <div style=\"width: 100%;\" id=\"render-hmeio-5\"><\/div>\n    <script type=\"text\/javascript\">\n      if(window.innerWidth > 1){\n        $(\"#render-hmeio-5\").append(`\n          <div class=\"area-publicidade-rectangular hmeio\">\n            <p>Publicidade\n            <div class=\"area-publicidade\">\n              <div id=\"hmeio5\">\n            \n          \n        `);\n\n        \n    window.jornaldocarro = window.jornaldocarro || {};\n    window.jornaldocarro.slotsAds = window.jornaldocarro.slotsAds || [];\n    window.jornaldocarro.slotsAds.push(\"hmeio5\");\n  \n      }\n    <\/script>\n  <br><p>A legisla\u00e7\u00e3o, por\u00e9m, n\u00e3o acompanhou essa evolu\u00e7\u00e3o. Como em 2000, \u00e9 proibido usar o celular ao dirigir. Em contrapartida, houve melhorias nas regras quanto ao transporte de crian\u00e7as no carro. Agora, h\u00e1 dispositivos adequados para os pequenos, e esses acess\u00f3rios mudam conforme a idade e tamanho (assentos de eleva\u00e7\u00e3o, cadeirinhas, etc). Naquela \u00e9poca, a ordem era transportar os pequenos no banco de tr\u00e1s.<\/p><p>H\u00e1 uma cena, inclusive, que mostra uma intrometida Helena, chata como toda Helena de Manoel Carlos, bancando a guardi\u00e3 do politicamente correto. No tr\u00e2nsito, ela aborda uma outra motorista, que levava uma crian\u00e7a na frente do carro, para chamar sua aten\u00e7\u00e3o: \u201c\u00c9 perigoso, mo\u00e7a. Crian\u00e7a tem de ir atr\u00e1s\u201d, fala \u00e0 interlocutora, com ares meio agressivos.<\/p><p><strong>RELA\u00c7\u00d5ES HUMANAS<\/strong><\/p>\n  <div style=\"width: 100%;\" id=\"render-hmeio-6\"><\/div>\n    <script type=\"text\/javascript\">\n      if(window.innerWidth > 1){\n        $(\"#render-hmeio-6\").append(`\n          <div class=\"area-publicidade-rectangular hmeio\">\n            <p>Publicidade\n            <div class=\"area-publicidade\">\n              <div id=\"hmeio6\">\n            \n          \n        `);\n\n        \n    window.jornaldocarro = window.jornaldocarro || {};\n    window.jornaldocarro.slotsAds = window.jornaldocarro.slotsAds || [];\n    window.jornaldocarro.slotsAds.push(\"hmeio6\");\n  \n      }\n    <\/script>\n  <br><p>O comportamento de Helena em rela\u00e7\u00e3o \u00e0 motorista desconhecida talvez reflita o in\u00edcio da intoler\u00e2ncia que veio a dominar nossa sociedade, algo potencializado pelas redes sociais. No mundo cada vez mais virtual, as pessoas t\u00eam mais voz e, sem o medo sempre despertado pelo cara a cara, falam o que querem e agridem sem pudores.<\/p><p>Atr\u00e1s de seu computador, tablet ou smartphone, todo mundo \u00e9 valente, e virou algo comum as pessoas acharem que podem n\u00e3o apenas opinar sobre a vida alheia \u2013 seja a de uma pessoa conhecida ou n\u00e3o -, como tamb\u00e9m agredir o alvo da cr\u00edtica.<\/p><p>E quanto ao exibicionismo? Hoje, as pessoas n\u00e3o v\u00e3o a uma festa, uma viagem, um show ou um restaurante, sem registrar devidamente o fato nas redes sociais. N\u00e3o importa a realidade, apenas a impress\u00e3o. A imagem de sucesso. S\u00f3 vale ser popular no Instagram.<\/p>\n  <div style=\"width: 100%;\" id=\"render-hmeio-7\"><\/div>\n    <script type=\"text\/javascript\">\n      if(window.innerWidth > 1){\n        $(\"#render-hmeio-7\").append(`\n          <div class=\"area-publicidade-rectangular hmeio\">\n            <p>Publicidade\n            <div class=\"area-publicidade\">\n              <div id=\"hmeio7\">\n            \n          \n        `);\n\n        renderPubNow('hmeio', 7)\n      }\n    <\/script>\n  <br><p>Em 2000? Naquela \u00e9poca, quem queria falar algo, bom ou ruim, tinha de falar na cara. Precisando conversar com a m\u00e3e, irm\u00e3o, marido, namorado, amigo? S\u00f3 por telefone, ouvindo a voz e sentindo as rea\u00e7\u00f5es do interlocutor. Ou marcando um encontro. Sem covardia.<\/p><p>E, assim, o mundo parecia mais tolerante, mais inocente, mais rom\u00e2ntico, at\u00e9. E mais divertido. Sem possibilidade de postar, as pessoas faziam algo porque gostavam, e para se divertirem. Apenas isso. E viam o mundo com seus pr\u00f3prios olhos, n\u00e3o pelas lentes do smartphone.<\/p><p><strong>ECONOMIA<\/strong><\/p>\n  <div style=\"width: 100%;\" id=\"render-hmeio-8\"><\/div>\n    <script type=\"text\/javascript\">\n      if(window.innerWidth > 1){\n        $(\"#render-hmeio-8\").append(`\n          <div class=\"area-publicidade-rectangular hmeio\">\n            <p>Publicidade\n            <div class=\"area-publicidade\">\n              <div id=\"hmeio8\">\n            \n          \n        `);\n\n        renderPubNow('hmeio', 8)\n      }\n    <\/script>\n  <br><p>Ap\u00f3s o acidente com Helena, Edu conta a ela, bravo, que pagou R$ 100 mil no Z3. Hoje, um Z4, seu sucessor, custa R$ 257.950. Uma bela diferen\u00e7a, n\u00e3o? No mesmo ano, eu ganhei meu primeiro carro, um Chevrolet Celta, pelo qual foi pago R$ 10 mil. Atualmente, um ve\u00edculo de entrada, sem nenhum equipamento de conforto, sai por R$ 30 mil.<\/p><p>H\u00e1 quem diga que o segundo governo Fernando Henrique foi ruim. E que houve uma crise. No primeiro cap\u00edtulo de \u201cLa\u00e7os\u201d, mostra-se que estava bastante dif\u00edcil para os rec\u00e9m-formados ingressarem no mercado de trabalho. O filho mais velho de Helena, Fred, \u00e9 engenheiro, e n\u00e3o consegue emprego.<\/p><p>De todo modo, me lembro que aquela \u00e9poca era bastante pr\u00f3spera, sem infla\u00e7\u00e3o desenfreada e com a moeda nacional valorizada.<\/p>\n  <div style=\"width: 100%;\" id=\"render-hmeio-9\"><\/div>\n    <script type=\"text\/javascript\">\n      if(window.innerWidth > 1){\n        $(\"#render-hmeio-9\").append(`\n          <div class=\"area-publicidade-rectangular hmeio\">\n            <p>Publicidade\n            <div class=\"area-publicidade\">\n              <div id=\"hmeio9\">\n            \n          \n        `);\n\n        renderPubNow('hmeio', 9)\n      }\n    <\/script>\n  <br><p>Foi a \u00e9poca de privatiza\u00e7\u00f5es que permitiram \u00e0s pessoas n\u00e3o s\u00f3 terem telefone fixo, mas tamb\u00e9m celular. E tamb\u00e9m da chegada das montadoras chamadas newcomers, encerrando a hegemonia do quarteto VW\/Fiat\/Chevrolet\/Ford. At\u00e9 Audi e Mercedes come\u00e7aram a produzir carros aqui \u2013 projeto que abandonaram em meados daquela d\u00e9cada, e que agora retomam.<\/p><p>Lembro-me, tamb\u00e9m, de pagar menos de R$ 1 pela coca-cola que tomava enquanto assistia \u201cLa\u00e7os de Fam\u00edlia\u201d. E de gastar cerca de R$ 50 por um jantar em restaurante de \u00f3timo n\u00edvel. No supermercado? O valor total da compra semanal nunca passava dos R$ 50, e os produtos n\u00e3o s\u00e3o t\u00e3o diferentes dos que adquiro hoje, quando gasto o triplo.<\/p><p>Claro que houve infla\u00e7\u00e3o, n\u00e3o s\u00f3 aqui, mas tamb\u00e9m em pa\u00edses desenvolvidos. Mas a impress\u00e3o, naquela \u00e9poca, era de que nosso dinheiro valia mais do que hoje.<\/p>\n  <div style=\"width: 100%;\" id=\"render-hmeio-10\"><\/div>\n    <script type=\"text\/javascript\">\n      if(window.innerWidth > 1){\n        $(\"#render-hmeio-10\").append(`\n          <div class=\"area-publicidade-rectangular hmeio\">\n            <p>Publicidade\n            <div class=\"area-publicidade\">\n              <div id=\"hmeio10\">\n            \n          \n        `);\n\n        renderPubNow('hmeio', 10)\n      }\n    <\/script>\n  <br>","protected":false},"excerpt":{"rendered":"<p>T\u00ednhamos uma moeda forte e muitas esperan\u00e7as, mas o problema do celular ao volante j\u00e1 existia. S\u00f3 que as rela\u00e7\u00f5es humanas aconteciam mais no plano real, n\u00e3o no mundo virtual<\/p>\n","protected":false},"featured_media":0,"template":"","class_list":["post-2925","blog_primeira_classe","type-blog_primeira_classe","status-publish","hentry","tags_primeira_classe-anos-2000","tags_primeira_classe-bmw","tags_primeira_classe-canal-viva","tags_primeira_classe-carros","tags_primeira_classe-comportamento","tags_primeira_classe-consumo","tags_primeira_classe-estilo-de-vida","tags_primeira_classe-lacos-de-familia","tags_primeira_classe-novelas","tags_primeira_classe-rede-globo","tags_primeira_classe-reinaldo-giannecchini","tags_primeira_classe-smartphone","tags_primeira_classe-tablet","tags_primeira_classe-vera-fischer","tags_primeira_classe-z3"],"yoast_head":"<!-- This site is optimized with the Yoast SEO plugin v23.5 - https:\/\/yoast.com\/wordpress\/plugins\/seo\/ -->\n<title>A \u00e9poca em que um BMW esportivo custava R$ 100 mil - Jornal do Carro - Estad\u00e3o<\/title>\n<meta name=\"robots\" content=\"noindex, follow\" \/>\n<meta name=\"twitter:card\" content=\"summary_large_image\" \/>\n<meta name=\"twitter:title\" content=\"A \u00e9poca em que um BMW esportivo custava R$ 100 mil - Jornal do Carro - Estad\u00e3o\" \/>\n<meta name=\"twitter:description\" content=\"T\u00ednhamos uma moeda forte e muitas esperan\u00e7as, mas o problema do celular ao volante j\u00e1 existia. S\u00f3 que as rela\u00e7\u00f5es humanas aconteciam mais no plano real, n\u00e3o no mundo virtual\" \/>\n<meta name=\"twitter:image\" content=\"https:\/\/fotos.jornaldocarro.estadao.com.br\/primeira-classe\/files\/2016\/02\/z3-edu.jpg\" \/>\n<meta name=\"twitter:label1\" content=\"Est. tempo de leitura\" \/>\n\t<meta name=\"twitter:data1\" content=\"6 minutos\" \/>\n<script type=\"application\/ld+json\" class=\"yoast-schema-graph\">{\"@context\":\"https:\/\/schema.org\",\"@graph\":[{\"@type\":\"WebPage\",\"@id\":\"https:\/\/jornaldocarro.estadao.com.br\/primeira-classe\/a-epoca-em-que-um-bmw-esportivo-custava-r-100-mil\/\",\"url\":\"https:\/\/jornaldocarro.estadao.com.br\/primeira-classe\/a-epoca-em-que-um-bmw-esportivo-custava-r-100-mil\/\",\"name\":\"A \u00e9poca em que um BMW esportivo custava R$ 100 mil - Jornal do Carro - Estad\u00e3o\",\"isPartOf\":{\"@id\":\"https:\/\/jornaldocarro.estadao.com.br\/#website\"},\"primaryImageOfPage\":{\"@id\":\"https:\/\/jornaldocarro.estadao.com.br\/primeira-classe\/a-epoca-em-que-um-bmw-esportivo-custava-r-100-mil\/#primaryimage\"},\"image\":{\"@id\":\"https:\/\/jornaldocarro.estadao.com.br\/primeira-classe\/a-epoca-em-que-um-bmw-esportivo-custava-r-100-mil\/#primaryimage\"},\"thumbnailUrl\":\"https:\/\/fotos.jornaldocarro.estadao.com.br\/primeira-classe\/files\/2016\/02\/z3-edu.jpg\",\"datePublished\":\"2016-02-16T22:01:19+00:00\",\"dateModified\":\"2016-02-16T22:01:19+00:00\",\"breadcrumb\":{\"@id\":\"https:\/\/jornaldocarro.estadao.com.br\/primeira-classe\/a-epoca-em-que-um-bmw-esportivo-custava-r-100-mil\/#breadcrumb\"},\"inLanguage\":\"pt-BR\",\"potentialAction\":[{\"@type\":\"ReadAction\",\"target\":[\"https:\/\/jornaldocarro.estadao.com.br\/primeira-classe\/a-epoca-em-que-um-bmw-esportivo-custava-r-100-mil\/\"]}]},{\"@type\":\"ImageObject\",\"inLanguage\":\"pt-BR\",\"@id\":\"https:\/\/jornaldocarro.estadao.com.br\/primeira-classe\/a-epoca-em-que-um-bmw-esportivo-custava-r-100-mil\/#primaryimage\",\"url\":\"https:\/\/fotos.jornaldocarro.estadao.com.br\/primeira-classe\/files\/2016\/02\/z3-edu.jpg\",\"contentUrl\":\"https:\/\/fotos.jornaldocarro.estadao.com.br\/primeira-classe\/files\/2016\/02\/z3-edu.jpg\"},{\"@type\":\"BreadcrumbList\",\"@id\":\"https:\/\/jornaldocarro.estadao.com.br\/primeira-classe\/a-epoca-em-que-um-bmw-esportivo-custava-r-100-mil\/#breadcrumb\",\"itemListElement\":[{\"@type\":\"ListItem\",\"position\":1,\"name\":\"In\u00edcio\",\"item\":\"https:\/\/jornaldocarro.estadao.com.br\/\"},{\"@type\":\"ListItem\",\"position\":2,\"name\":\"Primeira Classe\",\"item\":\"https:\/\/jornaldocarro.estadao.com.br\/primeira-classe\/\"},{\"@type\":\"ListItem\",\"position\":3,\"name\":\"A \u00e9poca em que um BMW esportivo custava R$ 100 mil\"}]},{\"@type\":\"WebSite\",\"@id\":\"https:\/\/jornaldocarro.estadao.com.br\/#website\",\"url\":\"https:\/\/jornaldocarro.estadao.com.br\/\",\"name\":\"Jornal do Carro - Estad\u00e3o\",\"description\":\"O portal sobre carros, motos e tudo sobre o tema ve\u00edculos no Estad\u00e3o. Fique por dentro de lan\u00e7amentos e de hist\u00f3rias dos leitores e seus carros.\",\"potentialAction\":[{\"@type\":\"SearchAction\",\"target\":{\"@type\":\"EntryPoint\",\"urlTemplate\":\"https:\/\/jornaldocarro.estadao.com.br\/?s={search_term_string}\"},\"query-input\":{\"@type\":\"PropertyValueSpecification\",\"valueRequired\":true,\"valueName\":\"search_term_string\"}}],\"inLanguage\":\"pt-BR\"}]}<\/script>\n<!-- \/ Yoast SEO plugin. -->","yoast_head_json":{"title":"A \u00e9poca em que um BMW esportivo custava R$ 100 mil - Jornal do Carro - Estad\u00e3o","robots":{"index":"noindex","follow":"follow"},"twitter_card":"summary_large_image","twitter_title":"A \u00e9poca em que um BMW esportivo custava R$ 100 mil - Jornal do Carro - Estad\u00e3o","twitter_description":"T\u00ednhamos uma moeda forte e muitas esperan\u00e7as, mas o problema do celular ao volante j\u00e1 existia. S\u00f3 que as rela\u00e7\u00f5es humanas aconteciam mais no plano real, n\u00e3o no mundo virtual","twitter_image":"https:\/\/fotos.jornaldocarro.estadao.com.br\/primeira-classe\/files\/2016\/02\/z3-edu.jpg","twitter_misc":{"Est. tempo de leitura":"6 minutos"},"schema":{"@context":"https:\/\/schema.org","@graph":[{"@type":"WebPage","@id":"https:\/\/jornaldocarro.estadao.com.br\/primeira-classe\/a-epoca-em-que-um-bmw-esportivo-custava-r-100-mil\/","url":"https:\/\/jornaldocarro.estadao.com.br\/primeira-classe\/a-epoca-em-que-um-bmw-esportivo-custava-r-100-mil\/","name":"A \u00e9poca em que um BMW esportivo custava R$ 100 mil - Jornal do Carro - Estad\u00e3o","isPartOf":{"@id":"https:\/\/jornaldocarro.estadao.com.br\/#website"},"primaryImageOfPage":{"@id":"https:\/\/jornaldocarro.estadao.com.br\/primeira-classe\/a-epoca-em-que-um-bmw-esportivo-custava-r-100-mil\/#primaryimage"},"image":{"@id":"https:\/\/jornaldocarro.estadao.com.br\/primeira-classe\/a-epoca-em-que-um-bmw-esportivo-custava-r-100-mil\/#primaryimage"},"thumbnailUrl":"https:\/\/fotos.jornaldocarro.estadao.com.br\/primeira-classe\/files\/2016\/02\/z3-edu.jpg","datePublished":"2016-02-16T22:01:19+00:00","dateModified":"2016-02-16T22:01:19+00:00","breadcrumb":{"@id":"https:\/\/jornaldocarro.estadao.com.br\/primeira-classe\/a-epoca-em-que-um-bmw-esportivo-custava-r-100-mil\/#breadcrumb"},"inLanguage":"pt-BR","potentialAction":[{"@type":"ReadAction","target":["https:\/\/jornaldocarro.estadao.com.br\/primeira-classe\/a-epoca-em-que-um-bmw-esportivo-custava-r-100-mil\/"]}]},{"@type":"ImageObject","inLanguage":"pt-BR","@id":"https:\/\/jornaldocarro.estadao.com.br\/primeira-classe\/a-epoca-em-que-um-bmw-esportivo-custava-r-100-mil\/#primaryimage","url":"https:\/\/fotos.jornaldocarro.estadao.com.br\/primeira-classe\/files\/2016\/02\/z3-edu.jpg","contentUrl":"https:\/\/fotos.jornaldocarro.estadao.com.br\/primeira-classe\/files\/2016\/02\/z3-edu.jpg"},{"@type":"BreadcrumbList","@id":"https:\/\/jornaldocarro.estadao.com.br\/primeira-classe\/a-epoca-em-que-um-bmw-esportivo-custava-r-100-mil\/#breadcrumb","itemListElement":[{"@type":"ListItem","position":1,"name":"In\u00edcio","item":"https:\/\/jornaldocarro.estadao.com.br\/"},{"@type":"ListItem","position":2,"name":"Primeira Classe","item":"https:\/\/jornaldocarro.estadao.com.br\/primeira-classe\/"},{"@type":"ListItem","position":3,"name":"A \u00e9poca em que um BMW esportivo custava R$ 100 mil"}]},{"@type":"WebSite","@id":"https:\/\/jornaldocarro.estadao.com.br\/#website","url":"https:\/\/jornaldocarro.estadao.com.br\/","name":"Jornal do Carro - Estad\u00e3o","description":"O portal sobre carros, motos e tudo sobre o tema ve\u00edculos no Estad\u00e3o. Fique por dentro de lan\u00e7amentos e de hist\u00f3rias dos leitores e seus carros.","potentialAction":[{"@type":"SearchAction","target":{"@type":"EntryPoint","urlTemplate":"https:\/\/jornaldocarro.estadao.com.br\/?s={search_term_string}"},"query-input":{"@type":"PropertyValueSpecification","valueRequired":true,"valueName":"search_term_string"}}],"inLanguage":"pt-BR"}]}},"_links":{"self":[{"href":"https:\/\/jornaldocarro.estadao.com.br\/api\/wp\/v2\/blog_primeira_classe\/2925","targetHints":{"allow":["GET"]}}],"collection":[{"href":"https:\/\/jornaldocarro.estadao.com.br\/api\/wp\/v2\/blog_primeira_classe"}],"about":[{"href":"https:\/\/jornaldocarro.estadao.com.br\/api\/wp\/v2\/types\/blog_primeira_classe"}],"version-history":[{"count":0,"href":"https:\/\/jornaldocarro.estadao.com.br\/api\/wp\/v2\/blog_primeira_classe\/2925\/revisions"}],"wp:attachment":[{"href":"https:\/\/jornaldocarro.estadao.com.br\/api\/wp\/v2\/media?parent=2925"}],"curies":[{"name":"wp","href":"https:\/\/api.w.org\/{rel}","templated":true}]}}