{"id":2941,"date":"2016-02-18T10:01:05","date_gmt":"2016-02-18T12:01:05","guid":{"rendered":"http:\/\/blogs.estadao.com.br\/primeira-classe\/?p=2941"},"modified":"2016-02-18T10:01:05","modified_gmt":"2016-02-18T12:01:05","slug":"klm-oferece-bilhetes-a-europa-por-r-1-995-com-taxas","status":"publish","type":"blog_primeira_classe","link":"https:\/\/jornaldocarro.estadao.com.br\/primeira-classe\/klm-oferece-bilhetes-a-europa-por-r-1-995-com-taxas\/","title":{"rendered":"KLM oferece bilhetes \u00e0 Europa por R$ 1.995, com taxas"},"content":{"rendered":"<p><figure id=\"attachment_2943\" aria-describedby=\"caption-attachment-2943\" style=\"width: 530px\" class=\"wp-caption alignnone\"><a rel=\"nofollow\" href=\"https:\/\/fotos.jornaldocarro.estadao.com.br\/primeira-classe\/files\/2016\/02\/estocolmo-mowa-press.jpg\"><img loading=\"lazy\" decoding=\"async\" class=\"size-full wp-image-2943\" src=\"https:\/\/fotos.jornaldocarro.estadao.com.br\/primeira-classe\/files\/2016\/02\/estocolmo-mowa-press.jpg\" alt=\"\" width=\"530\" height=\"302\"><\/a><figcaption id=\"caption-attachment-2943\" class=\"wp-caption-text\">Estocolmo, na Su\u00e9cia. Foto: Mowa Press\/Divulga\u00e7\u00e3o<\/figcaption><\/figure>\n<\/p><p>\u00a0<\/p><p>Amantes de m\u00fasica eletr\u00f4nica de vanguarda: est\u00e1 a\u00ed a chance de voc\u00ea conferir de perto um dos mais importantes festivais do g\u00eanero do mundo. Tendo como mote o S\u00f3nar, que ocorre nos dias 26 e 27 de fevereiro em Estocolmo, a holandesa KLM est\u00e1 oferecendo bilhetes a partir de R$ 1.995 para a capital sueca.<\/p>\n  <div style=\"width: 100%;\" id=\"render-hmeio-1\"><\/div>\n    <script type=\"text\/javascript\">\n      if(window.innerWidth > 1){\n        $(\"#render-hmeio-1\").append(`\n          <div class=\"area-publicidade-rectangular hmeio\">\n            <p>Publicidade\n            <div class=\"area-publicidade\">\n              <div id=\"hmeio1\">\n            \n          \n        `);\n\n        \n    window.jornaldocarro = window.jornaldocarro || {};\n    window.jornaldocarro.slotsAds = window.jornaldocarro.slotsAds || [];\n    window.jornaldocarro.slotsAds.push(\"hmeio1\");\n  \n      }\n    <\/script>\n  <br><p><strong>(No Instagram: @blogprimeiraclasse)<\/strong><\/p><p>Por\u00e9m, os interessados devem se apressar. A promo\u00e7\u00e3o termina nesta sexta-feira (18). A oferta \u00e9 v\u00e1lida para embarques at\u00e9 10 de maio, com perman\u00eancia m\u00ednima de sete dias.<\/p><p>O valor de R$ 1.995 \u00e9 partindo do Rio de Janeiro. Saindo de S\u00e3o Paulo, s\u00e3o R$ 1.996. Essas tarifas j\u00e1 incluem todas as taxas.<\/p>\n  <div style=\"width: 100%;\" id=\"render-hmeio-2\"><\/div>\n    <script type=\"text\/javascript\">\n      if(window.innerWidth > 1){\n        $(\"#render-hmeio-2\").append(`\n          <div class=\"area-publicidade-rectangular hmeio\">\n            <p>Publicidade\n            <div class=\"area-publicidade\">\n              <div id=\"hmeio2\">\n            \n          \n        `);\n\n        \n    window.jornaldocarro = window.jornaldocarro || {};\n    window.jornaldocarro.slotsAds = window.jornaldocarro.slotsAds || [];\n    window.jornaldocarro.slotsAds.push(\"hmeio2\");\n  \n      }\n    <\/script>\n  <br><p>Do Rio de Janeiro, s\u00e3o cinco voos semanais e, a partir de S\u00e3o Paulo, a frequ\u00eancia \u00e9 di\u00e1ria \u2013 sempre com destino a Amsterd\u00e3 (Holanda), onde ser\u00e1 feita a conex\u00e3o.<\/p><p>H\u00e1 op\u00e7\u00f5es tamb\u00e9m para quem sai de Bras\u00edlia. Nesse caso, o valor \u00e9 de R$ 2.328 (tamb\u00e9m com taxas). Partindo de Belo Horizonte, Curitiba, Florian\u00f3polis, Foz do Igua\u00e7u, Goi\u00e2nia, Porto Alegre, Salvador ou Vit\u00f3ria, a tarifa \u00e9 de R$ 2.326 (taxas inclu\u00eddas).<\/p><p>Para ter direito \u00e0s tarifas promocionais, o passageiro deve fazer a emiss\u00e3o no m\u00ednimo sete dias antes da data de embarque.<\/p>\n  <div style=\"width: 100%;\" id=\"render-hmeio-3\"><\/div>\n    <script type=\"text\/javascript\">\n      if(window.innerWidth > 1){\n        $(\"#render-hmeio-3\").append(`\n          <div class=\"area-publicidade-rectangular hmeio\">\n            <p>Publicidade\n            <div class=\"area-publicidade\">\n              <div id=\"hmeio3\">\n            \n          \n        `);\n\n        \n    window.jornaldocarro = window.jornaldocarro || {};\n    window.jornaldocarro.slotsAds = window.jornaldocarro.slotsAds || [];\n    window.jornaldocarro.slotsAds.push(\"hmeio3\");\n  \n      }\n    <\/script>\n  <br>","protected":false},"excerpt":{"rendered":"<p>Destino final \u00e9 Estocolmo, na Su\u00e9cia, e mote da promo\u00e7\u00e3o \u00e9 o festival de m\u00fasica eletr\u00f4nica S\u00f3nar<\/p>\n","protected":false},"featured_media":0,"template":"","class_list":["post-2941","blog_primeira_classe","type-blog_primeira_classe","status-publish","hentry","tags_primeira_classe-bilhete-aereo","tags_primeira_classe-companhias-aereas","tags_primeira_classe-consumo","tags_primeira_classe-cultura","tags_primeira_classe-estocolmo","tags_primeira_classe-klm","tags_primeira_classe-musica","tags_primeira_classe-oferta","tags_primeira_classe-passagem-aerea","tags_primeira_classe-promocao","tags_primeira_classe-sonar","tags_primeira_classe-suecia","tags_primeira_classe-viagem"],"yoast_head":"<!-- This site is optimized with the Yoast SEO plugin v23.5 - https:\/\/yoast.com\/wordpress\/plugins\/seo\/ -->\n<title>KLM oferece bilhetes \u00e0 Europa por R$ 1.995, com taxas - Jornal do Carro - Estad\u00e3o<\/title>\n<meta name=\"robots\" content=\"noindex, follow\" \/>\n<meta name=\"twitter:card\" content=\"summary_large_image\" \/>\n<meta name=\"twitter:title\" content=\"KLM oferece bilhetes \u00e0 Europa por R$ 1.995, com taxas - Jornal do Carro - Estad\u00e3o\" \/>\n<meta name=\"twitter:description\" content=\"Destino final \u00e9 Estocolmo, na Su\u00e9cia, e mote da promo\u00e7\u00e3o \u00e9 o festival de m\u00fasica eletr\u00f4nica S\u00f3nar\" \/>\n<meta name=\"twitter:image\" content=\"https:\/\/fotos.jornaldocarro.estadao.com.br\/primeira-classe\/files\/2016\/02\/estocolmo-mowa-press.jpg\" \/>\n<meta name=\"twitter:label1\" content=\"Est. tempo de leitura\" \/>\n\t<meta name=\"twitter:data1\" content=\"1 minuto\" \/>\n<script type=\"application\/ld+json\" class=\"yoast-schema-graph\">{\"@context\":\"https:\/\/schema.org\",\"@graph\":[{\"@type\":\"WebPage\",\"@id\":\"https:\/\/jornaldocarro.estadao.com.br\/primeira-classe\/klm-oferece-bilhetes-a-europa-por-r-1-995-com-taxas\/\",\"url\":\"https:\/\/jornaldocarro.estadao.com.br\/primeira-classe\/klm-oferece-bilhetes-a-europa-por-r-1-995-com-taxas\/\",\"name\":\"KLM oferece bilhetes \u00e0 Europa por R$ 1.995, com taxas - Jornal do Carro - Estad\u00e3o\",\"isPartOf\":{\"@id\":\"https:\/\/jornaldocarro.estadao.com.br\/#website\"},\"primaryImageOfPage\":{\"@id\":\"https:\/\/jornaldocarro.estadao.com.br\/primeira-classe\/klm-oferece-bilhetes-a-europa-por-r-1-995-com-taxas\/#primaryimage\"},\"image\":{\"@id\":\"https:\/\/jornaldocarro.estadao.com.br\/primeira-classe\/klm-oferece-bilhetes-a-europa-por-r-1-995-com-taxas\/#primaryimage\"},\"thumbnailUrl\":\"https:\/\/fotos.jornaldocarro.estadao.com.br\/primeira-classe\/files\/2016\/02\/estocolmo-mowa-press.jpg\",\"datePublished\":\"2016-02-18T12:01:05+00:00\",\"dateModified\":\"2016-02-18T12:01:05+00:00\",\"breadcrumb\":{\"@id\":\"https:\/\/jornaldocarro.estadao.com.br\/primeira-classe\/klm-oferece-bilhetes-a-europa-por-r-1-995-com-taxas\/#breadcrumb\"},\"inLanguage\":\"pt-BR\",\"potentialAction\":[{\"@type\":\"ReadAction\",\"target\":[\"https:\/\/jornaldocarro.estadao.com.br\/primeira-classe\/klm-oferece-bilhetes-a-europa-por-r-1-995-com-taxas\/\"]}]},{\"@type\":\"ImageObject\",\"inLanguage\":\"pt-BR\",\"@id\":\"https:\/\/jornaldocarro.estadao.com.br\/primeira-classe\/klm-oferece-bilhetes-a-europa-por-r-1-995-com-taxas\/#primaryimage\",\"url\":\"https:\/\/fotos.jornaldocarro.estadao.com.br\/primeira-classe\/files\/2016\/02\/estocolmo-mowa-press.jpg\",\"contentUrl\":\"https:\/\/fotos.jornaldocarro.estadao.com.br\/primeira-classe\/files\/2016\/02\/estocolmo-mowa-press.jpg\"},{\"@type\":\"BreadcrumbList\",\"@id\":\"https:\/\/jornaldocarro.estadao.com.br\/primeira-classe\/klm-oferece-bilhetes-a-europa-por-r-1-995-com-taxas\/#breadcrumb\",\"itemListElement\":[{\"@type\":\"ListItem\",\"position\":1,\"name\":\"In\u00edcio\",\"item\":\"https:\/\/jornaldocarro.estadao.com.br\/\"},{\"@type\":\"ListItem\",\"position\":2,\"name\":\"Primeira Classe\",\"item\":\"https:\/\/jornaldocarro.estadao.com.br\/primeira-classe\/\"},{\"@type\":\"ListItem\",\"position\":3,\"name\":\"KLM oferece bilhetes \u00e0 Europa por R$ 1.995, com taxas\"}]},{\"@type\":\"WebSite\",\"@id\":\"https:\/\/jornaldocarro.estadao.com.br\/#website\",\"url\":\"https:\/\/jornaldocarro.estadao.com.br\/\",\"name\":\"Jornal do Carro - Estad\u00e3o\",\"description\":\"O portal sobre carros, motos e tudo sobre o tema ve\u00edculos no Estad\u00e3o. Fique por dentro de lan\u00e7amentos e de hist\u00f3rias dos leitores e seus carros.\",\"potentialAction\":[{\"@type\":\"SearchAction\",\"target\":{\"@type\":\"EntryPoint\",\"urlTemplate\":\"https:\/\/jornaldocarro.estadao.com.br\/?s={search_term_string}\"},\"query-input\":{\"@type\":\"PropertyValueSpecification\",\"valueRequired\":true,\"valueName\":\"search_term_string\"}}],\"inLanguage\":\"pt-BR\"}]}<\/script>\n<!-- \/ Yoast SEO plugin. -->","yoast_head_json":{"title":"KLM oferece bilhetes \u00e0 Europa por R$ 1.995, com taxas - Jornal do Carro - Estad\u00e3o","robots":{"index":"noindex","follow":"follow"},"twitter_card":"summary_large_image","twitter_title":"KLM oferece bilhetes \u00e0 Europa por R$ 1.995, com taxas - Jornal do Carro - Estad\u00e3o","twitter_description":"Destino final \u00e9 Estocolmo, na Su\u00e9cia, e mote da promo\u00e7\u00e3o \u00e9 o festival de m\u00fasica eletr\u00f4nica S\u00f3nar","twitter_image":"https:\/\/fotos.jornaldocarro.estadao.com.br\/primeira-classe\/files\/2016\/02\/estocolmo-mowa-press.jpg","twitter_misc":{"Est. tempo de leitura":"1 minuto"},"schema":{"@context":"https:\/\/schema.org","@graph":[{"@type":"WebPage","@id":"https:\/\/jornaldocarro.estadao.com.br\/primeira-classe\/klm-oferece-bilhetes-a-europa-por-r-1-995-com-taxas\/","url":"https:\/\/jornaldocarro.estadao.com.br\/primeira-classe\/klm-oferece-bilhetes-a-europa-por-r-1-995-com-taxas\/","name":"KLM oferece bilhetes \u00e0 Europa por R$ 1.995, com taxas - Jornal do Carro - Estad\u00e3o","isPartOf":{"@id":"https:\/\/jornaldocarro.estadao.com.br\/#website"},"primaryImageOfPage":{"@id":"https:\/\/jornaldocarro.estadao.com.br\/primeira-classe\/klm-oferece-bilhetes-a-europa-por-r-1-995-com-taxas\/#primaryimage"},"image":{"@id":"https:\/\/jornaldocarro.estadao.com.br\/primeira-classe\/klm-oferece-bilhetes-a-europa-por-r-1-995-com-taxas\/#primaryimage"},"thumbnailUrl":"https:\/\/fotos.jornaldocarro.estadao.com.br\/primeira-classe\/files\/2016\/02\/estocolmo-mowa-press.jpg","datePublished":"2016-02-18T12:01:05+00:00","dateModified":"2016-02-18T12:01:05+00:00","breadcrumb":{"@id":"https:\/\/jornaldocarro.estadao.com.br\/primeira-classe\/klm-oferece-bilhetes-a-europa-por-r-1-995-com-taxas\/#breadcrumb"},"inLanguage":"pt-BR","potentialAction":[{"@type":"ReadAction","target":["https:\/\/jornaldocarro.estadao.com.br\/primeira-classe\/klm-oferece-bilhetes-a-europa-por-r-1-995-com-taxas\/"]}]},{"@type":"ImageObject","inLanguage":"pt-BR","@id":"https:\/\/jornaldocarro.estadao.com.br\/primeira-classe\/klm-oferece-bilhetes-a-europa-por-r-1-995-com-taxas\/#primaryimage","url":"https:\/\/fotos.jornaldocarro.estadao.com.br\/primeira-classe\/files\/2016\/02\/estocolmo-mowa-press.jpg","contentUrl":"https:\/\/fotos.jornaldocarro.estadao.com.br\/primeira-classe\/files\/2016\/02\/estocolmo-mowa-press.jpg"},{"@type":"BreadcrumbList","@id":"https:\/\/jornaldocarro.estadao.com.br\/primeira-classe\/klm-oferece-bilhetes-a-europa-por-r-1-995-com-taxas\/#breadcrumb","itemListElement":[{"@type":"ListItem","position":1,"name":"In\u00edcio","item":"https:\/\/jornaldocarro.estadao.com.br\/"},{"@type":"ListItem","position":2,"name":"Primeira Classe","item":"https:\/\/jornaldocarro.estadao.com.br\/primeira-classe\/"},{"@type":"ListItem","position":3,"name":"KLM oferece bilhetes \u00e0 Europa por R$ 1.995, com taxas"}]},{"@type":"WebSite","@id":"https:\/\/jornaldocarro.estadao.com.br\/#website","url":"https:\/\/jornaldocarro.estadao.com.br\/","name":"Jornal do Carro - Estad\u00e3o","description":"O portal sobre carros, motos e tudo sobre o tema ve\u00edculos no Estad\u00e3o. Fique por dentro de lan\u00e7amentos e de hist\u00f3rias dos leitores e seus carros.","potentialAction":[{"@type":"SearchAction","target":{"@type":"EntryPoint","urlTemplate":"https:\/\/jornaldocarro.estadao.com.br\/?s={search_term_string}"},"query-input":{"@type":"PropertyValueSpecification","valueRequired":true,"valueName":"search_term_string"}}],"inLanguage":"pt-BR"}]}},"_links":{"self":[{"href":"https:\/\/jornaldocarro.estadao.com.br\/api\/wp\/v2\/blog_primeira_classe\/2941","targetHints":{"allow":["GET"]}}],"collection":[{"href":"https:\/\/jornaldocarro.estadao.com.br\/api\/wp\/v2\/blog_primeira_classe"}],"about":[{"href":"https:\/\/jornaldocarro.estadao.com.br\/api\/wp\/v2\/types\/blog_primeira_classe"}],"version-history":[{"count":0,"href":"https:\/\/jornaldocarro.estadao.com.br\/api\/wp\/v2\/blog_primeira_classe\/2941\/revisions"}],"wp:attachment":[{"href":"https:\/\/jornaldocarro.estadao.com.br\/api\/wp\/v2\/media?parent=2941"}],"curies":[{"name":"wp","href":"https:\/\/api.w.org\/{rel}","templated":true}]}}