{"id":3031,"date":"2016-04-02T14:43:09","date_gmt":"2016-04-02T16:43:09","guid":{"rendered":"http:\/\/blogs.estadao.com.br\/primeira-classe\/?p=3031"},"modified":"2016-04-02T14:43:09","modified_gmt":"2016-04-02T16:43:09","slug":"veja-os-carros-de-luxo-mais-vendidos-em-marco","status":"publish","type":"blog_primeira_classe","link":"https:\/\/jornaldocarro.estadao.com.br\/primeira-classe\/veja-os-carros-de-luxo-mais-vendidos-em-marco\/","title":{"rendered":"Veja os carros de luxo mais vendidos em mar\u00e7o"},"content":{"rendered":"<p><figure id=\"attachment_3032\" aria-describedby=\"caption-attachment-3032\" style=\"width: 530px\" class=\"wp-caption alignnone\"><a rel=\"nofollow\" href=\"https:\/\/fotos.jornaldocarro.estadao.com.br\/primeira-classe\/files\/2016\/04\/a3-serie-3.jpg\"><img loading=\"lazy\" decoding=\"async\" class=\"size-full wp-image-3032\" src=\"https:\/\/fotos.jornaldocarro.estadao.com.br\/primeira-classe\/files\/2016\/04\/a3-serie-3.jpg\" alt=\"\" width=\"530\" height=\"385\"><\/a><figcaption id=\"caption-attachment-3032\" class=\"wp-caption-text\">A3 Sedan e S\u00e9rie 3 est\u00e3o na lista dos cinco primeiros<\/figcaption><\/figure>\n<\/p><p>Na briga pela primeira posi\u00e7\u00e3o no ranking de vendas de marcas de luxo, mar\u00e7o n\u00e3o teve grande novidade. A Audi continua em primeiro lugar, com\u00a01.545 emplacamentos no m\u00eas passado. Segunda colocada, a Mercedes vendeu\u00a01.016 ve\u00edculos.<\/p><p><strong>(No Instagram: @blogprimeiraclasse)<\/strong><\/p>\n  <div style=\"width: 100%;\" id=\"render-hmeio-1\"><\/div>\n    <script type=\"text\/javascript\">\n      if(window.innerWidth > 1){\n        $(\"#render-hmeio-1\").append(`\n          <div class=\"area-publicidade-rectangular hmeio\">\n            <p>Publicidade\n            <div class=\"area-publicidade\">\n              <div id=\"hmeio1\">\n            \n          \n        `);\n\n        \n    window.jornaldocarro = window.jornaldocarro || {};\n    window.jornaldocarro.slotsAds = window.jornaldocarro.slotsAds || [];\n    window.jornaldocarro.slotsAds.push(\"hmeio1\");\n  \n      }\n    <\/script>\n  <br><p>A BMW, terceira, registrou 774 emplacamentos, exatamente 100 a mais que a Land Rover, quarta. A Volvo foi quinta colocada, com 268 modelos vendidos.<\/p><p>No acumulado de janeiro a mar\u00e7o, a ordem \u00e9 a mesma. A Audi tem\u00a03.208 emplacamentos, ante 2.363 da Mercedes,\u00a02.185 da BMW, 1.965 da Land Rover e\u00a0802 da Volvo.<\/p><p>J\u00e1 no ranking de modelos de marcas de luxo, a surpresa \u00e9 o A3 Sedan. N\u00e3o apenas pelo fato de ele ter liderado a lista em mar\u00e7o, mas tamb\u00e9m por ter aparecido em quinto lugar no segmento de sed\u00e3s m\u00e9dios, atr\u00e1s de Corolla, Civic, Sentra e Cruze Sedan, nesta ordem. O modelo ficou \u00e0 frente do Jetta.<\/p>\n  <div style=\"width: 100%;\" id=\"render-hmeio-2\"><\/div>\n    <script type=\"text\/javascript\">\n      if(window.innerWidth > 1){\n        $(\"#render-hmeio-2\").append(`\n          <div class=\"area-publicidade-rectangular hmeio\">\n            <p>Publicidade\n            <div class=\"area-publicidade\">\n              <div id=\"hmeio2\">\n            \n          \n        `);\n\n        \n    window.jornaldocarro = window.jornaldocarro || {};\n    window.jornaldocarro.slotsAds = window.jornaldocarro.slotsAds || [];\n    window.jornaldocarro.slotsAds.push(\"hmeio2\");\n  \n      }\n    <\/script>\n  <br><p>O segundo lugar tamb\u00e9m \u00e9 da Audi, com o Q3, seguida pela Land Rover, com o Discovery Sport. Veja abaixo a lista dos dez mais vendidos.<\/p><p>1 \u2013 Audi A3 Sedan \u2013 620 emplacamentos<\/p><p>2 \u2013 Audi Q3 \u2013 446<\/p>\n  <div style=\"width: 100%;\" id=\"render-hmeio-3\"><\/div>\n    <script type=\"text\/javascript\">\n      if(window.innerWidth > 1){\n        $(\"#render-hmeio-3\").append(`\n          <div class=\"area-publicidade-rectangular hmeio\">\n            <p>Publicidade\n            <div class=\"area-publicidade\">\n              <div id=\"hmeio3\">\n            \n          \n        `);\n\n        \n    window.jornaldocarro = window.jornaldocarro || {};\n    window.jornaldocarro.slotsAds = window.jornaldocarro.slotsAds || [];\n    window.jornaldocarro.slotsAds.push(\"hmeio3\");\n  \n      }\n    <\/script>\n  <br><p>3 \u2013 Land Rover Discovery Sport \u2013 408<\/p><p>4 \u2013 Mercedes-Benz Classe C \u2013 351<\/p><p>5 \u2013 BMW S\u00e9rie 3 \u2013 321<\/p>\n  <div style=\"width: 100%;\" id=\"render-hmeio-4\"><\/div>\n    <script type=\"text\/javascript\">\n      if(window.innerWidth > 1){\n        $(\"#render-hmeio-4\").append(`\n          <div class=\"area-publicidade-rectangular hmeio\">\n            <p>Publicidade\n            <div class=\"area-publicidade\">\n              <div id=\"hmeio4\">\n            \n          \n        `);\n\n        \n    window.jornaldocarro = window.jornaldocarro || {};\n    window.jornaldocarro.slotsAds = window.jornaldocarro.slotsAds || [];\n    window.jornaldocarro.slotsAds.push(\"hmeio4\");\n  \n      }\n    <\/script>\n  <br><p>6 \u2013 Mercedes-Benz GLA \u2013 272<\/p><p>7 \u2013 Audi A1 \u2013 196<\/p><p>8 \u2013 Land Rover Range Rover Evoque \u2013 179<\/p>\n  <div style=\"width: 100%;\" id=\"render-hmeio-5\"><\/div>\n    <script type=\"text\/javascript\">\n      if(window.innerWidth > 1){\n        $(\"#render-hmeio-5\").append(`\n          <div class=\"area-publicidade-rectangular hmeio\">\n            <p>Publicidade\n            <div class=\"area-publicidade\">\n              <div id=\"hmeio5\">\n            \n          \n        `);\n\n        \n    window.jornaldocarro = window.jornaldocarro || {};\n    window.jornaldocarro.slotsAds = window.jornaldocarro.slotsAds || [];\n    window.jornaldocarro.slotsAds.push(\"hmeio5\");\n  \n      }\n    <\/script>\n  <br><p>9 \u2013 Volvo XC60 \u2013 165<\/p><p>10 \u2013 Mercedes-Benz CLA \u2013 83<\/p><p><em>FONTE: FENABRAVE\u00a0<\/em><\/p>\n  <div style=\"width: 100%;\" id=\"render-hmeio-6\"><\/div>\n    <script type=\"text\/javascript\">\n      if(window.innerWidth > 1){\n        $(\"#render-hmeio-6\").append(`\n          <div class=\"area-publicidade-rectangular hmeio\">\n            <p>Publicidade\n            <div class=\"area-publicidade\">\n              <div id=\"hmeio6\">\n            \n          \n        `);\n\n        \n    window.jornaldocarro = window.jornaldocarro || {};\n    window.jornaldocarro.slotsAds = window.jornaldocarro.slotsAds || [];\n    window.jornaldocarro.slotsAds.push(\"hmeio6\");\n  \n      }\n    <\/script>\n  <br>","protected":false},"excerpt":{"rendered":"<p>Destaque \u00e9 o Audi A3 Sedan, que foi o quinto colocado em seu segmento<\/p>\n","protected":false},"featured_media":0,"template":"","class_list":["post-3031","blog_primeira_classe","type-blog_primeira_classe","status-publish","hentry","tags_primeira_classe-audi","tags_primeira_classe-bmw","tags_primeira_classe-carros","tags_primeira_classe-fenabrave","tags_primeira_classe-land-rover","tags_primeira_classe-mercado","tags_primeira_classe-mercado-de-luxo","tags_primeira_classe-mercedes","tags_primeira_classe-mercedes-benz","tags_primeira_classe-ranking","tags_primeira_classe-vendas","tags_primeira_classe-volvo"],"yoast_head":"<!-- This site is optimized with the Yoast SEO plugin v23.5 - https:\/\/yoast.com\/wordpress\/plugins\/seo\/ -->\n<title>Veja os carros de luxo mais vendidos em mar\u00e7o - Jornal do Carro - Estad\u00e3o<\/title>\n<meta name=\"robots\" content=\"noindex, follow\" \/>\n<meta name=\"twitter:card\" content=\"summary_large_image\" \/>\n<meta name=\"twitter:title\" content=\"Veja os carros de luxo mais vendidos em mar\u00e7o - Jornal do Carro - Estad\u00e3o\" \/>\n<meta name=\"twitter:description\" content=\"Destaque \u00e9 o Audi A3 Sedan, que foi o quinto colocado em seu segmento\" \/>\n<meta name=\"twitter:image\" content=\"https:\/\/fotos.jornaldocarro.estadao.com.br\/primeira-classe\/files\/2016\/04\/a3-serie-3.jpg\" \/>\n<meta name=\"twitter:label1\" content=\"Est. tempo de leitura\" \/>\n\t<meta name=\"twitter:data1\" content=\"1 minuto\" \/>\n<script type=\"application\/ld+json\" class=\"yoast-schema-graph\">{\"@context\":\"https:\/\/schema.org\",\"@graph\":[{\"@type\":\"WebPage\",\"@id\":\"https:\/\/jornaldocarro.estadao.com.br\/primeira-classe\/veja-os-carros-de-luxo-mais-vendidos-em-marco\/\",\"url\":\"https:\/\/jornaldocarro.estadao.com.br\/primeira-classe\/veja-os-carros-de-luxo-mais-vendidos-em-marco\/\",\"name\":\"Veja os carros de luxo mais vendidos em mar\u00e7o - Jornal do Carro - Estad\u00e3o\",\"isPartOf\":{\"@id\":\"https:\/\/jornaldocarro.estadao.com.br\/#website\"},\"primaryImageOfPage\":{\"@id\":\"https:\/\/jornaldocarro.estadao.com.br\/primeira-classe\/veja-os-carros-de-luxo-mais-vendidos-em-marco\/#primaryimage\"},\"image\":{\"@id\":\"https:\/\/jornaldocarro.estadao.com.br\/primeira-classe\/veja-os-carros-de-luxo-mais-vendidos-em-marco\/#primaryimage\"},\"thumbnailUrl\":\"https:\/\/fotos.jornaldocarro.estadao.com.br\/primeira-classe\/files\/2016\/04\/a3-serie-3.jpg\",\"datePublished\":\"2016-04-02T16:43:09+00:00\",\"dateModified\":\"2016-04-02T16:43:09+00:00\",\"breadcrumb\":{\"@id\":\"https:\/\/jornaldocarro.estadao.com.br\/primeira-classe\/veja-os-carros-de-luxo-mais-vendidos-em-marco\/#breadcrumb\"},\"inLanguage\":\"pt-BR\",\"potentialAction\":[{\"@type\":\"ReadAction\",\"target\":[\"https:\/\/jornaldocarro.estadao.com.br\/primeira-classe\/veja-os-carros-de-luxo-mais-vendidos-em-marco\/\"]}]},{\"@type\":\"ImageObject\",\"inLanguage\":\"pt-BR\",\"@id\":\"https:\/\/jornaldocarro.estadao.com.br\/primeira-classe\/veja-os-carros-de-luxo-mais-vendidos-em-marco\/#primaryimage\",\"url\":\"https:\/\/fotos.jornaldocarro.estadao.com.br\/primeira-classe\/files\/2016\/04\/a3-serie-3.jpg\",\"contentUrl\":\"https:\/\/fotos.jornaldocarro.estadao.com.br\/primeira-classe\/files\/2016\/04\/a3-serie-3.jpg\"},{\"@type\":\"BreadcrumbList\",\"@id\":\"https:\/\/jornaldocarro.estadao.com.br\/primeira-classe\/veja-os-carros-de-luxo-mais-vendidos-em-marco\/#breadcrumb\",\"itemListElement\":[{\"@type\":\"ListItem\",\"position\":1,\"name\":\"In\u00edcio\",\"item\":\"https:\/\/jornaldocarro.estadao.com.br\/\"},{\"@type\":\"ListItem\",\"position\":2,\"name\":\"Primeira Classe\",\"item\":\"https:\/\/jornaldocarro.estadao.com.br\/primeira-classe\/\"},{\"@type\":\"ListItem\",\"position\":3,\"name\":\"Veja os carros de luxo mais vendidos em mar\u00e7o\"}]},{\"@type\":\"WebSite\",\"@id\":\"https:\/\/jornaldocarro.estadao.com.br\/#website\",\"url\":\"https:\/\/jornaldocarro.estadao.com.br\/\",\"name\":\"Jornal do Carro - Estad\u00e3o\",\"description\":\"O portal sobre carros, motos e tudo sobre o tema ve\u00edculos no Estad\u00e3o. Fique por dentro de lan\u00e7amentos e de hist\u00f3rias dos leitores e seus carros.\",\"potentialAction\":[{\"@type\":\"SearchAction\",\"target\":{\"@type\":\"EntryPoint\",\"urlTemplate\":\"https:\/\/jornaldocarro.estadao.com.br\/?s={search_term_string}\"},\"query-input\":{\"@type\":\"PropertyValueSpecification\",\"valueRequired\":true,\"valueName\":\"search_term_string\"}}],\"inLanguage\":\"pt-BR\"}]}<\/script>\n<!-- \/ Yoast SEO plugin. -->","yoast_head_json":{"title":"Veja os carros de luxo mais vendidos em mar\u00e7o - Jornal do Carro - Estad\u00e3o","robots":{"index":"noindex","follow":"follow"},"twitter_card":"summary_large_image","twitter_title":"Veja os carros de luxo mais vendidos em mar\u00e7o - Jornal do Carro - Estad\u00e3o","twitter_description":"Destaque \u00e9 o Audi A3 Sedan, que foi o quinto colocado em seu segmento","twitter_image":"https:\/\/fotos.jornaldocarro.estadao.com.br\/primeira-classe\/files\/2016\/04\/a3-serie-3.jpg","twitter_misc":{"Est. tempo de leitura":"1 minuto"},"schema":{"@context":"https:\/\/schema.org","@graph":[{"@type":"WebPage","@id":"https:\/\/jornaldocarro.estadao.com.br\/primeira-classe\/veja-os-carros-de-luxo-mais-vendidos-em-marco\/","url":"https:\/\/jornaldocarro.estadao.com.br\/primeira-classe\/veja-os-carros-de-luxo-mais-vendidos-em-marco\/","name":"Veja os carros de luxo mais vendidos em mar\u00e7o - Jornal do Carro - Estad\u00e3o","isPartOf":{"@id":"https:\/\/jornaldocarro.estadao.com.br\/#website"},"primaryImageOfPage":{"@id":"https:\/\/jornaldocarro.estadao.com.br\/primeira-classe\/veja-os-carros-de-luxo-mais-vendidos-em-marco\/#primaryimage"},"image":{"@id":"https:\/\/jornaldocarro.estadao.com.br\/primeira-classe\/veja-os-carros-de-luxo-mais-vendidos-em-marco\/#primaryimage"},"thumbnailUrl":"https:\/\/fotos.jornaldocarro.estadao.com.br\/primeira-classe\/files\/2016\/04\/a3-serie-3.jpg","datePublished":"2016-04-02T16:43:09+00:00","dateModified":"2016-04-02T16:43:09+00:00","breadcrumb":{"@id":"https:\/\/jornaldocarro.estadao.com.br\/primeira-classe\/veja-os-carros-de-luxo-mais-vendidos-em-marco\/#breadcrumb"},"inLanguage":"pt-BR","potentialAction":[{"@type":"ReadAction","target":["https:\/\/jornaldocarro.estadao.com.br\/primeira-classe\/veja-os-carros-de-luxo-mais-vendidos-em-marco\/"]}]},{"@type":"ImageObject","inLanguage":"pt-BR","@id":"https:\/\/jornaldocarro.estadao.com.br\/primeira-classe\/veja-os-carros-de-luxo-mais-vendidos-em-marco\/#primaryimage","url":"https:\/\/fotos.jornaldocarro.estadao.com.br\/primeira-classe\/files\/2016\/04\/a3-serie-3.jpg","contentUrl":"https:\/\/fotos.jornaldocarro.estadao.com.br\/primeira-classe\/files\/2016\/04\/a3-serie-3.jpg"},{"@type":"BreadcrumbList","@id":"https:\/\/jornaldocarro.estadao.com.br\/primeira-classe\/veja-os-carros-de-luxo-mais-vendidos-em-marco\/#breadcrumb","itemListElement":[{"@type":"ListItem","position":1,"name":"In\u00edcio","item":"https:\/\/jornaldocarro.estadao.com.br\/"},{"@type":"ListItem","position":2,"name":"Primeira Classe","item":"https:\/\/jornaldocarro.estadao.com.br\/primeira-classe\/"},{"@type":"ListItem","position":3,"name":"Veja os carros de luxo mais vendidos em mar\u00e7o"}]},{"@type":"WebSite","@id":"https:\/\/jornaldocarro.estadao.com.br\/#website","url":"https:\/\/jornaldocarro.estadao.com.br\/","name":"Jornal do Carro - Estad\u00e3o","description":"O portal sobre carros, motos e tudo sobre o tema ve\u00edculos no Estad\u00e3o. Fique por dentro de lan\u00e7amentos e de hist\u00f3rias dos leitores e seus carros.","potentialAction":[{"@type":"SearchAction","target":{"@type":"EntryPoint","urlTemplate":"https:\/\/jornaldocarro.estadao.com.br\/?s={search_term_string}"},"query-input":{"@type":"PropertyValueSpecification","valueRequired":true,"valueName":"search_term_string"}}],"inLanguage":"pt-BR"}]}},"_links":{"self":[{"href":"https:\/\/jornaldocarro.estadao.com.br\/api\/wp\/v2\/blog_primeira_classe\/3031","targetHints":{"allow":["GET"]}}],"collection":[{"href":"https:\/\/jornaldocarro.estadao.com.br\/api\/wp\/v2\/blog_primeira_classe"}],"about":[{"href":"https:\/\/jornaldocarro.estadao.com.br\/api\/wp\/v2\/types\/blog_primeira_classe"}],"version-history":[{"count":0,"href":"https:\/\/jornaldocarro.estadao.com.br\/api\/wp\/v2\/blog_primeira_classe\/3031\/revisions"}],"wp:attachment":[{"href":"https:\/\/jornaldocarro.estadao.com.br\/api\/wp\/v2\/media?parent=3031"}],"curies":[{"name":"wp","href":"https:\/\/api.w.org\/{rel}","templated":true}]}}