{"id":3041,"date":"2016-04-06T20:25:11","date_gmt":"2016-04-06T22:25:11","guid":{"rendered":"http:\/\/blogs.estadao.com.br\/primeira-classe\/?p=3041"},"modified":"2016-04-06T20:25:11","modified_gmt":"2016-04-06T22:25:11","slug":"carros-acima-de-r-70-mil-ganham-espaco-entre-os-dez-mais-vendidos","status":"publish","type":"blog_primeira_classe","link":"https:\/\/jornaldocarro.estadao.com.br\/primeira-classe\/carros-acima-de-r-70-mil-ganham-espaco-entre-os-dez-mais-vendidos\/","title":{"rendered":"Carros acima de R$ 70 mil ganham espa\u00e7o entre os dez mais vendidos"},"content":{"rendered":"<p><figure id=\"attachment_3042\" aria-describedby=\"caption-attachment-3042\" style=\"width: 530px\" class=\"wp-caption alignnone\"><a rel=\"nofollow\" href=\"https:\/\/fotos.jornaldocarro.estadao.com.br\/primeira-classe\/files\/2016\/04\/7528523.jpg\"><img loading=\"lazy\" decoding=\"async\" class=\"size-full wp-image-3042\" src=\"https:\/\/fotos.jornaldocarro.estadao.com.br\/primeira-classe\/files\/2016\/04\/7528523.jpg\" alt=\"\" width=\"530\" height=\"353\"><\/a><figcaption id=\"caption-attachment-3042\" class=\"wp-caption-text\">Com pre\u00e7o inicial de R$ 78.700, Honda HR-V foi o quarto mais vendido do Brasil em mar\u00e7o (Foto: Sergio Castro\/Estad\u00e3o)<\/figcaption><\/figure>\n<\/p><p>\u00a0<\/p><p>O ranking de vendas de ve\u00edculos zero-km de mar\u00e7o revela uma mudan\u00e7a no mercado nacional, que come\u00e7ou a se desenhar no ano passado e, agora, toma for\u00e7a. Entre os dez mais vendidos, aumenta a participa\u00e7\u00e3o de carros cujos pre\u00e7os iniciais ficam em torno de R$ 70 mil.<\/p>\n  <div style=\"width: 100%;\" id=\"render-hmeio-1\"><\/div>\n    <script type=\"text\/javascript\">\n      if(window.innerWidth > 1){\n        $(\"#render-hmeio-1\").append(`\n          <div class=\"area-publicidade-rectangular hmeio\">\n            <p>Publicidade\n            <div class=\"area-publicidade\">\n              <div id=\"hmeio1\">\n            \n          \n        `);\n\n        \n    window.jornaldocarro = window.jornaldocarro || {};\n    window.jornaldocarro.slotsAds = window.jornaldocarro.slotsAds || [];\n    window.jornaldocarro.slotsAds.push(\"hmeio1\");\n  \n      }\n    <\/script>\n  <br><p><strong>(No Instagram: @blogprimeiraclasse)<\/strong><\/p><p>Sinais de que o poder aquisitivo do consumidor brasileiro est\u00e1 aumentando? Pelo contr\u00e1rio. Sinais de tempos de crise, que afeta antes as classes de menor poder aquisitivo.<\/p><p>Tanto que os carros de maior valor agregado nem est\u00e3o mais registrando grande crescimento \u2013 em alguns casos, h\u00e1 queda nas vendas. S\u00e3o os emplacamentos dos modelos de entrada que est\u00e3o despencando.<\/p>\n  <div style=\"width: 100%;\" id=\"render-hmeio-2\"><\/div>\n    <script type=\"text\/javascript\">\n      if(window.innerWidth > 1){\n        $(\"#render-hmeio-2\").append(`\n          <div class=\"area-publicidade-rectangular hmeio\">\n            <p>Publicidade\n            <div class=\"area-publicidade\">\n              <div id=\"hmeio2\">\n            \n          \n        `);\n\n        \n    window.jornaldocarro = window.jornaldocarro || {};\n    window.jornaldocarro.slotsAds = window.jornaldocarro.slotsAds || [];\n    window.jornaldocarro.slotsAds.push(\"hmeio2\");\n  \n      }\n    <\/script>\n  <br>\n<figure id=\"attachment_3043\" aria-describedby=\"caption-attachment-3043\" style=\"width: 530px\" class=\"wp-caption alignnone\"><a rel=\"nofollow\" href=\"https:\/\/fotos.jornaldocarro.estadao.com.br\/primeira-classe\/files\/2016\/04\/corolla.jpg\"><img loading=\"lazy\" decoding=\"async\" class=\"size-full wp-image-3043\" src=\"https:\/\/fotos.jornaldocarro.estadao.com.br\/primeira-classe\/files\/2016\/04\/corolla.jpg\" alt=\"\" width=\"530\" height=\"353\"><\/a><figcaption id=\"caption-attachment-3043\" class=\"wp-caption-text\">Corolla passou a figurar no \u2018top 10\u2019 no ano passado (Fotos: Divulga\u00e7\u00e3o)<\/figcaption><\/figure>\n<p>O Honda HR-V foi o quarto colocado na lista dos dez mais vendidos em mar&#xE7;o. Com 6.059 emplacamentos, ele ficou atr&#xE1;s apenas de Chevrolet Onix, <a id=\"post_keyword\" target=\"_blank\" href=\"https:\/\/jornaldocarro.estadao.com.br\/oferta\/hyundai-creta-ultimate-at\/?&amp;utm_source=linkagem&amp;utm_medium=cpl&amp;utm_campaign=ld_jc_creta&amp;utm_content=news_linkagem_jc_creta&amp;utm_term=news_creta&amp;utm_client=hyundai\">Hyundai<\/a> HB20 e Ford Ka, nesta ordem. No acumulado de 2016, ele j&#xE1; &#xE9; ocupa a s&#xE9;tima posi&#xE7;&#xE3;o (15.053 emplacamentos).<\/p><p>O HR-V tem pre\u00e7o inicial de R$ 78.700 na vers\u00e3o manual, que representa apenas 1% das vendas. As mais comercializadas s\u00e3o a com c\u00e2mbio autom\u00e1tico CVT. Nesse caso, a tabela vai de R$ 84.900 a R$ 92.200.<\/p><p>Outro caso de carro de maior valor agregado no \u201ctop 10\u201d \u00e9 o Corolla. O sed\u00e3 Toyota, na verdade, come\u00e7ou a aparecer na lista dos dez mais vendidos do Pa\u00eds j\u00e1 no ano passado, mostrando os primeiros ind\u00edcios de reconfigura\u00e7\u00e3o do mercado \u2013 at\u00e9 ent\u00e3o, faziam parte desse grupo apenas hatches e sed\u00e3s \u00a0compactos, a maioria de entrada.<\/p>\n  <div style=\"width: 100%;\" id=\"render-hmeio-3\"><\/div>\n    <script type=\"text\/javascript\">\n      if(window.innerWidth > 1){\n        $(\"#render-hmeio-3\").append(`\n          <div class=\"area-publicidade-rectangular hmeio\">\n            <p>Publicidade\n            <div class=\"area-publicidade\">\n              <div id=\"hmeio3\">\n            \n          \n        `);\n\n        \n    window.jornaldocarro = window.jornaldocarro || {};\n    window.jornaldocarro.slotsAds = window.jornaldocarro.slotsAds || [];\n    window.jornaldocarro.slotsAds.push(\"hmeio3\");\n  \n      }\n    <\/script>\n  <br><p>No m\u00eas passado, o Corolla obteve uma de suas melhores posi\u00e7\u00f5es no ranking, a quinta, com 5.984 emplacamentos. No acumulado do ano, ele \u00e9 sexto colocado, com vendas de 15.285 exemplares.<\/p>\n<figure id=\"attachment_3044\" aria-describedby=\"caption-attachment-3044\" style=\"width: 530px\" class=\"wp-caption alignnone\"><a rel=\"nofollow\" href=\"https:\/\/fotos.jornaldocarro.estadao.com.br\/primeira-classe\/files\/2016\/04\/sw4-abre.jpg\"><img loading=\"lazy\" decoding=\"async\" class=\"size-full wp-image-3044\" src=\"https:\/\/fotos.jornaldocarro.estadao.com.br\/primeira-classe\/files\/2016\/04\/sw4-abre.jpg\" alt=\"\" width=\"530\" height=\"322\"><\/a><figcaption id=\"caption-attachment-3044\" class=\"wp-caption-text\">Mesmo partindo de R$ 205 mil, SW4 foi o quinto colocado entre os utilit\u00e1rios-esportivos<\/figcaption><\/figure>\n<p>Na compara\u00e7\u00e3o com mar\u00e7o de 2015, as vendas do Corolla tiveram leve queda, de 2,1%. Por\u00e9m, em rela\u00e7\u00e3o aos tr\u00eas primeiros meses do ano passado, os emplacamentos no mesmo per\u00edodo de 2016 evolu\u00edram \u2013 houve crescimento de 4,7%.<\/p><p>Em mar\u00e7o, o Jeep Renegade, com 4.284 emplacamentos, n\u00e3o ficou no \u201ctop 10\u201d. Por\u00e9m, no acumulado de 2016, ele \u00e9 d\u00e9cimo colocado (13.238 unidades comercializadas).<\/p>\n  <div style=\"width: 100%;\" id=\"render-hmeio-4\"><\/div>\n    <script type=\"text\/javascript\">\n      if(window.innerWidth > 1){\n        $(\"#render-hmeio-4\").append(`\n          <div class=\"area-publicidade-rectangular hmeio\">\n            <p>Publicidade\n            <div class=\"area-publicidade\">\n              <div id=\"hmeio4\">\n            \n          \n        `);\n\n        \n    window.jornaldocarro = window.jornaldocarro || {};\n    window.jornaldocarro.slotsAds = window.jornaldocarro.slotsAds || [];\n    window.jornaldocarro.slotsAds.push(\"hmeio4\");\n  \n      }\n    <\/script>\n  <br><p>Os pre\u00e7os do Corolla v\u00e3o de R$ 68.740 at\u00e9 R$ 104.650. O Renegade tem tabela entre R$ 74.990 e R$ 127.990.<\/p><p><a rel=\"nofollow\" href=\"https:\/\/fotos.estadao.com.br\/galerias\/carros,os-carros-mais-vendidos-de-marco-de-2016,24606?startSlide=0&amp;f=0\"><strong>Aqui<\/strong><\/a>, confira a lista dos vinte mais vendidos em mar\u00e7o de 2016.<\/p><p><strong>OUTROS CASOS<\/strong><\/p>\n  <div style=\"width: 100%;\" id=\"render-hmeio-5\"><\/div>\n    <script type=\"text\/javascript\">\n      if(window.innerWidth > 1){\n        $(\"#render-hmeio-5\").append(`\n          <div class=\"area-publicidade-rectangular hmeio\">\n            <p>Publicidade\n            <div class=\"area-publicidade\">\n              <div id=\"hmeio5\">\n            \n          \n        `);\n\n        \n    window.jornaldocarro = window.jornaldocarro || {};\n    window.jornaldocarro.slotsAds = window.jornaldocarro.slotsAds || [];\n    window.jornaldocarro.slotsAds.push(\"hmeio5\");\n  \n      }\n    <\/script>\n  <br><p>H\u00e1 tamb\u00e9m modelos que est\u00e3o conseguindo se destacar em seus segmentos mesmo tendo pre\u00e7os bem superiores aos dos principais concorrentes. \u00c9 o caso do A3 Sedan, da Audi.<\/p><p>O carro foi nacionalizado no fim do ano passado, mas, ainda assim, \u00e9 mais caro que os sed\u00e3s m\u00e9dios feitos no Brasil, na Argentina e no M\u00e9xico. Ele parte de R$ 106.990 e chega a R$ 140.190 \u2013 enquanto os demais variam de R$ 70 mil a R$ 100 mil, na maioria dos casos.<\/p><p>Ainda assim, o Audi foi o quinto mais vendido do segmento de sed\u00e3s m\u00e9dios em mar\u00e7o, com 620 unidades emplacadas. Deixou para tr\u00e1s Jetta, Fluence, C4 Lounge e Focus Sedan, entre outros.<\/p>\n  <div style=\"width: 100%;\" id=\"render-hmeio-6\"><\/div>\n    <script type=\"text\/javascript\">\n      if(window.innerWidth > 1){\n        $(\"#render-hmeio-6\").append(`\n          <div class=\"area-publicidade-rectangular hmeio\">\n            <p>Publicidade\n            <div class=\"area-publicidade\">\n              <div id=\"hmeio6\">\n            \n          \n        `);\n\n        \n    window.jornaldocarro = window.jornaldocarro || {};\n    window.jornaldocarro.slotsAds = window.jornaldocarro.slotsAds || [];\n    window.jornaldocarro.slotsAds.push(\"hmeio6\");\n  \n      }\n    <\/script>\n  <br><p>Tamb\u00e9m chama a aten\u00e7\u00e3o o Toyota SW4, que acaba de mudar de gera\u00e7\u00e3o. Em mar\u00e7o, o modelo teve 1.295 unidades comercializadas. Assim, foi o quinto utilit\u00e1rio-esportivo mais emplacado no m\u00eas. Isso com pre\u00e7o inicial de R$ 205 mil.<\/p><p>\u00a0<\/p><p>\u00a0<\/p>\n  <div style=\"width: 100%;\" id=\"render-hmeio-7\"><\/div>\n    <script type=\"text\/javascript\">\n      if(window.innerWidth > 1){\n        $(\"#render-hmeio-7\").append(`\n          <div class=\"area-publicidade-rectangular hmeio\">\n            <p>Publicidade\n            <div class=\"area-publicidade\">\n              <div id=\"hmeio7\">\n            \n          \n        `);\n\n        renderPubNow('hmeio', 7)\n      }\n    <\/script>\n  <br>","protected":false},"excerpt":{"rendered":"<p>Por causa da crise, mercado caminha para uma nova configura\u00e7\u00e3o. Aos poucos, HR-V, Corolla e Renegade v\u00e3o tomando os lugares dos chamados &#8220;populares&#8221; no ranking<\/p>\n","protected":false},"featured_media":0,"template":"","class_list":["post-3041","blog_primeira_classe","type-blog_primeira_classe","status-publish","hentry","tags_primeira_classe-a3-sedan","tags_primeira_classe-audi","tags_primeira_classe-carros","tags_primeira_classe-corolla","tags_primeira_classe-honda","tags_primeira_classe-hr-v","tags_primeira_classe-jeep","tags_primeira_classe-mercado","tags_primeira_classe-mercado-2","tags_primeira_classe-renegade","tags_primeira_classe-sw4","tags_primeira_classe-toyota"],"yoast_head":"<!-- This site is optimized with the Yoast SEO plugin v23.5 - https:\/\/yoast.com\/wordpress\/plugins\/seo\/ -->\n<title>Carros acima de R$ 70 mil ganham espa\u00e7o entre os dez mais vendidos - Jornal do Carro - Estad\u00e3o<\/title>\n<meta name=\"robots\" content=\"noindex, follow\" \/>\n<meta name=\"twitter:card\" content=\"summary_large_image\" \/>\n<meta name=\"twitter:title\" content=\"Carros acima de R$ 70 mil ganham espa\u00e7o entre os dez mais vendidos - Jornal do Carro - Estad\u00e3o\" \/>\n<meta name=\"twitter:description\" content=\"Por causa da crise, mercado caminha para uma nova configura\u00e7\u00e3o. Aos poucos, HR-V, Corolla e Renegade v\u00e3o tomando os lugares dos chamados &quot;populares&quot; no ranking\" \/>\n<meta name=\"twitter:image\" content=\"https:\/\/fotos.jornaldocarro.estadao.com.br\/primeira-classe\/files\/2016\/04\/7528523.jpg\" \/>\n<meta name=\"twitter:label1\" content=\"Est. tempo de leitura\" \/>\n\t<meta name=\"twitter:data1\" content=\"3 minutos\" \/>\n<script type=\"application\/ld+json\" class=\"yoast-schema-graph\">{\"@context\":\"https:\/\/schema.org\",\"@graph\":[{\"@type\":\"WebPage\",\"@id\":\"https:\/\/jornaldocarro.estadao.com.br\/primeira-classe\/carros-acima-de-r-70-mil-ganham-espaco-entre-os-dez-mais-vendidos\/\",\"url\":\"https:\/\/jornaldocarro.estadao.com.br\/primeira-classe\/carros-acima-de-r-70-mil-ganham-espaco-entre-os-dez-mais-vendidos\/\",\"name\":\"Carros acima de R$ 70 mil ganham espa\u00e7o entre os dez mais vendidos - Jornal do Carro - Estad\u00e3o\",\"isPartOf\":{\"@id\":\"https:\/\/jornaldocarro.estadao.com.br\/#website\"},\"primaryImageOfPage\":{\"@id\":\"https:\/\/jornaldocarro.estadao.com.br\/primeira-classe\/carros-acima-de-r-70-mil-ganham-espaco-entre-os-dez-mais-vendidos\/#primaryimage\"},\"image\":{\"@id\":\"https:\/\/jornaldocarro.estadao.com.br\/primeira-classe\/carros-acima-de-r-70-mil-ganham-espaco-entre-os-dez-mais-vendidos\/#primaryimage\"},\"thumbnailUrl\":\"https:\/\/fotos.jornaldocarro.estadao.com.br\/primeira-classe\/files\/2016\/04\/7528523.jpg\",\"datePublished\":\"2016-04-06T22:25:11+00:00\",\"dateModified\":\"2016-04-06T22:25:11+00:00\",\"breadcrumb\":{\"@id\":\"https:\/\/jornaldocarro.estadao.com.br\/primeira-classe\/carros-acima-de-r-70-mil-ganham-espaco-entre-os-dez-mais-vendidos\/#breadcrumb\"},\"inLanguage\":\"pt-BR\",\"potentialAction\":[{\"@type\":\"ReadAction\",\"target\":[\"https:\/\/jornaldocarro.estadao.com.br\/primeira-classe\/carros-acima-de-r-70-mil-ganham-espaco-entre-os-dez-mais-vendidos\/\"]}]},{\"@type\":\"ImageObject\",\"inLanguage\":\"pt-BR\",\"@id\":\"https:\/\/jornaldocarro.estadao.com.br\/primeira-classe\/carros-acima-de-r-70-mil-ganham-espaco-entre-os-dez-mais-vendidos\/#primaryimage\",\"url\":\"https:\/\/fotos.jornaldocarro.estadao.com.br\/primeira-classe\/files\/2016\/04\/7528523.jpg\",\"contentUrl\":\"https:\/\/fotos.jornaldocarro.estadao.com.br\/primeira-classe\/files\/2016\/04\/7528523.jpg\"},{\"@type\":\"BreadcrumbList\",\"@id\":\"https:\/\/jornaldocarro.estadao.com.br\/primeira-classe\/carros-acima-de-r-70-mil-ganham-espaco-entre-os-dez-mais-vendidos\/#breadcrumb\",\"itemListElement\":[{\"@type\":\"ListItem\",\"position\":1,\"name\":\"In\u00edcio\",\"item\":\"https:\/\/jornaldocarro.estadao.com.br\/\"},{\"@type\":\"ListItem\",\"position\":2,\"name\":\"Primeira Classe\",\"item\":\"https:\/\/jornaldocarro.estadao.com.br\/primeira-classe\/\"},{\"@type\":\"ListItem\",\"position\":3,\"name\":\"Carros acima de R$ 70 mil ganham espa\u00e7o entre os dez mais vendidos\"}]},{\"@type\":\"WebSite\",\"@id\":\"https:\/\/jornaldocarro.estadao.com.br\/#website\",\"url\":\"https:\/\/jornaldocarro.estadao.com.br\/\",\"name\":\"Jornal do Carro - Estad\u00e3o\",\"description\":\"O portal sobre carros, motos e tudo sobre o tema ve\u00edculos no Estad\u00e3o. Fique por dentro de lan\u00e7amentos e de hist\u00f3rias dos leitores e seus carros.\",\"potentialAction\":[{\"@type\":\"SearchAction\",\"target\":{\"@type\":\"EntryPoint\",\"urlTemplate\":\"https:\/\/jornaldocarro.estadao.com.br\/?s={search_term_string}\"},\"query-input\":{\"@type\":\"PropertyValueSpecification\",\"valueRequired\":true,\"valueName\":\"search_term_string\"}}],\"inLanguage\":\"pt-BR\"}]}<\/script>\n<!-- \/ Yoast SEO plugin. -->","yoast_head_json":{"title":"Carros acima de R$ 70 mil ganham espa\u00e7o entre os dez mais vendidos - Jornal do Carro - Estad\u00e3o","robots":{"index":"noindex","follow":"follow"},"twitter_card":"summary_large_image","twitter_title":"Carros acima de R$ 70 mil ganham espa\u00e7o entre os dez mais vendidos - Jornal do Carro - Estad\u00e3o","twitter_description":"Por causa da crise, mercado caminha para uma nova configura\u00e7\u00e3o. Aos poucos, HR-V, Corolla e Renegade v\u00e3o tomando os lugares dos chamados \"populares\" no ranking","twitter_image":"https:\/\/fotos.jornaldocarro.estadao.com.br\/primeira-classe\/files\/2016\/04\/7528523.jpg","twitter_misc":{"Est. tempo de leitura":"3 minutos"},"schema":{"@context":"https:\/\/schema.org","@graph":[{"@type":"WebPage","@id":"https:\/\/jornaldocarro.estadao.com.br\/primeira-classe\/carros-acima-de-r-70-mil-ganham-espaco-entre-os-dez-mais-vendidos\/","url":"https:\/\/jornaldocarro.estadao.com.br\/primeira-classe\/carros-acima-de-r-70-mil-ganham-espaco-entre-os-dez-mais-vendidos\/","name":"Carros acima de R$ 70 mil ganham espa\u00e7o entre os dez mais vendidos - Jornal do Carro - Estad\u00e3o","isPartOf":{"@id":"https:\/\/jornaldocarro.estadao.com.br\/#website"},"primaryImageOfPage":{"@id":"https:\/\/jornaldocarro.estadao.com.br\/primeira-classe\/carros-acima-de-r-70-mil-ganham-espaco-entre-os-dez-mais-vendidos\/#primaryimage"},"image":{"@id":"https:\/\/jornaldocarro.estadao.com.br\/primeira-classe\/carros-acima-de-r-70-mil-ganham-espaco-entre-os-dez-mais-vendidos\/#primaryimage"},"thumbnailUrl":"https:\/\/fotos.jornaldocarro.estadao.com.br\/primeira-classe\/files\/2016\/04\/7528523.jpg","datePublished":"2016-04-06T22:25:11+00:00","dateModified":"2016-04-06T22:25:11+00:00","breadcrumb":{"@id":"https:\/\/jornaldocarro.estadao.com.br\/primeira-classe\/carros-acima-de-r-70-mil-ganham-espaco-entre-os-dez-mais-vendidos\/#breadcrumb"},"inLanguage":"pt-BR","potentialAction":[{"@type":"ReadAction","target":["https:\/\/jornaldocarro.estadao.com.br\/primeira-classe\/carros-acima-de-r-70-mil-ganham-espaco-entre-os-dez-mais-vendidos\/"]}]},{"@type":"ImageObject","inLanguage":"pt-BR","@id":"https:\/\/jornaldocarro.estadao.com.br\/primeira-classe\/carros-acima-de-r-70-mil-ganham-espaco-entre-os-dez-mais-vendidos\/#primaryimage","url":"https:\/\/fotos.jornaldocarro.estadao.com.br\/primeira-classe\/files\/2016\/04\/7528523.jpg","contentUrl":"https:\/\/fotos.jornaldocarro.estadao.com.br\/primeira-classe\/files\/2016\/04\/7528523.jpg"},{"@type":"BreadcrumbList","@id":"https:\/\/jornaldocarro.estadao.com.br\/primeira-classe\/carros-acima-de-r-70-mil-ganham-espaco-entre-os-dez-mais-vendidos\/#breadcrumb","itemListElement":[{"@type":"ListItem","position":1,"name":"In\u00edcio","item":"https:\/\/jornaldocarro.estadao.com.br\/"},{"@type":"ListItem","position":2,"name":"Primeira Classe","item":"https:\/\/jornaldocarro.estadao.com.br\/primeira-classe\/"},{"@type":"ListItem","position":3,"name":"Carros acima de R$ 70 mil ganham espa\u00e7o entre os dez mais vendidos"}]},{"@type":"WebSite","@id":"https:\/\/jornaldocarro.estadao.com.br\/#website","url":"https:\/\/jornaldocarro.estadao.com.br\/","name":"Jornal do Carro - Estad\u00e3o","description":"O portal sobre carros, motos e tudo sobre o tema ve\u00edculos no Estad\u00e3o. Fique por dentro de lan\u00e7amentos e de hist\u00f3rias dos leitores e seus carros.","potentialAction":[{"@type":"SearchAction","target":{"@type":"EntryPoint","urlTemplate":"https:\/\/jornaldocarro.estadao.com.br\/?s={search_term_string}"},"query-input":{"@type":"PropertyValueSpecification","valueRequired":true,"valueName":"search_term_string"}}],"inLanguage":"pt-BR"}]}},"_links":{"self":[{"href":"https:\/\/jornaldocarro.estadao.com.br\/api\/wp\/v2\/blog_primeira_classe\/3041","targetHints":{"allow":["GET"]}}],"collection":[{"href":"https:\/\/jornaldocarro.estadao.com.br\/api\/wp\/v2\/blog_primeira_classe"}],"about":[{"href":"https:\/\/jornaldocarro.estadao.com.br\/api\/wp\/v2\/types\/blog_primeira_classe"}],"version-history":[{"count":0,"href":"https:\/\/jornaldocarro.estadao.com.br\/api\/wp\/v2\/blog_primeira_classe\/3041\/revisions"}],"wp:attachment":[{"href":"https:\/\/jornaldocarro.estadao.com.br\/api\/wp\/v2\/media?parent=3041"}],"curies":[{"name":"wp","href":"https:\/\/api.w.org\/{rel}","templated":true}]}}