{"id":3147,"date":"2016-06-02T17:26:30","date_gmt":"2016-06-02T19:26:30","guid":{"rendered":"http:\/\/blogs.estadao.com.br\/primeira-classe\/?p=3147"},"modified":"2016-06-02T17:26:30","modified_gmt":"2016-06-02T19:26:30","slug":"carros-de-luxo-ha-um-novo-lider-no-brasil","status":"publish","type":"blog_primeira_classe","link":"https:\/\/jornaldocarro.estadao.com.br\/primeira-classe\/carros-de-luxo-ha-um-novo-lider-no-brasil\/","title":{"rendered":"Carros de luxo: h\u00e1 um novo l\u00edder no Brasil"},"content":{"rendered":"<p><figure id=\"attachment_3148\" aria-describedby=\"caption-attachment-3148\" style=\"width: 530px\" class=\"wp-caption alignnone\"><a rel=\"nofollow\" href=\"https:\/\/fotos.jornaldocarro.estadao.com.br\/primeira-classe\/files\/2016\/06\/marcas-reuters.jpg\"><img loading=\"lazy\" decoding=\"async\" class=\"size-full wp-image-3148\" src=\"https:\/\/fotos.jornaldocarro.estadao.com.br\/primeira-classe\/files\/2016\/06\/marcas-reuters.jpg\" alt=\"\" width=\"530\" height=\"318\"><\/a><figcaption id=\"caption-attachment-3148\" class=\"wp-caption-text\">(Foto: Reuters)<\/figcaption><\/figure>\n<\/p><p>A BMW amargou maus momentos no mercado brasileiro desde que come\u00e7ou a produzir carros no Pa\u00eds, no fim de 2014. De antiga l\u00edder do mercado de luxo, a montadora de Munique passou ao terceiro lugar, vendo suas duas principais rivais, Audi e Mercedes-Benz, que durante a maior parte de 2015 eram ainda importadoras, registrarem amplo crescimento e dominarem esse nicho.<\/p><p><strong>(No Instagram: @blogprimeiraclasse)<\/strong><\/p>\n  <div style=\"width: 100%;\" id=\"render-hmeio-1\"><\/div>\n    <script type=\"text\/javascript\">\n      if(window.innerWidth > 1){\n        $(\"#render-hmeio-1\").append(`\n          <div class=\"area-publicidade-rectangular hmeio\">\n            <p>Publicidade\n            <div class=\"area-publicidade\">\n              <div id=\"hmeio1\">\n            \n          \n        `);\n\n        \n    window.jornaldocarro = window.jornaldocarro || {};\n    window.jornaldocarro.slotsAds = window.jornaldocarro.slotsAds || [];\n    window.jornaldocarro.slotsAds.push(\"hmeio1\");\n  \n      }\n    <\/script>\n  <br><p>Pois bem: o \u201cinferno astral\u201d da BMW agora parece ter encontrado seu fim. Ou, em outra leitura, talvez tenha come\u00e7ado o das duas rivais alem\u00e3s, que agora tamb\u00e9m fabricam no Brasil. O fato: pelo segundo m\u00eas seguido, a BMW foi a l\u00edder do mercado de luxo.<\/p><p>E, em maio, com algo mais para celebrar: o X1 foi o modelo premium mais emplacado do Pa\u00eds (veja lista completa abaixo) \u2013 pela primeira vez no ano, a marca lidera esse ranking. Em abril, o Discovery Sport, da Land Rover, havia conquistado o primeiro lugar.<\/p><p>A BMW comercializou 1.082 carros no m\u00eas passado. A \u201cdona\u201d do segundo posto do ranking mudou. Em maio, foi a Mercedes-Benz, que vendeu 969 ve\u00edculos e rebaixou a Audi, l\u00edder de 2015, para a terceira posi\u00e7\u00e3o.<\/p>\n  <div style=\"width: 100%;\" id=\"render-hmeio-2\"><\/div>\n    <script type=\"text\/javascript\">\n      if(window.innerWidth > 1){\n        $(\"#render-hmeio-2\").append(`\n          <div class=\"area-publicidade-rectangular hmeio\">\n            <p>Publicidade\n            <div class=\"area-publicidade\">\n              <div id=\"hmeio2\">\n            \n          \n        `);\n\n        \n    window.jornaldocarro = window.jornaldocarro || {};\n    window.jornaldocarro.slotsAds = window.jornaldocarro.slotsAds || [];\n    window.jornaldocarro.slotsAds.push(\"hmeio2\");\n  \n      }\n    <\/script>\n  <br><p>Land Rover e Volvo mantiveram, respectivamente, o quarto e o quinto lugares, com 551 e 277 emplacamentos.<\/p><p>No acumulado de janeiro a maio, por\u00e9m, a lideran\u00e7a continua com a Audi, que acumula 4.828 unidades vendidas, ante as 4.117 da Mercedes e 4.111 da BMW.<\/p><p>Independentemente das mudan\u00e7as de posi\u00e7\u00e3o, o mercado de luxo est\u00e1 em ampla queda. Esse nicho resistiu \u00e0 crise nos emplacamentos totais de carros em 2015.<\/p>\n  <div style=\"width: 100%;\" id=\"render-hmeio-3\"><\/div>\n    <script type=\"text\/javascript\">\n      if(window.innerWidth > 1){\n        $(\"#render-hmeio-3\").append(`\n          <div class=\"area-publicidade-rectangular hmeio\">\n            <p>Publicidade\n            <div class=\"area-publicidade\">\n              <div id=\"hmeio3\">\n            \n          \n        `);\n\n        \n    window.jornaldocarro = window.jornaldocarro || {};\n    window.jornaldocarro.slotsAds = window.jornaldocarro.slotsAds || [];\n    window.jornaldocarro.slotsAds.push(\"hmeio3\");\n  \n      }\n    <\/script>\n  <br><p>Agora, por\u00e9m, as vendas de todas as marcas est\u00e3o caindo \u2013 em parte porque, com a alta do d\u00f3lar, a maioria das montadoras efetuou reajustes pesados nos pre\u00e7os entre o fim do ano passado e o in\u00edcio de 2016.<\/p><p><strong>VEJA A LISTA DOS DEZ MAIS VENDIDOS<\/strong><\/p><p>1 \u2013 BMW X1 \u2013 431 unidades<\/p>\n  <div style=\"width: 100%;\" id=\"render-hmeio-4\"><\/div>\n    <script type=\"text\/javascript\">\n      if(window.innerWidth > 1){\n        $(\"#render-hmeio-4\").append(`\n          <div class=\"area-publicidade-rectangular hmeio\">\n            <p>Publicidade\n            <div class=\"area-publicidade\">\n              <div id=\"hmeio4\">\n            \n          \n        `);\n\n        \n    window.jornaldocarro = window.jornaldocarro || {};\n    window.jornaldocarro.slotsAds = window.jornaldocarro.slotsAds || [];\n    window.jornaldocarro.slotsAds.push(\"hmeio4\");\n  \n      }\n    <\/script>\n  <br><p>2 \u2013 Mercedes-Benz GLA \u2013 308<\/p><p>3 \u2013 Land Rover Discovery Sport \u2013 297<\/p><p>4 \u2013 BMW S\u00e9rie 3 \u2013 285<\/p>\n  <div style=\"width: 100%;\" id=\"render-hmeio-5\"><\/div>\n    <script type=\"text\/javascript\">\n      if(window.innerWidth > 1){\n        $(\"#render-hmeio-5\").append(`\n          <div class=\"area-publicidade-rectangular hmeio\">\n            <p>Publicidade\n            <div class=\"area-publicidade\">\n              <div id=\"hmeio5\">\n            \n          \n        `);\n\n        \n    window.jornaldocarro = window.jornaldocarro || {};\n    window.jornaldocarro.slotsAds = window.jornaldocarro.slotsAds || [];\n    window.jornaldocarro.slotsAds.push(\"hmeio5\");\n  \n      }\n    <\/script>\n  <br><p>5 \u2013 Mercedes-Benz Classe C \u2013 271<\/p><p>6 \u2013 Audi A3 Sedan \u2013 267<\/p><p>7 \u2013 Audi Q3 \u2013 229<\/p>\n  <div style=\"width: 100%;\" id=\"render-hmeio-6\"><\/div>\n    <script type=\"text\/javascript\">\n      if(window.innerWidth > 1){\n        $(\"#render-hmeio-6\").append(`\n          <div class=\"area-publicidade-rectangular hmeio\">\n            <p>Publicidade\n            <div class=\"area-publicidade\">\n              <div id=\"hmeio6\">\n            \n          \n        `);\n\n        \n    window.jornaldocarro = window.jornaldocarro || {};\n    window.jornaldocarro.slotsAds = window.jornaldocarro.slotsAds || [];\n    window.jornaldocarro.slotsAds.push(\"hmeio6\");\n  \n      }\n    <\/script>\n  <br><p>8 \u2013 Land Rover Range Rover Evoque \u2013 192<\/p><p>9 \u2013 Volvo XC60 \u2013 165<\/p><p>10 \u2013 Mercedes-Benz GLC \u2013 84<\/p>\n  <div style=\"width: 100%;\" id=\"render-hmeio-7\"><\/div>\n    <script type=\"text\/javascript\">\n      if(window.innerWidth > 1){\n        $(\"#render-hmeio-7\").append(`\n          <div class=\"area-publicidade-rectangular hmeio\">\n            <p>Publicidade\n            <div class=\"area-publicidade\">\n              <div id=\"hmeio7\">\n            \n          \n        `);\n\n        renderPubNow('hmeio', 7)\n      }\n    <\/script>\n  <br>","protected":false},"excerpt":{"rendered":"<p>Pela primeira vez no ano, h\u00e1 um BMW no topo da lista dos modelos premium mais emplacados<\/p>\n","protected":false},"featured_media":0,"template":"","class_list":["post-3147","blog_primeira_classe","type-blog_primeira_classe","status-publish","hentry","tags_primeira_classe-audi","tags_primeira_classe-bmw","tags_primeira_classe-carro-de-luxo","tags_primeira_classe-carros","tags_primeira_classe-land-rover","tags_primeira_classe-mercado","tags_primeira_classe-mercado-2","tags_primeira_classe-mercado-de-luxo","tags_primeira_classe-mercedes","tags_primeira_classe-mercedes-benz","tags_primeira_classe-volvo","tags_primeira_classe-x1"],"yoast_head":"<!-- This site is optimized with the Yoast SEO plugin v23.5 - https:\/\/yoast.com\/wordpress\/plugins\/seo\/ -->\n<title>Carros de luxo: h\u00e1 um novo l\u00edder no Brasil - Jornal do Carro - Estad\u00e3o<\/title>\n<meta name=\"robots\" content=\"noindex, follow\" \/>\n<meta name=\"twitter:card\" content=\"summary_large_image\" \/>\n<meta name=\"twitter:title\" content=\"Carros de luxo: h\u00e1 um novo l\u00edder no Brasil - Jornal do Carro - Estad\u00e3o\" \/>\n<meta name=\"twitter:description\" content=\"Pela primeira vez no ano, h\u00e1 um BMW no topo da lista dos modelos premium mais emplacados\" \/>\n<meta name=\"twitter:image\" content=\"https:\/\/fotos.jornaldocarro.estadao.com.br\/primeira-classe\/files\/2016\/06\/marcas-reuters.jpg\" \/>\n<meta name=\"twitter:label1\" content=\"Est. tempo de leitura\" \/>\n\t<meta name=\"twitter:data1\" content=\"2 minutos\" \/>\n<script type=\"application\/ld+json\" class=\"yoast-schema-graph\">{\"@context\":\"https:\/\/schema.org\",\"@graph\":[{\"@type\":\"WebPage\",\"@id\":\"https:\/\/jornaldocarro.estadao.com.br\/primeira-classe\/carros-de-luxo-ha-um-novo-lider-no-brasil\/\",\"url\":\"https:\/\/jornaldocarro.estadao.com.br\/primeira-classe\/carros-de-luxo-ha-um-novo-lider-no-brasil\/\",\"name\":\"Carros de luxo: h\u00e1 um novo l\u00edder no Brasil - Jornal do Carro - Estad\u00e3o\",\"isPartOf\":{\"@id\":\"https:\/\/jornaldocarro.estadao.com.br\/#website\"},\"primaryImageOfPage\":{\"@id\":\"https:\/\/jornaldocarro.estadao.com.br\/primeira-classe\/carros-de-luxo-ha-um-novo-lider-no-brasil\/#primaryimage\"},\"image\":{\"@id\":\"https:\/\/jornaldocarro.estadao.com.br\/primeira-classe\/carros-de-luxo-ha-um-novo-lider-no-brasil\/#primaryimage\"},\"thumbnailUrl\":\"https:\/\/fotos.jornaldocarro.estadao.com.br\/primeira-classe\/files\/2016\/06\/marcas-reuters.jpg\",\"datePublished\":\"2016-06-02T19:26:30+00:00\",\"dateModified\":\"2016-06-02T19:26:30+00:00\",\"breadcrumb\":{\"@id\":\"https:\/\/jornaldocarro.estadao.com.br\/primeira-classe\/carros-de-luxo-ha-um-novo-lider-no-brasil\/#breadcrumb\"},\"inLanguage\":\"pt-BR\",\"potentialAction\":[{\"@type\":\"ReadAction\",\"target\":[\"https:\/\/jornaldocarro.estadao.com.br\/primeira-classe\/carros-de-luxo-ha-um-novo-lider-no-brasil\/\"]}]},{\"@type\":\"ImageObject\",\"inLanguage\":\"pt-BR\",\"@id\":\"https:\/\/jornaldocarro.estadao.com.br\/primeira-classe\/carros-de-luxo-ha-um-novo-lider-no-brasil\/#primaryimage\",\"url\":\"https:\/\/fotos.jornaldocarro.estadao.com.br\/primeira-classe\/files\/2016\/06\/marcas-reuters.jpg\",\"contentUrl\":\"https:\/\/fotos.jornaldocarro.estadao.com.br\/primeira-classe\/files\/2016\/06\/marcas-reuters.jpg\"},{\"@type\":\"BreadcrumbList\",\"@id\":\"https:\/\/jornaldocarro.estadao.com.br\/primeira-classe\/carros-de-luxo-ha-um-novo-lider-no-brasil\/#breadcrumb\",\"itemListElement\":[{\"@type\":\"ListItem\",\"position\":1,\"name\":\"In\u00edcio\",\"item\":\"https:\/\/jornaldocarro.estadao.com.br\/\"},{\"@type\":\"ListItem\",\"position\":2,\"name\":\"Primeira Classe\",\"item\":\"https:\/\/jornaldocarro.estadao.com.br\/primeira-classe\/\"},{\"@type\":\"ListItem\",\"position\":3,\"name\":\"Carros de luxo: h\u00e1 um novo l\u00edder no Brasil\"}]},{\"@type\":\"WebSite\",\"@id\":\"https:\/\/jornaldocarro.estadao.com.br\/#website\",\"url\":\"https:\/\/jornaldocarro.estadao.com.br\/\",\"name\":\"Jornal do Carro - Estad\u00e3o\",\"description\":\"O portal sobre carros, motos e tudo sobre o tema ve\u00edculos no Estad\u00e3o. Fique por dentro de lan\u00e7amentos e de hist\u00f3rias dos leitores e seus carros.\",\"potentialAction\":[{\"@type\":\"SearchAction\",\"target\":{\"@type\":\"EntryPoint\",\"urlTemplate\":\"https:\/\/jornaldocarro.estadao.com.br\/?s={search_term_string}\"},\"query-input\":{\"@type\":\"PropertyValueSpecification\",\"valueRequired\":true,\"valueName\":\"search_term_string\"}}],\"inLanguage\":\"pt-BR\"}]}<\/script>\n<!-- \/ Yoast SEO plugin. -->","yoast_head_json":{"title":"Carros de luxo: h\u00e1 um novo l\u00edder no Brasil - Jornal do Carro - Estad\u00e3o","robots":{"index":"noindex","follow":"follow"},"twitter_card":"summary_large_image","twitter_title":"Carros de luxo: h\u00e1 um novo l\u00edder no Brasil - Jornal do Carro - Estad\u00e3o","twitter_description":"Pela primeira vez no ano, h\u00e1 um BMW no topo da lista dos modelos premium mais emplacados","twitter_image":"https:\/\/fotos.jornaldocarro.estadao.com.br\/primeira-classe\/files\/2016\/06\/marcas-reuters.jpg","twitter_misc":{"Est. tempo de leitura":"2 minutos"},"schema":{"@context":"https:\/\/schema.org","@graph":[{"@type":"WebPage","@id":"https:\/\/jornaldocarro.estadao.com.br\/primeira-classe\/carros-de-luxo-ha-um-novo-lider-no-brasil\/","url":"https:\/\/jornaldocarro.estadao.com.br\/primeira-classe\/carros-de-luxo-ha-um-novo-lider-no-brasil\/","name":"Carros de luxo: h\u00e1 um novo l\u00edder no Brasil - Jornal do Carro - Estad\u00e3o","isPartOf":{"@id":"https:\/\/jornaldocarro.estadao.com.br\/#website"},"primaryImageOfPage":{"@id":"https:\/\/jornaldocarro.estadao.com.br\/primeira-classe\/carros-de-luxo-ha-um-novo-lider-no-brasil\/#primaryimage"},"image":{"@id":"https:\/\/jornaldocarro.estadao.com.br\/primeira-classe\/carros-de-luxo-ha-um-novo-lider-no-brasil\/#primaryimage"},"thumbnailUrl":"https:\/\/fotos.jornaldocarro.estadao.com.br\/primeira-classe\/files\/2016\/06\/marcas-reuters.jpg","datePublished":"2016-06-02T19:26:30+00:00","dateModified":"2016-06-02T19:26:30+00:00","breadcrumb":{"@id":"https:\/\/jornaldocarro.estadao.com.br\/primeira-classe\/carros-de-luxo-ha-um-novo-lider-no-brasil\/#breadcrumb"},"inLanguage":"pt-BR","potentialAction":[{"@type":"ReadAction","target":["https:\/\/jornaldocarro.estadao.com.br\/primeira-classe\/carros-de-luxo-ha-um-novo-lider-no-brasil\/"]}]},{"@type":"ImageObject","inLanguage":"pt-BR","@id":"https:\/\/jornaldocarro.estadao.com.br\/primeira-classe\/carros-de-luxo-ha-um-novo-lider-no-brasil\/#primaryimage","url":"https:\/\/fotos.jornaldocarro.estadao.com.br\/primeira-classe\/files\/2016\/06\/marcas-reuters.jpg","contentUrl":"https:\/\/fotos.jornaldocarro.estadao.com.br\/primeira-classe\/files\/2016\/06\/marcas-reuters.jpg"},{"@type":"BreadcrumbList","@id":"https:\/\/jornaldocarro.estadao.com.br\/primeira-classe\/carros-de-luxo-ha-um-novo-lider-no-brasil\/#breadcrumb","itemListElement":[{"@type":"ListItem","position":1,"name":"In\u00edcio","item":"https:\/\/jornaldocarro.estadao.com.br\/"},{"@type":"ListItem","position":2,"name":"Primeira Classe","item":"https:\/\/jornaldocarro.estadao.com.br\/primeira-classe\/"},{"@type":"ListItem","position":3,"name":"Carros de luxo: h\u00e1 um novo l\u00edder no Brasil"}]},{"@type":"WebSite","@id":"https:\/\/jornaldocarro.estadao.com.br\/#website","url":"https:\/\/jornaldocarro.estadao.com.br\/","name":"Jornal do Carro - Estad\u00e3o","description":"O portal sobre carros, motos e tudo sobre o tema ve\u00edculos no Estad\u00e3o. Fique por dentro de lan\u00e7amentos e de hist\u00f3rias dos leitores e seus carros.","potentialAction":[{"@type":"SearchAction","target":{"@type":"EntryPoint","urlTemplate":"https:\/\/jornaldocarro.estadao.com.br\/?s={search_term_string}"},"query-input":{"@type":"PropertyValueSpecification","valueRequired":true,"valueName":"search_term_string"}}],"inLanguage":"pt-BR"}]}},"_links":{"self":[{"href":"https:\/\/jornaldocarro.estadao.com.br\/api\/wp\/v2\/blog_primeira_classe\/3147","targetHints":{"allow":["GET"]}}],"collection":[{"href":"https:\/\/jornaldocarro.estadao.com.br\/api\/wp\/v2\/blog_primeira_classe"}],"about":[{"href":"https:\/\/jornaldocarro.estadao.com.br\/api\/wp\/v2\/types\/blog_primeira_classe"}],"version-history":[{"count":0,"href":"https:\/\/jornaldocarro.estadao.com.br\/api\/wp\/v2\/blog_primeira_classe\/3147\/revisions"}],"wp:attachment":[{"href":"https:\/\/jornaldocarro.estadao.com.br\/api\/wp\/v2\/media?parent=3147"}],"curies":[{"name":"wp","href":"https:\/\/api.w.org\/{rel}","templated":true}]}}