{"id":3229,"date":"2016-08-25T22:27:59","date_gmt":"2016-08-26T00:27:59","guid":{"rendered":"http:\/\/blogs.estadao.com.br\/primeira-classe\/?p=3229"},"modified":"2016-08-25T22:27:59","modified_gmt":"2016-08-26T00:27:59","slug":"nissan-vai-manter-atividades-da-olimpiada-nos-jogos-paralimpicos","status":"publish","type":"blog_primeira_classe","link":"https:\/\/jornaldocarro.estadao.com.br\/primeira-classe\/nissan-vai-manter-atividades-da-olimpiada-nos-jogos-paralimpicos\/","title":{"rendered":"Nissan vai manter atividades da Olimp\u00edada nos jogos paral\u00edmpicos"},"content":{"rendered":"<p><figure id=\"attachment_3231\" aria-describedby=\"caption-attachment-3231\" style=\"width: 530px\" class=\"wp-caption alignnone\"><a rel=\"nofollow\" href=\"https:\/\/fotos.jornaldocarro.estadao.com.br\/primeira-classe\/files\/2016\/08\/nissan-jogos-paralimpicos-2.jpg\"><img loading=\"lazy\" decoding=\"async\" class=\"size-full wp-image-3231\" src=\"https:\/\/fotos.jornaldocarro.estadao.com.br\/primeira-classe\/files\/2016\/08\/nissan-jogos-paralimpicos-2.jpg\" alt=\"\" width=\"530\" height=\"354\"><\/a><figcaption id=\"caption-attachment-3231\" class=\"wp-caption-text\">Nissan Kicks House fica no Parque Ol\u00edmpico da Barra (Fotos: Nissan\/Divulga\u00e7\u00e3o)<\/figcaption><\/figure>\n<\/p><p>\u00a0<\/p><p>Quem visitar o Rio de Janeiro durante os jogos paral\u00edmpicos, a partir de 7 de setembro, poder\u00e1 desfrutar de algumas das atividades que a Nissan preparou para o per\u00edodo da Olimp\u00edada, encerrada em 21 de agosto. A montadora anunciou que vai retomar todas as ativa\u00e7\u00f5es na futura competi\u00e7\u00e3o.<\/p>\n  <div style=\"width: 100%;\" id=\"render-hmeio-1\"><\/div>\n    <script type=\"text\/javascript\">\n      if(window.innerWidth > 1){\n        $(\"#render-hmeio-1\").append(`\n          <div class=\"area-publicidade-rectangular hmeio\">\n            <p>Publicidade\n            <div class=\"area-publicidade\">\n              <div id=\"hmeio1\">\n            \n          \n        `);\n\n        \n    window.jornaldocarro = window.jornaldocarro || {};\n    window.jornaldocarro.slotsAds = window.jornaldocarro.slotsAds || [];\n    window.jornaldocarro.slotsAds.push(\"hmeio1\");\n  \n      }\n    <\/script>\n  <br><p><strong>(No Instagram: @blogprimeiraclasse)<\/strong><\/p><p>A mais legal est\u00e1 no Boulevard Ol\u00edmpico, na revitalizada regi\u00e3o portu\u00e1ria do Rio \u2013 onde o visitante tamb\u00e9m encontra o nov\u00edssimo Museu do Amanh\u00e3. Por l\u00e1, a Nissan armou, na Pra\u00e7a XV, um bungee jump que atraiu bastante a aten\u00e7\u00e3o dos visitantes, especialmente da garotada.<\/p><p>A atra\u00e7\u00e3o, gratuita, \u00e9 aberta ao p\u00fablico e funciona diariamente, das 10h \u00e0s 22h. \u00c9 preciso fazer um agendamento, realizado por ordem de chegada.<\/p>\n  <div style=\"width: 100%;\" id=\"render-hmeio-2\"><\/div>\n    <script type=\"text\/javascript\">\n      if(window.innerWidth > 1){\n        $(\"#render-hmeio-2\").append(`\n          <div class=\"area-publicidade-rectangular hmeio\">\n            <p>Publicidade\n            <div class=\"area-publicidade\">\n              <div id=\"hmeio2\">\n            \n          \n        `);\n\n        \n    window.jornaldocarro = window.jornaldocarro || {};\n    window.jornaldocarro.slotsAds = window.jornaldocarro.slotsAds || [];\n    window.jornaldocarro.slotsAds.push(\"hmeio2\");\n  \n      }\n    <\/script>\n  <br><p><a rel=\"nofollow\" href=\"https:\/\/fotos.jornaldocarro.estadao.com.br\/primeira-classe\/files\/2016\/08\/nissan-jogos-paralimpicos.jpg\"><img loading=\"lazy\" decoding=\"async\" class=\"alignnone size-full wp-image-3230\" src=\"https:\/\/fotos.jornaldocarro.estadao.com.br\/primeira-classe\/files\/2016\/08\/nissan-jogos-paralimpicos.jpg\" alt=\"\" width=\"530\" height=\"353\"><\/a><\/p><p>J\u00e1 no Parque Ol\u00edmpico da Barra, na zona oeste, h\u00e1 a Nissan Kicks House, tamb\u00e9m aberta ao p\u00fablico. L\u00e1, os visitantes podem tirar fotos com a tocha ol\u00edmpica e conferir tecnologias e carros da marca, como o nov\u00edssimo Kicks e o superesportivo GT-R, que chega ao mercado brasileiro ainda neste ano.<\/p><p>Por fim, h\u00e1 uma agenda de festas com shows no Hotel Nissan Kicks (como foi rebatizado, durante os jogos ol\u00edmpicos e paral\u00edmpicos, o <a rel=\"nofollow\" href=\"https:\/\/www.booking.com\/hotel\/br\/arena-copacabana.pt-pt.html?aid=356986;label=gog235jc-hotel-pt-br-everestNparkNrioNdeNjaneiro-unspec-br-com-L%3Apt-O%3AwindowsS7-B%3Achrome-N%3AXX-S%3Abo-U%3Ac;sid=510fdbe7b3c1ac77fa79c86d6056088a;dest_id=-666610;dest_type=city;dist=0;group_adults=2;room1=A%2CA;sb_price_type=total;srfid=32a25745944e8867fbee8b6e7ed14abe270a62b7X1;type=total;ucfs=1&amp;\">Arena Copacabana<\/a>). No per\u00edodo, as atra\u00e7\u00f5es ser\u00e3o Jorge Arag\u00e3o, Diogo Nogueira, Paralamas do Sucesso e Banda Eva. Por\u00e9m, esses eventos s\u00e3o para convidados.<\/p>\n  <div style=\"width: 100%;\" id=\"render-hmeio-3\"><\/div>\n    <script type=\"text\/javascript\">\n      if(window.innerWidth > 1){\n        $(\"#render-hmeio-3\").append(`\n          <div class=\"area-publicidade-rectangular hmeio\">\n            <p>Publicidade\n            <div class=\"area-publicidade\">\n              <div id=\"hmeio3\">\n            \n          \n        `);\n\n        \n    window.jornaldocarro = window.jornaldocarro || {};\n    window.jornaldocarro.slotsAds = window.jornaldocarro.slotsAds || [];\n    window.jornaldocarro.slotsAds.push(\"hmeio3\");\n  \n      }\n    <\/script>\n  <br>","protected":false},"excerpt":{"rendered":"<p>Bungee jump no boulevard e exposi\u00e7\u00e3o de carros, como o GT-R, est\u00e3o entre as atra\u00e7\u00f5es gratuitas<\/p>\n","protected":false},"featured_media":0,"template":"","class_list":["post-3229","blog_primeira_classe","type-blog_primeira_classe","status-publish","hentry","tags_primeira_classe-bungee-jump","tags_primeira_classe-estilo-de-vida","tags_primeira_classe-gt-r","tags_primeira_classe-jogos-paralimpicos","tags_primeira_classe-kicks","tags_primeira_classe-marketing","tags_primeira_classe-nissan","tags_primeira_classe-nissan-gt-r","tags_primeira_classe-nissan-kicks","tags_primeira_classe-olimpiada"],"yoast_head":"<!-- This site is optimized with the Yoast SEO plugin v23.5 - https:\/\/yoast.com\/wordpress\/plugins\/seo\/ -->\n<title>Nissan vai manter atividades da Olimp\u00edada nos jogos paral\u00edmpicos - Jornal do Carro - Estad\u00e3o<\/title>\n<meta name=\"robots\" content=\"noindex, follow\" \/>\n<meta name=\"twitter:card\" content=\"summary_large_image\" \/>\n<meta name=\"twitter:title\" content=\"Nissan vai manter atividades da Olimp\u00edada nos jogos paral\u00edmpicos - Jornal do Carro - Estad\u00e3o\" \/>\n<meta name=\"twitter:description\" content=\"Bungee jump no boulevard e exposi\u00e7\u00e3o de carros, como o GT-R, est\u00e3o entre as atra\u00e7\u00f5es gratuitas\" \/>\n<meta name=\"twitter:image\" content=\"https:\/\/fotos.jornaldocarro.estadao.com.br\/primeira-classe\/files\/2016\/08\/nissan-jogos-paralimpicos-2.jpg\" \/>\n<meta name=\"twitter:label1\" content=\"Est. tempo de leitura\" \/>\n\t<meta name=\"twitter:data1\" content=\"1 minuto\" \/>\n<script type=\"application\/ld+json\" class=\"yoast-schema-graph\">{\"@context\":\"https:\/\/schema.org\",\"@graph\":[{\"@type\":\"WebPage\",\"@id\":\"https:\/\/jornaldocarro.estadao.com.br\/primeira-classe\/nissan-vai-manter-atividades-da-olimpiada-nos-jogos-paralimpicos\/\",\"url\":\"https:\/\/jornaldocarro.estadao.com.br\/primeira-classe\/nissan-vai-manter-atividades-da-olimpiada-nos-jogos-paralimpicos\/\",\"name\":\"Nissan vai manter atividades da Olimp\u00edada nos jogos paral\u00edmpicos - Jornal do Carro - Estad\u00e3o\",\"isPartOf\":{\"@id\":\"https:\/\/jornaldocarro.estadao.com.br\/#website\"},\"primaryImageOfPage\":{\"@id\":\"https:\/\/jornaldocarro.estadao.com.br\/primeira-classe\/nissan-vai-manter-atividades-da-olimpiada-nos-jogos-paralimpicos\/#primaryimage\"},\"image\":{\"@id\":\"https:\/\/jornaldocarro.estadao.com.br\/primeira-classe\/nissan-vai-manter-atividades-da-olimpiada-nos-jogos-paralimpicos\/#primaryimage\"},\"thumbnailUrl\":\"https:\/\/fotos.jornaldocarro.estadao.com.br\/primeira-classe\/files\/2016\/08\/nissan-jogos-paralimpicos-2.jpg\",\"datePublished\":\"2016-08-26T00:27:59+00:00\",\"dateModified\":\"2016-08-26T00:27:59+00:00\",\"breadcrumb\":{\"@id\":\"https:\/\/jornaldocarro.estadao.com.br\/primeira-classe\/nissan-vai-manter-atividades-da-olimpiada-nos-jogos-paralimpicos\/#breadcrumb\"},\"inLanguage\":\"pt-BR\",\"potentialAction\":[{\"@type\":\"ReadAction\",\"target\":[\"https:\/\/jornaldocarro.estadao.com.br\/primeira-classe\/nissan-vai-manter-atividades-da-olimpiada-nos-jogos-paralimpicos\/\"]}]},{\"@type\":\"ImageObject\",\"inLanguage\":\"pt-BR\",\"@id\":\"https:\/\/jornaldocarro.estadao.com.br\/primeira-classe\/nissan-vai-manter-atividades-da-olimpiada-nos-jogos-paralimpicos\/#primaryimage\",\"url\":\"https:\/\/fotos.jornaldocarro.estadao.com.br\/primeira-classe\/files\/2016\/08\/nissan-jogos-paralimpicos-2.jpg\",\"contentUrl\":\"https:\/\/fotos.jornaldocarro.estadao.com.br\/primeira-classe\/files\/2016\/08\/nissan-jogos-paralimpicos-2.jpg\"},{\"@type\":\"BreadcrumbList\",\"@id\":\"https:\/\/jornaldocarro.estadao.com.br\/primeira-classe\/nissan-vai-manter-atividades-da-olimpiada-nos-jogos-paralimpicos\/#breadcrumb\",\"itemListElement\":[{\"@type\":\"ListItem\",\"position\":1,\"name\":\"In\u00edcio\",\"item\":\"https:\/\/jornaldocarro.estadao.com.br\/\"},{\"@type\":\"ListItem\",\"position\":2,\"name\":\"Primeira Classe\",\"item\":\"https:\/\/jornaldocarro.estadao.com.br\/primeira-classe\/\"},{\"@type\":\"ListItem\",\"position\":3,\"name\":\"Nissan vai manter atividades da Olimp\u00edada nos jogos paral\u00edmpicos\"}]},{\"@type\":\"WebSite\",\"@id\":\"https:\/\/jornaldocarro.estadao.com.br\/#website\",\"url\":\"https:\/\/jornaldocarro.estadao.com.br\/\",\"name\":\"Jornal do Carro - Estad\u00e3o\",\"description\":\"O portal sobre carros, motos e tudo sobre o tema ve\u00edculos no Estad\u00e3o. Fique por dentro de lan\u00e7amentos e de hist\u00f3rias dos leitores e seus carros.\",\"potentialAction\":[{\"@type\":\"SearchAction\",\"target\":{\"@type\":\"EntryPoint\",\"urlTemplate\":\"https:\/\/jornaldocarro.estadao.com.br\/?s={search_term_string}\"},\"query-input\":{\"@type\":\"PropertyValueSpecification\",\"valueRequired\":true,\"valueName\":\"search_term_string\"}}],\"inLanguage\":\"pt-BR\"}]}<\/script>\n<!-- \/ Yoast SEO plugin. -->","yoast_head_json":{"title":"Nissan vai manter atividades da Olimp\u00edada nos jogos paral\u00edmpicos - Jornal do Carro - Estad\u00e3o","robots":{"index":"noindex","follow":"follow"},"twitter_card":"summary_large_image","twitter_title":"Nissan vai manter atividades da Olimp\u00edada nos jogos paral\u00edmpicos - Jornal do Carro - Estad\u00e3o","twitter_description":"Bungee jump no boulevard e exposi\u00e7\u00e3o de carros, como o GT-R, est\u00e3o entre as atra\u00e7\u00f5es gratuitas","twitter_image":"https:\/\/fotos.jornaldocarro.estadao.com.br\/primeira-classe\/files\/2016\/08\/nissan-jogos-paralimpicos-2.jpg","twitter_misc":{"Est. tempo de leitura":"1 minuto"},"schema":{"@context":"https:\/\/schema.org","@graph":[{"@type":"WebPage","@id":"https:\/\/jornaldocarro.estadao.com.br\/primeira-classe\/nissan-vai-manter-atividades-da-olimpiada-nos-jogos-paralimpicos\/","url":"https:\/\/jornaldocarro.estadao.com.br\/primeira-classe\/nissan-vai-manter-atividades-da-olimpiada-nos-jogos-paralimpicos\/","name":"Nissan vai manter atividades da Olimp\u00edada nos jogos paral\u00edmpicos - Jornal do Carro - Estad\u00e3o","isPartOf":{"@id":"https:\/\/jornaldocarro.estadao.com.br\/#website"},"primaryImageOfPage":{"@id":"https:\/\/jornaldocarro.estadao.com.br\/primeira-classe\/nissan-vai-manter-atividades-da-olimpiada-nos-jogos-paralimpicos\/#primaryimage"},"image":{"@id":"https:\/\/jornaldocarro.estadao.com.br\/primeira-classe\/nissan-vai-manter-atividades-da-olimpiada-nos-jogos-paralimpicos\/#primaryimage"},"thumbnailUrl":"https:\/\/fotos.jornaldocarro.estadao.com.br\/primeira-classe\/files\/2016\/08\/nissan-jogos-paralimpicos-2.jpg","datePublished":"2016-08-26T00:27:59+00:00","dateModified":"2016-08-26T00:27:59+00:00","breadcrumb":{"@id":"https:\/\/jornaldocarro.estadao.com.br\/primeira-classe\/nissan-vai-manter-atividades-da-olimpiada-nos-jogos-paralimpicos\/#breadcrumb"},"inLanguage":"pt-BR","potentialAction":[{"@type":"ReadAction","target":["https:\/\/jornaldocarro.estadao.com.br\/primeira-classe\/nissan-vai-manter-atividades-da-olimpiada-nos-jogos-paralimpicos\/"]}]},{"@type":"ImageObject","inLanguage":"pt-BR","@id":"https:\/\/jornaldocarro.estadao.com.br\/primeira-classe\/nissan-vai-manter-atividades-da-olimpiada-nos-jogos-paralimpicos\/#primaryimage","url":"https:\/\/fotos.jornaldocarro.estadao.com.br\/primeira-classe\/files\/2016\/08\/nissan-jogos-paralimpicos-2.jpg","contentUrl":"https:\/\/fotos.jornaldocarro.estadao.com.br\/primeira-classe\/files\/2016\/08\/nissan-jogos-paralimpicos-2.jpg"},{"@type":"BreadcrumbList","@id":"https:\/\/jornaldocarro.estadao.com.br\/primeira-classe\/nissan-vai-manter-atividades-da-olimpiada-nos-jogos-paralimpicos\/#breadcrumb","itemListElement":[{"@type":"ListItem","position":1,"name":"In\u00edcio","item":"https:\/\/jornaldocarro.estadao.com.br\/"},{"@type":"ListItem","position":2,"name":"Primeira Classe","item":"https:\/\/jornaldocarro.estadao.com.br\/primeira-classe\/"},{"@type":"ListItem","position":3,"name":"Nissan vai manter atividades da Olimp\u00edada nos jogos paral\u00edmpicos"}]},{"@type":"WebSite","@id":"https:\/\/jornaldocarro.estadao.com.br\/#website","url":"https:\/\/jornaldocarro.estadao.com.br\/","name":"Jornal do Carro - Estad\u00e3o","description":"O portal sobre carros, motos e tudo sobre o tema ve\u00edculos no Estad\u00e3o. Fique por dentro de lan\u00e7amentos e de hist\u00f3rias dos leitores e seus carros.","potentialAction":[{"@type":"SearchAction","target":{"@type":"EntryPoint","urlTemplate":"https:\/\/jornaldocarro.estadao.com.br\/?s={search_term_string}"},"query-input":{"@type":"PropertyValueSpecification","valueRequired":true,"valueName":"search_term_string"}}],"inLanguage":"pt-BR"}]}},"_links":{"self":[{"href":"https:\/\/jornaldocarro.estadao.com.br\/api\/wp\/v2\/blog_primeira_classe\/3229","targetHints":{"allow":["GET"]}}],"collection":[{"href":"https:\/\/jornaldocarro.estadao.com.br\/api\/wp\/v2\/blog_primeira_classe"}],"about":[{"href":"https:\/\/jornaldocarro.estadao.com.br\/api\/wp\/v2\/types\/blog_primeira_classe"}],"version-history":[{"count":0,"href":"https:\/\/jornaldocarro.estadao.com.br\/api\/wp\/v2\/blog_primeira_classe\/3229\/revisions"}],"wp:attachment":[{"href":"https:\/\/jornaldocarro.estadao.com.br\/api\/wp\/v2\/media?parent=3229"}],"curies":[{"name":"wp","href":"https:\/\/api.w.org\/{rel}","templated":true}]}}