{"id":3267,"date":"2016-09-14T20:09:05","date_gmt":"2016-09-14T22:09:05","guid":{"rendered":"http:\/\/blogs.estadao.com.br\/primeira-classe\/?p=3267"},"modified":"2016-09-14T20:09:05","modified_gmt":"2016-09-14T22:09:05","slug":"shopping-em-sp-tem-exposicao-gratuita-de-motos-e-fotos-classicas","status":"publish","type":"blog_primeira_classe","link":"https:\/\/jornaldocarro.estadao.com.br\/primeira-classe\/shopping-em-sp-tem-exposicao-gratuita-de-motos-e-fotos-classicas\/","title":{"rendered":"Shopping em SP tem exposi\u00e7\u00e3o gratuita de motos e fotos cl\u00e1ssicas"},"content":{"rendered":"<p><a rel=\"nofollow\" href=\"https:\/\/fotos.jornaldocarro.estadao.com.br\/primeira-classe\/files\/2016\/09\/exposicao-morumbi.jpg\"><img loading=\"lazy\" decoding=\"async\" class=\"alignnone size-full wp-image-3268\" src=\"https:\/\/fotos.jornaldocarro.estadao.com.br\/primeira-classe\/files\/2016\/09\/exposicao-morumbi.jpg\" alt=\"\" width=\"530\" height=\"354\"><\/a><\/p><p>O shopping Morumbi \u00e9 sede, entre esta quarta-feira (14) e o dia 24 de setembro, de uma exposi\u00e7\u00e3o de motos e de fotos de um tradicional passeio mundial com ve\u00edculo de duas rodas, o \u201cDistinguished Gentleman\u2019s Ride\u201d. O evento \u00e9 em prol da conscientiza\u00e7\u00e3o sobre o c\u00e2ncer de pr\u00f3stata.<\/p><p><strong>(No Instagram: @blogprimeiraclasse)<\/strong><\/p>\n  <div style=\"width: 100%;\" id=\"render-hmeio-1\"><\/div>\n    <script type=\"text\/javascript\">\n      if(window.innerWidth > 1){\n        $(\"#render-hmeio-1\").append(`\n          <div class=\"area-publicidade-rectangular hmeio\">\n            <p>Publicidade\n            <div class=\"area-publicidade\">\n              <div id=\"hmeio1\">\n            \n          \n        `);\n\n        \n    window.jornaldocarro = window.jornaldocarro || {};\n    window.jornaldocarro.slotsAds = window.jornaldocarro.slotsAds || [];\n    window.jornaldocarro.slotsAds.push(\"hmeio1\");\n  \n      }\n    <\/script>\n  <br><p>Entre os modelos expostos, todos da Triumph \u2013 patrocinadora do\u00a0\u201cDistinguished Gentleman\u2019s Ride\u201d -, o destaque \u00e9 uma Bonneville T100 que foi usada por David Beckham no document\u00e1rio \u201cInto the Unknown\u201d \u2013 no qual o ex-jogador explora a floresta Amaz\u00f4nica pilotando a moto.<\/p><p>Al\u00e9m disso, h\u00e1 fotos de diversas edi\u00e7\u00f5es do\u00a0\u201cDistinguished Gentleman\u2019s Ride\u201d \u2013 feitas pelo fot\u00f3grafo Wes Calandria.<\/p><p>Para auxiliar a arreda\u00e7\u00e3o de fundos para combate ao c\u00e2ncer de pr\u00f3stata, o shopping oferece, em local ao lado do evento, um servi\u00e7o de barbearia durante os dias da exposi\u00e7\u00e3o. De acordo com a organiza\u00e7\u00e3o, 60% da renda ser\u00e1 revertida ao projeto.<\/p>\n  <div style=\"width: 100%;\" id=\"render-hmeio-2\"><\/div>\n    <script type=\"text\/javascript\">\n      if(window.innerWidth > 1){\n        $(\"#render-hmeio-2\").append(`\n          <div class=\"area-publicidade-rectangular hmeio\">\n            <p>Publicidade\n            <div class=\"area-publicidade\">\n              <div id=\"hmeio2\">\n            \n          \n        `);\n\n        \n    window.jornaldocarro = window.jornaldocarro || {};\n    window.jornaldocarro.slotsAds = window.jornaldocarro.slotsAds || [];\n    window.jornaldocarro.slotsAds.push(\"hmeio2\");\n  \n      }\n    <\/script>\n  <br><p>A exposi\u00e7\u00e3o tamb\u00e9m tem o objetivo de divulgar o\u00a0\u201cDistinguished Gentleman\u2019s Ride\u201d, um evento voltado \u00e0 conscientiza\u00e7\u00e3o e combate ao c\u00e2ncer de pr\u00f3stata. Criado em 2012, o DGR ocorrer\u00e1, este ano, em 25 de setembro, em 410 cidades em todo o mundo.<\/p><p>O objetivo \u00e9 arrecadar, nesta edi\u00e7\u00e3o, US$ 5 milh\u00f5es, que ser\u00e3o destinados ao projeto.<\/p><p>A exposi\u00e7\u00e3o, gratuita, \u00e9 das 10h \u00e0s 22h, no piso Lazer do shopping Morumbi.<\/p>\n  <div style=\"width: 100%;\" id=\"render-hmeio-3\"><\/div>\n    <script type=\"text\/javascript\">\n      if(window.innerWidth > 1){\n        $(\"#render-hmeio-3\").append(`\n          <div class=\"area-publicidade-rectangular hmeio\">\n            <p>Publicidade\n            <div class=\"area-publicidade\">\n              <div id=\"hmeio3\">\n            \n          \n        `);\n\n        \n    window.jornaldocarro = window.jornaldocarro || {};\n    window.jornaldocarro.slotsAds = window.jornaldocarro.slotsAds || [];\n    window.jornaldocarro.slotsAds.push(\"hmeio3\");\n  \n      }\n    <\/script>\n  <br>","protected":false},"excerpt":{"rendered":"<p>Evento \u00e9 em prol da conscientiza\u00e7\u00e3o sobre o c\u00e2ncer de pr\u00f3stata<\/p>\n","protected":false},"featured_media":0,"template":"","class_list":["post-3267","blog_primeira_classe","type-blog_primeira_classe","status-publish","hentry","tags_primeira_classe-david-beckham","tags_primeira_classe-eventos","tags_primeira_classe-moto","tags_primeira_classe-motocicletas","tags_primeira_classe-sao-paulo","tags_primeira_classe-shopping-morumbi","tags_primeira_classe-triumph"],"yoast_head":"<!-- This site is optimized with the Yoast SEO plugin v23.5 - https:\/\/yoast.com\/wordpress\/plugins\/seo\/ -->\n<title>Shopping em SP tem exposi\u00e7\u00e3o gratuita de motos e fotos cl\u00e1ssicas - Jornal do Carro - Estad\u00e3o<\/title>\n<meta name=\"robots\" content=\"noindex, follow\" \/>\n<meta name=\"twitter:card\" content=\"summary_large_image\" \/>\n<meta name=\"twitter:title\" content=\"Shopping em SP tem exposi\u00e7\u00e3o gratuita de motos e fotos cl\u00e1ssicas - Jornal do Carro - Estad\u00e3o\" \/>\n<meta name=\"twitter:description\" content=\"Evento \u00e9 em prol da conscientiza\u00e7\u00e3o sobre o c\u00e2ncer de pr\u00f3stata\" \/>\n<meta name=\"twitter:image\" content=\"https:\/\/fotos.jornaldocarro.estadao.com.br\/primeira-classe\/files\/2016\/09\/exposicao-morumbi.jpg\" \/>\n<meta name=\"twitter:label1\" content=\"Est. tempo de leitura\" \/>\n\t<meta name=\"twitter:data1\" content=\"1 minuto\" \/>\n<script type=\"application\/ld+json\" class=\"yoast-schema-graph\">{\"@context\":\"https:\/\/schema.org\",\"@graph\":[{\"@type\":\"WebPage\",\"@id\":\"https:\/\/jornaldocarro.estadao.com.br\/primeira-classe\/shopping-em-sp-tem-exposicao-gratuita-de-motos-e-fotos-classicas\/\",\"url\":\"https:\/\/jornaldocarro.estadao.com.br\/primeira-classe\/shopping-em-sp-tem-exposicao-gratuita-de-motos-e-fotos-classicas\/\",\"name\":\"Shopping em SP tem exposi\u00e7\u00e3o gratuita de motos e fotos cl\u00e1ssicas - Jornal do Carro - Estad\u00e3o\",\"isPartOf\":{\"@id\":\"https:\/\/jornaldocarro.estadao.com.br\/#website\"},\"primaryImageOfPage\":{\"@id\":\"https:\/\/jornaldocarro.estadao.com.br\/primeira-classe\/shopping-em-sp-tem-exposicao-gratuita-de-motos-e-fotos-classicas\/#primaryimage\"},\"image\":{\"@id\":\"https:\/\/jornaldocarro.estadao.com.br\/primeira-classe\/shopping-em-sp-tem-exposicao-gratuita-de-motos-e-fotos-classicas\/#primaryimage\"},\"thumbnailUrl\":\"https:\/\/fotos.jornaldocarro.estadao.com.br\/primeira-classe\/files\/2016\/09\/exposicao-morumbi.jpg\",\"datePublished\":\"2016-09-14T22:09:05+00:00\",\"dateModified\":\"2016-09-14T22:09:05+00:00\",\"breadcrumb\":{\"@id\":\"https:\/\/jornaldocarro.estadao.com.br\/primeira-classe\/shopping-em-sp-tem-exposicao-gratuita-de-motos-e-fotos-classicas\/#breadcrumb\"},\"inLanguage\":\"pt-BR\",\"potentialAction\":[{\"@type\":\"ReadAction\",\"target\":[\"https:\/\/jornaldocarro.estadao.com.br\/primeira-classe\/shopping-em-sp-tem-exposicao-gratuita-de-motos-e-fotos-classicas\/\"]}]},{\"@type\":\"ImageObject\",\"inLanguage\":\"pt-BR\",\"@id\":\"https:\/\/jornaldocarro.estadao.com.br\/primeira-classe\/shopping-em-sp-tem-exposicao-gratuita-de-motos-e-fotos-classicas\/#primaryimage\",\"url\":\"https:\/\/fotos.jornaldocarro.estadao.com.br\/primeira-classe\/files\/2016\/09\/exposicao-morumbi.jpg\",\"contentUrl\":\"https:\/\/fotos.jornaldocarro.estadao.com.br\/primeira-classe\/files\/2016\/09\/exposicao-morumbi.jpg\"},{\"@type\":\"BreadcrumbList\",\"@id\":\"https:\/\/jornaldocarro.estadao.com.br\/primeira-classe\/shopping-em-sp-tem-exposicao-gratuita-de-motos-e-fotos-classicas\/#breadcrumb\",\"itemListElement\":[{\"@type\":\"ListItem\",\"position\":1,\"name\":\"In\u00edcio\",\"item\":\"https:\/\/jornaldocarro.estadao.com.br\/\"},{\"@type\":\"ListItem\",\"position\":2,\"name\":\"Primeira Classe\",\"item\":\"https:\/\/jornaldocarro.estadao.com.br\/primeira-classe\/\"},{\"@type\":\"ListItem\",\"position\":3,\"name\":\"Shopping em SP tem exposi\u00e7\u00e3o gratuita de motos e fotos cl\u00e1ssicas\"}]},{\"@type\":\"WebSite\",\"@id\":\"https:\/\/jornaldocarro.estadao.com.br\/#website\",\"url\":\"https:\/\/jornaldocarro.estadao.com.br\/\",\"name\":\"Jornal do Carro - Estad\u00e3o\",\"description\":\"O portal sobre carros, motos e tudo sobre o tema ve\u00edculos no Estad\u00e3o. Fique por dentro de lan\u00e7amentos e de hist\u00f3rias dos leitores e seus carros.\",\"potentialAction\":[{\"@type\":\"SearchAction\",\"target\":{\"@type\":\"EntryPoint\",\"urlTemplate\":\"https:\/\/jornaldocarro.estadao.com.br\/?s={search_term_string}\"},\"query-input\":{\"@type\":\"PropertyValueSpecification\",\"valueRequired\":true,\"valueName\":\"search_term_string\"}}],\"inLanguage\":\"pt-BR\"}]}<\/script>\n<!-- \/ Yoast SEO plugin. -->","yoast_head_json":{"title":"Shopping em SP tem exposi\u00e7\u00e3o gratuita de motos e fotos cl\u00e1ssicas - Jornal do Carro - Estad\u00e3o","robots":{"index":"noindex","follow":"follow"},"twitter_card":"summary_large_image","twitter_title":"Shopping em SP tem exposi\u00e7\u00e3o gratuita de motos e fotos cl\u00e1ssicas - Jornal do Carro - Estad\u00e3o","twitter_description":"Evento \u00e9 em prol da conscientiza\u00e7\u00e3o sobre o c\u00e2ncer de pr\u00f3stata","twitter_image":"https:\/\/fotos.jornaldocarro.estadao.com.br\/primeira-classe\/files\/2016\/09\/exposicao-morumbi.jpg","twitter_misc":{"Est. tempo de leitura":"1 minuto"},"schema":{"@context":"https:\/\/schema.org","@graph":[{"@type":"WebPage","@id":"https:\/\/jornaldocarro.estadao.com.br\/primeira-classe\/shopping-em-sp-tem-exposicao-gratuita-de-motos-e-fotos-classicas\/","url":"https:\/\/jornaldocarro.estadao.com.br\/primeira-classe\/shopping-em-sp-tem-exposicao-gratuita-de-motos-e-fotos-classicas\/","name":"Shopping em SP tem exposi\u00e7\u00e3o gratuita de motos e fotos cl\u00e1ssicas - Jornal do Carro - Estad\u00e3o","isPartOf":{"@id":"https:\/\/jornaldocarro.estadao.com.br\/#website"},"primaryImageOfPage":{"@id":"https:\/\/jornaldocarro.estadao.com.br\/primeira-classe\/shopping-em-sp-tem-exposicao-gratuita-de-motos-e-fotos-classicas\/#primaryimage"},"image":{"@id":"https:\/\/jornaldocarro.estadao.com.br\/primeira-classe\/shopping-em-sp-tem-exposicao-gratuita-de-motos-e-fotos-classicas\/#primaryimage"},"thumbnailUrl":"https:\/\/fotos.jornaldocarro.estadao.com.br\/primeira-classe\/files\/2016\/09\/exposicao-morumbi.jpg","datePublished":"2016-09-14T22:09:05+00:00","dateModified":"2016-09-14T22:09:05+00:00","breadcrumb":{"@id":"https:\/\/jornaldocarro.estadao.com.br\/primeira-classe\/shopping-em-sp-tem-exposicao-gratuita-de-motos-e-fotos-classicas\/#breadcrumb"},"inLanguage":"pt-BR","potentialAction":[{"@type":"ReadAction","target":["https:\/\/jornaldocarro.estadao.com.br\/primeira-classe\/shopping-em-sp-tem-exposicao-gratuita-de-motos-e-fotos-classicas\/"]}]},{"@type":"ImageObject","inLanguage":"pt-BR","@id":"https:\/\/jornaldocarro.estadao.com.br\/primeira-classe\/shopping-em-sp-tem-exposicao-gratuita-de-motos-e-fotos-classicas\/#primaryimage","url":"https:\/\/fotos.jornaldocarro.estadao.com.br\/primeira-classe\/files\/2016\/09\/exposicao-morumbi.jpg","contentUrl":"https:\/\/fotos.jornaldocarro.estadao.com.br\/primeira-classe\/files\/2016\/09\/exposicao-morumbi.jpg"},{"@type":"BreadcrumbList","@id":"https:\/\/jornaldocarro.estadao.com.br\/primeira-classe\/shopping-em-sp-tem-exposicao-gratuita-de-motos-e-fotos-classicas\/#breadcrumb","itemListElement":[{"@type":"ListItem","position":1,"name":"In\u00edcio","item":"https:\/\/jornaldocarro.estadao.com.br\/"},{"@type":"ListItem","position":2,"name":"Primeira Classe","item":"https:\/\/jornaldocarro.estadao.com.br\/primeira-classe\/"},{"@type":"ListItem","position":3,"name":"Shopping em SP tem exposi\u00e7\u00e3o gratuita de motos e fotos cl\u00e1ssicas"}]},{"@type":"WebSite","@id":"https:\/\/jornaldocarro.estadao.com.br\/#website","url":"https:\/\/jornaldocarro.estadao.com.br\/","name":"Jornal do Carro - Estad\u00e3o","description":"O portal sobre carros, motos e tudo sobre o tema ve\u00edculos no Estad\u00e3o. Fique por dentro de lan\u00e7amentos e de hist\u00f3rias dos leitores e seus carros.","potentialAction":[{"@type":"SearchAction","target":{"@type":"EntryPoint","urlTemplate":"https:\/\/jornaldocarro.estadao.com.br\/?s={search_term_string}"},"query-input":{"@type":"PropertyValueSpecification","valueRequired":true,"valueName":"search_term_string"}}],"inLanguage":"pt-BR"}]}},"_links":{"self":[{"href":"https:\/\/jornaldocarro.estadao.com.br\/api\/wp\/v2\/blog_primeira_classe\/3267","targetHints":{"allow":["GET"]}}],"collection":[{"href":"https:\/\/jornaldocarro.estadao.com.br\/api\/wp\/v2\/blog_primeira_classe"}],"about":[{"href":"https:\/\/jornaldocarro.estadao.com.br\/api\/wp\/v2\/types\/blog_primeira_classe"}],"version-history":[{"count":0,"href":"https:\/\/jornaldocarro.estadao.com.br\/api\/wp\/v2\/blog_primeira_classe\/3267\/revisions"}],"wp:attachment":[{"href":"https:\/\/jornaldocarro.estadao.com.br\/api\/wp\/v2\/media?parent=3267"}],"curies":[{"name":"wp","href":"https:\/\/api.w.org\/{rel}","templated":true}]}}