{"id":3478,"date":"2017-02-07T20:20:22","date_gmt":"2017-02-07T22:20:22","guid":{"rendered":"http:\/\/blogs.estadao.com.br\/primeira-classe\/?p=3478"},"modified":"2017-02-07T20:20:22","modified_gmt":"2017-02-07T22:20:22","slug":"hatches-compactos-1-0-os-preferidos-da-equipe-do-jornal-do-carro","status":"publish","type":"blog_primeira_classe","link":"https:\/\/jornaldocarro.estadao.com.br\/primeira-classe\/hatches-compactos-1-0-os-preferidos-da-equipe-do-jornal-do-carro\/","title":{"rendered":"Hatches compactos 1.0: os preferidos da equipe do Jornal do Carro"},"content":{"rendered":"<p><figure id=\"attachment_3479\" aria-describedby=\"caption-attachment-3479\" style=\"width: 550px\" class=\"wp-caption alignnone\"><a rel=\"nofollow\" href=\"https:\/\/fotos.jornaldocarro.estadao.com.br\/primeira-classe\/files\/2017\/02\/compara-opiniao-blog.jpg\"><img loading=\"lazy\" decoding=\"async\" class=\"size-full wp-image-3479\" src=\"https:\/\/fotos.jornaldocarro.estadao.com.br\/primeira-classe\/files\/2017\/02\/compara-opiniao-blog.jpg\" alt=\"\" width=\"550\" height=\"288\"><\/a><figcaption id=\"caption-attachment-3479\" class=\"wp-caption-text\">(Foto: Sergio Castro\/Estad\u00e3o)<\/figcaption><\/figure>\n<\/p><p>No contexto do comparativo entre oito hatches compactos 1.0 \u00e0 venda no Brasil (leia <a rel=\"nofollow\" href=\"https:\/\/www.estadao.com.br\/jornal-do-carro\/noticias\/carros,veja-qual-e-o-melhor-hatch-compacto-10-do-brasil,30934,0.htm\">aqui<\/a>), os integrantes do Jornal do Carro d\u00e3o suas opini\u00f5es sobre o segmento. A cada um dos integrantes, foi feita a pergunta: <strong>que carro dessa categoria voc\u00ea compraria e por qu\u00ea?<\/strong><\/p><p>Abaixo, confira as respostas.<\/p>\n  <div style=\"width: 100%;\" id=\"render-hmeio-1\"><\/div>\n    <script type=\"text\/javascript\">\n      if(window.innerWidth > 1){\n        $(\"#render-hmeio-1\").append(`\n          <div class=\"area-publicidade-rectangular hmeio\">\n            <p>Publicidade\n            <div class=\"area-publicidade\">\n              <div id=\"hmeio1\">\n            \n          \n        `);\n\n        \n    window.jornaldocarro = window.jornaldocarro || {};\n    window.jornaldocarro.slotsAds = window.jornaldocarro.slotsAds || [];\n    window.jornaldocarro.slotsAds.push(\"hmeio1\");\n  \n      }\n    <\/script>\n  <br><p>\u00a0<\/p><p><em>Ti\u00e3o Oliveira, editor<\/em><\/p><p>Eu vou de Gol. Embora seja um dos projetos mais antigos, \u00e9 mais espa\u00e7oso que o Up!, por exemplo (minha segunda op\u00e7\u00e3o). O Volkswagen \u00e9 um carro \u00e0 m\u00e3o, gostoso de guiar, com manuten\u00e7\u00e3o f\u00e1cil e bom valor de revenda.<\/p>\n  <div style=\"width: 100%;\" id=\"render-hmeio-2\"><\/div>\n    <script type=\"text\/javascript\">\n      if(window.innerWidth > 1){\n        $(\"#render-hmeio-2\").append(`\n          <div class=\"area-publicidade-rectangular hmeio\">\n            <p>Publicidade\n            <div class=\"area-publicidade\">\n              <div id=\"hmeio2\">\n            \n          \n        `);\n\n        \n    window.jornaldocarro = window.jornaldocarro || {};\n    window.jornaldocarro.slotsAds = window.jornaldocarro.slotsAds || [];\n    window.jornaldocarro.slotsAds.push(\"hmeio2\");\n  \n      }\n    <\/script>\n  <br><p>\u00a0<\/p><p><em>Rafaela Borges, editora assistente<\/em><\/p><p><em><\/em><\/p>\n  <div style=\"width: 100%;\" id=\"render-hmeio-3\"><\/div>\n    <script type=\"text\/javascript\">\n      if(window.innerWidth > 1){\n        $(\"#render-hmeio-3\").append(`\n          <div class=\"area-publicidade-rectangular hmeio\">\n            <p>Publicidade\n            <div class=\"area-publicidade\">\n              <div id=\"hmeio3\">\n            \n          \n        `);\n\n        \n    window.jornaldocarro = window.jornaldocarro || {};\n    window.jornaldocarro.slotsAds = window.jornaldocarro.slotsAds || [];\n    window.jornaldocarro.slotsAds.push(\"hmeio3\");\n  \n      }\n    <\/script>\n  <br><p>Eu compraria o Up! De prefer\u00eancia o TSI. Mas, se n\u00e3o houvesse essa possibilidade, ainda assim ficaria com o aspirado. Falta uma central multim\u00eddia legal, mas pelo menos h\u00e1 entrada USB e conex\u00e3o Bluetooth, para eu ter diversas possibilidades de ouvir minhas m\u00fasicas. O acabamento tamb\u00e9m poderia ser um pouco melhor. Fora isso, ele tem tudo o que me agrada em um carro. \u00c9 pequeno, f\u00e1cil de estacionar, tem agilidade para mudan\u00e7as de trajet\u00f3rias e faz curvas bem. E anda, viu! O TSI \u00e9 um foguetinho, mas mesmo o aspirado \u00e9 bom de retomadas. Eu gostaria mesmo \u00e9 de um Up! TSI com c\u00e2mbio automatizado DSG do Golf. Pena que essa op\u00e7\u00e3o n\u00e3o existe na linha Volkswagen.<\/p><p>\u00a0<\/p><p>\u00a0<\/p>\n  <div style=\"width: 100%;\" id=\"render-hmeio-4\"><\/div>\n    <script type=\"text\/javascript\">\n      if(window.innerWidth > 1){\n        $(\"#render-hmeio-4\").append(`\n          <div class=\"area-publicidade-rectangular hmeio\">\n            <p>Publicidade\n            <div class=\"area-publicidade\">\n              <div id=\"hmeio4\">\n            \n          \n        `);\n\n        \n    window.jornaldocarro = window.jornaldocarro || {};\n    window.jornaldocarro.slotsAds = window.jornaldocarro.slotsAds || [];\n    window.jornaldocarro.slotsAds.push(\"hmeio4\");\n  \n      }\n    <\/script>\n  <br><p><em>Hairton Ponciano, rep\u00f3rter<\/em><\/p><p>Se meu pai me dissesse para escolher um carro 1.0 e que ele pagaria, eu iria de Up! Acho o carro muito bom de andar. Acelera bem, freia bem, \u00e9 bom de curvas\u2026 Mas n\u00e3o \u00e9 barato, e a ideia de meu pai me dizer para escolher um carro \u00e9 apenas um devaneio. Como eu tenho de pagar pelos meus carros, a\u00ed entra o tal do custo-benef\u00edcio, e nesse caso eu iria de HB20, outro \u00f3timo representante do segmento, e um pouco mais espa\u00e7oso.<\/p><p>\u00a0<\/p>\n  <div style=\"width: 100%;\" id=\"render-hmeio-5\"><\/div>\n    <script type=\"text\/javascript\">\n      if(window.innerWidth > 1){\n        $(\"#render-hmeio-5\").append(`\n          <div class=\"area-publicidade-rectangular hmeio\">\n            <p>Publicidade\n            <div class=\"area-publicidade\">\n              <div id=\"hmeio5\">\n            \n          \n        `);\n\n        \n    window.jornaldocarro = window.jornaldocarro || {};\n    window.jornaldocarro.slotsAds = window.jornaldocarro.slotsAds || [];\n    window.jornaldocarro.slotsAds.push(\"hmeio5\");\n  \n      }\n    <\/script>\n  <br><p><em>Thiago Lasco, rep\u00f3rter<\/em><\/p><p>Ainda que o Ka, o Up! e at\u00e9 o Gol tamb\u00e9m tenham qualidades que me agradam, eu bateria o martelo com o HB20. Ele tem desempenho compat\u00edvel com o do rival mais potente do segmento (o Ka, de 85 cv) e, ao mesmo tempo, entrega o melhor acabamento do grupo \u2013 dependendo do cat\u00e1logo, d\u00e1 at\u00e9 pra se sentir em um modelo de categoria superior. O Up! \u00e9 muito divertido na cidade e seu motor emite um gostoso ronronar, mas os bancos finos demais cansam com o tempo e o despojamento da cabine \u00e9 excessivo pelo pre\u00e7o cobrado. O Ka tem \u00f3timo conjunto mec\u00e2nico, mas seu estilo \u00e9 um tanto gen\u00e9rico e o p\u00f3s-venda da Ford joga a p\u00e1 de cal que faltava. O Gol ficou muito melhor com motor e painel novos, mas j\u00e1 n\u00e3o esconde o peso da idade. E o Onix, com comportamento din\u00e2mico de 1.0 \u00e0 moda antiga, \u00e9 carta fora do baralho. No fim das contas, o HB20 \u00e9 mesmo a melhor op\u00e7\u00e3o.<\/p><p>\u00a0<\/p>\n  <div style=\"width: 100%;\" id=\"render-hmeio-6\"><\/div>\n    <script type=\"text\/javascript\">\n      if(window.innerWidth > 1){\n        $(\"#render-hmeio-6\").append(`\n          <div class=\"area-publicidade-rectangular hmeio\">\n            <p>Publicidade\n            <div class=\"area-publicidade\">\n              <div id=\"hmeio6\">\n            \n          \n        `);\n\n        \n    window.jornaldocarro = window.jornaldocarro || {};\n    window.jornaldocarro.slotsAds = window.jornaldocarro.slotsAds || [];\n    window.jornaldocarro.slotsAds.push(\"hmeio6\");\n  \n      }\n    <\/script>\n  <br><p><em>Jos\u00e9 Antonio Leme, rep\u00f3rter<\/em><\/p><p>Na gama de carros 1.0 dispon\u00edvel no Pa\u00eds, eu fico dividido entre o Ford Ka e o Volkswagen Up! Gosto muito do Ka, mas n\u00e3o h\u00e1 como negar que ele tem um c\u00e2mbio preciso, por\u00e9m duro, e um bom acerto de suspens\u00e3o. Por\u00e9m, \u00e9 muito caro. Acabo ficando com o Up!, que al\u00e9m de oferecer uma op\u00e7\u00e3o 1.0 turbo aos mais endinheirados \u2013 e que \u00e9 divertid\u00edssima \u2013 tem c\u00e2mbio igualmente preciso, por\u00e9m, mais macio que do Ka \u2013 o mesmo digo da suspens\u00e3o.<\/p>","protected":false},"excerpt":{"rendered":"<p>Editores e rep\u00f3rteres contam que modelo desse segmento comprariam <\/p>\n","protected":false},"featured_media":0,"template":"","class_list":["post-3478","blog_primeira_classe","type-blog_primeira_classe","status-publish","hentry","tags_primeira_classe-analise-2","tags_primeira_classe-carros","tags_primeira_classe-comparativo","tags_primeira_classe-gol","tags_primeira_classe-hb20","tags_primeira_classe-ka","tags_primeira_classe-march","tags_primeira_classe-mobi","tags_primeira_classe-onix","tags_primeira_classe-uno","tags_primeira_classe-up"],"yoast_head":"<!-- This site is optimized with the Yoast SEO plugin v23.5 - https:\/\/yoast.com\/wordpress\/plugins\/seo\/ -->\n<title>Hatches compactos 1.0: os preferidos da equipe do Jornal do Carro - Jornal do Carro - Estad\u00e3o<\/title>\n<meta name=\"robots\" content=\"noindex, follow\" \/>\n<meta name=\"twitter:card\" content=\"summary_large_image\" \/>\n<meta name=\"twitter:title\" content=\"Hatches compactos 1.0: os preferidos da equipe do Jornal do Carro - Jornal do Carro - Estad\u00e3o\" \/>\n<meta name=\"twitter:description\" content=\"Editores e rep\u00f3rteres contam que modelo desse segmento comprariam\" \/>\n<meta name=\"twitter:image\" content=\"https:\/\/fotos.jornaldocarro.estadao.com.br\/primeira-classe\/files\/2017\/02\/compara-opiniao-blog.jpg\" \/>\n<meta name=\"twitter:label1\" content=\"Est. tempo de leitura\" \/>\n\t<meta name=\"twitter:data1\" content=\"3 minutos\" \/>\n<script type=\"application\/ld+json\" class=\"yoast-schema-graph\">{\"@context\":\"https:\/\/schema.org\",\"@graph\":[{\"@type\":\"WebPage\",\"@id\":\"https:\/\/jornaldocarro.estadao.com.br\/primeira-classe\/hatches-compactos-1-0-os-preferidos-da-equipe-do-jornal-do-carro\/\",\"url\":\"https:\/\/jornaldocarro.estadao.com.br\/primeira-classe\/hatches-compactos-1-0-os-preferidos-da-equipe-do-jornal-do-carro\/\",\"name\":\"Hatches compactos 1.0: os preferidos da equipe do Jornal do Carro - Jornal do Carro - Estad\u00e3o\",\"isPartOf\":{\"@id\":\"https:\/\/jornaldocarro.estadao.com.br\/#website\"},\"primaryImageOfPage\":{\"@id\":\"https:\/\/jornaldocarro.estadao.com.br\/primeira-classe\/hatches-compactos-1-0-os-preferidos-da-equipe-do-jornal-do-carro\/#primaryimage\"},\"image\":{\"@id\":\"https:\/\/jornaldocarro.estadao.com.br\/primeira-classe\/hatches-compactos-1-0-os-preferidos-da-equipe-do-jornal-do-carro\/#primaryimage\"},\"thumbnailUrl\":\"https:\/\/fotos.jornaldocarro.estadao.com.br\/primeira-classe\/files\/2017\/02\/compara-opiniao-blog.jpg\",\"datePublished\":\"2017-02-07T22:20:22+00:00\",\"dateModified\":\"2017-02-07T22:20:22+00:00\",\"breadcrumb\":{\"@id\":\"https:\/\/jornaldocarro.estadao.com.br\/primeira-classe\/hatches-compactos-1-0-os-preferidos-da-equipe-do-jornal-do-carro\/#breadcrumb\"},\"inLanguage\":\"pt-BR\",\"potentialAction\":[{\"@type\":\"ReadAction\",\"target\":[\"https:\/\/jornaldocarro.estadao.com.br\/primeira-classe\/hatches-compactos-1-0-os-preferidos-da-equipe-do-jornal-do-carro\/\"]}]},{\"@type\":\"ImageObject\",\"inLanguage\":\"pt-BR\",\"@id\":\"https:\/\/jornaldocarro.estadao.com.br\/primeira-classe\/hatches-compactos-1-0-os-preferidos-da-equipe-do-jornal-do-carro\/#primaryimage\",\"url\":\"https:\/\/fotos.jornaldocarro.estadao.com.br\/primeira-classe\/files\/2017\/02\/compara-opiniao-blog.jpg\",\"contentUrl\":\"https:\/\/fotos.jornaldocarro.estadao.com.br\/primeira-classe\/files\/2017\/02\/compara-opiniao-blog.jpg\"},{\"@type\":\"BreadcrumbList\",\"@id\":\"https:\/\/jornaldocarro.estadao.com.br\/primeira-classe\/hatches-compactos-1-0-os-preferidos-da-equipe-do-jornal-do-carro\/#breadcrumb\",\"itemListElement\":[{\"@type\":\"ListItem\",\"position\":1,\"name\":\"In\u00edcio\",\"item\":\"https:\/\/jornaldocarro.estadao.com.br\/\"},{\"@type\":\"ListItem\",\"position\":2,\"name\":\"Primeira Classe\",\"item\":\"https:\/\/jornaldocarro.estadao.com.br\/primeira-classe\/\"},{\"@type\":\"ListItem\",\"position\":3,\"name\":\"Hatches compactos 1.0: os preferidos da equipe do Jornal do Carro\"}]},{\"@type\":\"WebSite\",\"@id\":\"https:\/\/jornaldocarro.estadao.com.br\/#website\",\"url\":\"https:\/\/jornaldocarro.estadao.com.br\/\",\"name\":\"Jornal do Carro - Estad\u00e3o\",\"description\":\"O portal sobre carros, motos e tudo sobre o tema ve\u00edculos no Estad\u00e3o. Fique por dentro de lan\u00e7amentos e de hist\u00f3rias dos leitores e seus carros.\",\"potentialAction\":[{\"@type\":\"SearchAction\",\"target\":{\"@type\":\"EntryPoint\",\"urlTemplate\":\"https:\/\/jornaldocarro.estadao.com.br\/?s={search_term_string}\"},\"query-input\":{\"@type\":\"PropertyValueSpecification\",\"valueRequired\":true,\"valueName\":\"search_term_string\"}}],\"inLanguage\":\"pt-BR\"}]}<\/script>\n<!-- \/ Yoast SEO plugin. -->","yoast_head_json":{"title":"Hatches compactos 1.0: os preferidos da equipe do Jornal do Carro - Jornal do Carro - Estad\u00e3o","robots":{"index":"noindex","follow":"follow"},"twitter_card":"summary_large_image","twitter_title":"Hatches compactos 1.0: os preferidos da equipe do Jornal do Carro - Jornal do Carro - Estad\u00e3o","twitter_description":"Editores e rep\u00f3rteres contam que modelo desse segmento comprariam","twitter_image":"https:\/\/fotos.jornaldocarro.estadao.com.br\/primeira-classe\/files\/2017\/02\/compara-opiniao-blog.jpg","twitter_misc":{"Est. tempo de leitura":"3 minutos"},"schema":{"@context":"https:\/\/schema.org","@graph":[{"@type":"WebPage","@id":"https:\/\/jornaldocarro.estadao.com.br\/primeira-classe\/hatches-compactos-1-0-os-preferidos-da-equipe-do-jornal-do-carro\/","url":"https:\/\/jornaldocarro.estadao.com.br\/primeira-classe\/hatches-compactos-1-0-os-preferidos-da-equipe-do-jornal-do-carro\/","name":"Hatches compactos 1.0: os preferidos da equipe do Jornal do Carro - Jornal do Carro - Estad\u00e3o","isPartOf":{"@id":"https:\/\/jornaldocarro.estadao.com.br\/#website"},"primaryImageOfPage":{"@id":"https:\/\/jornaldocarro.estadao.com.br\/primeira-classe\/hatches-compactos-1-0-os-preferidos-da-equipe-do-jornal-do-carro\/#primaryimage"},"image":{"@id":"https:\/\/jornaldocarro.estadao.com.br\/primeira-classe\/hatches-compactos-1-0-os-preferidos-da-equipe-do-jornal-do-carro\/#primaryimage"},"thumbnailUrl":"https:\/\/fotos.jornaldocarro.estadao.com.br\/primeira-classe\/files\/2017\/02\/compara-opiniao-blog.jpg","datePublished":"2017-02-07T22:20:22+00:00","dateModified":"2017-02-07T22:20:22+00:00","breadcrumb":{"@id":"https:\/\/jornaldocarro.estadao.com.br\/primeira-classe\/hatches-compactos-1-0-os-preferidos-da-equipe-do-jornal-do-carro\/#breadcrumb"},"inLanguage":"pt-BR","potentialAction":[{"@type":"ReadAction","target":["https:\/\/jornaldocarro.estadao.com.br\/primeira-classe\/hatches-compactos-1-0-os-preferidos-da-equipe-do-jornal-do-carro\/"]}]},{"@type":"ImageObject","inLanguage":"pt-BR","@id":"https:\/\/jornaldocarro.estadao.com.br\/primeira-classe\/hatches-compactos-1-0-os-preferidos-da-equipe-do-jornal-do-carro\/#primaryimage","url":"https:\/\/fotos.jornaldocarro.estadao.com.br\/primeira-classe\/files\/2017\/02\/compara-opiniao-blog.jpg","contentUrl":"https:\/\/fotos.jornaldocarro.estadao.com.br\/primeira-classe\/files\/2017\/02\/compara-opiniao-blog.jpg"},{"@type":"BreadcrumbList","@id":"https:\/\/jornaldocarro.estadao.com.br\/primeira-classe\/hatches-compactos-1-0-os-preferidos-da-equipe-do-jornal-do-carro\/#breadcrumb","itemListElement":[{"@type":"ListItem","position":1,"name":"In\u00edcio","item":"https:\/\/jornaldocarro.estadao.com.br\/"},{"@type":"ListItem","position":2,"name":"Primeira Classe","item":"https:\/\/jornaldocarro.estadao.com.br\/primeira-classe\/"},{"@type":"ListItem","position":3,"name":"Hatches compactos 1.0: os preferidos da equipe do Jornal do Carro"}]},{"@type":"WebSite","@id":"https:\/\/jornaldocarro.estadao.com.br\/#website","url":"https:\/\/jornaldocarro.estadao.com.br\/","name":"Jornal do Carro - Estad\u00e3o","description":"O portal sobre carros, motos e tudo sobre o tema ve\u00edculos no Estad\u00e3o. Fique por dentro de lan\u00e7amentos e de hist\u00f3rias dos leitores e seus carros.","potentialAction":[{"@type":"SearchAction","target":{"@type":"EntryPoint","urlTemplate":"https:\/\/jornaldocarro.estadao.com.br\/?s={search_term_string}"},"query-input":{"@type":"PropertyValueSpecification","valueRequired":true,"valueName":"search_term_string"}}],"inLanguage":"pt-BR"}]}},"_links":{"self":[{"href":"https:\/\/jornaldocarro.estadao.com.br\/api\/wp\/v2\/blog_primeira_classe\/3478","targetHints":{"allow":["GET"]}}],"collection":[{"href":"https:\/\/jornaldocarro.estadao.com.br\/api\/wp\/v2\/blog_primeira_classe"}],"about":[{"href":"https:\/\/jornaldocarro.estadao.com.br\/api\/wp\/v2\/types\/blog_primeira_classe"}],"version-history":[{"count":0,"href":"https:\/\/jornaldocarro.estadao.com.br\/api\/wp\/v2\/blog_primeira_classe\/3478\/revisions"}],"wp:attachment":[{"href":"https:\/\/jornaldocarro.estadao.com.br\/api\/wp\/v2\/media?parent=3478"}],"curies":[{"name":"wp","href":"https:\/\/api.w.org\/{rel}","templated":true}]}}