{"id":3669,"date":"2017-04-11T21:21:36","date_gmt":"2017-04-11T23:21:36","guid":{"rendered":"http:\/\/blogs.estadao.com.br\/primeira-classe\/?p=3669"},"modified":"2017-04-11T21:21:36","modified_gmt":"2017-04-11T23:21:36","slug":"detalhes-e-historias-sobre-o-carro-mais-caro-do-mundo","status":"publish","type":"blog_primeira_classe","link":"https:\/\/jornaldocarro.estadao.com.br\/primeira-classe\/detalhes-e-historias-sobre-o-carro-mais-caro-do-mundo\/","title":{"rendered":"Detalhes e hist\u00f3rias sobre o carro mais caro do mundo"},"content":{"rendered":"<p><a rel=\"nofollow\" href=\"https:\/\/blogs.estadao.com.br\/primeira-classe\/files\/2017\/04\/veneno-abre.jpg\"><img loading=\"lazy\" decoding=\"async\" class=\"alignnone size-full wp-image-3670\" src=\"https:\/\/fotos.jornaldocarro.estadao.com.br\/primeira-classe\/files\/2017\/04\/veneno-abre.jpg\" alt=\"\" width=\"530\" height=\"279\"><\/a><\/p><p>\u00a0<\/p><p>O <em>Jornal do Carro<\/em> preparou uma lista com sobre os 20 carros mais caros do mundo e o dono da primeira posi\u00e7\u00e3o me deixou bastante surpresa. Eu esperava um desses modelos com s\u00e9rie especial limitada a duas unidades, ou algum carro de marcas que costumam ser mais exclusivas que as demais, como Pagani e Koenigsegg.<\/p>\n  <div style=\"width: 100%;\" id=\"render-hmeio-1\"><\/div>\n    <script type=\"text\/javascript\">\n      if(window.innerWidth > 1){\n        $(\"#render-hmeio-1\").append(`\n          <div class=\"area-publicidade-rectangular hmeio\">\n            <p>Publicidade\n            <div class=\"area-publicidade\">\n              <div id=\"hmeio1\">\n            \n          \n        `);\n\n        \n    window.jornaldocarro = window.jornaldocarro || {};\n    window.jornaldocarro.slotsAds = window.jornaldocarro.slotsAds || [];\n    window.jornaldocarro.slotsAds.push(\"hmeio1\");\n  \n      }\n    <\/script>\n  <br><p><strong>\u00a0(No Instagram: @primeiraclasse_estadao)<\/strong><\/p><p>Mas, que nada! O dono da posi\u00e7\u00e3o \u00e9 um Lamborghini (veja a lista completa <a rel=\"nofollow\" href=\"https:\/\/fotos.estadao.com.br\/galerias\/carros,os-20-carros-mais-caros-do-mundo,31125\"><strong>aqui<\/strong><\/a>). Trata-se do Veneno Roadster, da italiana Lamborghini. O modelo atende um dos requisitos imaginados: foi produzido em edi\u00e7\u00e3o limitad\u00edssima \u2013 e j\u00e1 esgotada. N\u00e3o foram duas, mas nove unidades, que o tornam extremamente limitado.<\/p><p><a rel=\"nofollow\" href=\"https:\/\/blogs.estadao.com.br\/primeira-classe\/files\/2017\/04\/veneno-dianteira.jpg\"><img loading=\"lazy\" decoding=\"async\" class=\"alignnone size-full wp-image-3671\" src=\"https:\/\/fotos.jornaldocarro.estadao.com.br\/primeira-classe\/files\/2017\/04\/veneno-dianteira.jpg\" alt=\"\" width=\"530\" height=\"269\"><\/a><\/p>\n  <div style=\"width: 100%;\" id=\"render-hmeio-2\"><\/div>\n    <script type=\"text\/javascript\">\n      if(window.innerWidth > 1){\n        $(\"#render-hmeio-2\").append(`\n          <div class=\"area-publicidade-rectangular hmeio\">\n            <p>Publicidade\n            <div class=\"area-publicidade\">\n              <div id=\"hmeio2\">\n            \n          \n        `);\n\n        \n    window.jornaldocarro = window.jornaldocarro || {};\n    window.jornaldocarro.slotsAds = window.jornaldocarro.slotsAds || [];\n    window.jornaldocarro.slotsAds.push(\"hmeio2\");\n  \n      }\n    <\/script>\n  <br><p>O pre\u00e7o? US$ 4,5 milh\u00f5es, ou cerca de R$ 14 milh\u00f5es. Com isso, superou n\u00e3o apenas modelos de Pagani e Koenigsegg, mas tamb\u00e9m da Bugatti e de outras marcas exclusivas, como a W Motors \u2013 fabricante do carro \u201cvoador\u201d de \u201cVelozes e Furiosos 7\u201d.<\/p><p>Os carros foram todos vendidos, na verdade, antes mesmo de o primeiro exemplar ser revelado. Bastou a Lamborghini anunciar que iria produzi-lo para os bilion\u00e1rios do mundo fazerem filas para compr\u00e1-lo.<\/p><p>Em 2014, o primeiro exemplar foi entregue, para o diretor de uma empresa de investimentos, que o havia adquirido um ano antes sem nem mesmo saber quais seriam suas especifica\u00e7\u00f5es. O superesportivo, em uma chamativa cor verde, foi entregue em sua casa, em Miami, nos EUA.<\/p>\n  <div style=\"width: 100%;\" id=\"render-hmeio-3\"><\/div>\n    <script type=\"text\/javascript\">\n      if(window.innerWidth > 1){\n        $(\"#render-hmeio-3\").append(`\n          <div class=\"area-publicidade-rectangular hmeio\">\n            <p>Publicidade\n            <div class=\"area-publicidade\">\n              <div id=\"hmeio3\">\n            \n          \n        `);\n\n        \n    window.jornaldocarro = window.jornaldocarro || {};\n    window.jornaldocarro.slotsAds = window.jornaldocarro.slotsAds || [];\n    window.jornaldocarro.slotsAds.push(\"hmeio3\");\n  \n      }\n    <\/script>\n  <br><p><a rel=\"nofollow\" href=\"https:\/\/blogs.estadao.com.br\/primeira-classe\/files\/2017\/04\/veneno-interior.jpg\"><img loading=\"lazy\" decoding=\"async\" class=\"alignnone size-full wp-image-3672\" src=\"https:\/\/fotos.jornaldocarro.estadao.com.br\/primeira-classe\/files\/2017\/04\/veneno-interior.jpg\" alt=\"\" width=\"530\" height=\"361\"><\/a><\/p><p>E, como \u00e9 extremamente exclusivo, atualmente esse carro vale mais que o pago pelo zero-km. No ano passado, um exemplar foi revendido por US$ 5 milh\u00f5es. Um outro foi anunciado para venda por US$ 5,5 milh\u00f5es.<\/p><p>Mas, enfim, \u201cquem\u201d \u00e9 o Lamborghini Veneno Roadster? Com motor V12 na posi\u00e7\u00e3o central longitudinal, ele tem uma rela\u00e7\u00e3o peso\/pot\u00eancia t\u00e3o baixa, mas t\u00e3o baixa, que chega a ser rid\u00edculo: 1,99 kg\/cv.<\/p>\n  <div style=\"width: 100%;\" id=\"render-hmeio-4\"><\/div>\n    <script type=\"text\/javascript\">\n      if(window.innerWidth > 1){\n        $(\"#render-hmeio-4\").append(`\n          <div class=\"area-publicidade-rectangular hmeio\">\n            <p>Publicidade\n            <div class=\"area-publicidade\">\n              <div id=\"hmeio4\">\n            \n          \n        `);\n\n        \n    window.jornaldocarro = window.jornaldocarro || {};\n    window.jornaldocarro.slotsAds = window.jornaldocarro.slotsAds || [];\n    window.jornaldocarro.slotsAds.push(\"hmeio4\");\n  \n      }\n    <\/script>\n  <br><p>Com 6,5 litros, esse propulsor naturalmente aspirado gera 750 cv de pot\u00eancia e torque de 70,4 mkgf a 5.500 rpm. O c\u00e2mbio \u00e9 automatizado de sete marchas e duas embreagens e a tra\u00e7\u00e3o, integral.<\/p><p>O Veneno Roadster faz parte da \u201cnata\u201d dos superesportivos: aqueles que aceleram de 0 a 100 km\/h em 2,9 segundos. De acordo com a Lamborghini, a velocidade m\u00e1xima desse \u201csem teto\u201d \u00e9 de 355 km\/h.<\/p><p><a rel=\"nofollow\" href=\"https:\/\/blogs.estadao.com.br\/primeira-classe\/files\/2017\/04\/veneno-traseira.jpg\"><img loading=\"lazy\" decoding=\"async\" class=\"alignnone size-full wp-image-3673\" src=\"https:\/\/fotos.jornaldocarro.estadao.com.br\/primeira-classe\/files\/2017\/04\/veneno-traseira.jpg\" alt=\"\" width=\"530\" height=\"328\"><\/a><\/p>\n  <div style=\"width: 100%;\" id=\"render-hmeio-5\"><\/div>\n    <script type=\"text\/javascript\">\n      if(window.innerWidth > 1){\n        $(\"#render-hmeio-5\").append(`\n          <div class=\"area-publicidade-rectangular hmeio\">\n            <p>Publicidade\n            <div class=\"area-publicidade\">\n              <div id=\"hmeio5\">\n            \n          \n        `);\n\n        \n    window.jornaldocarro = window.jornaldocarro || {};\n    window.jornaldocarro.slotsAds = window.jornaldocarro.slotsAds || [];\n    window.jornaldocarro.slotsAds.push(\"hmeio5\");\n  \n      }\n    <\/script>\n  <br><p>Feito para celebrar os 50 anos da Lamborghini, o Veneno Roadster tem rodas com desenho exclusivo e muito chamativo, de 20 polegadas na dianteira e 21\u2033 na traseira.<\/p><p>Seu nome, como ocorre com os demais Lamborghini, \u00e9 homenagem a um touro que ficou famoso em 1914, na Espanha, ao vencer, na arena, um dos toureiros mais famosos da \u00e9poca.<\/p>","protected":false},"excerpt":{"rendered":"<p>Ele teve todas as unidades vendidas antes mesmo de a fabricante divulgar suas especifica\u00e7\u00f5es e, hoje, custa mais do que quando era zero-km <\/p>\n","protected":false},"featured_media":0,"template":"","class_list":["post-3669","blog_primeira_classe","type-blog_primeira_classe","status-publish","hentry","tags_primeira_classe-carros","tags_primeira_classe-conversivel","tags_primeira_classe-estilo-de-vida","tags_primeira_classe-estilo-de-vida-2","tags_primeira_classe-lamborghini","tags_primeira_classe-roadster","tags_primeira_classe-veneno"],"yoast_head":"<!-- This site is optimized with the Yoast SEO plugin v23.5 - https:\/\/yoast.com\/wordpress\/plugins\/seo\/ -->\n<title>Detalhes e hist\u00f3rias sobre o carro mais caro do mundo - Jornal do Carro - Estad\u00e3o<\/title>\n<meta name=\"robots\" content=\"noindex, follow\" \/>\n<meta name=\"twitter:card\" content=\"summary_large_image\" \/>\n<meta name=\"twitter:title\" content=\"Detalhes e hist\u00f3rias sobre o carro mais caro do mundo - Jornal do Carro - Estad\u00e3o\" \/>\n<meta name=\"twitter:description\" content=\"Ele teve todas as unidades vendidas antes mesmo de a fabricante divulgar suas especifica\u00e7\u00f5es e, hoje, custa mais do que quando era zero-km\" \/>\n<meta name=\"twitter:image\" content=\"https:\/\/fotos.jornaldocarro.estadao.com.br\/primeira-classe\/files\/2017\/04\/veneno-abre.jpg\" \/>\n<meta name=\"twitter:label1\" content=\"Est. tempo de leitura\" \/>\n\t<meta name=\"twitter:data1\" content=\"2 minutos\" \/>\n<script type=\"application\/ld+json\" class=\"yoast-schema-graph\">{\"@context\":\"https:\/\/schema.org\",\"@graph\":[{\"@type\":\"WebPage\",\"@id\":\"https:\/\/jornaldocarro.estadao.com.br\/primeira-classe\/detalhes-e-historias-sobre-o-carro-mais-caro-do-mundo\/\",\"url\":\"https:\/\/jornaldocarro.estadao.com.br\/primeira-classe\/detalhes-e-historias-sobre-o-carro-mais-caro-do-mundo\/\",\"name\":\"Detalhes e hist\u00f3rias sobre o carro mais caro do mundo - Jornal do Carro - Estad\u00e3o\",\"isPartOf\":{\"@id\":\"https:\/\/jornaldocarro.estadao.com.br\/#website\"},\"primaryImageOfPage\":{\"@id\":\"https:\/\/jornaldocarro.estadao.com.br\/primeira-classe\/detalhes-e-historias-sobre-o-carro-mais-caro-do-mundo\/#primaryimage\"},\"image\":{\"@id\":\"https:\/\/jornaldocarro.estadao.com.br\/primeira-classe\/detalhes-e-historias-sobre-o-carro-mais-caro-do-mundo\/#primaryimage\"},\"thumbnailUrl\":\"https:\/\/fotos.jornaldocarro.estadao.com.br\/primeira-classe\/files\/2017\/04\/veneno-abre.jpg\",\"datePublished\":\"2017-04-11T23:21:36+00:00\",\"dateModified\":\"2017-04-11T23:21:36+00:00\",\"breadcrumb\":{\"@id\":\"https:\/\/jornaldocarro.estadao.com.br\/primeira-classe\/detalhes-e-historias-sobre-o-carro-mais-caro-do-mundo\/#breadcrumb\"},\"inLanguage\":\"pt-BR\",\"potentialAction\":[{\"@type\":\"ReadAction\",\"target\":[\"https:\/\/jornaldocarro.estadao.com.br\/primeira-classe\/detalhes-e-historias-sobre-o-carro-mais-caro-do-mundo\/\"]}]},{\"@type\":\"ImageObject\",\"inLanguage\":\"pt-BR\",\"@id\":\"https:\/\/jornaldocarro.estadao.com.br\/primeira-classe\/detalhes-e-historias-sobre-o-carro-mais-caro-do-mundo\/#primaryimage\",\"url\":\"https:\/\/fotos.jornaldocarro.estadao.com.br\/primeira-classe\/files\/2017\/04\/veneno-abre.jpg\",\"contentUrl\":\"https:\/\/fotos.jornaldocarro.estadao.com.br\/primeira-classe\/files\/2017\/04\/veneno-abre.jpg\"},{\"@type\":\"BreadcrumbList\",\"@id\":\"https:\/\/jornaldocarro.estadao.com.br\/primeira-classe\/detalhes-e-historias-sobre-o-carro-mais-caro-do-mundo\/#breadcrumb\",\"itemListElement\":[{\"@type\":\"ListItem\",\"position\":1,\"name\":\"In\u00edcio\",\"item\":\"https:\/\/jornaldocarro.estadao.com.br\/\"},{\"@type\":\"ListItem\",\"position\":2,\"name\":\"Primeira Classe\",\"item\":\"https:\/\/jornaldocarro.estadao.com.br\/primeira-classe\/\"},{\"@type\":\"ListItem\",\"position\":3,\"name\":\"Detalhes e hist\u00f3rias sobre o carro mais caro do mundo\"}]},{\"@type\":\"WebSite\",\"@id\":\"https:\/\/jornaldocarro.estadao.com.br\/#website\",\"url\":\"https:\/\/jornaldocarro.estadao.com.br\/\",\"name\":\"Jornal do Carro - Estad\u00e3o\",\"description\":\"O portal sobre carros, motos e tudo sobre o tema ve\u00edculos no Estad\u00e3o. Fique por dentro de lan\u00e7amentos e de hist\u00f3rias dos leitores e seus carros.\",\"potentialAction\":[{\"@type\":\"SearchAction\",\"target\":{\"@type\":\"EntryPoint\",\"urlTemplate\":\"https:\/\/jornaldocarro.estadao.com.br\/?s={search_term_string}\"},\"query-input\":{\"@type\":\"PropertyValueSpecification\",\"valueRequired\":true,\"valueName\":\"search_term_string\"}}],\"inLanguage\":\"pt-BR\"}]}<\/script>\n<!-- \/ Yoast SEO plugin. -->","yoast_head_json":{"title":"Detalhes e hist\u00f3rias sobre o carro mais caro do mundo - Jornal do Carro - Estad\u00e3o","robots":{"index":"noindex","follow":"follow"},"twitter_card":"summary_large_image","twitter_title":"Detalhes e hist\u00f3rias sobre o carro mais caro do mundo - Jornal do Carro - Estad\u00e3o","twitter_description":"Ele teve todas as unidades vendidas antes mesmo de a fabricante divulgar suas especifica\u00e7\u00f5es e, hoje, custa mais do que quando era zero-km","twitter_image":"https:\/\/fotos.jornaldocarro.estadao.com.br\/primeira-classe\/files\/2017\/04\/veneno-abre.jpg","twitter_misc":{"Est. tempo de leitura":"2 minutos"},"schema":{"@context":"https:\/\/schema.org","@graph":[{"@type":"WebPage","@id":"https:\/\/jornaldocarro.estadao.com.br\/primeira-classe\/detalhes-e-historias-sobre-o-carro-mais-caro-do-mundo\/","url":"https:\/\/jornaldocarro.estadao.com.br\/primeira-classe\/detalhes-e-historias-sobre-o-carro-mais-caro-do-mundo\/","name":"Detalhes e hist\u00f3rias sobre o carro mais caro do mundo - Jornal do Carro - Estad\u00e3o","isPartOf":{"@id":"https:\/\/jornaldocarro.estadao.com.br\/#website"},"primaryImageOfPage":{"@id":"https:\/\/jornaldocarro.estadao.com.br\/primeira-classe\/detalhes-e-historias-sobre-o-carro-mais-caro-do-mundo\/#primaryimage"},"image":{"@id":"https:\/\/jornaldocarro.estadao.com.br\/primeira-classe\/detalhes-e-historias-sobre-o-carro-mais-caro-do-mundo\/#primaryimage"},"thumbnailUrl":"https:\/\/fotos.jornaldocarro.estadao.com.br\/primeira-classe\/files\/2017\/04\/veneno-abre.jpg","datePublished":"2017-04-11T23:21:36+00:00","dateModified":"2017-04-11T23:21:36+00:00","breadcrumb":{"@id":"https:\/\/jornaldocarro.estadao.com.br\/primeira-classe\/detalhes-e-historias-sobre-o-carro-mais-caro-do-mundo\/#breadcrumb"},"inLanguage":"pt-BR","potentialAction":[{"@type":"ReadAction","target":["https:\/\/jornaldocarro.estadao.com.br\/primeira-classe\/detalhes-e-historias-sobre-o-carro-mais-caro-do-mundo\/"]}]},{"@type":"ImageObject","inLanguage":"pt-BR","@id":"https:\/\/jornaldocarro.estadao.com.br\/primeira-classe\/detalhes-e-historias-sobre-o-carro-mais-caro-do-mundo\/#primaryimage","url":"https:\/\/fotos.jornaldocarro.estadao.com.br\/primeira-classe\/files\/2017\/04\/veneno-abre.jpg","contentUrl":"https:\/\/fotos.jornaldocarro.estadao.com.br\/primeira-classe\/files\/2017\/04\/veneno-abre.jpg"},{"@type":"BreadcrumbList","@id":"https:\/\/jornaldocarro.estadao.com.br\/primeira-classe\/detalhes-e-historias-sobre-o-carro-mais-caro-do-mundo\/#breadcrumb","itemListElement":[{"@type":"ListItem","position":1,"name":"In\u00edcio","item":"https:\/\/jornaldocarro.estadao.com.br\/"},{"@type":"ListItem","position":2,"name":"Primeira Classe","item":"https:\/\/jornaldocarro.estadao.com.br\/primeira-classe\/"},{"@type":"ListItem","position":3,"name":"Detalhes e hist\u00f3rias sobre o carro mais caro do mundo"}]},{"@type":"WebSite","@id":"https:\/\/jornaldocarro.estadao.com.br\/#website","url":"https:\/\/jornaldocarro.estadao.com.br\/","name":"Jornal do Carro - Estad\u00e3o","description":"O portal sobre carros, motos e tudo sobre o tema ve\u00edculos no Estad\u00e3o. Fique por dentro de lan\u00e7amentos e de hist\u00f3rias dos leitores e seus carros.","potentialAction":[{"@type":"SearchAction","target":{"@type":"EntryPoint","urlTemplate":"https:\/\/jornaldocarro.estadao.com.br\/?s={search_term_string}"},"query-input":{"@type":"PropertyValueSpecification","valueRequired":true,"valueName":"search_term_string"}}],"inLanguage":"pt-BR"}]}},"_links":{"self":[{"href":"https:\/\/jornaldocarro.estadao.com.br\/api\/wp\/v2\/blog_primeira_classe\/3669","targetHints":{"allow":["GET"]}}],"collection":[{"href":"https:\/\/jornaldocarro.estadao.com.br\/api\/wp\/v2\/blog_primeira_classe"}],"about":[{"href":"https:\/\/jornaldocarro.estadao.com.br\/api\/wp\/v2\/types\/blog_primeira_classe"}],"version-history":[{"count":0,"href":"https:\/\/jornaldocarro.estadao.com.br\/api\/wp\/v2\/blog_primeira_classe\/3669\/revisions"}],"wp:attachment":[{"href":"https:\/\/jornaldocarro.estadao.com.br\/api\/wp\/v2\/media?parent=3669"}],"curies":[{"name":"wp","href":"https:\/\/api.w.org\/{rel}","templated":true}]}}