{"id":3680,"date":"2017-04-12T17:05:01","date_gmt":"2017-04-12T20:05:01","guid":{"rendered":"http:\/\/blogs.estadao.com.br\/primeira-classe\/?p=3680"},"modified":"2017-04-20T14:47:06","modified_gmt":"2017-04-20T17:47:06","slug":"flgra-um-canion-e-uma-kombi-no-estilo-pequena-miss-sunshine","status":"publish","type":"blog_primeira_classe","link":"https:\/\/jornaldocarro.estadao.com.br\/primeira-classe\/flgra-um-canion-e-uma-kombi-no-estilo-pequena-miss-sunshine\/","title":{"rendered":"Um c\u00e2nion e uma Kombi no estilo &#8216;Pequena Miss Sunshine&#8217;"},"content":{"rendered":"<p><a rel=\"nofollow\" href=\"https:\/\/blogs.estadao.com.br\/primeira-classe\/files\/2017\/04\/kombi-1.jpg\"><img loading=\"lazy\" decoding=\"async\" class=\"alignnone size-full wp-image-3681\" src=\"https:\/\/fotos.jornaldocarro.estadao.com.br\/primeira-classe\/files\/2017\/04\/kombi-1.jpg\" alt=\"\" width=\"530\" height=\"304\"><\/a><\/p><p>\u00a0<\/p><p>Recebi estas fotos e as achei t\u00e3o lindas que fiquei com vontade de mostrar a voc\u00eas. O flagra foi nas estradas do Marble Canyon, ou c\u00e2nion Marble, que fica no Estado do Arizona, nos Estados Unidos.<\/p>\n  <div style=\"width: 100%;\" id=\"render-hmeio-1\"><\/div>\n    <script type=\"text\/javascript\">\n      if(window.innerWidth > 1){\n        $(\"#render-hmeio-1\").append(`\n          <div class=\"area-publicidade-rectangular hmeio\">\n            <p>Publicidade\n            <div class=\"area-publicidade\">\n              <div id=\"hmeio1\">\n            \n          \n        `);\n\n        \n    window.jornaldocarro = window.jornaldocarro || {};\n    window.jornaldocarro.slotsAds = window.jornaldocarro.slotsAds || [];\n    window.jornaldocarro.slotsAds.push(\"hmeio1\");\n  \n      }\n    <\/script>\n  <br><p><strong>(No Instagram: @primeiraclasse_estadao)<\/strong><\/p><p>Quem enviou as fotos foi minha colaboradora Leila Knob, que est\u00e1 fazendo uma viagem bem legal pelos Estados Unidos. Ela saiu da Calif\u00f3rnia, foi a Las Vegas e, de l\u00e1, a Utah, passando pelo Bryce Canyon.<\/p><p><a rel=\"nofollow\" href=\"https:\/\/blogs.estadao.com.br\/primeira-classe\/files\/2017\/04\/kombi-2.jpg\"><img loading=\"lazy\" decoding=\"async\" class=\"alignnone size-full wp-image-3682\" src=\"https:\/\/fotos.jornaldocarro.estadao.com.br\/primeira-classe\/files\/2017\/04\/kombi-2.jpg\" alt=\"\" width=\"530\" height=\"311\"><\/a><\/p>\n  <div style=\"width: 100%;\" id=\"render-hmeio-2\"><\/div>\n    <script type=\"text\/javascript\">\n      if(window.innerWidth > 1){\n        $(\"#render-hmeio-2\").append(`\n          <div class=\"area-publicidade-rectangular hmeio\">\n            <p>Publicidade\n            <div class=\"area-publicidade\">\n              <div id=\"hmeio2\">\n            \n          \n        `);\n\n        \n    window.jornaldocarro = window.jornaldocarro || {};\n    window.jornaldocarro.slotsAds = window.jornaldocarro.slotsAds || [];\n    window.jornaldocarro.slotsAds.push(\"hmeio2\");\n  \n      }\n    <\/script>\n  <br><p>Ontem, estava no Arizona, quando me enviou essas imagens de uma Kombi fof\u00edssima, no mesmo estilo do modelo imortalizado no cinema em \u201cPequena Miss Sunshine\u201d. O modelo fotografado pela Leila, por\u00e9m, \u00e9 predominantemente laranja. Mas, pela pintura e pela paisagem, n\u00e3o d\u00e1 para n\u00e3o lembrar do longa.<\/p><p><a rel=\"nofollow\" href=\"https:\/\/blogs.estadao.com.br\/primeira-classe\/files\/2017\/04\/kombi-3.jpg\"><img loading=\"lazy\" decoding=\"async\" class=\"alignnone size-full wp-image-3683\" src=\"https:\/\/fotos.jornaldocarro.estadao.com.br\/primeira-classe\/files\/2017\/04\/kombi-3.jpg\" alt=\"\" width=\"530\" height=\"280\"><\/a><\/p><p>A Kombi est\u00e1 com cortinas nas laterais e na frente, o que pode indicar que est\u00e1 sendo usada em uma \u201croad trip\u201d, como a do filme \u2013 por uma fam\u00edlia, por um grupo de amigos, ou, talvez, um viajante solit\u00e1rio. Quem sabe?<\/p>\n  <div style=\"width: 100%;\" id=\"render-hmeio-3\"><\/div>\n    <script type=\"text\/javascript\">\n      if(window.innerWidth > 1){\n        $(\"#render-hmeio-3\").append(`\n          <div class=\"area-publicidade-rectangular hmeio\">\n            <p>Publicidade\n            <div class=\"area-publicidade\">\n              <div id=\"hmeio3\">\n            \n          \n        `);\n\n        \n    window.jornaldocarro = window.jornaldocarro || {};\n    window.jornaldocarro.slotsAds = window.jornaldocarro.slotsAds || [];\n    window.jornaldocarro.slotsAds.push(\"hmeio3\");\n  \n      }\n    <\/script>\n  <br><p>Ent\u00e3o, fiquem com as fotos desta Kombi lindinha e da bela paisagem do Marble Canyon. N\u00e3o d\u00e1 vontade de sair correndo (ou voando) para l\u00e1, alugar um carro legal e desbravar essa estrada?<\/p><p><a rel=\"nofollow\" href=\"https:\/\/blogs.estadao.com.br\/primeira-classe\/files\/2017\/04\/kombi-4.jpg\"><img loading=\"lazy\" decoding=\"async\" class=\"alignnone size-full wp-image-3684\" src=\"https:\/\/fotos.jornaldocarro.estadao.com.br\/primeira-classe\/files\/2017\/04\/kombi-4.jpg\" alt=\"\" width=\"530\" height=\"304\"><\/a><\/p><p>\u00a0<\/p>\n  <div style=\"width: 100%;\" id=\"render-hmeio-4\"><\/div>\n    <script type=\"text\/javascript\">\n      if(window.innerWidth > 1){\n        $(\"#render-hmeio-4\").append(`\n          <div class=\"area-publicidade-rectangular hmeio\">\n            <p>Publicidade\n            <div class=\"area-publicidade\">\n              <div id=\"hmeio4\">\n            \n          \n        `);\n\n        \n    window.jornaldocarro = window.jornaldocarro || {};\n    window.jornaldocarro.slotsAds = window.jornaldocarro.slotsAds || [];\n    window.jornaldocarro.slotsAds.push(\"hmeio4\");\n  \n      }\n    <\/script>\n  <br><p>\u00a0<\/p>","protected":false},"excerpt":{"rendered":"<p>Veja imagens desse flagra em uma rodovia do Arizona, nos Estados Unidos<\/p>\n","protected":false},"featured_media":0,"template":"","class_list":["post-3680","blog_primeira_classe","type-blog_primeira_classe","status-publish","hentry","tags_primeira_classe-arizona","tags_primeira_classe-carros","tags_primeira_classe-desbravando-estradas","tags_primeira_classe-estilo-de-vida","tags_primeira_classe-kombi","tags_primeira_classe-marble-canyon","tags_primeira_classe-viagem"],"yoast_head":"<!-- This site is optimized with the Yoast SEO plugin v23.5 - https:\/\/yoast.com\/wordpress\/plugins\/seo\/ -->\n<title>Um c\u00e2nion e uma Kombi no estilo &#039;Pequena Miss Sunshine&#039; - Jornal do Carro - Estad\u00e3o<\/title>\n<meta name=\"robots\" content=\"noindex, follow\" \/>\n<meta name=\"twitter:card\" content=\"summary_large_image\" \/>\n<meta name=\"twitter:title\" content=\"Um c\u00e2nion e uma Kombi no estilo &#039;Pequena Miss Sunshine&#039; - Jornal do Carro - Estad\u00e3o\" \/>\n<meta name=\"twitter:description\" content=\"Veja imagens desse flagra em uma rodovia do Arizona, nos Estados Unidos\" \/>\n<meta name=\"twitter:image\" content=\"https:\/\/fotos.jornaldocarro.estadao.com.br\/primeira-classe\/files\/2017\/04\/kombi-1.jpg\" \/>\n<meta name=\"twitter:label1\" content=\"Est. tempo de leitura\" \/>\n\t<meta name=\"twitter:data1\" content=\"1 minuto\" \/>\n<script type=\"application\/ld+json\" class=\"yoast-schema-graph\">{\"@context\":\"https:\/\/schema.org\",\"@graph\":[{\"@type\":\"WebPage\",\"@id\":\"https:\/\/jornaldocarro.estadao.com.br\/primeira-classe\/flgra-um-canion-e-uma-kombi-no-estilo-pequena-miss-sunshine\/\",\"url\":\"https:\/\/jornaldocarro.estadao.com.br\/primeira-classe\/flgra-um-canion-e-uma-kombi-no-estilo-pequena-miss-sunshine\/\",\"name\":\"Um c\u00e2nion e uma Kombi no estilo 'Pequena Miss Sunshine' - Jornal do Carro - Estad\u00e3o\",\"isPartOf\":{\"@id\":\"https:\/\/jornaldocarro.estadao.com.br\/#website\"},\"primaryImageOfPage\":{\"@id\":\"https:\/\/jornaldocarro.estadao.com.br\/primeira-classe\/flgra-um-canion-e-uma-kombi-no-estilo-pequena-miss-sunshine\/#primaryimage\"},\"image\":{\"@id\":\"https:\/\/jornaldocarro.estadao.com.br\/primeira-classe\/flgra-um-canion-e-uma-kombi-no-estilo-pequena-miss-sunshine\/#primaryimage\"},\"thumbnailUrl\":\"https:\/\/fotos.jornaldocarro.estadao.com.br\/primeira-classe\/files\/2017\/04\/kombi-1.jpg\",\"datePublished\":\"2017-04-12T20:05:01+00:00\",\"dateModified\":\"2017-04-20T17:47:06+00:00\",\"breadcrumb\":{\"@id\":\"https:\/\/jornaldocarro.estadao.com.br\/primeira-classe\/flgra-um-canion-e-uma-kombi-no-estilo-pequena-miss-sunshine\/#breadcrumb\"},\"inLanguage\":\"pt-BR\",\"potentialAction\":[{\"@type\":\"ReadAction\",\"target\":[\"https:\/\/jornaldocarro.estadao.com.br\/primeira-classe\/flgra-um-canion-e-uma-kombi-no-estilo-pequena-miss-sunshine\/\"]}]},{\"@type\":\"ImageObject\",\"inLanguage\":\"pt-BR\",\"@id\":\"https:\/\/jornaldocarro.estadao.com.br\/primeira-classe\/flgra-um-canion-e-uma-kombi-no-estilo-pequena-miss-sunshine\/#primaryimage\",\"url\":\"https:\/\/fotos.jornaldocarro.estadao.com.br\/primeira-classe\/files\/2017\/04\/kombi-1.jpg\",\"contentUrl\":\"https:\/\/fotos.jornaldocarro.estadao.com.br\/primeira-classe\/files\/2017\/04\/kombi-1.jpg\"},{\"@type\":\"BreadcrumbList\",\"@id\":\"https:\/\/jornaldocarro.estadao.com.br\/primeira-classe\/flgra-um-canion-e-uma-kombi-no-estilo-pequena-miss-sunshine\/#breadcrumb\",\"itemListElement\":[{\"@type\":\"ListItem\",\"position\":1,\"name\":\"In\u00edcio\",\"item\":\"https:\/\/jornaldocarro.estadao.com.br\/\"},{\"@type\":\"ListItem\",\"position\":2,\"name\":\"Primeira Classe\",\"item\":\"https:\/\/jornaldocarro.estadao.com.br\/primeira-classe\/\"},{\"@type\":\"ListItem\",\"position\":3,\"name\":\"Um c\u00e2nion e uma Kombi no estilo 'Pequena Miss Sunshine'\"}]},{\"@type\":\"WebSite\",\"@id\":\"https:\/\/jornaldocarro.estadao.com.br\/#website\",\"url\":\"https:\/\/jornaldocarro.estadao.com.br\/\",\"name\":\"Jornal do Carro - Estad\u00e3o\",\"description\":\"O portal sobre carros, motos e tudo sobre o tema ve\u00edculos no Estad\u00e3o. Fique por dentro de lan\u00e7amentos e de hist\u00f3rias dos leitores e seus carros.\",\"potentialAction\":[{\"@type\":\"SearchAction\",\"target\":{\"@type\":\"EntryPoint\",\"urlTemplate\":\"https:\/\/jornaldocarro.estadao.com.br\/?s={search_term_string}\"},\"query-input\":{\"@type\":\"PropertyValueSpecification\",\"valueRequired\":true,\"valueName\":\"search_term_string\"}}],\"inLanguage\":\"pt-BR\"}]}<\/script>\n<!-- \/ Yoast SEO plugin. -->","yoast_head_json":{"title":"Um c\u00e2nion e uma Kombi no estilo 'Pequena Miss Sunshine' - Jornal do Carro - Estad\u00e3o","robots":{"index":"noindex","follow":"follow"},"twitter_card":"summary_large_image","twitter_title":"Um c\u00e2nion e uma Kombi no estilo 'Pequena Miss Sunshine' - Jornal do Carro - Estad\u00e3o","twitter_description":"Veja imagens desse flagra em uma rodovia do Arizona, nos Estados Unidos","twitter_image":"https:\/\/fotos.jornaldocarro.estadao.com.br\/primeira-classe\/files\/2017\/04\/kombi-1.jpg","twitter_misc":{"Est. tempo de leitura":"1 minuto"},"schema":{"@context":"https:\/\/schema.org","@graph":[{"@type":"WebPage","@id":"https:\/\/jornaldocarro.estadao.com.br\/primeira-classe\/flgra-um-canion-e-uma-kombi-no-estilo-pequena-miss-sunshine\/","url":"https:\/\/jornaldocarro.estadao.com.br\/primeira-classe\/flgra-um-canion-e-uma-kombi-no-estilo-pequena-miss-sunshine\/","name":"Um c\u00e2nion e uma Kombi no estilo 'Pequena Miss Sunshine' - Jornal do Carro - Estad\u00e3o","isPartOf":{"@id":"https:\/\/jornaldocarro.estadao.com.br\/#website"},"primaryImageOfPage":{"@id":"https:\/\/jornaldocarro.estadao.com.br\/primeira-classe\/flgra-um-canion-e-uma-kombi-no-estilo-pequena-miss-sunshine\/#primaryimage"},"image":{"@id":"https:\/\/jornaldocarro.estadao.com.br\/primeira-classe\/flgra-um-canion-e-uma-kombi-no-estilo-pequena-miss-sunshine\/#primaryimage"},"thumbnailUrl":"https:\/\/fotos.jornaldocarro.estadao.com.br\/primeira-classe\/files\/2017\/04\/kombi-1.jpg","datePublished":"2017-04-12T20:05:01+00:00","dateModified":"2017-04-20T17:47:06+00:00","breadcrumb":{"@id":"https:\/\/jornaldocarro.estadao.com.br\/primeira-classe\/flgra-um-canion-e-uma-kombi-no-estilo-pequena-miss-sunshine\/#breadcrumb"},"inLanguage":"pt-BR","potentialAction":[{"@type":"ReadAction","target":["https:\/\/jornaldocarro.estadao.com.br\/primeira-classe\/flgra-um-canion-e-uma-kombi-no-estilo-pequena-miss-sunshine\/"]}]},{"@type":"ImageObject","inLanguage":"pt-BR","@id":"https:\/\/jornaldocarro.estadao.com.br\/primeira-classe\/flgra-um-canion-e-uma-kombi-no-estilo-pequena-miss-sunshine\/#primaryimage","url":"https:\/\/fotos.jornaldocarro.estadao.com.br\/primeira-classe\/files\/2017\/04\/kombi-1.jpg","contentUrl":"https:\/\/fotos.jornaldocarro.estadao.com.br\/primeira-classe\/files\/2017\/04\/kombi-1.jpg"},{"@type":"BreadcrumbList","@id":"https:\/\/jornaldocarro.estadao.com.br\/primeira-classe\/flgra-um-canion-e-uma-kombi-no-estilo-pequena-miss-sunshine\/#breadcrumb","itemListElement":[{"@type":"ListItem","position":1,"name":"In\u00edcio","item":"https:\/\/jornaldocarro.estadao.com.br\/"},{"@type":"ListItem","position":2,"name":"Primeira Classe","item":"https:\/\/jornaldocarro.estadao.com.br\/primeira-classe\/"},{"@type":"ListItem","position":3,"name":"Um c\u00e2nion e uma Kombi no estilo 'Pequena Miss Sunshine'"}]},{"@type":"WebSite","@id":"https:\/\/jornaldocarro.estadao.com.br\/#website","url":"https:\/\/jornaldocarro.estadao.com.br\/","name":"Jornal do Carro - Estad\u00e3o","description":"O portal sobre carros, motos e tudo sobre o tema ve\u00edculos no Estad\u00e3o. Fique por dentro de lan\u00e7amentos e de hist\u00f3rias dos leitores e seus carros.","potentialAction":[{"@type":"SearchAction","target":{"@type":"EntryPoint","urlTemplate":"https:\/\/jornaldocarro.estadao.com.br\/?s={search_term_string}"},"query-input":{"@type":"PropertyValueSpecification","valueRequired":true,"valueName":"search_term_string"}}],"inLanguage":"pt-BR"}]}},"_links":{"self":[{"href":"https:\/\/jornaldocarro.estadao.com.br\/api\/wp\/v2\/blog_primeira_classe\/3680","targetHints":{"allow":["GET"]}}],"collection":[{"href":"https:\/\/jornaldocarro.estadao.com.br\/api\/wp\/v2\/blog_primeira_classe"}],"about":[{"href":"https:\/\/jornaldocarro.estadao.com.br\/api\/wp\/v2\/types\/blog_primeira_classe"}],"version-history":[{"count":1,"href":"https:\/\/jornaldocarro.estadao.com.br\/api\/wp\/v2\/blog_primeira_classe\/3680\/revisions"}],"predecessor-version":[{"id":49418,"href":"https:\/\/jornaldocarro.estadao.com.br\/api\/wp\/v2\/blog_primeira_classe\/3680\/revisions\/49418"}],"wp:attachment":[{"href":"https:\/\/jornaldocarro.estadao.com.br\/api\/wp\/v2\/media?parent=3680"}],"curies":[{"name":"wp","href":"https:\/\/api.w.org\/{rel}","templated":true}]}}