{"id":445,"date":"2014-06-17T13:18:48","date_gmt":"2014-06-17T16:18:48","guid":{"rendered":"http:\/\/blogs.estadao.com.br\/primeira-classe-jc\/?p=445"},"modified":"2014-06-17T13:18:48","modified_gmt":"2014-06-17T16:18:48","slug":"bares-e-cafes-de-montadoras-no-brasil-e-no-mundo","status":"publish","type":"blog_primeira_classe","link":"https:\/\/jornaldocarro.estadao.com.br\/primeira-classe\/bares-e-cafes-de-montadoras-no-brasil-e-no-mundo\/","title":{"rendered":"Bares e caf\u00e9s de montadoras no Brasil e no mundo"},"content":{"rendered":"<p><figure id=\"attachment_446\" aria-describedby=\"caption-attachment-446\" style=\"width: 600px\" class=\"wp-caption alignnone\"><a rel=\"nofollow\" href=\"https:\/\/blogs.estadao.com.br\/primeira-classe-jc\/files\/2014\/06\/vw-haus.jpg\"><img loading=\"lazy\" decoding=\"async\" class=\"size-full wp-image-446\" src=\"https:\/\/blogs.estadao.com.br\/primeira-classe-jc\/files\/2014\/06\/vw-haus.jpg\" alt=\"\" width=\"600\" height=\"400\"><\/a><figcaption id=\"caption-attachment-446\" class=\"wp-caption-text\">Volkswagen Haus, na Cidade Jardim, em S\u00e3o Paulo<\/figcaption><\/figure>\n<\/p><p>Na primeira vez que estive em Buenos Aires, em 2004, me surpreendeu a quantidade de caf\u00e9s com a \u201cassinatura\u201d das montadoras de ve\u00edculos. Vi pelo menos tr\u00eas espa\u00e7os assim: Renault, Citro\u00ebn, Ferrari \u2013 havia mais, mas n\u00e3o me lembro de quais marcas. N\u00e3o era uma coisa comum no Brasil.<\/p><p>Por\u00e9m, agora as montadoras est\u00e3o investindo mais neste tipo de espa\u00e7o por aqui. E eles j\u00e1 s\u00e3o comuns no mundo, principalmente na Europa. Re\u00fanem gastronomia a exposi\u00e7\u00e3o de carros, venda de objetos ligados a montadoras e, em alguns casos, concession\u00e1rias.<\/p>\n  <div style=\"width: 100%;\" id=\"render-hmeio-1\"><\/div>\n    <script type=\"text\/javascript\">\n      if(window.innerWidth > 1){\n        $(\"#render-hmeio-1\").append(`\n          <div class=\"area-publicidade-rectangular hmeio\">\n            <p>Publicidade\n            <div class=\"area-publicidade\">\n              <div id=\"hmeio1\">\n            \n          \n        `);\n\n        \n    window.jornaldocarro = window.jornaldocarro || {};\n    window.jornaldocarro.slotsAds = window.jornaldocarro.slotsAds || [];\n    window.jornaldocarro.slotsAds.push(\"hmeio1\");\n  \n      }\n    <\/script>\n  <br><p>Al\u00e9m disso, s\u00e3o frequentemente usados pelas montadoras para a realiza\u00e7\u00e3o de eventos de relacionamento, que incluem festas, shows, cursos e apresenta\u00e7\u00e3o de carros. \u00c9 o caso do Volkswagen Haus, na Avenida Cidade Jardim, um dos caf\u00e9s de \u00a0montadora mais duradouros da cidade.<\/p>\n<figure id=\"attachment_447\" aria-describedby=\"caption-attachment-447\" style=\"width: 600px\" class=\"wp-caption alignnone\"><a rel=\"nofollow\" href=\"https:\/\/blogs.estadao.com.br\/primeira-classe-jc\/files\/2014\/06\/audi-lounge.jpg\"><img loading=\"lazy\" decoding=\"async\" class=\"size-full wp-image-447\" src=\"https:\/\/blogs.estadao.com.br\/primeira-classe-jc\/files\/2014\/06\/audi-lounge.jpg\" alt=\"\" width=\"600\" height=\"400\"><\/a><figcaption id=\"caption-attachment-447\" class=\"wp-caption-text\">Na Rua Oscar Freire, Audi Lounge foi inaugurado na semana passada<\/figcaption><\/figure>\n<p>Na semana passada, foi inaugurado na Rua Oscar Freire, um dos endere\u00e7os mais badalados de S\u00e3o Paulo, o Audi Lounge, baseado no modelo que a marca usa em capitais europeias, como Berlim.<\/p><p>De acordo com a Audi, no espa\u00e7o de 600 metros quadrados haver\u00e1 eventos e exposi\u00e7\u00f5es para mostrar ao p\u00fablico a hist\u00f3ria da marca. Ao mesmo tempo, e tamb\u00e9m na Oscar Freire, est\u00e1 encerrando sua \u201ccarreira\u201d o espa\u00e7o da Citro\u00ebn, que funcionou no endere\u00e7o pelos \u00faltimos dois anos e ter\u00e1, neste domingo (22), seu \u00faltimo dia de atividade.<\/p>\n  <div style=\"width: 100%;\" id=\"render-hmeio-2\"><\/div>\n    <script type=\"text\/javascript\">\n      if(window.innerWidth > 1){\n        $(\"#render-hmeio-2\").append(`\n          <div class=\"area-publicidade-rectangular hmeio\">\n            <p>Publicidade\n            <div class=\"area-publicidade\">\n              <div id=\"hmeio2\">\n            \n          \n        `);\n\n        \n    window.jornaldocarro = window.jornaldocarro || {};\n    window.jornaldocarro.slotsAds = window.jornaldocarro.slotsAds || [];\n    window.jornaldocarro.slotsAds.push(\"hmeio2\");\n  \n      }\n    <\/script>\n  <br><p>Entre as atra\u00e7\u00f5es do espa\u00e7o, estava a associa\u00e7\u00e3o com o restaurante Paris 6.<\/p><p><strong>MUNDO<\/strong><\/p><p>Berlim \u00e9 um dos locais que mais re\u00fane os caf\u00e9s de montadora. Al\u00e9m dos espa\u00e7os da Audi e da Volkswagen, h\u00e1 ainda o da Mercedes. Batizado de Mercedes-Benz Gallery, fica na badalada Unter den Linden, a mais sofisticada avenida da capital alem\u00e3.<\/p>\n  <div style=\"width: 100%;\" id=\"render-hmeio-3\"><\/div>\n    <script type=\"text\/javascript\">\n      if(window.innerWidth > 1){\n        $(\"#render-hmeio-3\").append(`\n          <div class=\"area-publicidade-rectangular hmeio\">\n            <p>Publicidade\n            <div class=\"area-publicidade\">\n              <div id=\"hmeio3\">\n            \n          \n        `);\n\n        \n    window.jornaldocarro = window.jornaldocarro || {};\n    window.jornaldocarro.slotsAds = window.jornaldocarro.slotsAds || [];\n    window.jornaldocarro.slotsAds.push(\"hmeio3\");\n  \n      }\n    <\/script>\n  <br>\n<figure id=\"attachment_449\" aria-describedby=\"caption-attachment-449\" style=\"width: 600px\" class=\"wp-caption alignnone\"><a rel=\"nofollow\" href=\"https:\/\/blogs.estadao.com.br\/primeira-classe-jc\/files\/2014\/06\/mercedes-gallery.jpg\"><img loading=\"lazy\" decoding=\"async\" class=\"size-full wp-image-449\" src=\"https:\/\/blogs.estadao.com.br\/primeira-classe-jc\/files\/2014\/06\/mercedes-gallery.jpg\" alt=\"\" width=\"600\" height=\"400\"><\/a><figcaption id=\"caption-attachment-449\" class=\"wp-caption-text\">O Mercedes-Benz Gallery, em Berlim<\/figcaption><\/figure>\n<p>\u00a0<\/p><p><a rel=\"nofollow\" href=\"https:\/\/blogs.estadao.com.br\/primeira-classe-jc\/files\/2014\/06\/mercedes-gallery-2.jpg\"><img loading=\"lazy\" decoding=\"async\" class=\"alignnone size-full wp-image-450\" src=\"https:\/\/blogs.estadao.com.br\/primeira-classe-jc\/files\/2014\/06\/mercedes-gallery-2.jpg\" alt=\"\" width=\"600\" height=\"400\"><\/a><\/p><p>Visitei o espa\u00e7o em 2012; gostei bastante da comida oferecida pelo restaurante e dos modelos l\u00e1 expostos, como o SLS AMG e exemplares de Mercedes-Benz cl\u00e1ssicos. Por\u00e9m, o mais interessante est\u00e1 no segundo andar.<\/p>\n  <div style=\"width: 100%;\" id=\"render-hmeio-4\"><\/div>\n    <script type=\"text\/javascript\">\n      if(window.innerWidth > 1){\n        $(\"#render-hmeio-4\").append(`\n          <div class=\"area-publicidade-rectangular hmeio\">\n            <p>Publicidade\n            <div class=\"area-publicidade\">\n              <div id=\"hmeio4\">\n            \n          \n        `);\n\n        \n    window.jornaldocarro = window.jornaldocarro || {};\n    window.jornaldocarro.slotsAds = window.jornaldocarro.slotsAds || [];\n    window.jornaldocarro.slotsAds.push(\"hmeio4\");\n  \n      }\n    <\/script>\n  <br><p>Em uma galeria que come\u00e7a j\u00e1 na escada de acesso, conta-se a hist\u00f3ria da companhia por meio de cartazes de papel\u00e3o, reproduzindo em tamanho real os integrantes das fam\u00edlias fundadoras da empresa. Est\u00e3o l\u00e1 Karl e Bertha Benz e Mercedes Jellinek, que deu nome \u00e0 marca alem\u00e3.<\/p>\n<figure id=\"attachment_448\" aria-describedby=\"caption-attachment-448\" style=\"width: 600px\" class=\"wp-caption alignnone\"><a rel=\"nofollow\" href=\"https:\/\/blogs.estadao.com.br\/primeira-classe-jc\/files\/2014\/06\/l-atelier-renault-paris-1352144174.jpg\"><img loading=\"lazy\" decoding=\"async\" class=\"size-full wp-image-448\" src=\"https:\/\/blogs.estadao.com.br\/primeira-classe-jc\/files\/2014\/06\/l-atelier-renault-paris-1352144174.jpg\" alt=\"\" width=\"600\" height=\"400\"><\/a><figcaption id=\"caption-attachment-448\" class=\"wp-caption-text\">L\u2019Atelier Renault, em Paris<\/figcaption><\/figure>\n<p>Em Paris, a dica \u00e9 do editor Ti\u00e3o Oliveira. Ele visitou, no ano passado, o L\u2019Atelier Renault, na avenida Champs \u00c9lys\u00e9es. O formato \u00e9 bem semelhante ao dos demais: restaurante, caf\u00e9, exposi\u00e7\u00f5es de carros, eventos, festas\u2026 E a hist\u00f3ria da marca.<\/p><p>Para os f\u00e3s de autom\u00f3veis, estes caf\u00e9s s\u00e3o programas imperd\u00edveis. Se forem a Paris e Berlim, n\u00e3o deixem de passar por l\u00e1.<\/p>\n  <div style=\"width: 100%;\" id=\"render-hmeio-5\"><\/div>\n    <script type=\"text\/javascript\">\n      if(window.innerWidth > 1){\n        $(\"#render-hmeio-5\").append(`\n          <div class=\"area-publicidade-rectangular hmeio\">\n            <p>Publicidade\n            <div class=\"area-publicidade\">\n              <div id=\"hmeio5\">\n            \n          \n        `);\n\n        \n    window.jornaldocarro = window.jornaldocarro || {};\n    window.jornaldocarro.slotsAds = window.jornaldocarro.slotsAds || [];\n    window.jornaldocarro.slotsAds.push(\"hmeio5\");\n  \n      }\n    <\/script>\n  <br><p>\u00a0<\/p><p>\u00a0<\/p><p>\u00a0<\/p>\n  <div style=\"width: 100%;\" id=\"render-hmeio-6\"><\/div>\n    <script type=\"text\/javascript\">\n      if(window.innerWidth > 1){\n        $(\"#render-hmeio-6\").append(`\n          <div class=\"area-publicidade-rectangular hmeio\">\n            <p>Publicidade\n            <div class=\"area-publicidade\">\n              <div id=\"hmeio6\">\n            \n          \n        `);\n\n        \n    window.jornaldocarro = window.jornaldocarro || {};\n    window.jornaldocarro.slotsAds = window.jornaldocarro.slotsAds || [];\n    window.jornaldocarro.slotsAds.push(\"hmeio6\");\n  \n      }\n    <\/script>\n  <br>","protected":false},"excerpt":{"rendered":"<p>Na primeira vez que estive em Buenos Aires, em 2004, me surpreendeu a quantidade de caf\u00e9s com a \u201cassinatura\u201d das<a rel=\"nofollow\" href=\"https:\/\/jornaldocarro.estadao.com.br\/primeira-classe\/bares-e-cafes-de-montadoras-no-brasil-e-no-mundo\/\" aria-label=\"... leia mais\" role=\"link\">&#8230; leia mais<\/a><\/p>\n","protected":false},"featured_media":0,"template":"","class_list":["post-445","blog_primeira_classe","type-blog_primeira_classe","status-publish","hentry","tags_primeira_classe-audi","tags_primeira_classe-berlim","tags_primeira_classe-buenos-aires","tags_primeira_classe-carros","tags_primeira_classe-classicos","tags_primeira_classe-estilo-de-vida","tags_primeira_classe-estilo-de-vida-2","tags_primeira_classe-gastronomia","tags_primeira_classe-mercedes","tags_primeira_classe-mercedes-benz","tags_primeira_classe-paris","tags_primeira_classe-renault","tags_primeira_classe-viagem","tags_primeira_classe-viagem-2"],"yoast_head":"<!-- This site is optimized with the Yoast SEO plugin v23.5 - https:\/\/yoast.com\/wordpress\/plugins\/seo\/ -->\n<title>Bares e caf\u00e9s de montadoras no Brasil e no mundo - Jornal do Carro - Estad\u00e3o<\/title>\n<meta name=\"robots\" content=\"noindex, follow\" \/>\n<meta name=\"twitter:card\" content=\"summary_large_image\" \/>\n<meta name=\"twitter:title\" content=\"Bares e caf\u00e9s de montadoras no Brasil e no mundo - Jornal do Carro - Estad\u00e3o\" \/>\n<meta name=\"twitter:description\" content=\"Na primeira vez que estive em Buenos Aires, em 2004, me surpreendeu a quantidade de caf\u00e9s com a \u201cassinatura\u201d das... leia mais\" \/>\n<meta name=\"twitter:image\" content=\"https:\/\/blogs.estadao.com.br\/primeira-classe-jc\/files\/2014\/06\/vw-haus.jpg\" \/>\n<meta name=\"twitter:label1\" content=\"Est. tempo de leitura\" \/>\n\t<meta name=\"twitter:data1\" content=\"3 minutos\" \/>\n<script type=\"application\/ld+json\" class=\"yoast-schema-graph\">{\"@context\":\"https:\/\/schema.org\",\"@graph\":[{\"@type\":\"WebPage\",\"@id\":\"https:\/\/jornaldocarro.estadao.com.br\/primeira-classe\/bares-e-cafes-de-montadoras-no-brasil-e-no-mundo\/\",\"url\":\"https:\/\/jornaldocarro.estadao.com.br\/primeira-classe\/bares-e-cafes-de-montadoras-no-brasil-e-no-mundo\/\",\"name\":\"Bares e caf\u00e9s de montadoras no Brasil e no mundo - Jornal do Carro - Estad\u00e3o\",\"isPartOf\":{\"@id\":\"https:\/\/jornaldocarro.estadao.com.br\/#website\"},\"primaryImageOfPage\":{\"@id\":\"https:\/\/jornaldocarro.estadao.com.br\/primeira-classe\/bares-e-cafes-de-montadoras-no-brasil-e-no-mundo\/#primaryimage\"},\"image\":{\"@id\":\"https:\/\/jornaldocarro.estadao.com.br\/primeira-classe\/bares-e-cafes-de-montadoras-no-brasil-e-no-mundo\/#primaryimage\"},\"thumbnailUrl\":\"https:\/\/blogs.estadao.com.br\/primeira-classe-jc\/files\/2014\/06\/vw-haus.jpg\",\"datePublished\":\"2014-06-17T16:18:48+00:00\",\"dateModified\":\"2014-06-17T16:18:48+00:00\",\"breadcrumb\":{\"@id\":\"https:\/\/jornaldocarro.estadao.com.br\/primeira-classe\/bares-e-cafes-de-montadoras-no-brasil-e-no-mundo\/#breadcrumb\"},\"inLanguage\":\"pt-BR\",\"potentialAction\":[{\"@type\":\"ReadAction\",\"target\":[\"https:\/\/jornaldocarro.estadao.com.br\/primeira-classe\/bares-e-cafes-de-montadoras-no-brasil-e-no-mundo\/\"]}]},{\"@type\":\"ImageObject\",\"inLanguage\":\"pt-BR\",\"@id\":\"https:\/\/jornaldocarro.estadao.com.br\/primeira-classe\/bares-e-cafes-de-montadoras-no-brasil-e-no-mundo\/#primaryimage\",\"url\":\"https:\/\/blogs.estadao.com.br\/primeira-classe-jc\/files\/2014\/06\/vw-haus.jpg\",\"contentUrl\":\"https:\/\/blogs.estadao.com.br\/primeira-classe-jc\/files\/2014\/06\/vw-haus.jpg\"},{\"@type\":\"BreadcrumbList\",\"@id\":\"https:\/\/jornaldocarro.estadao.com.br\/primeira-classe\/bares-e-cafes-de-montadoras-no-brasil-e-no-mundo\/#breadcrumb\",\"itemListElement\":[{\"@type\":\"ListItem\",\"position\":1,\"name\":\"In\u00edcio\",\"item\":\"https:\/\/jornaldocarro.estadao.com.br\/\"},{\"@type\":\"ListItem\",\"position\":2,\"name\":\"Primeira Classe\",\"item\":\"https:\/\/jornaldocarro.estadao.com.br\/primeira-classe\/\"},{\"@type\":\"ListItem\",\"position\":3,\"name\":\"Bares e caf\u00e9s de montadoras no Brasil e no mundo\"}]},{\"@type\":\"WebSite\",\"@id\":\"https:\/\/jornaldocarro.estadao.com.br\/#website\",\"url\":\"https:\/\/jornaldocarro.estadao.com.br\/\",\"name\":\"Jornal do Carro - Estad\u00e3o\",\"description\":\"O portal sobre carros, motos e tudo sobre o tema ve\u00edculos no Estad\u00e3o. Fique por dentro de lan\u00e7amentos e de hist\u00f3rias dos leitores e seus carros.\",\"potentialAction\":[{\"@type\":\"SearchAction\",\"target\":{\"@type\":\"EntryPoint\",\"urlTemplate\":\"https:\/\/jornaldocarro.estadao.com.br\/?s={search_term_string}\"},\"query-input\":{\"@type\":\"PropertyValueSpecification\",\"valueRequired\":true,\"valueName\":\"search_term_string\"}}],\"inLanguage\":\"pt-BR\"}]}<\/script>\n<!-- \/ Yoast SEO plugin. -->","yoast_head_json":{"title":"Bares e caf\u00e9s de montadoras no Brasil e no mundo - Jornal do Carro - Estad\u00e3o","robots":{"index":"noindex","follow":"follow"},"twitter_card":"summary_large_image","twitter_title":"Bares e caf\u00e9s de montadoras no Brasil e no mundo - Jornal do Carro - Estad\u00e3o","twitter_description":"Na primeira vez que estive em Buenos Aires, em 2004, me surpreendeu a quantidade de caf\u00e9s com a \u201cassinatura\u201d das... leia mais","twitter_image":"https:\/\/blogs.estadao.com.br\/primeira-classe-jc\/files\/2014\/06\/vw-haus.jpg","twitter_misc":{"Est. tempo de leitura":"3 minutos"},"schema":{"@context":"https:\/\/schema.org","@graph":[{"@type":"WebPage","@id":"https:\/\/jornaldocarro.estadao.com.br\/primeira-classe\/bares-e-cafes-de-montadoras-no-brasil-e-no-mundo\/","url":"https:\/\/jornaldocarro.estadao.com.br\/primeira-classe\/bares-e-cafes-de-montadoras-no-brasil-e-no-mundo\/","name":"Bares e caf\u00e9s de montadoras no Brasil e no mundo - Jornal do Carro - Estad\u00e3o","isPartOf":{"@id":"https:\/\/jornaldocarro.estadao.com.br\/#website"},"primaryImageOfPage":{"@id":"https:\/\/jornaldocarro.estadao.com.br\/primeira-classe\/bares-e-cafes-de-montadoras-no-brasil-e-no-mundo\/#primaryimage"},"image":{"@id":"https:\/\/jornaldocarro.estadao.com.br\/primeira-classe\/bares-e-cafes-de-montadoras-no-brasil-e-no-mundo\/#primaryimage"},"thumbnailUrl":"https:\/\/blogs.estadao.com.br\/primeira-classe-jc\/files\/2014\/06\/vw-haus.jpg","datePublished":"2014-06-17T16:18:48+00:00","dateModified":"2014-06-17T16:18:48+00:00","breadcrumb":{"@id":"https:\/\/jornaldocarro.estadao.com.br\/primeira-classe\/bares-e-cafes-de-montadoras-no-brasil-e-no-mundo\/#breadcrumb"},"inLanguage":"pt-BR","potentialAction":[{"@type":"ReadAction","target":["https:\/\/jornaldocarro.estadao.com.br\/primeira-classe\/bares-e-cafes-de-montadoras-no-brasil-e-no-mundo\/"]}]},{"@type":"ImageObject","inLanguage":"pt-BR","@id":"https:\/\/jornaldocarro.estadao.com.br\/primeira-classe\/bares-e-cafes-de-montadoras-no-brasil-e-no-mundo\/#primaryimage","url":"https:\/\/blogs.estadao.com.br\/primeira-classe-jc\/files\/2014\/06\/vw-haus.jpg","contentUrl":"https:\/\/blogs.estadao.com.br\/primeira-classe-jc\/files\/2014\/06\/vw-haus.jpg"},{"@type":"BreadcrumbList","@id":"https:\/\/jornaldocarro.estadao.com.br\/primeira-classe\/bares-e-cafes-de-montadoras-no-brasil-e-no-mundo\/#breadcrumb","itemListElement":[{"@type":"ListItem","position":1,"name":"In\u00edcio","item":"https:\/\/jornaldocarro.estadao.com.br\/"},{"@type":"ListItem","position":2,"name":"Primeira Classe","item":"https:\/\/jornaldocarro.estadao.com.br\/primeira-classe\/"},{"@type":"ListItem","position":3,"name":"Bares e caf\u00e9s de montadoras no Brasil e no mundo"}]},{"@type":"WebSite","@id":"https:\/\/jornaldocarro.estadao.com.br\/#website","url":"https:\/\/jornaldocarro.estadao.com.br\/","name":"Jornal do Carro - Estad\u00e3o","description":"O portal sobre carros, motos e tudo sobre o tema ve\u00edculos no Estad\u00e3o. Fique por dentro de lan\u00e7amentos e de hist\u00f3rias dos leitores e seus carros.","potentialAction":[{"@type":"SearchAction","target":{"@type":"EntryPoint","urlTemplate":"https:\/\/jornaldocarro.estadao.com.br\/?s={search_term_string}"},"query-input":{"@type":"PropertyValueSpecification","valueRequired":true,"valueName":"search_term_string"}}],"inLanguage":"pt-BR"}]}},"_links":{"self":[{"href":"https:\/\/jornaldocarro.estadao.com.br\/api\/wp\/v2\/blog_primeira_classe\/445","targetHints":{"allow":["GET"]}}],"collection":[{"href":"https:\/\/jornaldocarro.estadao.com.br\/api\/wp\/v2\/blog_primeira_classe"}],"about":[{"href":"https:\/\/jornaldocarro.estadao.com.br\/api\/wp\/v2\/types\/blog_primeira_classe"}],"version-history":[{"count":0,"href":"https:\/\/jornaldocarro.estadao.com.br\/api\/wp\/v2\/blog_primeira_classe\/445\/revisions"}],"wp:attachment":[{"href":"https:\/\/jornaldocarro.estadao.com.br\/api\/wp\/v2\/media?parent=445"}],"curies":[{"name":"wp","href":"https:\/\/api.w.org\/{rel}","templated":true}]}}