{"id":49747,"date":"2017-04-25T16:03:44","date_gmt":"2017-04-25T19:03:44","guid":{"rendered":"http:\/\/jornaldocarro.estadao.com.br\/?post_type=blog_primeira_classe&#038;p=49747"},"modified":"2017-04-25T16:06:38","modified_gmt":"2017-04-25T19:06:38","slug":"estilista-lanca-colecao-inspirada-em-moto-da-ducati","status":"publish","type":"blog_primeira_classe","link":"https:\/\/jornaldocarro.estadao.com.br\/primeira-classe\/estilista-lanca-colecao-inspirada-em-moto-da-ducati\/","title":{"rendered":"Estilista lan\u00e7a cole\u00e7\u00e3o inspirada em moto da Ducati"},"content":{"rendered":"<p>O estilista brasileiro Ricardo Almeida lan\u00e7ou uma linha dentro de sua cole\u00e7\u00e3o de inverno inspirada no modelo XDiavel, da Ducati.<\/p><p>As pe\u00e7as dessa linha t\u00eam inspira\u00e7\u00e3o futurista, segundo o estilista, que e \u00e9 especializado em moda masculina.<\/p><p>O futurismo \u00e9 tamb\u00e9m o principal elemento de design da XDiavel, uma custom com motor de 1.262 cm\u00b3, que gera 156 cv e 13,3 mkgf. O pre\u00e7o \u00e9 de cerca de R$ 75 mil.<\/p>\n  <div style=\"width: 100%;\" id=\"render-hmeio-1\"><\/div>\n    <script type=\"text\/javascript\">\n      if(window.innerWidth > 1){\n        $(\"#render-hmeio-1\").append(`\n          <div class=\"area-publicidade-rectangular hmeio\">\n            <p>Publicidade\n            <div class=\"area-publicidade\">\n              <div id=\"hmeio1\">\n            \n          \n        `);\n\n        \n    window.jornaldocarro = window.jornaldocarro || {};\n    window.jornaldocarro.slotsAds = window.jornaldocarro.slotsAds || [];\n    window.jornaldocarro.slotsAds.push(\"hmeio1\");\n  \n      }\n    <\/script>\n  <br><p>Ricardo Almeida \u00e9 \u00a0embaixador da Ducati no Brasil.<\/p><p>\u00a0<\/p><p>\u00a0<\/p>\n  <div style=\"width: 100%;\" id=\"render-hmeio-2\"><\/div>\n    <script type=\"text\/javascript\">\n      if(window.innerWidth > 1){\n        $(\"#render-hmeio-2\").append(`\n          <div class=\"area-publicidade-rectangular hmeio\">\n            <p>Publicidade\n            <div class=\"area-publicidade\">\n              <div id=\"hmeio2\">\n            \n          \n        `);\n\n        \n    window.jornaldocarro = window.jornaldocarro || {};\n    window.jornaldocarro.slotsAds = window.jornaldocarro.slotsAds || [];\n    window.jornaldocarro.slotsAds.push(\"hmeio2\");\n  \n      }\n    <\/script>\n  <br><p>\u00a0<\/p><p><img loading=\"lazy\" decoding=\"async\" class=\"aligncenter size-medium\" src=\"https:\/\/jornaldocarro.estadao.com.br\/wp-content\/uploads\/2017\/04\/Ducati-XDIAVEL-S-baixa.jpeg\" alt=\"Ducati XDiavel\" width=\"2362\" height=\"1771\"><\/p><p>\u00a0<\/p>\n  <div style=\"width: 100%;\" id=\"render-hmeio-3\"><\/div>\n    <script type=\"text\/javascript\">\n      if(window.innerWidth > 1){\n        $(\"#render-hmeio-3\").append(`\n          <div class=\"area-publicidade-rectangular hmeio\">\n            <p>Publicidade\n            <div class=\"area-publicidade\">\n              <div id=\"hmeio3\">\n            \n          \n        `);\n\n        \n    window.jornaldocarro = window.jornaldocarro || {};\n    window.jornaldocarro.slotsAds = window.jornaldocarro.slotsAds || [];\n    window.jornaldocarro.slotsAds.push(\"hmeio3\");\n  \n      }\n    <\/script>\n  <br>","protected":false},"excerpt":{"rendered":"<p>O estilista brasileiro Ricardo Almeida lan\u00e7ou uma linha dentro de sua cole\u00e7\u00e3o de inverno inspirada no modelo XDiavel, da Ducati.As<a rel=\"nofollow\" href=\"https:\/\/jornaldocarro.estadao.com.br\/primeira-classe\/estilista-lanca-colecao-inspirada-em-moto-da-ducati\/\" aria-label=\"... leia mais\" role=\"link\">&#8230; leia mais<\/a><\/p>\n","protected":false},"featured_media":49751,"template":"","class_list":["post-49747","blog_primeira_classe","type-blog_primeira_classe","status-publish","has-post-thumbnail","hentry","tags_primeira_classe-colecao-inverno","tags_primeira_classe-ducati","tags_primeira_classe-moda","tags_primeira_classe-moto","tags_primeira_classe-ricardo-almeida","tags_primeira_classe-xdiavel"],"yoast_head":"<!-- This site is optimized with the Yoast SEO plugin v23.5 - https:\/\/yoast.com\/wordpress\/plugins\/seo\/ -->\n<title>Estilista lan\u00e7a cole\u00e7\u00e3o inspirada em moto da Ducati - Jornal do Carro - Estad\u00e3o<\/title>\n<meta name=\"robots\" content=\"noindex, follow\" \/>\n<meta name=\"twitter:card\" content=\"summary_large_image\" \/>\n<meta name=\"twitter:title\" content=\"Estilista lan\u00e7a cole\u00e7\u00e3o inspirada em moto da Ducati - Jornal do Carro - Estad\u00e3o\" \/>\n<meta name=\"twitter:description\" content=\"O estilista brasileiro Ricardo Almeida lan\u00e7ou uma linha dentro de sua cole\u00e7\u00e3o de inverno inspirada no modelo XDiavel, da Ducati.As... leia mais\" \/>\n<meta name=\"twitter:image\" content=\"https:\/\/jornaldocarro.estadao.com.br\/wp-content\/uploads\/2017\/04\/Ricardo-Almeida-e-Ducati-XDiavel-fonte-de-inspirac\u0327a\u0303o.jpg\" \/>\n<script type=\"application\/ld+json\" class=\"yoast-schema-graph\">{\"@context\":\"https:\/\/schema.org\",\"@graph\":[{\"@type\":\"WebPage\",\"@id\":\"https:\/\/jornaldocarro.estadao.com.br\/primeira-classe\/estilista-lanca-colecao-inspirada-em-moto-da-ducati\/\",\"url\":\"https:\/\/jornaldocarro.estadao.com.br\/primeira-classe\/estilista-lanca-colecao-inspirada-em-moto-da-ducati\/\",\"name\":\"Estilista lan\u00e7a cole\u00e7\u00e3o inspirada em moto da Ducati - Jornal do Carro - Estad\u00e3o\",\"isPartOf\":{\"@id\":\"https:\/\/jornaldocarro.estadao.com.br\/#website\"},\"primaryImageOfPage\":{\"@id\":\"https:\/\/jornaldocarro.estadao.com.br\/primeira-classe\/estilista-lanca-colecao-inspirada-em-moto-da-ducati\/#primaryimage\"},\"image\":{\"@id\":\"https:\/\/jornaldocarro.estadao.com.br\/primeira-classe\/estilista-lanca-colecao-inspirada-em-moto-da-ducati\/#primaryimage\"},\"thumbnailUrl\":\"https:\/\/jornaldocarro.estadao.com.br\/wp-content\/uploads\/2017\/04\/Ricardo-Almeida-e-Ducati-XDiavel-fonte-de-inspirac\u0327a\u0303o.jpg\",\"datePublished\":\"2017-04-25T19:03:44+00:00\",\"dateModified\":\"2017-04-25T19:06:38+00:00\",\"breadcrumb\":{\"@id\":\"https:\/\/jornaldocarro.estadao.com.br\/primeira-classe\/estilista-lanca-colecao-inspirada-em-moto-da-ducati\/#breadcrumb\"},\"inLanguage\":\"pt-BR\",\"potentialAction\":[{\"@type\":\"ReadAction\",\"target\":[\"https:\/\/jornaldocarro.estadao.com.br\/primeira-classe\/estilista-lanca-colecao-inspirada-em-moto-da-ducati\/\"]}]},{\"@type\":\"ImageObject\",\"inLanguage\":\"pt-BR\",\"@id\":\"https:\/\/jornaldocarro.estadao.com.br\/primeira-classe\/estilista-lanca-colecao-inspirada-em-moto-da-ducati\/#primaryimage\",\"url\":\"https:\/\/jornaldocarro.estadao.com.br\/wp-content\/uploads\/2017\/04\/Ricardo-Almeida-e-Ducati-XDiavel-fonte-de-inspirac\u0327a\u0303o.jpg\",\"contentUrl\":\"https:\/\/jornaldocarro.estadao.com.br\/wp-content\/uploads\/2017\/04\/Ricardo-Almeida-e-Ducati-XDiavel-fonte-de-inspirac\u0327a\u0303o.jpg\",\"width\":2944,\"height\":1965,\"caption\":\"(Fotos: Ducati)\"},{\"@type\":\"BreadcrumbList\",\"@id\":\"https:\/\/jornaldocarro.estadao.com.br\/primeira-classe\/estilista-lanca-colecao-inspirada-em-moto-da-ducati\/#breadcrumb\",\"itemListElement\":[{\"@type\":\"ListItem\",\"position\":1,\"name\":\"In\u00edcio\",\"item\":\"https:\/\/jornaldocarro.estadao.com.br\/\"},{\"@type\":\"ListItem\",\"position\":2,\"name\":\"Primeira Classe\",\"item\":\"https:\/\/jornaldocarro.estadao.com.br\/primeira-classe\/\"},{\"@type\":\"ListItem\",\"position\":3,\"name\":\"Estilista lan\u00e7a cole\u00e7\u00e3o inspirada em moto da Ducati\"}]},{\"@type\":\"WebSite\",\"@id\":\"https:\/\/jornaldocarro.estadao.com.br\/#website\",\"url\":\"https:\/\/jornaldocarro.estadao.com.br\/\",\"name\":\"Jornal do Carro - Estad\u00e3o\",\"description\":\"O portal sobre carros, motos e tudo sobre o tema ve\u00edculos no Estad\u00e3o. Fique por dentro de lan\u00e7amentos e de hist\u00f3rias dos leitores e seus carros.\",\"potentialAction\":[{\"@type\":\"SearchAction\",\"target\":{\"@type\":\"EntryPoint\",\"urlTemplate\":\"https:\/\/jornaldocarro.estadao.com.br\/?s={search_term_string}\"},\"query-input\":{\"@type\":\"PropertyValueSpecification\",\"valueRequired\":true,\"valueName\":\"search_term_string\"}}],\"inLanguage\":\"pt-BR\"}]}<\/script>\n<!-- \/ Yoast SEO plugin. -->","yoast_head_json":{"title":"Estilista lan\u00e7a cole\u00e7\u00e3o inspirada em moto da Ducati - Jornal do Carro - Estad\u00e3o","robots":{"index":"noindex","follow":"follow"},"twitter_card":"summary_large_image","twitter_title":"Estilista lan\u00e7a cole\u00e7\u00e3o inspirada em moto da Ducati - Jornal do Carro - Estad\u00e3o","twitter_description":"O estilista brasileiro Ricardo Almeida lan\u00e7ou uma linha dentro de sua cole\u00e7\u00e3o de inverno inspirada no modelo XDiavel, da Ducati.As... leia mais","twitter_image":"https:\/\/jornaldocarro.estadao.com.br\/wp-content\/uploads\/2017\/04\/Ricardo-Almeida-e-Ducati-XDiavel-fonte-de-inspirac\u0327a\u0303o.jpg","schema":{"@context":"https:\/\/schema.org","@graph":[{"@type":"WebPage","@id":"https:\/\/jornaldocarro.estadao.com.br\/primeira-classe\/estilista-lanca-colecao-inspirada-em-moto-da-ducati\/","url":"https:\/\/jornaldocarro.estadao.com.br\/primeira-classe\/estilista-lanca-colecao-inspirada-em-moto-da-ducati\/","name":"Estilista lan\u00e7a cole\u00e7\u00e3o inspirada em moto da Ducati - Jornal do Carro - Estad\u00e3o","isPartOf":{"@id":"https:\/\/jornaldocarro.estadao.com.br\/#website"},"primaryImageOfPage":{"@id":"https:\/\/jornaldocarro.estadao.com.br\/primeira-classe\/estilista-lanca-colecao-inspirada-em-moto-da-ducati\/#primaryimage"},"image":{"@id":"https:\/\/jornaldocarro.estadao.com.br\/primeira-classe\/estilista-lanca-colecao-inspirada-em-moto-da-ducati\/#primaryimage"},"thumbnailUrl":"https:\/\/jornaldocarro.estadao.com.br\/wp-content\/uploads\/2017\/04\/Ricardo-Almeida-e-Ducati-XDiavel-fonte-de-inspirac\u0327a\u0303o.jpg","datePublished":"2017-04-25T19:03:44+00:00","dateModified":"2017-04-25T19:06:38+00:00","breadcrumb":{"@id":"https:\/\/jornaldocarro.estadao.com.br\/primeira-classe\/estilista-lanca-colecao-inspirada-em-moto-da-ducati\/#breadcrumb"},"inLanguage":"pt-BR","potentialAction":[{"@type":"ReadAction","target":["https:\/\/jornaldocarro.estadao.com.br\/primeira-classe\/estilista-lanca-colecao-inspirada-em-moto-da-ducati\/"]}]},{"@type":"ImageObject","inLanguage":"pt-BR","@id":"https:\/\/jornaldocarro.estadao.com.br\/primeira-classe\/estilista-lanca-colecao-inspirada-em-moto-da-ducati\/#primaryimage","url":"https:\/\/jornaldocarro.estadao.com.br\/wp-content\/uploads\/2017\/04\/Ricardo-Almeida-e-Ducati-XDiavel-fonte-de-inspirac\u0327a\u0303o.jpg","contentUrl":"https:\/\/jornaldocarro.estadao.com.br\/wp-content\/uploads\/2017\/04\/Ricardo-Almeida-e-Ducati-XDiavel-fonte-de-inspirac\u0327a\u0303o.jpg","width":2944,"height":1965,"caption":"(Fotos: Ducati)"},{"@type":"BreadcrumbList","@id":"https:\/\/jornaldocarro.estadao.com.br\/primeira-classe\/estilista-lanca-colecao-inspirada-em-moto-da-ducati\/#breadcrumb","itemListElement":[{"@type":"ListItem","position":1,"name":"In\u00edcio","item":"https:\/\/jornaldocarro.estadao.com.br\/"},{"@type":"ListItem","position":2,"name":"Primeira Classe","item":"https:\/\/jornaldocarro.estadao.com.br\/primeira-classe\/"},{"@type":"ListItem","position":3,"name":"Estilista lan\u00e7a cole\u00e7\u00e3o inspirada em moto da Ducati"}]},{"@type":"WebSite","@id":"https:\/\/jornaldocarro.estadao.com.br\/#website","url":"https:\/\/jornaldocarro.estadao.com.br\/","name":"Jornal do Carro - Estad\u00e3o","description":"O portal sobre carros, motos e tudo sobre o tema ve\u00edculos no Estad\u00e3o. Fique por dentro de lan\u00e7amentos e de hist\u00f3rias dos leitores e seus carros.","potentialAction":[{"@type":"SearchAction","target":{"@type":"EntryPoint","urlTemplate":"https:\/\/jornaldocarro.estadao.com.br\/?s={search_term_string}"},"query-input":{"@type":"PropertyValueSpecification","valueRequired":true,"valueName":"search_term_string"}}],"inLanguage":"pt-BR"}]}},"_links":{"self":[{"href":"https:\/\/jornaldocarro.estadao.com.br\/api\/wp\/v2\/blog_primeira_classe\/49747","targetHints":{"allow":["GET"]}}],"collection":[{"href":"https:\/\/jornaldocarro.estadao.com.br\/api\/wp\/v2\/blog_primeira_classe"}],"about":[{"href":"https:\/\/jornaldocarro.estadao.com.br\/api\/wp\/v2\/types\/blog_primeira_classe"}],"version-history":[{"count":3,"href":"https:\/\/jornaldocarro.estadao.com.br\/api\/wp\/v2\/blog_primeira_classe\/49747\/revisions"}],"predecessor-version":[{"id":49755,"href":"https:\/\/jornaldocarro.estadao.com.br\/api\/wp\/v2\/blog_primeira_classe\/49747\/revisions\/49755"}],"wp:featuredmedia":[{"embeddable":true,"href":"https:\/\/jornaldocarro.estadao.com.br\/api\/wp\/v2\/media\/49751"}],"wp:attachment":[{"href":"https:\/\/jornaldocarro.estadao.com.br\/api\/wp\/v2\/media?parent=49747"}],"curies":[{"name":"wp","href":"https:\/\/api.w.org\/{rel}","templated":true}]}}