{"id":49890,"date":"2017-04-27T19:44:53","date_gmt":"2017-04-27T22:44:53","guid":{"rendered":"http:\/\/jornaldocarro.estadao.com.br\/?post_type=blog_primeira_classe&#038;p=49890"},"modified":"2017-04-27T20:29:57","modified_gmt":"2017-04-27T23:29:57","slug":"restaurante-brasileiro-tem-porsche-pendurado-na-parede","status":"publish","type":"blog_primeira_classe","link":"https:\/\/jornaldocarro.estadao.com.br\/primeira-classe\/restaurante-brasileiro-tem-porsche-pendurado-na-parede\/","title":{"rendered":"Restaurante brasileiro tem &#8216;Porsche&#8217; pendurado na parede"},"content":{"rendered":"<p>Um dos lugares mais legais para passear em Salvador \u00e9 a Bahia Marina, no bairro do Com\u00e9rcio, pr\u00f3ximo aos pontos mais importantes da cidade \u2013 como o Pelourinho e o Mercado Modelo. De l\u00e1, as pessoas saem para passeios de barco \u2013 h\u00e1 v\u00e1rios marinheiros que fazem o aluguel na hora, individual ou para grupos. Al\u00e9m disso, h\u00e1 diversos restaurantes badalados da capital baiana, como o japon\u00eas Soho e o contempor\u00e2neo Lafayette \u2013 ambos com vista direta para a marina.<\/p><p><strong>(No Instagram: @blogprimeiraclasse)<\/strong><\/p><p>Atr\u00e1s deles, mas tamb\u00e9m com vista para a marina, est\u00e1 o DAS, o \u00fanico que n\u00e3o fecha no intervalo entre almo\u00e7o e jantar nem mesmo nos dias de semana \u2013 bom para quem quer fazer aqueles almo\u00e7os longos, que terminam ao p\u00f4r do sol. Por\u00e9m, mais que isso, o local tem um grande apelo para quem \u00e9 f\u00e3 de autom\u00f3veis: sua decora\u00e7\u00e3o \u00e9 toda inspirada no mundo do automobilismo.<\/p>\n  <div style=\"width: 100%;\" id=\"render-hmeio-1\"><\/div>\n    <script type=\"text\/javascript\">\n      if(window.innerWidth > 1){\n        $(\"#render-hmeio-1\").append(`\n          <div class=\"area-publicidade-rectangular hmeio\">\n            <p>Publicidade\n            <div class=\"area-publicidade\">\n              <div id=\"hmeio1\">\n            \n          \n        `);\n\n        \n    window.jornaldocarro = window.jornaldocarro || {};\n    window.jornaldocarro.slotsAds = window.jornaldocarro.slotsAds || [];\n    window.jornaldocarro.slotsAds.push(\"hmeio1\");\n  \n      }\n    <\/script>\n  <br><p>H\u00e1 quadros e outros objetos ligados ao mundo da competi\u00e7\u00e3o, mas o que mais chama a aten\u00e7\u00e3o \u00e9 um Porsche pendurado na parede. E n\u00e3o um Porsche qualquer: um 550 Spyder, que est\u00e1 entre os mais ic\u00f4nicos modelos do mundo da competi\u00e7\u00e3o automobil\u00edstica.<\/p><p>\u00a0<\/p>\n<figure style=\"width: 1033px\" class=\"wp-caption alignnone\"><img loading=\"lazy\" decoding=\"async\" class=\"size-medium\" src=\"https:\/\/jornaldocarro.estadao.com.br\/wp-content\/uploads\/2017\/04\/das-salao.jpg\" alt=\"O sal\u00e3o principal do restaurante, com quadros e objetos do mundo da competi\u00e7\u00e3o de carros (Fotos: DAS)\" width=\"1033\" height=\"712\"><figcaption class=\"wp-caption-text\"><div style=\"width: 100%;\" id=\"render-hmeio-2\"><\/div>\n    <script type=\"text\/javascript\">\n      if(window.innerWidth > 1){\n        $(\"#render-hmeio-2\").append(`\n          <div class=\"area-publicidade-rectangular hmeio\">\n            <p>Publicidade\n            <div class=\"area-publicidade\">\n              <div id=\"hmeio2\">\n            \n          \n        `);\n\n        \n    window.jornaldocarro = window.jornaldocarro || {};\n    window.jornaldocarro.slotsAds = window.jornaldocarro.slotsAds || [];\n    window.jornaldocarro.slotsAds.push(\"hmeio2\");\n  \n      }\n    <\/script>\n  <br> O sal\u00e3o principal do restaurante, com quadros e objetos do mundo da competi\u00e7\u00e3o de carros (Fotos: DAS)<\/figcaption><\/figure>\n<p>\u00a0<\/p>\n<figure style=\"width: 847px\" class=\"wp-caption alignnone\"><img loading=\"lazy\" decoding=\"async\" class=\"size-medium\" src=\"https:\/\/jornaldocarro.estadao.com.br\/wp-content\/uploads\/2017\/04\/das-porsche.jpg\" alt=\"O Chamonix 550S Spider no sal\u00e3o do restaurante\" width=\"847\" height=\"632\"><figcaption class=\"wp-caption-text\">O Chamonix 550S Spider no sal\u00e3o do restaurante<\/figcaption><\/figure>\n<p>\u00a0<\/p>\n  <div style=\"width: 100%;\" id=\"render-hmeio-3\"><\/div>\n    <script type=\"text\/javascript\">\n      if(window.innerWidth > 1){\n        $(\"#render-hmeio-3\").append(`\n          <div class=\"area-publicidade-rectangular hmeio\">\n            <p>Publicidade\n            <div class=\"area-publicidade\">\n              <div id=\"hmeio3\">\n            \n          \n        `);\n\n        \n    window.jornaldocarro = window.jornaldocarro || {};\n    window.jornaldocarro.slotsAds = window.jornaldocarro.slotsAds || [];\n    window.jornaldocarro.slotsAds.push(\"hmeio3\");\n  \n      }\n    <\/script>\n  <br><p>O modelo, na verdade, n\u00e3o \u00e9 um Porsche de verdade. Trata-se de uma r\u00e9plica feita pela Chamonix, chamada de 550S Spider. A Chamonix \u00e9 uma marca brasileira que construiu famosos modelos fora de s\u00e9rie.<\/p><p>O Porsche 550 Spyder, al\u00e9m da grande hist\u00f3ria nas pistas, ficou famoso por um fato triste: foi a bordo desse modelo que o ator americano James Dean sofreu o acidente no qual faleceu.<\/p><p>De acordo com o propriet\u00e1rio do Das, Leonardo Santos, n\u00e3o se trata de uma r\u00e9plica da carroceria. O carro \u00e9 um Chamonix 550S Spider de verdade, que chegou rodando ao restaurante. \u201cO objetivo \u00e9 marcar o restaurante para o mundo por meio das lentes dos clientes que fotografam o carro.\u201d<\/p>\n  <div style=\"width: 100%;\" id=\"render-hmeio-4\"><\/div>\n    <script type=\"text\/javascript\">\n      if(window.innerWidth > 1){\n        $(\"#render-hmeio-4\").append(`\n          <div class=\"area-publicidade-rectangular hmeio\">\n            <p>Publicidade\n            <div class=\"area-publicidade\">\n              <div id=\"hmeio4\">\n            \n          \n        `);\n\n        \n    window.jornaldocarro = window.jornaldocarro || {};\n    window.jornaldocarro.slotsAds = window.jornaldocarro.slotsAds || [];\n    window.jornaldocarro.slotsAds.push(\"hmeio4\");\n  \n      }\n    <\/script>\n  <br><p>A inspira\u00e7\u00e3o automobil\u00edstica veio da hist\u00f3ria da fam\u00edlia. Leonardo e sua fam\u00edlia s\u00e3o\u00a0entusiastas e participantes de rallys e outras competi\u00e7\u00f5es de carros.<\/p><p>\u00a0<\/p>\n<figure style=\"width: 840px\" class=\"wp-caption alignnone\"><img loading=\"lazy\" decoding=\"async\" class=\"size-medium\" src=\"https:\/\/jornaldocarro.estadao.com.br\/wp-content\/uploads\/2017\/04\/das-marina.jpg\" alt=\"Na varanda, vista para a Bahia Marina\" width=\"840\" height=\"627\"><figcaption class=\"wp-caption-text\"><div style=\"width: 100%;\" id=\"render-hmeio-5\"><\/div>\n    <script type=\"text\/javascript\">\n      if(window.innerWidth > 1){\n        $(\"#render-hmeio-5\").append(`\n          <div class=\"area-publicidade-rectangular hmeio\">\n            <p>Publicidade\n            <div class=\"area-publicidade\">\n              <div id=\"hmeio5\">\n            \n          \n        `);\n\n        \n    window.jornaldocarro = window.jornaldocarro || {};\n    window.jornaldocarro.slotsAds = window.jornaldocarro.slotsAds || [];\n    window.jornaldocarro.slotsAds.push(\"hmeio5\");\n  \n      }\n    <\/script>\n  <br> Na varanda, vista para a Bahia Marina<\/figcaption><\/figure>\n<p>\u00a0<\/p><p>De acordo com um funcion\u00e1rio com o qual conversei no dia em que estive no restaurante, a tradi\u00e7\u00e3o nasceu com o pai de Leonardo, Wilson, que era piloto.<\/p><p>\u00a0<\/p>\n  <div style=\"width: 100%;\" id=\"render-hmeio-6\"><\/div>\n    <script type=\"text\/javascript\">\n      if(window.innerWidth > 1){\n        $(\"#render-hmeio-6\").append(`\n          <div class=\"area-publicidade-rectangular hmeio\">\n            <p>Publicidade\n            <div class=\"area-publicidade\">\n              <div id=\"hmeio6\">\n            \n          \n        `);\n\n        \n    window.jornaldocarro = window.jornaldocarro || {};\n    window.jornaldocarro.slotsAds = window.jornaldocarro.slotsAds || [];\n    window.jornaldocarro.slotsAds.push(\"hmeio6\");\n  \n      }\n    <\/script>\n  <br>\n<figure style=\"width: 4032px\" class=\"wp-caption alignnone\"><img loading=\"lazy\" decoding=\"async\" class=\"size-medium\" src=\"https:\/\/jornaldocarro.estadao.com.br\/wp-content\/uploads\/2017\/04\/bahia-marina.jpg\" alt=\"O p\u00f4r do sol na Bahia Marina (Foto: Rafaela Borges\/Estad\u00e3o)\" width=\"4032\" height=\"2268\"><figcaption class=\"wp-caption-text\">O p\u00f4r do sol na Bahia Marina (Foto: Rafaela Borges\/Estad\u00e3o)<\/figcaption><\/figure>\n<p>\u00a0<\/p><p><strong>Restaurante.<\/strong> Al\u00e9m da tradi\u00e7\u00e3o automobil\u00edstica, o DAS \u00e9 um restaurante bem legal, com bons drinques e uma varanda com vista para os barcos da marina.<\/p>\n  <div style=\"width: 100%;\" id=\"render-hmeio-7\"><\/div>\n    <script type=\"text\/javascript\">\n      if(window.innerWidth > 1){\n        $(\"#render-hmeio-7\").append(`\n          <div class=\"area-publicidade-rectangular hmeio\">\n            <p>Publicidade\n            <div class=\"area-publicidade\">\n              <div id=\"hmeio7\">\n            \n          \n        `);\n\n        renderPubNow('hmeio', 7)\n      }\n    <\/script>\n  <br><p>A gastronomia \u00e9 mediterr\u00e2nea. No dia em que estive l\u00e1, comemos diversas entradas, que s\u00e3o \u00f3timos. Escolhemos\u00a0\u201cPolvo a La Plancha\u201d, \u201cLula com Nir\u00e1\u201d, queijo brie grelhado e burrata com presunto de Parma.<\/p>\n<figure style=\"width: 834px\" class=\"wp-caption alignnone\"><img loading=\"lazy\" decoding=\"async\" class=\"size-medium\" src=\"https:\/\/jornaldocarro.estadao.com.br\/wp-content\/uploads\/2017\/04\/das-prato.jpg\" alt=\"Destaques do card\u00e1pio s\u00e3o os frutos do mar\" width=\"834\" height=\"627\"><figcaption class=\"wp-caption-text\">Destaques do card\u00e1pio s\u00e3o os frutos do mar<\/figcaption><\/figure>\n<p>\u00a0<\/p>\n  <div style=\"width: 100%;\" id=\"render-hmeio-8\"><\/div>\n    <script type=\"text\/javascript\">\n      if(window.innerWidth > 1){\n        $(\"#render-hmeio-8\").append(`\n          <div class=\"area-publicidade-rectangular hmeio\">\n            <p>Publicidade\n            <div class=\"area-publicidade\">\n              <div id=\"hmeio8\">\n            \n          \n        `);\n\n        renderPubNow('hmeio', 8)\n      }\n    <\/script>\n  <br><p>Como na maior parte dos restaurantes de Salvador, as atra\u00e7\u00f5es dos pratos s\u00e3o os frutos do mar, mas h\u00e1 tamb\u00e9m boa variedade de carpaccios e peixes. O restaurante tamb\u00e9m serve massas e carnes.<\/p><p>\u00a0<\/p><p><strong>GALERIA: CARROS FORA DE S\u00c9RIE NACIONAIS<\/strong><\/p>\n  <div style=\"width: 100%;\" id=\"render-hmeio-9\"><\/div>\n    <script type=\"text\/javascript\">\n      if(window.innerWidth > 1){\n        $(\"#render-hmeio-9\").append(`\n          <div class=\"area-publicidade-rectangular hmeio\">\n            <p>Publicidade\n            <div class=\"area-publicidade\">\n              <div id=\"hmeio9\">\n            \n          \n        `);\n\n        renderPubNow('hmeio', 9)\n      }\n    <\/script>\n  <br>\n\n<div class=\"clearfix\"><\/div>\n<div data-gallery-id=\"29830\" class=\"jc-img-gallery-wrapper mt-3 mb-2\">\n  <div class=\"jc-img-gallery\" id=\"jc-img-gallery-29830\" data-gallery-title=\"Restaurante brasileiro tem &#8216;Porsche&#8217; pendurado na parede\">\n      <\/div>\n\n<\/div>\n<div class=\"clearfix\"><\/div>\n\n","protected":false},"excerpt":{"rendered":"<p>No DAS, em Salvador, decora\u00e7\u00e3o \u00e9 inspirada no mundo das competi\u00e7\u00f5es. Veja foto<\/p>\n","protected":false},"featured_media":49901,"template":"","class_list":["post-49890","blog_primeira_classe","type-blog_primeira_classe","status-publish","has-post-thumbnail","hentry","tags_primeira_classe-550-spyder","tags_primeira_classe-automobilismo","tags_primeira_classe-das","tags_primeira_classe-dicas-de-viagem","tags_primeira_classe-porsche","tags_primeira_classe-restaurante","tags_primeira_classe-salvador","tags_primeira_classe-viagem"],"yoast_head":"<!-- This site is optimized with the Yoast SEO plugin v23.5 - https:\/\/yoast.com\/wordpress\/plugins\/seo\/ -->\n<title>Restaurante brasileiro tem &#039;Porsche&#039; pendurado na parede - Jornal do Carro - Estad\u00e3o<\/title>\n<meta name=\"robots\" content=\"noindex, follow\" \/>\n<meta name=\"twitter:card\" content=\"summary_large_image\" \/>\n<meta name=\"twitter:title\" content=\"Restaurante brasileiro tem &#039;Porsche&#039; pendurado na parede - Jornal do Carro - Estad\u00e3o\" \/>\n<meta name=\"twitter:description\" content=\"No DAS, em Salvador, decora\u00e7\u00e3o \u00e9 inspirada no mundo das competi\u00e7\u00f5es. Veja foto\" \/>\n<meta name=\"twitter:image\" content=\"https:\/\/jornaldocarro.estadao.com.br\/wp-content\/uploads\/2017\/04\/das-abre.jpg\" \/>\n<meta name=\"twitter:label1\" content=\"Est. tempo de leitura\" \/>\n\t<meta name=\"twitter:data1\" content=\"3 minutos\" \/>\n<script type=\"application\/ld+json\" class=\"yoast-schema-graph\">{\"@context\":\"https:\/\/schema.org\",\"@graph\":[{\"@type\":\"WebPage\",\"@id\":\"https:\/\/jornaldocarro.estadao.com.br\/primeira-classe\/restaurante-brasileiro-tem-porsche-pendurado-na-parede\/\",\"url\":\"https:\/\/jornaldocarro.estadao.com.br\/primeira-classe\/restaurante-brasileiro-tem-porsche-pendurado-na-parede\/\",\"name\":\"Restaurante brasileiro tem 'Porsche' pendurado na parede - Jornal do Carro - Estad\u00e3o\",\"isPartOf\":{\"@id\":\"https:\/\/jornaldocarro.estadao.com.br\/#website\"},\"primaryImageOfPage\":{\"@id\":\"https:\/\/jornaldocarro.estadao.com.br\/primeira-classe\/restaurante-brasileiro-tem-porsche-pendurado-na-parede\/#primaryimage\"},\"image\":{\"@id\":\"https:\/\/jornaldocarro.estadao.com.br\/primeira-classe\/restaurante-brasileiro-tem-porsche-pendurado-na-parede\/#primaryimage\"},\"thumbnailUrl\":\"https:\/\/jornaldocarro.estadao.com.br\/wp-content\/uploads\/2017\/04\/das-abre.jpg\",\"datePublished\":\"2017-04-27T22:44:53+00:00\",\"dateModified\":\"2017-04-27T23:29:57+00:00\",\"breadcrumb\":{\"@id\":\"https:\/\/jornaldocarro.estadao.com.br\/primeira-classe\/restaurante-brasileiro-tem-porsche-pendurado-na-parede\/#breadcrumb\"},\"inLanguage\":\"pt-BR\",\"potentialAction\":[{\"@type\":\"ReadAction\",\"target\":[\"https:\/\/jornaldocarro.estadao.com.br\/primeira-classe\/restaurante-brasileiro-tem-porsche-pendurado-na-parede\/\"]}]},{\"@type\":\"ImageObject\",\"inLanguage\":\"pt-BR\",\"@id\":\"https:\/\/jornaldocarro.estadao.com.br\/primeira-classe\/restaurante-brasileiro-tem-porsche-pendurado-na-parede\/#primaryimage\",\"url\":\"https:\/\/jornaldocarro.estadao.com.br\/wp-content\/uploads\/2017\/04\/das-abre.jpg\",\"contentUrl\":\"https:\/\/jornaldocarro.estadao.com.br\/wp-content\/uploads\/2017\/04\/das-abre.jpg\",\"width\":4032,\"height\":2268,\"caption\":\"(Foto: Rafaela Borges\/Estad\u00e3o)\"},{\"@type\":\"BreadcrumbList\",\"@id\":\"https:\/\/jornaldocarro.estadao.com.br\/primeira-classe\/restaurante-brasileiro-tem-porsche-pendurado-na-parede\/#breadcrumb\",\"itemListElement\":[{\"@type\":\"ListItem\",\"position\":1,\"name\":\"In\u00edcio\",\"item\":\"https:\/\/jornaldocarro.estadao.com.br\/\"},{\"@type\":\"ListItem\",\"position\":2,\"name\":\"Primeira Classe\",\"item\":\"https:\/\/jornaldocarro.estadao.com.br\/primeira-classe\/\"},{\"@type\":\"ListItem\",\"position\":3,\"name\":\"Restaurante brasileiro tem 'Porsche' pendurado na parede\"}]},{\"@type\":\"WebSite\",\"@id\":\"https:\/\/jornaldocarro.estadao.com.br\/#website\",\"url\":\"https:\/\/jornaldocarro.estadao.com.br\/\",\"name\":\"Jornal do Carro - Estad\u00e3o\",\"description\":\"O portal sobre carros, motos e tudo sobre o tema ve\u00edculos no Estad\u00e3o. Fique por dentro de lan\u00e7amentos e de hist\u00f3rias dos leitores e seus carros.\",\"potentialAction\":[{\"@type\":\"SearchAction\",\"target\":{\"@type\":\"EntryPoint\",\"urlTemplate\":\"https:\/\/jornaldocarro.estadao.com.br\/?s={search_term_string}\"},\"query-input\":{\"@type\":\"PropertyValueSpecification\",\"valueRequired\":true,\"valueName\":\"search_term_string\"}}],\"inLanguage\":\"pt-BR\"}]}<\/script>\n<!-- \/ Yoast SEO plugin. -->","yoast_head_json":{"title":"Restaurante brasileiro tem 'Porsche' pendurado na parede - Jornal do Carro - Estad\u00e3o","robots":{"index":"noindex","follow":"follow"},"twitter_card":"summary_large_image","twitter_title":"Restaurante brasileiro tem 'Porsche' pendurado na parede - Jornal do Carro - Estad\u00e3o","twitter_description":"No DAS, em Salvador, decora\u00e7\u00e3o \u00e9 inspirada no mundo das competi\u00e7\u00f5es. Veja foto","twitter_image":"https:\/\/jornaldocarro.estadao.com.br\/wp-content\/uploads\/2017\/04\/das-abre.jpg","twitter_misc":{"Est. tempo de leitura":"3 minutos"},"schema":{"@context":"https:\/\/schema.org","@graph":[{"@type":"WebPage","@id":"https:\/\/jornaldocarro.estadao.com.br\/primeira-classe\/restaurante-brasileiro-tem-porsche-pendurado-na-parede\/","url":"https:\/\/jornaldocarro.estadao.com.br\/primeira-classe\/restaurante-brasileiro-tem-porsche-pendurado-na-parede\/","name":"Restaurante brasileiro tem 'Porsche' pendurado na parede - Jornal do Carro - Estad\u00e3o","isPartOf":{"@id":"https:\/\/jornaldocarro.estadao.com.br\/#website"},"primaryImageOfPage":{"@id":"https:\/\/jornaldocarro.estadao.com.br\/primeira-classe\/restaurante-brasileiro-tem-porsche-pendurado-na-parede\/#primaryimage"},"image":{"@id":"https:\/\/jornaldocarro.estadao.com.br\/primeira-classe\/restaurante-brasileiro-tem-porsche-pendurado-na-parede\/#primaryimage"},"thumbnailUrl":"https:\/\/jornaldocarro.estadao.com.br\/wp-content\/uploads\/2017\/04\/das-abre.jpg","datePublished":"2017-04-27T22:44:53+00:00","dateModified":"2017-04-27T23:29:57+00:00","breadcrumb":{"@id":"https:\/\/jornaldocarro.estadao.com.br\/primeira-classe\/restaurante-brasileiro-tem-porsche-pendurado-na-parede\/#breadcrumb"},"inLanguage":"pt-BR","potentialAction":[{"@type":"ReadAction","target":["https:\/\/jornaldocarro.estadao.com.br\/primeira-classe\/restaurante-brasileiro-tem-porsche-pendurado-na-parede\/"]}]},{"@type":"ImageObject","inLanguage":"pt-BR","@id":"https:\/\/jornaldocarro.estadao.com.br\/primeira-classe\/restaurante-brasileiro-tem-porsche-pendurado-na-parede\/#primaryimage","url":"https:\/\/jornaldocarro.estadao.com.br\/wp-content\/uploads\/2017\/04\/das-abre.jpg","contentUrl":"https:\/\/jornaldocarro.estadao.com.br\/wp-content\/uploads\/2017\/04\/das-abre.jpg","width":4032,"height":2268,"caption":"(Foto: Rafaela Borges\/Estad\u00e3o)"},{"@type":"BreadcrumbList","@id":"https:\/\/jornaldocarro.estadao.com.br\/primeira-classe\/restaurante-brasileiro-tem-porsche-pendurado-na-parede\/#breadcrumb","itemListElement":[{"@type":"ListItem","position":1,"name":"In\u00edcio","item":"https:\/\/jornaldocarro.estadao.com.br\/"},{"@type":"ListItem","position":2,"name":"Primeira Classe","item":"https:\/\/jornaldocarro.estadao.com.br\/primeira-classe\/"},{"@type":"ListItem","position":3,"name":"Restaurante brasileiro tem 'Porsche' pendurado na parede"}]},{"@type":"WebSite","@id":"https:\/\/jornaldocarro.estadao.com.br\/#website","url":"https:\/\/jornaldocarro.estadao.com.br\/","name":"Jornal do Carro - Estad\u00e3o","description":"O portal sobre carros, motos e tudo sobre o tema ve\u00edculos no Estad\u00e3o. Fique por dentro de lan\u00e7amentos e de hist\u00f3rias dos leitores e seus carros.","potentialAction":[{"@type":"SearchAction","target":{"@type":"EntryPoint","urlTemplate":"https:\/\/jornaldocarro.estadao.com.br\/?s={search_term_string}"},"query-input":{"@type":"PropertyValueSpecification","valueRequired":true,"valueName":"search_term_string"}}],"inLanguage":"pt-BR"}]}},"_links":{"self":[{"href":"https:\/\/jornaldocarro.estadao.com.br\/api\/wp\/v2\/blog_primeira_classe\/49890","targetHints":{"allow":["GET"]}}],"collection":[{"href":"https:\/\/jornaldocarro.estadao.com.br\/api\/wp\/v2\/blog_primeira_classe"}],"about":[{"href":"https:\/\/jornaldocarro.estadao.com.br\/api\/wp\/v2\/types\/blog_primeira_classe"}],"version-history":[{"count":11,"href":"https:\/\/jornaldocarro.estadao.com.br\/api\/wp\/v2\/blog_primeira_classe\/49890\/revisions"}],"predecessor-version":[{"id":49913,"href":"https:\/\/jornaldocarro.estadao.com.br\/api\/wp\/v2\/blog_primeira_classe\/49890\/revisions\/49913"}],"wp:featuredmedia":[{"embeddable":true,"href":"https:\/\/jornaldocarro.estadao.com.br\/api\/wp\/v2\/media\/49901"}],"wp:attachment":[{"href":"https:\/\/jornaldocarro.estadao.com.br\/api\/wp\/v2\/media?parent=49890"}],"curies":[{"name":"wp","href":"https:\/\/api.w.org\/{rel}","templated":true}]}}