{"id":50177,"date":"2017-05-04T16:51:45","date_gmt":"2017-05-04T19:51:45","guid":{"rendered":"http:\/\/jornaldocarro.estadao.com.br\/?post_type=blog_primeira_classe&#038;p=50177"},"modified":"2017-05-04T18:04:48","modified_gmt":"2017-05-04T21:04:48","slug":"dicas-de-turismo-na-alemanha-o-pais-dos-apaixonados-por-carros","status":"publish","type":"blog_primeira_classe","link":"https:\/\/jornaldocarro.estadao.com.br\/primeira-classe\/dicas-de-turismo-na-alemanha-o-pais-dos-apaixonados-por-carros\/","title":{"rendered":"O pa\u00eds dos apaixonados por autom\u00f3veis"},"content":{"rendered":"<p>\u00c9 bem comum eu receber, de pessoas que v\u00e3o viajar para a Alemanha, pedidos de dicas. A raz\u00e3o: j\u00e1 estive no Pa\u00eds pelo menos 20 vezes, j\u00e1 que l\u00e1 \u00e9 a casa de Porsche, BMW, Mercedes-Benz, Audi e Volkswagen. Al\u00e9m disso, o fato de o pa\u00eds ter rodovias sem limite de velocidade (e, por ora, sem ped\u00e1gio) \u00e9 um convite para qualquer montadora lan\u00e7ar seu carro em territ\u00f3rio alem\u00e3o. Afinal, al\u00e9m dos aut\u00f3dromos, onde mais se pode acelerar sem limites?<\/p><p><strong>(No Instagram: @blogprimeiraclasse)<\/strong><\/p><p>Em setembro de 2014, preparei uma s\u00e9rie, aqui no blog, batizada de \u201cTurismo na Alemanha\u201d. Nela, conto tudo o que um apaixonado por carros precisa saber antes de visitar o pa\u00eds que \u00e9 uma verdadeira imers\u00e3o no mundo do autom\u00f3vel: os museus, as estradas, as viagens de carros mais legais, aluguel de ve\u00edculos, visita a aut\u00f3dromos (para acelerar), etc. Confira <a rel=\"nofollow\" href=\"https:\/\/jornaldocarro.estadao.com.br\/primeira-classe\/roteiro-20-dias-de-turismo-automotivo-pela-alemanha\/\"><strong>aqui<\/strong><\/a>.<\/p>\n  <div style=\"width: 100%;\" id=\"render-hmeio-1\"><\/div>\n    <script type=\"text\/javascript\">\n      if(window.innerWidth > 1){\n        $(\"#render-hmeio-1\").append(`\n          <div class=\"area-publicidade-rectangular hmeio\">\n            <p>Publicidade\n            <div class=\"area-publicidade\">\n              <div id=\"hmeio1\">\n            \n          \n        `);\n\n        \n    window.jornaldocarro = window.jornaldocarro || {};\n    window.jornaldocarro.slotsAds = window.jornaldocarro.slotsAds || [];\n    window.jornaldocarro.slotsAds.push(\"hmeio1\");\n  \n      }\n    <\/script>\n  <br><p>Agora, fa\u00e7o um resumo das principais cidades para visitar no pa\u00eds, com dicas sobre onde ficar, comer e dirigir e o que visitar.<\/p><p><strong>BERLIM<\/strong><\/p><p>\u00c9 a melhor cidade da Alemanha, e talvez do mundo. Cosmopolita e multicultural, \u00e9 tamb\u00e9m muito receptiva com estrangeiros, que se comunicam com facilidade por l\u00e1: todo mundo fala ingl\u00eas. Plana, \u00e9 uma das melhores cidades para se explorar de bicicleta. As ciclovias, ali\u00e1s, s\u00e3o muito bem planejadas e o transporte \u00e9 um dos mais populares entre os berlinenses.<\/p>\n  <div style=\"width: 100%;\" id=\"render-hmeio-2\"><\/div>\n    <script type=\"text\/javascript\">\n      if(window.innerWidth > 1){\n        $(\"#render-hmeio-2\").append(`\n          <div class=\"area-publicidade-rectangular hmeio\">\n            <p>Publicidade\n            <div class=\"area-publicidade\">\n              <div id=\"hmeio2\">\n            \n          \n        `);\n\n        \n    window.jornaldocarro = window.jornaldocarro || {};\n    window.jornaldocarro.slotsAds = window.jornaldocarro.slotsAds || [];\n    window.jornaldocarro.slotsAds.push(\"hmeio2\");\n  \n      }\n    <\/script>\n  <br>\n<figure style=\"width: 2627px\" class=\"wp-caption alignnone\"><img loading=\"lazy\" decoding=\"async\" class=\"size-medium\" src=\"https:\/\/jornaldocarro.estadao.com.br\/wp-content\/uploads\/2017\/05\/24944950.jpg\" alt=\"Port\u00e3o de Brandemburgo (Foto: Pawel Kopczynski\/Reuters)\" width=\"2627\" height=\"2200\"><figcaption class=\"wp-caption-text\">Port\u00e3o de Brandemburgo (Foto: Pawel Kopczynski\/Reuters)<\/figcaption><\/figure>\n<p>\u00a0<\/p><p>\u00a0<\/p>\n  <div style=\"width: 100%;\" id=\"render-hmeio-3\"><\/div>\n    <script type=\"text\/javascript\">\n      if(window.innerWidth > 1){\n        $(\"#render-hmeio-3\").append(`\n          <div class=\"area-publicidade-rectangular hmeio\">\n            <p>Publicidade\n            <div class=\"area-publicidade\">\n              <div id=\"hmeio3\">\n            \n          \n        `);\n\n        \n    window.jornaldocarro = window.jornaldocarro || {};\n    window.jornaldocarro.slotsAds = window.jornaldocarro.slotsAds || [];\n    window.jornaldocarro.slotsAds.push(\"hmeio3\");\n  \n      }\n    <\/script>\n  <br><p><em>POR QUE VISITAR:<\/em> a capital da Alemanha conta a hist\u00f3ria do s\u00e9culo XX. Entender Berlim \u00e9 entender a Guerra Fria, \u00e9 ver o contraste entre a arquitetura cl\u00e1ssica da cidade, a da \u00e9poca da Alemanha Oriental e a contempor\u00e2nea. Berlim tamb\u00e9m tem uma infinidade de lugares para se explorar, e uma vida cultural e noturna muito agitadas.<\/p><p><em>ONDE FICAR:<\/em> O Hotel mais tradicional \u00e9 o Adlon Kempinski, na Unter den Linden, avenida mais sofisticada da cidade. Outra op\u00e7\u00e3o luxuosa \u00e9 o Ritz-Carlton, na Potsdamer Platz, ao lado do moderno Sony Center. O Sheraton e o Intercontinental s\u00e3o op\u00e7\u00f5es de cinco estrelas confort\u00e1veis e bem mais em conta.<\/p><p><em>ONDE COMER\/BADALAR:<\/em> O estrelado Lorenz, no Adlon Kempinski, \u00e9 um dos mais badalados da cidade. Acabei de receber uma dica novinha para quem quer um jantar em um restaurante bem conceituado: trata-se do asi\u00e1tico Tim Raue, pr\u00f3ximo ao Checkpoint Charlie. Meu amigo Ricardo Garcia esteve l\u00e1 hoje e o descreveu como sensacional. A Potsdamer Platz tem diversos bares e restaurantes legais para almo\u00e7ar e fazer happy hours. Ali\u00e1s, bares e restaurantes bacanas\u00a0est\u00e3o espalhados por todo o bairro de Mitte, o centro cultural de Berlim. A capital alem\u00e3 tamb\u00e9m \u00e9 bastante conhecida por suas casas noturnas. Eu, particularmente, recomendo o Harry\u2019s New York, no hotel Sheraton, que n\u00e3o tem nada a ver com a cena eletr\u00f4nica, mas oferece \u00f3timas noites de jazz e blues.<\/p>\n  <div style=\"width: 100%;\" id=\"render-hmeio-4\"><\/div>\n    <script type=\"text\/javascript\">\n      if(window.innerWidth > 1){\n        $(\"#render-hmeio-4\").append(`\n          <div class=\"area-publicidade-rectangular hmeio\">\n            <p>Publicidade\n            <div class=\"area-publicidade\">\n              <div id=\"hmeio4\">\n            \n          \n        `);\n\n        \n    window.jornaldocarro = window.jornaldocarro || {};\n    window.jornaldocarro.slotsAds = window.jornaldocarro.slotsAds || [];\n    window.jornaldocarro.slotsAds.push(\"hmeio4\");\n  \n      }\n    <\/script>\n  <br><p>\u00a0<\/p>\n<figure style=\"width: 3500px\" class=\"wp-caption alignnone\"><img loading=\"lazy\" decoding=\"async\" class=\"size-medium\" src=\"https:\/\/jornaldocarro.estadao.com.br\/wp-content\/uploads\/2017\/05\/4079276.jpg\" alt=\"Potsdamer Platz (Foto: Tobias Schwarz)\" width=\"3500\" height=\"1992\"><figcaption class=\"wp-caption-text\">Potsdamer Platz (Foto: Tobias Schwarz)<\/figcaption><\/figure>\n<p>\u00a0<\/p>\n  <div style=\"width: 100%;\" id=\"render-hmeio-5\"><\/div>\n    <script type=\"text\/javascript\">\n      if(window.innerWidth > 1){\n        $(\"#render-hmeio-5\").append(`\n          <div class=\"area-publicidade-rectangular hmeio\">\n            <p>Publicidade\n            <div class=\"area-publicidade\">\n              <div id=\"hmeio5\">\n            \n          \n        `);\n\n        \n    window.jornaldocarro = window.jornaldocarro || {};\n    window.jornaldocarro.slotsAds = window.jornaldocarro.slotsAds || [];\n    window.jornaldocarro.slotsAds.push(\"hmeio5\");\n  \n      }\n    <\/script>\n  <br><p>\u00a0<\/p><p><em>O QUE VER:<\/em> a lista \u00e9 longa. Comece pelo Reichstag, a sede do parlamento da Alemanha. Siga ent\u00e3o para o Tiegarten, um dos parques mais lindos do mundo. Logo em frente, h\u00e1 os Port\u00e3o de Brademburgo, um dos marcos da divis\u00e3o entre as Berlim Oriental e Ocidental. Atr\u00e1s dele, est\u00e1 a parte que era oriental, com a Unter den Linden, suas lojas sofisticadas e as embaixadas de diversos pa\u00edses. Na avenida paralela ao port\u00e3o, voc\u00ea encontrar\u00e1 o Memorial aos Judeus e a Potsdamer Platz. Pesquise o mapa de Berlim na \u00e9poca do muro antes de visitar essas \u00e1reas. Como a muralha que separava as duas cidades era circular, \u00e0s vezes fica dif\u00edcil saber quando se est\u00e1 em uma ou outra. V\u00e1 ao Checkpoint Charlie, que era o principal ponto de imigra\u00e7\u00e3o entre as duas partes da cidade. Ao lado, h\u00e1 um museu audiovisual que conta como era a vida em Berlim Oriental. Pr\u00f3ximos ao local, est\u00e3o os 300 metros que restaram do muro. Tamb\u00e9m valem a visita a Catedral de Berlim, a ilha dos museus, a torre de TV (onde os visitantes sobem para ter vistas panor\u00e2micas da cidade) e a Kudamm, que era a avenida principal de Berlim Ocidental. Por ali, est\u00e1 o aqu\u00e1rio de Berlim, que era a \u201ccasa\u201d de Paul, o polvo.<\/p><p><em>E OS CARROS?<\/em> Na \u00e1rea que restou do muro, \u00e9 comum ver diversos exemplares do Trabant, carro que era s\u00edmbolo da Alemanha Oriental, circulando. D\u00e1 para alugar o simp\u00e1tico modelo para fazer passeios\u00a0pela cidade. Se tiver tempo, v\u00e1 at\u00e9 Wolfsburg, sede da Volkswagen, para visitar a cidade do autom\u00f3vel, um verdadeiro parque de divers\u00f5es para os f\u00e3s de carros.<\/p>\n  <div style=\"width: 100%;\" id=\"render-hmeio-6\"><\/div>\n    <script type=\"text\/javascript\">\n      if(window.innerWidth > 1){\n        $(\"#render-hmeio-6\").append(`\n          <div class=\"area-publicidade-rectangular hmeio\">\n            <p>Publicidade\n            <div class=\"area-publicidade\">\n              <div id=\"hmeio6\">\n            \n          \n        `);\n\n        \n    window.jornaldocarro = window.jornaldocarro || {};\n    window.jornaldocarro.slotsAds = window.jornaldocarro.slotsAds || [];\n    window.jornaldocarro.slotsAds.push(\"hmeio6\");\n  \n      }\n    <\/script>\n  <br><p><strong>MUNIQUE<\/strong><\/p><p>\u00c9 a principal cidade do sul da Alemanha. Al\u00e9m de ter algumas atra\u00e7\u00f5es tur\u00edsticas imperd\u00edveis, \u00e9 mais interessante que Berlim para quem gosta de carros, pois \u00e9 a sede da BMW e fica pr\u00f3xima \u00e0 da Audi.<\/p><p><em>ONDE FICAR:<\/em> O Sofitel \u00e9 contempor\u00e2neo, luxuoso e fica ao lado da principal esta\u00e7\u00e3o de trem de Munique.<\/p>\n  <div style=\"width: 100%;\" id=\"render-hmeio-7\"><\/div>\n    <script type=\"text\/javascript\">\n      if(window.innerWidth > 1){\n        $(\"#render-hmeio-7\").append(`\n          <div class=\"area-publicidade-rectangular hmeio\">\n            <p>Publicidade\n            <div class=\"area-publicidade\">\n              <div id=\"hmeio7\">\n            \n          \n        `);\n\n        renderPubNow('hmeio', 7)\n      }\n    <\/script>\n  <br><p><em>ONDE COMER\/BADALAR:<\/em> O Tantris, contempor\u00e2neo e com duas estrelas no Guia Michelin, \u00e9 um dos melhores restaurantes que j\u00e1 visitei. No menu degusta\u00e7\u00e3o, a maioria dos pratos inclui frutos do mar. Fica pr\u00f3ximo \u00e0 sede da BMW. No centro, o tamb\u00e9m estrelado Schuhbecks traz interpreta\u00e7\u00f5es contempor\u00e2neas para a culin\u00e1ria alem\u00e3. J\u00e1 o Haxnbauer \u00e9 um dos melhores locais para experimentar os pratos tradicionais da Baviera. Pr\u00f3ximo \u00e0 Marienplatz, tem ambiente r\u00fastico t\u00edpico dos restaurantes alem\u00e3es de raiz. Para badalar, v\u00e1 ao Negroni, bar com os melhores coquet\u00e9is de Munique.<\/p><p>\u00a0<\/p>\n<figure style=\"width: 2816px\" class=\"wp-caption alignnone\"><img loading=\"lazy\" decoding=\"async\" class=\"size-medium\" src=\"https:\/\/jornaldocarro.estadao.com.br\/wp-content\/uploads\/2017\/05\/22249801.jpg\" alt=\"Marienplatz (Foto: Camila Anauate\/Estad\u00e3o)\" width=\"2816\" height=\"2112\"><figcaption class=\"wp-caption-text\"><div style=\"width: 100%;\" id=\"render-hmeio-8\"><\/div>\n    <script type=\"text\/javascript\">\n      if(window.innerWidth > 1){\n        $(\"#render-hmeio-8\").append(`\n          <div class=\"area-publicidade-rectangular hmeio\">\n            <p>Publicidade\n            <div class=\"area-publicidade\">\n              <div id=\"hmeio8\">\n            \n          \n        `);\n\n        renderPubNow('hmeio', 8)\n      }\n    <\/script>\n  <br> Marienplatz (Foto: Camila Anauate\/Estad\u00e3o)<\/figcaption><\/figure>\n<p>\u00a0<\/p><p>\u00a0<\/p><p><em>O QUE VER:<\/em> Comece pela Marienplatz e fa\u00e7a um tour a p\u00e9 pelo centro da cidade. Caminhe pela avenida Maximilian, a mais sofisticada de Munique, com restaurantes e lojas de grife. O Englischer Garten, principal parque da cidade, \u00e9 imenso e lindo. Bom para relaxar, caminhar, praticar esportes e fazer um dos mais tradicionais programas da cidade: comer salsicha e tomar cerveja de barraquinha. E por falar em cerveja, Munique \u00e9 sede da Oktoberfast, e tamb\u00e9m das mais famosas cervejarias da Alemanha. Para quem gosta da bebida, vale fazer um tour por uma delas, para saber como o produto \u00e9 fabricado e tamb\u00e9m para degusta\u00e7\u00e3o. H\u00e1 pacotes que incluem almo\u00e7o ou jantar.<\/p>\n  <div style=\"width: 100%;\" id=\"render-hmeio-9\"><\/div>\n    <script type=\"text\/javascript\">\n      if(window.innerWidth > 1){\n        $(\"#render-hmeio-9\").append(`\n          <div class=\"area-publicidade-rectangular hmeio\">\n            <p>Publicidade\n            <div class=\"area-publicidade\">\n              <div id=\"hmeio9\">\n            \n          \n        `);\n\n        renderPubNow('hmeio', 9)\n      }\n    <\/script>\n  <br><p><em>E OS CARROS?<\/em> Ao lado do est\u00e1dio ol\u00edmpico, que fica em um parque, est\u00e1 a sede da BMW, e tamb\u00e9m seu museu, com um acervo riqu\u00edssimo. Se der tempo, v\u00e1 ao BMW Welt para ver os carros mais modernos da marca, e tamb\u00e9m para fazer um happy hour no restaurante do local. A 70 km de Munique est\u00e1 Ingolstadt, cidade-sede da Audi, que tamb\u00e9m tem seu museu por l\u00e1. \u00c9 mais compacto, mas tamb\u00e9m vale a visita, para conhecer as origens da marca das quatro argolas. E, se estiver l\u00e1, v\u00e1 at\u00e9 Neuburg para conhecer a sede da Audi Sport e fazer um curso de dire\u00e7\u00e3o na pista exclusiva da montadora. Veja detalhes <a rel=\"nofollow\" href=\"https:\/\/jornaldocarro.estadao.com.br\/primeira-classe\/relato-sobre-um-desafio-na-pista-com-o-audi-r8\/\"><strong>aqui<\/strong><\/a>. Por fim, a partir de Munique, d\u00e1 para se explorar diversos outros locais, como a Rota Rom\u00e2ntica e seus castelos (o Neuschwanstein inspirou o castelo da Cinderela, na Disney, nos EUA), ou a \u00c1ustria \u2013 ir at\u00e9 Salzburgo \u00e9 uma \u00f3tima pedida. Alugue um autom\u00f3vel bem legal e divirta-se nas rodovias alem\u00e3s.<\/p><p>\u00a0<\/p>\n<figure style=\"width: 2816px\" class=\"wp-caption alignnone\"><img loading=\"lazy\" decoding=\"async\" class=\"size-medium\" src=\"https:\/\/jornaldocarro.estadao.com.br\/wp-content\/uploads\/2017\/05\/22249665.jpg\" alt=\"Neuschwanstein (Foto: Camila Anauate\/Estad\u00e3o)\" width=\"2816\" height=\"2112\"><figcaption class=\"wp-caption-text\"><div style=\"width: 100%;\" id=\"render-hmeio-10\"><\/div>\n    <script type=\"text\/javascript\">\n      if(window.innerWidth > 1){\n        $(\"#render-hmeio-10\").append(`\n          <div class=\"area-publicidade-rectangular hmeio\">\n            <p>Publicidade\n            <div class=\"area-publicidade\">\n              <div id=\"hmeio10\">\n            \n          \n        `);\n\n        renderPubNow('hmeio', 10)\n      }\n    <\/script>\n  <br> Neuschwanstein (Foto: Camila Anauate\/Estad\u00e3o)<\/figcaption><\/figure>\n<p>\u00a0<\/p><p>\u00a0<\/p><p><strong>STUTTGART<\/strong><\/p>\n  <div style=\"width: 100%;\" id=\"render-hmeio-11\"><\/div>\n    <script type=\"text\/javascript\">\n      if(window.innerWidth > 1){\n        $(\"#render-hmeio-11\").append(`\n          <div class=\"area-publicidade-rectangular hmeio\">\n            <p>Publicidade\n            <div class=\"area-publicidade\">\n              <div id=\"hmeio11\">\n            \n          \n        `);\n\n        renderPubNow('hmeio', 11)\n      }\n    <\/script>\n  <br><p>\u00c9 a sede da Porsche e da Mercedes-Benz. A \u201cestrela\u201d desta montadora, ali\u00e1s, est\u00e1 bem no alto da principal esta\u00e7\u00e3o de trem da cidade. Aqui, as principais atra\u00e7\u00f5es s\u00e3o os museus das duas fabricantes. O da Mercedes, ali\u00e1s, se confunde com a pr\u00f3pria hist\u00f3ria do autom\u00f3vel. Se estiver na cidade, confira tamb\u00e9m sua arquitetura cl\u00e1ssica, bem evidente no \u201cCastelo de Stuttgart\u201d, que \u00e9 sede do poder executivo, e na universidade da cidade.<\/p>\n<figure style=\"width: 2048px\" class=\"wp-caption alignnone\"><img loading=\"lazy\" decoding=\"async\" class=\"size-medium\" src=\"https:\/\/jornaldocarro.estadao.com.br\/wp-content\/uploads\/2017\/05\/27182138.jpg\" alt=\"Floresta Negra (Foto: AFP)\" width=\"2048\" height=\"1392\"><figcaption class=\"wp-caption-text\">Floresta Negra (Foto: AFP)<\/figcaption><\/figure>\n<p>\u00a0<\/p>\n  <div style=\"width: 100%;\" id=\"render-hmeio-12\"><\/div>\n    <script type=\"text\/javascript\">\n      if(window.innerWidth > 1){\n        $(\"#render-hmeio-12\").append(`\n          <div class=\"area-publicidade-rectangular hmeio\">\n            <p>Publicidade\n            <div class=\"area-publicidade\">\n              <div id=\"hmeio12\">\n            \n          \n        `);\n\n        renderPubNow('hmeio', 12)\n      }\n    <\/script>\n  <br><p>Para se hospedar, uma boa dica \u00e9 o Steingenberger, cinco-estrelas com quartos amplos e aconchegantes em frente a esta\u00e7\u00e3o principal de trem \u2013 h\u00e1 boas op\u00e7\u00f5es de bares e restaurantes nas imedia\u00e7\u00f5es. Para ir al\u00e9m, alugue um carro e v\u00e1 at\u00e9 Baden-Baden, a 110 km. De l\u00e1, dirija mais 110 km at\u00e9 Freiburg. Entre as duas cidades est\u00e1 uma das rotas tur\u00edsticas mais tradicionais da Alemanha, a Floresta Negra, com suas lendas sobre lobisomens, an\u00f5es e outros seres mitol\u00f3gicos, al\u00e9m de cachoeiras e paisagens deslumbrantes.<\/p><p>\u00a0<\/p><p>\u00a0<\/p>\n  <div style=\"width: 100%;\" id=\"render-hmeio-13\"><\/div>\n    <script type=\"text\/javascript\">\n      if(window.innerWidth > 1){\n        $(\"#render-hmeio-13\").append(`\n          <div class=\"area-publicidade-rectangular hmeio\">\n            <p>Publicidade\n            <div class=\"area-publicidade\">\n              <div id=\"hmeio13\">\n            \n          \n        `);\n\n        renderPubNow('hmeio', 13)\n      }\n    <\/script>\n  <br><p><strong>FRANKFURT<\/strong><\/p><p>\u00c9 a capital financeira da Alemanha, repleta de bons restaurantes e hot\u00e9is. Al\u00e9m disso, em Frankfurt est\u00e1 o maior aeroporto do pa\u00eds, o que acaba levando muitos turistas a passarem pela cidade, principal ponto de acesso a\u00e9reo ao territ\u00f3rio alem\u00e3o.<\/p><p>Tamb\u00e9m em Frankfurt est\u00e3o muitas feiras mundiais importantes, como a liter\u00e1ria, a de design e, principalmente, a automotiva, que \u00e9 bienal (este ano tem edi\u00e7\u00e3o do Sal\u00e3o de Frankfurt, em setembro). Terra natal de Goethe, tem um museu dedicado ao escritor.<\/p>\n  <div style=\"width: 100%;\" id=\"render-hmeio-14\"><\/div>\n    <script type=\"text\/javascript\">\n      if(window.innerWidth > 1){\n        $(\"#render-hmeio-14\").append(`\n          <div class=\"area-publicidade-rectangular hmeio\">\n            <p>Publicidade\n            <div class=\"area-publicidade\">\n              <div id=\"hmeio14\">\n            \n          \n        `);\n\n        renderPubNow('hmeio', 14)\n      }\n    <\/script>\n  <br>\n<figure style=\"width: 3500px\" class=\"wp-caption alignnone\"><img loading=\"lazy\" decoding=\"async\" class=\"size-medium\" src=\"https:\/\/jornaldocarro.estadao.com.br\/wp-content\/uploads\/2017\/05\/10479316.jpg\" alt=\"Frankfurt \u00e9 a capital financeira da Alemanha (Foto: Alex Domansk\/Reuters)\" width=\"3500\" height=\"2391\"><figcaption class=\"wp-caption-text\">Frankfurt \u00e9 a capital financeira da Alemanha (Foto: Alex Domansk\/Reuters)<\/figcaption><\/figure>\n<p>\u00a0<\/p><p>\u00a0<\/p>\n  <div style=\"width: 100%;\" id=\"render-hmeio-15\"><\/div>\n    <script type=\"text\/javascript\">\n      if(window.innerWidth > 1){\n        $(\"#render-hmeio-15\").append(`\n          <div class=\"area-publicidade-rectangular hmeio\">\n            <p>Publicidade\n            <div class=\"area-publicidade\">\n              <div id=\"hmeio15\">\n            \n          \n        `);\n\n        renderPubNow('hmeio', 15)\n      }\n    <\/script>\n  <br><p>Na Main Tower, o visitante tem uma vista panor\u00e2mica da cidade. D\u00e1 para fazer um passeio de bike\u00a0pelas margens e pontes do Rio Main, ou de barco, para conhecer um pouco mais da hist\u00f3ria da cidade. O centro hist\u00f3rico tem constru\u00e7\u00f5es tipicamente alem\u00e3s, muitos restaurantes tradicionais e contempor\u00e2neos e diversos pr\u00e9dios\u00a0modernos, comuns em centros financeiros. Como em Berlim, o Frankfurt o novo e o cl\u00e1ssico convivem, mas sem tanto charme quanto na capital alem\u00e3.<\/p><p>\u00a0<\/p>\n<figure style=\"width: 3500px\" class=\"wp-caption alignnone\"><img loading=\"lazy\" decoding=\"async\" class=\"size-medium\" src=\"https:\/\/jornaldocarro.estadao.com.br\/wp-content\/uploads\/2017\/05\/31320714.jpg\" alt=\"Centro de Frankfurt (Foto: Kai Pfaffenbach\/Reuters)\" width=\"3500\" height=\"2275\"><figcaption class=\"wp-caption-text\"><div style=\"width: 100%;\" id=\"render-hmeio-16\"><\/div>\n    <script type=\"text\/javascript\">\n      if(window.innerWidth > 1){\n        $(\"#render-hmeio-16\").append(`\n          <div class=\"area-publicidade-rectangular hmeio\">\n            <p>Publicidade\n            <div class=\"area-publicidade\">\n              <div id=\"hmeio16\">\n            \n          \n        `);\n\n        renderPubNow('hmeio', 16)\n      }\n    <\/script>\n  <br> Centro de Frankfurt (Foto: Kai Pfaffenbach\/Reuters)<\/figcaption><\/figure>\n<p>\u00a0<\/p><p>Nessa parte da cidade, visite a pra\u00e7a da Alte Opera\u00a0 (\u00d3pera Antiga), um marco da arquitetura. Para se hospedar, o Steigenberger Frankfurt Hof \u00e9 um cinco estrelas luxuoso, com quartos espa\u00e7osos e \u00f3tima localiza\u00e7\u00e3o. Suas \u00e1reas sociais t\u00eam exposi\u00e7\u00e3o de alguns carros raros.<\/p><p>Se estiver s\u00f3 de passagem e for ficar no aeroporto \u2013 a cerca de 20 minutos do centro -, o Sheraton \u00e9 excelente op\u00e7\u00e3o. Tem variedade de bares e restaurantes e fica do lado da esta\u00e7\u00e3o de trem. No centro, prove a culin\u00e1ria tradicional alem\u00e3 no bar da Paulaner.<\/p>\n  <div style=\"width: 100%;\" id=\"render-hmeio-17\"><\/div>\n    <script type=\"text\/javascript\">\n      if(window.innerWidth > 1){\n        $(\"#render-hmeio-17\").append(`\n          <div class=\"area-publicidade-rectangular hmeio\">\n            <p>Publicidade\n            <div class=\"area-publicidade\">\n              <div id=\"hmeio17\">\n            \n          \n        `);\n\n        renderPubNow('hmeio', 17)\n      }\n    <\/script>\n  <br><p><strong>COL\u00d4NIA<\/strong><\/p>\n<figure style=\"width: 3500px\" class=\"wp-caption alignnone\"><img loading=\"lazy\" decoding=\"async\" class=\"size-medium\" src=\"https:\/\/jornaldocarro.estadao.com.br\/wp-content\/uploads\/2017\/05\/3009862.jpg\" alt=\"Catedral de Col\u00f4nia (Foto: Wolfgang Rattay\/Reuters)\" width=\"3500\" height=\"2333\"><figcaption class=\"wp-caption-text\">Catedral de Col\u00f4nia (Foto: Wolfgang Rattay\/Reuters)<\/figcaption><\/figure>\n<p>\u00a0<\/p>\n  <div style=\"width: 100%;\" id=\"render-hmeio-18\"><\/div>\n    <script type=\"text\/javascript\">\n      if(window.innerWidth > 1){\n        $(\"#render-hmeio-18\").append(`\n          <div class=\"area-publicidade-rectangular hmeio\">\n            <p>Publicidade\n            <div class=\"area-publicidade\">\n              <div id=\"hmeio18\">\n            \n          \n        `);\n\n        renderPubNow('hmeio', 18)\n      }\n    <\/script>\n  <br><p>A principal atra\u00e7\u00e3o da cidade \u00e9 a catedral, uma das mais bonitas da Europa. Al\u00e9m disso, Col\u00f4nia \u00e9 sede do mais famoso carnaval da Alemanha. Para quem sonha em pilotar um carro em Nurburgring \u2013 ou em sua vers\u00e3o estendida, Nordschleife, com mais de 20 km -, a cidade importante mais pr\u00f3xima \u00e9 Col\u00f4nia, a cerca de 100 km.<\/p><p>\u00a0<\/p><p>GALERIA: DEZ ESTRADAS INCR\u00cdVEIS PARA QUEM GOSTA DE DIRIGIR<\/p>\n  <div style=\"width: 100%;\" id=\"render-hmeio-19\"><\/div>\n    <script type=\"text\/javascript\">\n      if(window.innerWidth > 1){\n        $(\"#render-hmeio-19\").append(`\n          <div class=\"area-publicidade-rectangular hmeio\">\n            <p>Publicidade\n            <div class=\"area-publicidade\">\n              <div id=\"hmeio19\">\n            \n          \n        `);\n\n        renderPubNow('hmeio', 19)\n      }\n    <\/script>\n  <br>\n\n<div class=\"clearfix\"><\/div>\n<div data-gallery-id=\"29584\" class=\"jc-img-gallery-wrapper mt-3 mb-2\">\n  <div class=\"jc-img-gallery\" id=\"jc-img-gallery-29584\" data-gallery-title=\"O pa\u00eds dos apaixonados por autom\u00f3veis\">\n      <\/div>\n\n<\/div>\n<div class=\"clearfix\"><\/div>\n\n","protected":false},"excerpt":{"rendered":"<p>\u00c9 bem comum eu receber, de pessoas que v\u00e3o viajar para a Alemanha, pedidos de dicas. A raz\u00e3o: j\u00e1 estive<a rel=\"nofollow\" href=\"https:\/\/jornaldocarro.estadao.com.br\/primeira-classe\/dicas-de-turismo-na-alemanha-o-pais-dos-apaixonados-por-carros\/\" aria-label=\"... leia mais\" role=\"link\">&#8230; leia mais<\/a><\/p>\n","protected":false},"featured_media":50311,"template":"","class_list":["post-50177","blog_primeira_classe","type-blog_primeira_classe","status-publish","has-post-thumbnail","hentry","tags_primeira_classe-alemanha","tags_primeira_classe-berlim","tags_primeira_classe-estilo-de-vida","tags_primeira_classe-munique","tags_primeira_classe-nuburgring","tags_primeira_classe-stuttgart","tags_primeira_classe-turismo-na-alemanha","tags_primeira_classe-viagem"],"yoast_head":"<!-- This site is optimized with the Yoast SEO plugin v23.5 - https:\/\/yoast.com\/wordpress\/plugins\/seo\/ -->\n<title>O pa\u00eds dos apaixonados por autom\u00f3veis - Jornal do Carro - Estad\u00e3o<\/title>\n<meta name=\"robots\" content=\"noindex, follow\" \/>\n<meta name=\"twitter:card\" content=\"summary_large_image\" \/>\n<meta name=\"twitter:title\" content=\"O pa\u00eds dos apaixonados por autom\u00f3veis - Jornal do Carro - Estad\u00e3o\" \/>\n<meta name=\"twitter:description\" content=\"\u00c9 bem comum eu receber, de pessoas que v\u00e3o viajar para a Alemanha, pedidos de dicas. A raz\u00e3o: j\u00e1 estive... leia mais\" \/>\n<meta name=\"twitter:image\" content=\"https:\/\/jornaldocarro.estadao.com.br\/wp-content\/uploads\/2017\/05\/24979936.jpg\" \/>\n<meta name=\"twitter:label1\" content=\"Est. tempo de leitura\" \/>\n\t<meta name=\"twitter:data1\" content=\"9 minutos\" \/>\n<script type=\"application\/ld+json\" class=\"yoast-schema-graph\">{\"@context\":\"https:\/\/schema.org\",\"@graph\":[{\"@type\":\"WebPage\",\"@id\":\"https:\/\/jornaldocarro.estadao.com.br\/primeira-classe\/dicas-de-turismo-na-alemanha-o-pais-dos-apaixonados-por-carros\/\",\"url\":\"https:\/\/jornaldocarro.estadao.com.br\/primeira-classe\/dicas-de-turismo-na-alemanha-o-pais-dos-apaixonados-por-carros\/\",\"name\":\"O pa\u00eds dos apaixonados por autom\u00f3veis - Jornal do Carro - Estad\u00e3o\",\"isPartOf\":{\"@id\":\"https:\/\/jornaldocarro.estadao.com.br\/#website\"},\"primaryImageOfPage\":{\"@id\":\"https:\/\/jornaldocarro.estadao.com.br\/primeira-classe\/dicas-de-turismo-na-alemanha-o-pais-dos-apaixonados-por-carros\/#primaryimage\"},\"image\":{\"@id\":\"https:\/\/jornaldocarro.estadao.com.br\/primeira-classe\/dicas-de-turismo-na-alemanha-o-pais-dos-apaixonados-por-carros\/#primaryimage\"},\"thumbnailUrl\":\"https:\/\/jornaldocarro.estadao.com.br\/wp-content\/uploads\/2017\/05\/24979936.jpg\",\"datePublished\":\"2017-05-04T19:51:45+00:00\",\"dateModified\":\"2017-05-04T21:04:48+00:00\",\"breadcrumb\":{\"@id\":\"https:\/\/jornaldocarro.estadao.com.br\/primeira-classe\/dicas-de-turismo-na-alemanha-o-pais-dos-apaixonados-por-carros\/#breadcrumb\"},\"inLanguage\":\"pt-BR\",\"potentialAction\":[{\"@type\":\"ReadAction\",\"target\":[\"https:\/\/jornaldocarro.estadao.com.br\/primeira-classe\/dicas-de-turismo-na-alemanha-o-pais-dos-apaixonados-por-carros\/\"]}]},{\"@type\":\"ImageObject\",\"inLanguage\":\"pt-BR\",\"@id\":\"https:\/\/jornaldocarro.estadao.com.br\/primeira-classe\/dicas-de-turismo-na-alemanha-o-pais-dos-apaixonados-por-carros\/#primaryimage\",\"url\":\"https:\/\/jornaldocarro.estadao.com.br\/wp-content\/uploads\/2017\/05\/24979936.jpg\",\"contentUrl\":\"https:\/\/jornaldocarro.estadao.com.br\/wp-content\/uploads\/2017\/05\/24979936.jpg\",\"width\":3324,\"height\":2240,\"caption\":\"Pa\u00eds tem estradas sem limites de velocidade e muitas maravilhas para visitar (Foto: Michaela Rehle\/Reuters)\"},{\"@type\":\"BreadcrumbList\",\"@id\":\"https:\/\/jornaldocarro.estadao.com.br\/primeira-classe\/dicas-de-turismo-na-alemanha-o-pais-dos-apaixonados-por-carros\/#breadcrumb\",\"itemListElement\":[{\"@type\":\"ListItem\",\"position\":1,\"name\":\"In\u00edcio\",\"item\":\"https:\/\/jornaldocarro.estadao.com.br\/\"},{\"@type\":\"ListItem\",\"position\":2,\"name\":\"Primeira Classe\",\"item\":\"https:\/\/jornaldocarro.estadao.com.br\/primeira-classe\/\"},{\"@type\":\"ListItem\",\"position\":3,\"name\":\"O pa\u00eds dos apaixonados por autom\u00f3veis\"}]},{\"@type\":\"WebSite\",\"@id\":\"https:\/\/jornaldocarro.estadao.com.br\/#website\",\"url\":\"https:\/\/jornaldocarro.estadao.com.br\/\",\"name\":\"Jornal do Carro - Estad\u00e3o\",\"description\":\"O portal sobre carros, motos e tudo sobre o tema ve\u00edculos no Estad\u00e3o. Fique por dentro de lan\u00e7amentos e de hist\u00f3rias dos leitores e seus carros.\",\"potentialAction\":[{\"@type\":\"SearchAction\",\"target\":{\"@type\":\"EntryPoint\",\"urlTemplate\":\"https:\/\/jornaldocarro.estadao.com.br\/?s={search_term_string}\"},\"query-input\":{\"@type\":\"PropertyValueSpecification\",\"valueRequired\":true,\"valueName\":\"search_term_string\"}}],\"inLanguage\":\"pt-BR\"}]}<\/script>\n<!-- \/ Yoast SEO plugin. -->","yoast_head_json":{"title":"O pa\u00eds dos apaixonados por autom\u00f3veis - Jornal do Carro - Estad\u00e3o","robots":{"index":"noindex","follow":"follow"},"twitter_card":"summary_large_image","twitter_title":"O pa\u00eds dos apaixonados por autom\u00f3veis - Jornal do Carro - Estad\u00e3o","twitter_description":"\u00c9 bem comum eu receber, de pessoas que v\u00e3o viajar para a Alemanha, pedidos de dicas. A raz\u00e3o: j\u00e1 estive... leia mais","twitter_image":"https:\/\/jornaldocarro.estadao.com.br\/wp-content\/uploads\/2017\/05\/24979936.jpg","twitter_misc":{"Est. tempo de leitura":"9 minutos"},"schema":{"@context":"https:\/\/schema.org","@graph":[{"@type":"WebPage","@id":"https:\/\/jornaldocarro.estadao.com.br\/primeira-classe\/dicas-de-turismo-na-alemanha-o-pais-dos-apaixonados-por-carros\/","url":"https:\/\/jornaldocarro.estadao.com.br\/primeira-classe\/dicas-de-turismo-na-alemanha-o-pais-dos-apaixonados-por-carros\/","name":"O pa\u00eds dos apaixonados por autom\u00f3veis - Jornal do Carro - Estad\u00e3o","isPartOf":{"@id":"https:\/\/jornaldocarro.estadao.com.br\/#website"},"primaryImageOfPage":{"@id":"https:\/\/jornaldocarro.estadao.com.br\/primeira-classe\/dicas-de-turismo-na-alemanha-o-pais-dos-apaixonados-por-carros\/#primaryimage"},"image":{"@id":"https:\/\/jornaldocarro.estadao.com.br\/primeira-classe\/dicas-de-turismo-na-alemanha-o-pais-dos-apaixonados-por-carros\/#primaryimage"},"thumbnailUrl":"https:\/\/jornaldocarro.estadao.com.br\/wp-content\/uploads\/2017\/05\/24979936.jpg","datePublished":"2017-05-04T19:51:45+00:00","dateModified":"2017-05-04T21:04:48+00:00","breadcrumb":{"@id":"https:\/\/jornaldocarro.estadao.com.br\/primeira-classe\/dicas-de-turismo-na-alemanha-o-pais-dos-apaixonados-por-carros\/#breadcrumb"},"inLanguage":"pt-BR","potentialAction":[{"@type":"ReadAction","target":["https:\/\/jornaldocarro.estadao.com.br\/primeira-classe\/dicas-de-turismo-na-alemanha-o-pais-dos-apaixonados-por-carros\/"]}]},{"@type":"ImageObject","inLanguage":"pt-BR","@id":"https:\/\/jornaldocarro.estadao.com.br\/primeira-classe\/dicas-de-turismo-na-alemanha-o-pais-dos-apaixonados-por-carros\/#primaryimage","url":"https:\/\/jornaldocarro.estadao.com.br\/wp-content\/uploads\/2017\/05\/24979936.jpg","contentUrl":"https:\/\/jornaldocarro.estadao.com.br\/wp-content\/uploads\/2017\/05\/24979936.jpg","width":3324,"height":2240,"caption":"Pa\u00eds tem estradas sem limites de velocidade e muitas maravilhas para visitar (Foto: Michaela Rehle\/Reuters)"},{"@type":"BreadcrumbList","@id":"https:\/\/jornaldocarro.estadao.com.br\/primeira-classe\/dicas-de-turismo-na-alemanha-o-pais-dos-apaixonados-por-carros\/#breadcrumb","itemListElement":[{"@type":"ListItem","position":1,"name":"In\u00edcio","item":"https:\/\/jornaldocarro.estadao.com.br\/"},{"@type":"ListItem","position":2,"name":"Primeira Classe","item":"https:\/\/jornaldocarro.estadao.com.br\/primeira-classe\/"},{"@type":"ListItem","position":3,"name":"O pa\u00eds dos apaixonados por autom\u00f3veis"}]},{"@type":"WebSite","@id":"https:\/\/jornaldocarro.estadao.com.br\/#website","url":"https:\/\/jornaldocarro.estadao.com.br\/","name":"Jornal do Carro - Estad\u00e3o","description":"O portal sobre carros, motos e tudo sobre o tema ve\u00edculos no Estad\u00e3o. Fique por dentro de lan\u00e7amentos e de hist\u00f3rias dos leitores e seus carros.","potentialAction":[{"@type":"SearchAction","target":{"@type":"EntryPoint","urlTemplate":"https:\/\/jornaldocarro.estadao.com.br\/?s={search_term_string}"},"query-input":{"@type":"PropertyValueSpecification","valueRequired":true,"valueName":"search_term_string"}}],"inLanguage":"pt-BR"}]}},"_links":{"self":[{"href":"https:\/\/jornaldocarro.estadao.com.br\/api\/wp\/v2\/blog_primeira_classe\/50177","targetHints":{"allow":["GET"]}}],"collection":[{"href":"https:\/\/jornaldocarro.estadao.com.br\/api\/wp\/v2\/blog_primeira_classe"}],"about":[{"href":"https:\/\/jornaldocarro.estadao.com.br\/api\/wp\/v2\/types\/blog_primeira_classe"}],"version-history":[{"count":20,"href":"https:\/\/jornaldocarro.estadao.com.br\/api\/wp\/v2\/blog_primeira_classe\/50177\/revisions"}],"predecessor-version":[{"id":51910,"href":"https:\/\/jornaldocarro.estadao.com.br\/api\/wp\/v2\/blog_primeira_classe\/50177\/revisions\/51910"}],"wp:featuredmedia":[{"embeddable":true,"href":"https:\/\/jornaldocarro.estadao.com.br\/api\/wp\/v2\/media\/50311"}],"wp:attachment":[{"href":"https:\/\/jornaldocarro.estadao.com.br\/api\/wp\/v2\/media?parent=50177"}],"curies":[{"name":"wp","href":"https:\/\/api.w.org\/{rel}","templated":true}]}}