{"id":55128,"date":"2017-08-03T16:55:00","date_gmt":"2017-08-03T19:55:00","guid":{"rendered":"http:\/\/jornaldocarro.estadao.com.br\/?post_type=blog_primeira_classe&#038;p=55128"},"modified":"2017-08-03T16:55:00","modified_gmt":"2017-08-03T19:55:00","slug":"mercado-de-carros-de-luxo-tem-lideres-de-vendas-ineditos","status":"publish","type":"blog_primeira_classe","link":"https:\/\/jornaldocarro.estadao.com.br\/primeira-classe\/mercado-de-carros-de-luxo-tem-lideres-de-vendas-ineditos\/","title":{"rendered":"Mercado de carros de luxo tem l\u00edderes de vendas in\u00e9ditos"},"content":{"rendered":"<p>O mercado de carros de luxo tem surpresas em julho. Pela primeira vez no ano, a BMW liderou o ranking de marcas. O resultado foi impulsionado pelo bom desempenho do S\u00e9rie 3 e do X1. Esses modelos s\u00e3o os carros-chefes da marca no Pa\u00eds.<\/p><p>J\u00e1 entre os carros, o Discovery Sport, tamb\u00e9m da Land Rover, foi l\u00edder pela primeira vez em 2017. At\u00e9 ent\u00e3o, apenas Mercedes-Benz GLA e Audi Q3 haviam liderado os emplacamentos do segmento premium.<\/p><p>\u00a0<\/p>\n  <div style=\"width: 100%;\" id=\"render-hmeio-1\"><\/div>\n    <script type=\"text\/javascript\">\n      if(window.innerWidth > 1){\n        $(\"#render-hmeio-1\").append(`\n          <div class=\"area-publicidade-rectangular hmeio\">\n            <p>Publicidade\n            <div class=\"area-publicidade\">\n              <div id=\"hmeio1\">\n            \n          \n        `);\n\n        \n    window.jornaldocarro = window.jornaldocarro || {};\n    window.jornaldocarro.slotsAds = window.jornaldocarro.slotsAds || [];\n    window.jornaldocarro.slotsAds.push(\"hmeio1\");\n  \n      }\n    <\/script>\n  <br><p><strong>AS RAZ\u00d5ES DO SUCESSO<\/strong><\/p><p>A Fenabrave, que re\u00fane associa\u00e7\u00f5es de concession\u00e1rias e divulga mensalmente os n\u00fameros de vendas, agrupa os emplacamentos dos modelos Discovery.<\/p><p>Assim, s\u00e3o somadas as vendas do Discovery e do Discovery Sport. O primeiro modelo, mais requintado, teve nova gera\u00e7\u00e3o lan\u00e7ada no \u00faltimo m\u00eas. Isso, certamente, impulsionou as vendas do carro, que somou 390 emplacamentos.<\/p>\n  <div style=\"width: 100%;\" id=\"render-hmeio-2\"><\/div>\n    <script type=\"text\/javascript\">\n      if(window.innerWidth > 1){\n        $(\"#render-hmeio-2\").append(`\n          <div class=\"area-publicidade-rectangular hmeio\">\n            <p>Publicidade\n            <div class=\"area-publicidade\">\n              <div id=\"hmeio2\">\n            \n          \n        `);\n\n        \n    window.jornaldocarro = window.jornaldocarro || {};\n    window.jornaldocarro.slotsAds = window.jornaldocarro.slotsAds || [];\n    window.jornaldocarro.slotsAds.push(\"hmeio2\");\n  \n      }\n    <\/script>\n  <br><p>Assim, o m\u00e9rito da BMW aumenta. Isso porque o S\u00e9rie 3 foi segundo colocado, com 382 unidades vendidas. O X1 foi terceiro, com total de 375 emplacamentos (veja ranking na galeria abaixo).<\/p><p>Outra surpresa \u00e9 o Range Rover. O modelo topo de linha da Land Rover apareceu pela primeira vez na lista dos dez mais vendidos, com 98 unidades emplacadas.<\/p><p>As vendas dessa linha somam os emplacamentos do Range Rover e do Range Rover Sport. O n\u00famero de unidades comercializadas do Evoque \u00e9 divulgado separadamente.<\/p>\n  <div style=\"width: 100%;\" id=\"render-hmeio-3\"><\/div>\n    <script type=\"text\/javascript\">\n      if(window.innerWidth > 1){\n        $(\"#render-hmeio-3\").append(`\n          <div class=\"area-publicidade-rectangular hmeio\">\n            <p>Publicidade\n            <div class=\"area-publicidade\">\n              <div id=\"hmeio3\">\n            \n          \n        `);\n\n        \n    window.jornaldocarro = window.jornaldocarro || {};\n    window.jornaldocarro.slotsAds = window.jornaldocarro.slotsAds || [];\n    window.jornaldocarro.slotsAds.push(\"hmeio3\");\n  \n      }\n    <\/script>\n  <br><p>\u00a0<\/p><p><strong>MUDAN\u00c7AS ENTRE AS MONTADORAS<\/strong><\/p><p>At\u00e9 junho, apenas a Mercedes-Benz tinha liderado as vendas mensais do segmento premium. Em julho, a BMW somou 1.035 emplacamentos.<\/p>\n  <div style=\"width: 100%;\" id=\"render-hmeio-4\"><\/div>\n    <script type=\"text\/javascript\">\n      if(window.innerWidth > 1){\n        $(\"#render-hmeio-4\").append(`\n          <div class=\"area-publicidade-rectangular hmeio\">\n            <p>Publicidade\n            <div class=\"area-publicidade\">\n              <div id=\"hmeio4\">\n            \n          \n        `);\n\n        \n    window.jornaldocarro = window.jornaldocarro || {};\n    window.jornaldocarro.slotsAds = window.jornaldocarro.slotsAds || [];\n    window.jornaldocarro.slotsAds.push(\"hmeio4\");\n  \n      }\n    <\/script>\n  <br><p>Com isso, jogou a Mercedes para o segundo lugar. A marca teve 1.019 unidades vendidas.<\/p><p>A Audi, com um m\u00eas ruim do A3 Sedan, foi apenas terceira colocada na lista. A marca teve 823 emplacamentos, ante os 648 da Land Rover, que ocupou a terceira posi\u00e7\u00e3o.<\/p><p>No acumulado do ano, a Mercedes lidera, com 6.565 unidades vendidas. A Audi tem 5.396 emplacamentos e a BMWm 5.310. Land Rover soma 3.552 carros comercializados e Volvo, 1.836.<\/p>\n  <div style=\"width: 100%;\" id=\"render-hmeio-5\"><\/div>\n    <script type=\"text\/javascript\">\n      if(window.innerWidth > 1){\n        $(\"#render-hmeio-5\").append(`\n          <div class=\"area-publicidade-rectangular hmeio\">\n            <p>Publicidade\n            <div class=\"area-publicidade\">\n              <div id=\"hmeio5\">\n            \n          \n        `);\n\n        \n    window.jornaldocarro = window.jornaldocarro || {};\n    window.jornaldocarro.slotsAds = window.jornaldocarro.slotsAds || [];\n    window.jornaldocarro.slotsAds.push(\"hmeio5\");\n  \n      }\n    <\/script>\n  <br><p>\u00a0<\/p><p><strong>OS DEZ CARROS DE LUXO MAIS VENDIDOS EM JULHO<\/strong><\/p>\n\n<div class=\"clearfix\"><\/div>\n<div data-gallery-id=\"33343\" class=\"jc-img-gallery-wrapper mt-3 mb-2\">\n  <div class=\"jc-img-gallery\" id=\"jc-img-gallery-33343\" data-gallery-title=\"Mercado de carros de luxo tem l\u00edderes de vendas in\u00e9ditos\">\n      <\/div>\n\n<\/div>\n<div class=\"clearfix\"><\/div>\n\n","protected":false},"excerpt":{"rendered":"<p>Entre os carros de luxo, Discovery lidera pela primeira vez no ano; BMW tamb\u00e9m assume primeiro lugar <\/p>\n","protected":false},"featured_media":55135,"template":"","class_list":["post-55128","blog_primeira_classe","type-blog_primeira_classe","status-publish","has-post-thumbnail","hentry","tags_primeira_classe-bmw","tags_primeira_classe-carros-de-luxo","tags_primeira_classe-land-rover","tags_primeira_classe-marcas-premium","tags_primeira_classe-ranking","tags_primeira_classe-vendas"],"yoast_head":"<!-- This site is optimized with the Yoast SEO plugin v23.5 - https:\/\/yoast.com\/wordpress\/plugins\/seo\/ -->\n<title>Mercado de carros de luxo tem l\u00edderes de vendas in\u00e9ditos - Jornal do Carro - Estad\u00e3o<\/title>\n<meta name=\"robots\" content=\"noindex, follow\" \/>\n<meta name=\"twitter:card\" content=\"summary_large_image\" \/>\n<meta name=\"twitter:title\" content=\"Mercado de carros de luxo tem l\u00edderes de vendas in\u00e9ditos - Jornal do Carro - Estad\u00e3o\" \/>\n<meta name=\"twitter:description\" content=\"Entre os carros de luxo, Discovery lidera pela primeira vez no ano; BMW tamb\u00e9m assume primeiro lugar\" \/>\n<meta name=\"twitter:image\" content=\"https:\/\/jornaldocarro.estadao.com.br\/wp-content\/uploads\/2017\/08\/marcas-reuters.jpg\" \/>\n<meta name=\"twitter:label1\" content=\"Est. tempo de leitura\" \/>\n\t<meta name=\"twitter:data1\" content=\"2 minutos\" \/>\n<script type=\"application\/ld+json\" class=\"yoast-schema-graph\">{\"@context\":\"https:\/\/schema.org\",\"@graph\":[{\"@type\":\"WebPage\",\"@id\":\"https:\/\/jornaldocarro.estadao.com.br\/primeira-classe\/mercado-de-carros-de-luxo-tem-lideres-de-vendas-ineditos\/\",\"url\":\"https:\/\/jornaldocarro.estadao.com.br\/primeira-classe\/mercado-de-carros-de-luxo-tem-lideres-de-vendas-ineditos\/\",\"name\":\"Mercado de carros de luxo tem l\u00edderes de vendas in\u00e9ditos - Jornal do Carro - Estad\u00e3o\",\"isPartOf\":{\"@id\":\"https:\/\/jornaldocarro.estadao.com.br\/#website\"},\"primaryImageOfPage\":{\"@id\":\"https:\/\/jornaldocarro.estadao.com.br\/primeira-classe\/mercado-de-carros-de-luxo-tem-lideres-de-vendas-ineditos\/#primaryimage\"},\"image\":{\"@id\":\"https:\/\/jornaldocarro.estadao.com.br\/primeira-classe\/mercado-de-carros-de-luxo-tem-lideres-de-vendas-ineditos\/#primaryimage\"},\"thumbnailUrl\":\"https:\/\/jornaldocarro.estadao.com.br\/wp-content\/uploads\/2017\/08\/marcas-reuters.jpg\",\"datePublished\":\"2017-08-03T19:55:00+00:00\",\"dateModified\":\"2017-08-03T19:55:00+00:00\",\"breadcrumb\":{\"@id\":\"https:\/\/jornaldocarro.estadao.com.br\/primeira-classe\/mercado-de-carros-de-luxo-tem-lideres-de-vendas-ineditos\/#breadcrumb\"},\"inLanguage\":\"pt-BR\",\"potentialAction\":[{\"@type\":\"ReadAction\",\"target\":[\"https:\/\/jornaldocarro.estadao.com.br\/primeira-classe\/mercado-de-carros-de-luxo-tem-lideres-de-vendas-ineditos\/\"]}]},{\"@type\":\"ImageObject\",\"inLanguage\":\"pt-BR\",\"@id\":\"https:\/\/jornaldocarro.estadao.com.br\/primeira-classe\/mercado-de-carros-de-luxo-tem-lideres-de-vendas-ineditos\/#primaryimage\",\"url\":\"https:\/\/jornaldocarro.estadao.com.br\/wp-content\/uploads\/2017\/08\/marcas-reuters.jpg\",\"contentUrl\":\"https:\/\/jornaldocarro.estadao.com.br\/wp-content\/uploads\/2017\/08\/marcas-reuters.jpg\",\"width\":530,\"height\":318,\"caption\":\"Rankings do segmento premium tem muitas surpresas em julho (Foto: Reuters)\"},{\"@type\":\"BreadcrumbList\",\"@id\":\"https:\/\/jornaldocarro.estadao.com.br\/primeira-classe\/mercado-de-carros-de-luxo-tem-lideres-de-vendas-ineditos\/#breadcrumb\",\"itemListElement\":[{\"@type\":\"ListItem\",\"position\":1,\"name\":\"In\u00edcio\",\"item\":\"https:\/\/jornaldocarro.estadao.com.br\/\"},{\"@type\":\"ListItem\",\"position\":2,\"name\":\"Primeira Classe\",\"item\":\"https:\/\/jornaldocarro.estadao.com.br\/primeira-classe\/\"},{\"@type\":\"ListItem\",\"position\":3,\"name\":\"Mercado de carros de luxo tem l\u00edderes de vendas in\u00e9ditos\"}]},{\"@type\":\"WebSite\",\"@id\":\"https:\/\/jornaldocarro.estadao.com.br\/#website\",\"url\":\"https:\/\/jornaldocarro.estadao.com.br\/\",\"name\":\"Jornal do Carro - Estad\u00e3o\",\"description\":\"O portal sobre carros, motos e tudo sobre o tema ve\u00edculos no Estad\u00e3o. Fique por dentro de lan\u00e7amentos e de hist\u00f3rias dos leitores e seus carros.\",\"potentialAction\":[{\"@type\":\"SearchAction\",\"target\":{\"@type\":\"EntryPoint\",\"urlTemplate\":\"https:\/\/jornaldocarro.estadao.com.br\/?s={search_term_string}\"},\"query-input\":{\"@type\":\"PropertyValueSpecification\",\"valueRequired\":true,\"valueName\":\"search_term_string\"}}],\"inLanguage\":\"pt-BR\"}]}<\/script>\n<!-- \/ Yoast SEO plugin. -->","yoast_head_json":{"title":"Mercado de carros de luxo tem l\u00edderes de vendas in\u00e9ditos - Jornal do Carro - Estad\u00e3o","robots":{"index":"noindex","follow":"follow"},"twitter_card":"summary_large_image","twitter_title":"Mercado de carros de luxo tem l\u00edderes de vendas in\u00e9ditos - Jornal do Carro - Estad\u00e3o","twitter_description":"Entre os carros de luxo, Discovery lidera pela primeira vez no ano; BMW tamb\u00e9m assume primeiro lugar","twitter_image":"https:\/\/jornaldocarro.estadao.com.br\/wp-content\/uploads\/2017\/08\/marcas-reuters.jpg","twitter_misc":{"Est. tempo de leitura":"2 minutos"},"schema":{"@context":"https:\/\/schema.org","@graph":[{"@type":"WebPage","@id":"https:\/\/jornaldocarro.estadao.com.br\/primeira-classe\/mercado-de-carros-de-luxo-tem-lideres-de-vendas-ineditos\/","url":"https:\/\/jornaldocarro.estadao.com.br\/primeira-classe\/mercado-de-carros-de-luxo-tem-lideres-de-vendas-ineditos\/","name":"Mercado de carros de luxo tem l\u00edderes de vendas in\u00e9ditos - Jornal do Carro - Estad\u00e3o","isPartOf":{"@id":"https:\/\/jornaldocarro.estadao.com.br\/#website"},"primaryImageOfPage":{"@id":"https:\/\/jornaldocarro.estadao.com.br\/primeira-classe\/mercado-de-carros-de-luxo-tem-lideres-de-vendas-ineditos\/#primaryimage"},"image":{"@id":"https:\/\/jornaldocarro.estadao.com.br\/primeira-classe\/mercado-de-carros-de-luxo-tem-lideres-de-vendas-ineditos\/#primaryimage"},"thumbnailUrl":"https:\/\/jornaldocarro.estadao.com.br\/wp-content\/uploads\/2017\/08\/marcas-reuters.jpg","datePublished":"2017-08-03T19:55:00+00:00","dateModified":"2017-08-03T19:55:00+00:00","breadcrumb":{"@id":"https:\/\/jornaldocarro.estadao.com.br\/primeira-classe\/mercado-de-carros-de-luxo-tem-lideres-de-vendas-ineditos\/#breadcrumb"},"inLanguage":"pt-BR","potentialAction":[{"@type":"ReadAction","target":["https:\/\/jornaldocarro.estadao.com.br\/primeira-classe\/mercado-de-carros-de-luxo-tem-lideres-de-vendas-ineditos\/"]}]},{"@type":"ImageObject","inLanguage":"pt-BR","@id":"https:\/\/jornaldocarro.estadao.com.br\/primeira-classe\/mercado-de-carros-de-luxo-tem-lideres-de-vendas-ineditos\/#primaryimage","url":"https:\/\/jornaldocarro.estadao.com.br\/wp-content\/uploads\/2017\/08\/marcas-reuters.jpg","contentUrl":"https:\/\/jornaldocarro.estadao.com.br\/wp-content\/uploads\/2017\/08\/marcas-reuters.jpg","width":530,"height":318,"caption":"Rankings do segmento premium tem muitas surpresas em julho (Foto: Reuters)"},{"@type":"BreadcrumbList","@id":"https:\/\/jornaldocarro.estadao.com.br\/primeira-classe\/mercado-de-carros-de-luxo-tem-lideres-de-vendas-ineditos\/#breadcrumb","itemListElement":[{"@type":"ListItem","position":1,"name":"In\u00edcio","item":"https:\/\/jornaldocarro.estadao.com.br\/"},{"@type":"ListItem","position":2,"name":"Primeira Classe","item":"https:\/\/jornaldocarro.estadao.com.br\/primeira-classe\/"},{"@type":"ListItem","position":3,"name":"Mercado de carros de luxo tem l\u00edderes de vendas in\u00e9ditos"}]},{"@type":"WebSite","@id":"https:\/\/jornaldocarro.estadao.com.br\/#website","url":"https:\/\/jornaldocarro.estadao.com.br\/","name":"Jornal do Carro - Estad\u00e3o","description":"O portal sobre carros, motos e tudo sobre o tema ve\u00edculos no Estad\u00e3o. Fique por dentro de lan\u00e7amentos e de hist\u00f3rias dos leitores e seus carros.","potentialAction":[{"@type":"SearchAction","target":{"@type":"EntryPoint","urlTemplate":"https:\/\/jornaldocarro.estadao.com.br\/?s={search_term_string}"},"query-input":{"@type":"PropertyValueSpecification","valueRequired":true,"valueName":"search_term_string"}}],"inLanguage":"pt-BR"}]}},"_links":{"self":[{"href":"https:\/\/jornaldocarro.estadao.com.br\/api\/wp\/v2\/blog_primeira_classe\/55128","targetHints":{"allow":["GET"]}}],"collection":[{"href":"https:\/\/jornaldocarro.estadao.com.br\/api\/wp\/v2\/blog_primeira_classe"}],"about":[{"href":"https:\/\/jornaldocarro.estadao.com.br\/api\/wp\/v2\/types\/blog_primeira_classe"}],"version-history":[{"count":6,"href":"https:\/\/jornaldocarro.estadao.com.br\/api\/wp\/v2\/blog_primeira_classe\/55128\/revisions"}],"predecessor-version":[{"id":55134,"href":"https:\/\/jornaldocarro.estadao.com.br\/api\/wp\/v2\/blog_primeira_classe\/55128\/revisions\/55134"}],"wp:featuredmedia":[{"embeddable":true,"href":"https:\/\/jornaldocarro.estadao.com.br\/api\/wp\/v2\/media\/55135"}],"wp:attachment":[{"href":"https:\/\/jornaldocarro.estadao.com.br\/api\/wp\/v2\/media?parent=55128"}],"curies":[{"name":"wp","href":"https:\/\/api.w.org\/{rel}","templated":true}]}}