{"id":58970,"date":"2017-09-22T18:58:09","date_gmt":"2017-09-22T21:58:09","guid":{"rendered":"http:\/\/jornaldocarro.estadao.com.br\/?post_type=blog_primeira_classe&#038;p=58970"},"modified":"2017-09-22T18:58:09","modified_gmt":"2017-09-22T21:58:09","slug":"fim-de-semana-tem-encontro-de-classicos-no-interior-de-sp","status":"publish","type":"blog_primeira_classe","link":"https:\/\/jornaldocarro.estadao.com.br\/primeira-classe\/fim-de-semana-tem-encontro-de-classicos-no-interior-de-sp\/","title":{"rendered":"Fim de semana tem encontro de cl\u00e1ssicos no interior de SP"},"content":{"rendered":"<p>O interior de S\u00e3o Paulo ter\u00e1 um grande encontro de cl\u00e1ssicos neste fim de semana. Trata-se do 19\u00ba Encontro de Autom\u00f3veis Antigos de Franca, cidade que fica na regi\u00e3o de Ribeir\u00e3o Preto.<\/p><p>De acordo com a organiza\u00e7\u00e3o, s\u00e3o esperados entre 250 e 300 autom\u00f3veis nacionais e importados. Um dos grandes destaques ser\u00e1 um Chevrolet Fleetmaster, modelo produzido de 1946 a 1948.<\/p><p>O evento ter\u00e1 ainda outros cl\u00e1ssicos da marca americana. Haver\u00e1 diversos exemplares de Corvette e modelos das d\u00e9cadas de 40 e 50.<\/p>\n  <div style=\"width: 100%;\" id=\"render-hmeio-1\"><\/div>\n    <script type=\"text\/javascript\">\n      if(window.innerWidth > 1){\n        $(\"#render-hmeio-1\").append(`\n          <div class=\"area-publicidade-rectangular hmeio\">\n            <p>Publicidade\n            <div class=\"area-publicidade\">\n              <div id=\"hmeio1\">\n            \n          \n        `);\n\n        \n    window.jornaldocarro = window.jornaldocarro || {};\n    window.jornaldocarro.slotsAds = window.jornaldocarro.slotsAds || [];\n    window.jornaldocarro.slotsAds.push(\"hmeio1\");\n  \n      }\n    <\/script>\n  <br><p>Outro carro que promete chamar a aten\u00e7\u00e3o \u00e9 um Lincoln Zephyr. A marca americana produziu esse carro entre os anos de 1936 e 1940.<\/p><p>O evento tem entrada gratuita. Donos de cl\u00e1ssicos interessados em participar podem comparecer ao local e fazer a inscri\u00e7\u00e3o na hora, tamb\u00e9m gratuitamente.<\/p><p>No s\u00e1bado (23), haver\u00e1 happy hour com m\u00fasica ao vivo.<\/p>\n  <div style=\"width: 100%;\" id=\"render-hmeio-2\"><\/div>\n    <script type=\"text\/javascript\">\n      if(window.innerWidth > 1){\n        $(\"#render-hmeio-2\").append(`\n          <div class=\"area-publicidade-rectangular hmeio\">\n            <p>Publicidade\n            <div class=\"area-publicidade\">\n              <div id=\"hmeio2\">\n            \n          \n        `);\n\n        \n    window.jornaldocarro = window.jornaldocarro || {};\n    window.jornaldocarro.slotsAds = window.jornaldocarro.slotsAds || [];\n    window.jornaldocarro.slotsAds.push(\"hmeio2\");\n  \n      }\n    <\/script>\n  <br><p>O encontro de cl\u00e1ssicos de Franca ocorrer\u00e1 Clube AEC Castelinho. O endere\u00e7o \u00e9 Rua Miguel S\u00e1bio de Mello, 351.<\/p><p>\u00a0<\/p><p><strong>VEJA TAMB\u00c9M: ANTIGOS QUE EST\u00c3O FICANDO CAROS<\/strong><\/p>\n  <div style=\"width: 100%;\" id=\"render-hmeio-3\"><\/div>\n    <script type=\"text\/javascript\">\n      if(window.innerWidth > 1){\n        $(\"#render-hmeio-3\").append(`\n          <div class=\"area-publicidade-rectangular hmeio\">\n            <p>Publicidade\n            <div class=\"area-publicidade\">\n              <div id=\"hmeio3\">\n            \n          \n        `);\n\n        \n    window.jornaldocarro = window.jornaldocarro || {};\n    window.jornaldocarro.slotsAds = window.jornaldocarro.slotsAds || [];\n    window.jornaldocarro.slotsAds.push(\"hmeio3\");\n  \n      }\n    <\/script>\n  <br>\n\n<div class=\"clearfix\"><\/div>\n<div data-gallery-id=\"34092\" class=\"jc-img-gallery-wrapper mt-3 mb-2\">\n  <div class=\"jc-img-gallery\" id=\"jc-img-gallery-34092\" data-gallery-title=\"Fim de semana tem encontro de cl\u00e1ssicos no interior de SP\">\n      <\/div>\n\n<\/div>\n<div class=\"clearfix\"><\/div>\n\n","protected":false},"excerpt":{"rendered":"<p>Franca vai sediar 19\u00aa edi\u00e7\u00e3o de encontro de cl\u00e1ssicos nos dias 23 e 24 de setembro<\/p>\n","protected":false},"featured_media":58973,"template":"","class_list":["post-58970","blog_primeira_classe","type-blog_primeira_classe","status-publish","has-post-thumbnail","hentry","tags_primeira_classe-antigos","tags_primeira_classe-encontro-de-classicos","tags_primeira_classe-franca","tags_primeira_classe-interior"],"yoast_head":"<!-- This site is optimized with the Yoast SEO plugin v23.5 - https:\/\/yoast.com\/wordpress\/plugins\/seo\/ -->\n<title>Fim de semana tem encontro de cl\u00e1ssicos no interior de SP - Jornal do Carro - Estad\u00e3o<\/title>\n<meta name=\"robots\" content=\"noindex, follow\" \/>\n<meta name=\"twitter:card\" content=\"summary_large_image\" \/>\n<meta name=\"twitter:title\" content=\"Fim de semana tem encontro de cl\u00e1ssicos no interior de SP - Jornal do Carro - Estad\u00e3o\" \/>\n<meta name=\"twitter:description\" content=\"Franca vai sediar 19\u00aa edi\u00e7\u00e3o de encontro de cl\u00e1ssicos nos dias 23 e 24 de setembro\" \/>\n<meta name=\"twitter:image\" content=\"https:\/\/jornaldocarro.estadao.com.br\/wp-content\/uploads\/2017\/09\/24510848.jpg\" \/>\n<meta name=\"twitter:label1\" content=\"Est. tempo de leitura\" \/>\n\t<meta name=\"twitter:data1\" content=\"1 minuto\" \/>\n<script type=\"application\/ld+json\" class=\"yoast-schema-graph\">{\"@context\":\"https:\/\/schema.org\",\"@graph\":[{\"@type\":\"WebPage\",\"@id\":\"https:\/\/jornaldocarro.estadao.com.br\/primeira-classe\/fim-de-semana-tem-encontro-de-classicos-no-interior-de-sp\/\",\"url\":\"https:\/\/jornaldocarro.estadao.com.br\/primeira-classe\/fim-de-semana-tem-encontro-de-classicos-no-interior-de-sp\/\",\"name\":\"Fim de semana tem encontro de cl\u00e1ssicos no interior de SP - Jornal do Carro - Estad\u00e3o\",\"isPartOf\":{\"@id\":\"https:\/\/jornaldocarro.estadao.com.br\/#website\"},\"primaryImageOfPage\":{\"@id\":\"https:\/\/jornaldocarro.estadao.com.br\/primeira-classe\/fim-de-semana-tem-encontro-de-classicos-no-interior-de-sp\/#primaryimage\"},\"image\":{\"@id\":\"https:\/\/jornaldocarro.estadao.com.br\/primeira-classe\/fim-de-semana-tem-encontro-de-classicos-no-interior-de-sp\/#primaryimage\"},\"thumbnailUrl\":\"https:\/\/jornaldocarro.estadao.com.br\/wp-content\/uploads\/2017\/09\/24510848.jpg\",\"datePublished\":\"2017-09-22T21:58:09+00:00\",\"dateModified\":\"2017-09-22T21:58:09+00:00\",\"breadcrumb\":{\"@id\":\"https:\/\/jornaldocarro.estadao.com.br\/primeira-classe\/fim-de-semana-tem-encontro-de-classicos-no-interior-de-sp\/#breadcrumb\"},\"inLanguage\":\"pt-BR\",\"potentialAction\":[{\"@type\":\"ReadAction\",\"target\":[\"https:\/\/jornaldocarro.estadao.com.br\/primeira-classe\/fim-de-semana-tem-encontro-de-classicos-no-interior-de-sp\/\"]}]},{\"@type\":\"ImageObject\",\"inLanguage\":\"pt-BR\",\"@id\":\"https:\/\/jornaldocarro.estadao.com.br\/primeira-classe\/fim-de-semana-tem-encontro-de-classicos-no-interior-de-sp\/#primaryimage\",\"url\":\"https:\/\/jornaldocarro.estadao.com.br\/wp-content\/uploads\/2017\/09\/24510848.jpg\",\"contentUrl\":\"https:\/\/jornaldocarro.estadao.com.br\/wp-content\/uploads\/2017\/09\/24510848.jpg\",\"width\":2200,\"height\":1491,\"caption\":\"Chevrolet Fleetmaster, uma estrela dos anos 40, estar\u00e1 entre as atra\u00e7\u00f5es (Foto: Claudia Daut\/Reuters)\"},{\"@type\":\"BreadcrumbList\",\"@id\":\"https:\/\/jornaldocarro.estadao.com.br\/primeira-classe\/fim-de-semana-tem-encontro-de-classicos-no-interior-de-sp\/#breadcrumb\",\"itemListElement\":[{\"@type\":\"ListItem\",\"position\":1,\"name\":\"In\u00edcio\",\"item\":\"https:\/\/jornaldocarro.estadao.com.br\/\"},{\"@type\":\"ListItem\",\"position\":2,\"name\":\"Primeira Classe\",\"item\":\"https:\/\/jornaldocarro.estadao.com.br\/primeira-classe\/\"},{\"@type\":\"ListItem\",\"position\":3,\"name\":\"Fim de semana tem encontro de cl\u00e1ssicos no interior de SP\"}]},{\"@type\":\"WebSite\",\"@id\":\"https:\/\/jornaldocarro.estadao.com.br\/#website\",\"url\":\"https:\/\/jornaldocarro.estadao.com.br\/\",\"name\":\"Jornal do Carro - Estad\u00e3o\",\"description\":\"O portal sobre carros, motos e tudo sobre o tema ve\u00edculos no Estad\u00e3o. Fique por dentro de lan\u00e7amentos e de hist\u00f3rias dos leitores e seus carros.\",\"potentialAction\":[{\"@type\":\"SearchAction\",\"target\":{\"@type\":\"EntryPoint\",\"urlTemplate\":\"https:\/\/jornaldocarro.estadao.com.br\/?s={search_term_string}\"},\"query-input\":{\"@type\":\"PropertyValueSpecification\",\"valueRequired\":true,\"valueName\":\"search_term_string\"}}],\"inLanguage\":\"pt-BR\"}]}<\/script>\n<!-- \/ Yoast SEO plugin. -->","yoast_head_json":{"title":"Fim de semana tem encontro de cl\u00e1ssicos no interior de SP - Jornal do Carro - Estad\u00e3o","robots":{"index":"noindex","follow":"follow"},"twitter_card":"summary_large_image","twitter_title":"Fim de semana tem encontro de cl\u00e1ssicos no interior de SP - Jornal do Carro - Estad\u00e3o","twitter_description":"Franca vai sediar 19\u00aa edi\u00e7\u00e3o de encontro de cl\u00e1ssicos nos dias 23 e 24 de setembro","twitter_image":"https:\/\/jornaldocarro.estadao.com.br\/wp-content\/uploads\/2017\/09\/24510848.jpg","twitter_misc":{"Est. tempo de leitura":"1 minuto"},"schema":{"@context":"https:\/\/schema.org","@graph":[{"@type":"WebPage","@id":"https:\/\/jornaldocarro.estadao.com.br\/primeira-classe\/fim-de-semana-tem-encontro-de-classicos-no-interior-de-sp\/","url":"https:\/\/jornaldocarro.estadao.com.br\/primeira-classe\/fim-de-semana-tem-encontro-de-classicos-no-interior-de-sp\/","name":"Fim de semana tem encontro de cl\u00e1ssicos no interior de SP - Jornal do Carro - Estad\u00e3o","isPartOf":{"@id":"https:\/\/jornaldocarro.estadao.com.br\/#website"},"primaryImageOfPage":{"@id":"https:\/\/jornaldocarro.estadao.com.br\/primeira-classe\/fim-de-semana-tem-encontro-de-classicos-no-interior-de-sp\/#primaryimage"},"image":{"@id":"https:\/\/jornaldocarro.estadao.com.br\/primeira-classe\/fim-de-semana-tem-encontro-de-classicos-no-interior-de-sp\/#primaryimage"},"thumbnailUrl":"https:\/\/jornaldocarro.estadao.com.br\/wp-content\/uploads\/2017\/09\/24510848.jpg","datePublished":"2017-09-22T21:58:09+00:00","dateModified":"2017-09-22T21:58:09+00:00","breadcrumb":{"@id":"https:\/\/jornaldocarro.estadao.com.br\/primeira-classe\/fim-de-semana-tem-encontro-de-classicos-no-interior-de-sp\/#breadcrumb"},"inLanguage":"pt-BR","potentialAction":[{"@type":"ReadAction","target":["https:\/\/jornaldocarro.estadao.com.br\/primeira-classe\/fim-de-semana-tem-encontro-de-classicos-no-interior-de-sp\/"]}]},{"@type":"ImageObject","inLanguage":"pt-BR","@id":"https:\/\/jornaldocarro.estadao.com.br\/primeira-classe\/fim-de-semana-tem-encontro-de-classicos-no-interior-de-sp\/#primaryimage","url":"https:\/\/jornaldocarro.estadao.com.br\/wp-content\/uploads\/2017\/09\/24510848.jpg","contentUrl":"https:\/\/jornaldocarro.estadao.com.br\/wp-content\/uploads\/2017\/09\/24510848.jpg","width":2200,"height":1491,"caption":"Chevrolet Fleetmaster, uma estrela dos anos 40, estar\u00e1 entre as atra\u00e7\u00f5es (Foto: Claudia Daut\/Reuters)"},{"@type":"BreadcrumbList","@id":"https:\/\/jornaldocarro.estadao.com.br\/primeira-classe\/fim-de-semana-tem-encontro-de-classicos-no-interior-de-sp\/#breadcrumb","itemListElement":[{"@type":"ListItem","position":1,"name":"In\u00edcio","item":"https:\/\/jornaldocarro.estadao.com.br\/"},{"@type":"ListItem","position":2,"name":"Primeira Classe","item":"https:\/\/jornaldocarro.estadao.com.br\/primeira-classe\/"},{"@type":"ListItem","position":3,"name":"Fim de semana tem encontro de cl\u00e1ssicos no interior de SP"}]},{"@type":"WebSite","@id":"https:\/\/jornaldocarro.estadao.com.br\/#website","url":"https:\/\/jornaldocarro.estadao.com.br\/","name":"Jornal do Carro - Estad\u00e3o","description":"O portal sobre carros, motos e tudo sobre o tema ve\u00edculos no Estad\u00e3o. Fique por dentro de lan\u00e7amentos e de hist\u00f3rias dos leitores e seus carros.","potentialAction":[{"@type":"SearchAction","target":{"@type":"EntryPoint","urlTemplate":"https:\/\/jornaldocarro.estadao.com.br\/?s={search_term_string}"},"query-input":{"@type":"PropertyValueSpecification","valueRequired":true,"valueName":"search_term_string"}}],"inLanguage":"pt-BR"}]}},"_links":{"self":[{"href":"https:\/\/jornaldocarro.estadao.com.br\/api\/wp\/v2\/blog_primeira_classe\/58970","targetHints":{"allow":["GET"]}}],"collection":[{"href":"https:\/\/jornaldocarro.estadao.com.br\/api\/wp\/v2\/blog_primeira_classe"}],"about":[{"href":"https:\/\/jornaldocarro.estadao.com.br\/api\/wp\/v2\/types\/blog_primeira_classe"}],"version-history":[{"count":2,"href":"https:\/\/jornaldocarro.estadao.com.br\/api\/wp\/v2\/blog_primeira_classe\/58970\/revisions"}],"predecessor-version":[{"id":58977,"href":"https:\/\/jornaldocarro.estadao.com.br\/api\/wp\/v2\/blog_primeira_classe\/58970\/revisions\/58977"}],"wp:featuredmedia":[{"embeddable":true,"href":"https:\/\/jornaldocarro.estadao.com.br\/api\/wp\/v2\/media\/58973"}],"wp:attachment":[{"href":"https:\/\/jornaldocarro.estadao.com.br\/api\/wp\/v2\/media?parent=58970"}],"curies":[{"name":"wp","href":"https:\/\/api.w.org\/{rel}","templated":true}]}}