{"id":71736,"date":"2018-03-08T03:00:40","date_gmt":"2018-03-08T06:00:40","guid":{"rendered":"http:\/\/jornaldocarro.estadao.com.br\/?post_type=blog_primeira_classe&#038;p=71736"},"modified":"2018-03-07T19:13:41","modified_gmt":"2018-03-07T22:13:41","slug":"durante-20-anos-fui-vitima-de-violencia-fisica-psicologica-e-patrimonial","status":"publish","type":"blog_primeira_classe","link":"https:\/\/jornaldocarro.estadao.com.br\/primeira-classe\/durante-20-anos-fui-vitima-de-violencia-fisica-psicologica-e-patrimonial\/","title":{"rendered":"&#8216;Durante 20 anos fui v\u00edtima de viol\u00eancia f\u00edsica, psicol\u00f3gica e patrimonial&#8217;"},"content":{"rendered":"<p><em><span style=\"font-weight: 400;\">Geralmente voc\u00ea l\u00ea sobre carros aqui, mas hoje vou emprestar minha coluna para a Juliana*. Ela \u00e9 uma das mulheres v\u00edtimas de viol\u00eancia diariamente no Brasil. \u00c9 uma das milhares de mulheres que ao buscar ajuda n\u00e3o encontram acolhida\u00a0\u2013 se deparam com ainda mais viol\u00eancia. Entender a dimens\u00e3o da viol\u00eancia contra a mulher \u00e9 urgente e diz respeito a todos \u2013 homens e mulheres.<\/span><\/em><\/p><p><b>O texto a seguir aborda viol\u00eancia contra a mulher.<\/b><\/p><p><span style=\"font-weight: 400;\">Durante 20 anos, eu fui v\u00edtima de viol\u00eancia f\u00edsica, psicol\u00f3gica e patrimonial cometida pelo homem com o qual me casei. H\u00e1 quase quatro anos, meu filho mais velho tentou me matar. <\/span><\/p>\n  <div style=\"width: 100%;\" id=\"render-hmeio-1\"><\/div>\n    <script type=\"text\/javascript\">\n      if(window.innerWidth > 1){\n        $(\"#render-hmeio-1\").append(`\n          <div class=\"area-publicidade-rectangular hmeio\">\n            <p>Publicidade\n            <div class=\"area-publicidade\">\n              <div id=\"hmeio1\">\n            \n          \n        `);\n\n        \n    window.jornaldocarro = window.jornaldocarro || {};\n    window.jornaldocarro.slotsAds = window.jornaldocarro.slotsAds || [];\n    window.jornaldocarro.slotsAds.push(\"hmeio1\");\n  \n      }\n    <\/script>\n  <br><p><span style=\"font-weight: 400;\">Busquei muita ajuda psicol\u00f3gica para tentar me reerguer, e hoje tenho uma certeza. Quando um homem agride uma mulher, ele marca seus filhos. Ou eles v\u00e3o se afastar do pai, ou v\u00e3o come\u00e7ar a agir como ele.<\/span><\/p><p><span style=\"font-weight: 400;\">E uma mulher que sofre viol\u00eancia f\u00edsica, emocional ou patrimonial nunca mais \u00e9 a mesma. As sequelas s\u00e3o para ela, para os filhos e para a fam\u00edlia toda.<\/span><\/p><p><span style=\"font-weight: 400;\">Minha hist\u00f3ria come\u00e7a no in\u00edcio do governo Collor. Eu sou de Salvador, mas estava, \u00e0 \u00e9poca, morando em Porto Seguro, a convite de minha prima, com a qual fui trabalhar. Aos 24 anos, em uma festa promovida por integrantes da prefeitura da cidade, conheci meu futuro marido. Ele tinha ent\u00e3o 28 para 29 anos, e era carism\u00e1tico, sorridente, bem humorado e muito popular. Parecia tamb\u00e9m bastante maduro.<\/span><\/p>\n  <div style=\"width: 100%;\" id=\"render-hmeio-2\"><\/div>\n    <script type=\"text\/javascript\">\n      if(window.innerWidth > 1){\n        $(\"#render-hmeio-2\").append(`\n          <div class=\"area-publicidade-rectangular hmeio\">\n            <p>Publicidade\n            <div class=\"area-publicidade\">\n              <div id=\"hmeio2\">\n            \n          \n        `);\n\n        \n    window.jornaldocarro = window.jornaldocarro || {};\n    window.jornaldocarro.slotsAds = window.jornaldocarro.slotsAds || [];\n    window.jornaldocarro.slotsAds.push(\"hmeio2\");\n  \n      }\n    <\/script>\n  <br><p><span style=\"font-weight: 400;\">Na festa, ele se aproximou de mim e se apresentou. Depois, passou a me ligar. Demorei um m\u00eas para sair com ele. Em seis meses, est\u00e1vamos noivos e, em um ano e meio, casados.<\/span><\/p><p><span style=\"font-weight: 400;\">Sou de uma fam\u00edlia bastante tranquila. Meus pais tinham um casamento pacato. Nunca brigavam. Aquela era minha ideia de casamento. Mas o meu logo se mostrou bem diferente.<\/span><\/p><p><span style=\"font-weight: 400;\">A primeira diverg\u00eancia surgiu logo que nos tornamos marido e mulher. Fomos morar no meio do mato, em um s\u00edtio completamente isolado, sem \u00e1gua nem luz, nas imedia\u00e7\u00f5es da cidade. Eu me sentia sozinha, e ele ficava bastante tempo fora, em Porto Seguro. Muitas vezes, mandava me avisar que n\u00e3o iria voltar para dormir. Era engenheiro, e costumava chegar tarde em casa, quando estava trabalhando em alguma obra. Ent\u00e3o, fiquei gr\u00e1vida, e nosso primeiro filho nasceu. Como n\u00e3o tinha com quem deixar meu filho, tive de parar de trabalhar.<\/span><\/p>\n  <div style=\"width: 100%;\" id=\"render-hmeio-3\"><\/div>\n    <script type=\"text\/javascript\">\n      if(window.innerWidth > 1){\n        $(\"#render-hmeio-3\").append(`\n          <div class=\"area-publicidade-rectangular hmeio\">\n            <p>Publicidade\n            <div class=\"area-publicidade\">\n              <div id=\"hmeio3\">\n            \n          \n        `);\n\n        \n    window.jornaldocarro = window.jornaldocarro || {};\n    window.jornaldocarro.slotsAds = window.jornaldocarro.slotsAds || [];\n    window.jornaldocarro.slotsAds.push(\"hmeio3\");\n  \n      }\n    <\/script>\n  <br><p><span style=\"font-weight: 400;\">A situa\u00e7\u00e3o financeira apertou, at\u00e9 porque meu marido nem sempre tinha trabalho. Dependia de ser ou n\u00e3o chamado para uma obra. Meu pai passou a nos ajudar financeiramente. Meu marido n\u00e3o se importava com a crian\u00e7a. Nosso primeiro filho tinha problemas comuns a crian\u00e7as, como alergias, mas ele achava que era tudo frescura. Ele foi muito ausente com nosso primog\u00eanito (e com o segundo filho tamb\u00e9m). At\u00e9 brincava com o menino, mas n\u00e3o tomava parte em nenhuma responsabilidade, nem mesmo na educa\u00e7\u00e3o. Eu tinha de me virar.<\/span><\/p><p><span style=\"font-weight: 400;\">Do s\u00edtio, ele ficava cada vez mais ausente, saindo com os amigos, frequentando a Passarela do \u00c1lcool (famoso ponto tur\u00edstico de Porto Seguro). Ele bebia muito. Eu me sentia cada vez mais isolada e tinha de recorrer a meus pais, que se deslocavam de Salvador. Tr\u00eas anos ap\u00f3s nosso casamento, nos mudamos para Ilh\u00e9us. Ele abriu uma empresa com dois s\u00f3cios. Eu fiquei feliz: sairia do isolamento do s\u00edtio e a cidade tinha um estilo de vida mais pr\u00f3ximo ao de Salvador.<\/span><\/p><p><span style=\"font-weight: 400;\">O que eu n\u00e3o sabia \u00e9 que ali come\u00e7aria meu inferno. Nossa rela\u00e7\u00e3o foi piorando. Eu comecei a exigir que ele assumisse mais as responsabilidades com os filhos e a casa, e brig\u00e1vamos muito. Em Ilh\u00e9us, eu voltei a trabalhar e ganhava muito bem. Nessa fase, meus ganhos foram essenciais para a forma\u00e7\u00e3o de nosso patrim\u00f4nio, para a manuten\u00e7\u00e3o da casa e a cria\u00e7\u00e3o dos meninos.<\/span><\/p>\n  <div style=\"width: 100%;\" id=\"render-hmeio-4\"><\/div>\n    <script type=\"text\/javascript\">\n      if(window.innerWidth > 1){\n        $(\"#render-hmeio-4\").append(`\n          <div class=\"area-publicidade-rectangular hmeio\">\n            <p>Publicidade\n            <div class=\"area-publicidade\">\n              <div id=\"hmeio4\">\n            \n          \n        `);\n\n        \n    window.jornaldocarro = window.jornaldocarro || {};\n    window.jornaldocarro.slotsAds = window.jornaldocarro.slotsAds || [];\n    window.jornaldocarro.slotsAds.push(\"hmeio4\");\n  \n      }\n    <\/script>\n  <br><p><span style=\"font-weight: 400;\">Ent\u00e3o come\u00e7aram as mentiras. Ele passou a nos esconder detalhes de nossa vida financeira. E teve in\u00edcio tamb\u00e9m a estupidez, os xingamentos, as ofensas. Come\u00e7aram na primeira vez que ele saiu de casa, logo depois que nos mudamos para Ilh\u00e9us. Depois, ele me abandonaria mais sete vezes, no decorrer de nosso casamento.<\/span><\/p><p><span style=\"font-weight: 400;\">Na briga que culminou em sua primeira sa\u00edda de casa, ele me disse muitas palavras de baixo cal\u00e3o, que nunca mais deixaria de usar. Durante minha vida, escutava constantemente ele me chamar de \u201cadvogada de merda\u201d, \u201cm\u00e3e de merda\u201d, entre outras coisas bem piores do que isso. Ele costumava me dizer: \u201cCom voc\u00ea, s\u00f3 debaixo de sete palmos.\u201d<\/span><\/p><p><span style=\"font-weight: 400;\">Ele voltou para casa, e a\u00ed veio a parte das humilha\u00e7\u00f5es e pirra\u00e7as. Pessoas de fora, amigos e vizinhos, diziam que eu mandava nele, e isso o deixava furioso. Foi ent\u00e3o que ele passou a me ridicularizar, e rir de mim, inclusive diante de pessoas de fora e de nosso filho.<\/span><\/p>\n  <div style=\"width: 100%;\" id=\"render-hmeio-5\"><\/div>\n    <script type=\"text\/javascript\">\n      if(window.innerWidth > 1){\n        $(\"#render-hmeio-5\").append(`\n          <div class=\"area-publicidade-rectangular hmeio\">\n            <p>Publicidade\n            <div class=\"area-publicidade\">\n              <div id=\"hmeio5\">\n            \n          \n        `);\n\n        \n    window.jornaldocarro = window.jornaldocarro || {};\n    window.jornaldocarro.slotsAds = window.jornaldocarro.slotsAds || [];\n    window.jornaldocarro.slotsAds.push(\"hmeio5\");\n  \n      }\n    <\/script>\n  <br><p><span style=\"font-weight: 400;\">Ele tamb\u00e9m agredia verbalmente nosso filho. Dizia que, por culpa minha, ele iria crescer e se tornar homossexual.<\/span><\/p><p><span style=\"font-weight: 400;\">Al\u00e9m disso, ele viajava e me deixava em situa\u00e7\u00e3o financeira ruim. Sem dinheiro mesmo. A medida que a rela\u00e7\u00e3o se deteriorava, cancelou nossa conta conjunta, meus cart\u00f5es de cr\u00e9dito, e, no final, at\u00e9 mesmo meu plano de sa\u00fade.<\/span><\/p><p><span style=\"font-weight: 400;\">As agress\u00f5es psicol\u00f3gicas, por\u00e9m, n\u00e3o foram o \u00e1pice. Quando engravidei de nosso segundo filho, contei ao meu marido por telefone \u2013 ele estava fora, em Porto Seguro, trabalhando em uma obra. \u00c0 not\u00edcia, ele respondeu: \u201cQue pena\u201d.<\/span><\/p>\n  <div style=\"width: 100%;\" id=\"render-hmeio-6\"><\/div>\n    <script type=\"text\/javascript\">\n      if(window.innerWidth > 1){\n        $(\"#render-hmeio-6\").append(`\n          <div class=\"area-publicidade-rectangular hmeio\">\n            <p>Publicidade\n            <div class=\"area-publicidade\">\n              <div id=\"hmeio6\">\n            \n          \n        `);\n\n        \n    window.jornaldocarro = window.jornaldocarro || {};\n    window.jornaldocarro.slotsAds = window.jornaldocarro.slotsAds || [];\n    window.jornaldocarro.slotsAds.push(\"hmeio6\");\n  \n      }\n    <\/script>\n  <br><p><span style=\"font-weight: 400;\">Depois, durante a gravidez, ele deu um pontap\u00e9 em minha barriga. A partir de ent\u00e3o, os socos e pontap\u00e9s se tornaram mais frequentes. Junto a eles, gritos e objetos quebrados contra a parede. Sempre na frente das crian\u00e7as.<\/span><\/p><p><span style=\"font-weight: 400;\">Certa vez, ele bateu em nosso filho mais velho porque a crian\u00e7a, parada no corredor, estava impedindo sua passagem. Eu fui defender o menino, e ele me deu um empurr\u00e3o t\u00e3o forte que bati a cabe\u00e7a contra a parede. Nosso afastamento foi se intensificando, e envolveu a fam\u00edlia dele, que vivia em Minas Gerais. S\u00f3 ele era convidado para a casa de seus familiares. Eu e os meninos, n\u00e3o.<\/span><\/p><p><span style=\"font-weight: 400;\">Perdi tamb\u00e9m o total controle de minha vida financeira, e passei a ser cada vez mais denegrida como mulher. A cada briga, ele descia ao t\u00e9rreo de nosso edif\u00edcio e passava horas falando mal de mim aos vizinhos. Eles riam de mim. Eu era motivo de chacota. Fal\u00e1vamos em div\u00f3rcio, mas ele sempre me amea\u00e7ava. Dizia que iria tirar de mim dinheiro e filhos. Ent\u00e3o, eu comecei a ter transtornos psicol\u00f3gicos.<\/span><\/p>\n  <div style=\"width: 100%;\" id=\"render-hmeio-7\"><\/div>\n    <script type=\"text\/javascript\">\n      if(window.innerWidth > 1){\n        $(\"#render-hmeio-7\").append(`\n          <div class=\"area-publicidade-rectangular hmeio\">\n            <p>Publicidade\n            <div class=\"area-publicidade\">\n              <div id=\"hmeio7\">\n            \n          \n        `);\n\n        renderPubNow('hmeio', 7)\n      }\n    <\/script>\n  <br><p><span style=\"font-weight: 400;\">Dormia mal, tinha taquicardia, ataques e at\u00e9 suspeita de AVC. Eu tinha adquirido s\u00edndrome do p\u00e2nico.<\/span><\/p><p><span style=\"font-weight: 400;\">Quando eu tinha esses ataques, meu marido tinha de me levar ao hospital. Em vez de me apoiar, ria de mim diante dos m\u00e9dicos, me ridicularizava. Me chamava de louca, inclusive para minha fam\u00edlia, para a qual ligava dizendo que queria me internar em um hospital psiqui\u00e1trico.<\/span><\/p><p><span style=\"font-weight: 400;\">Certa vez, meu filho teve de fazer uma grande cirurgia em Salvador e eu acabei passando algum tempo por l\u00e1. Passava 15 dias na capital baiana. Quando retornava a Ilh\u00e9us, ele nunca estava em casa. Eu soube, pelos vizinhos, que ele estava dizendo a todos que havia se separado de mim.<\/span><\/p>\n  <div style=\"width: 100%;\" id=\"render-hmeio-8\"><\/div>\n    <script type=\"text\/javascript\">\n      if(window.innerWidth > 1){\n        $(\"#render-hmeio-8\").append(`\n          <div class=\"area-publicidade-rectangular hmeio\">\n            <p>Publicidade\n            <div class=\"area-publicidade\">\n              <div id=\"hmeio8\">\n            \n          \n        `);\n\n        renderPubNow('hmeio', 8)\n      }\n    <\/script>\n  <br><p><span style=\"font-weight: 400;\">A coisa saiu do controle quando ele come\u00e7ou a me ridicularizar para os vizinhos no edif\u00edcio de meus pais, no qual eu cresci. Ent\u00e3o, certa vez, na porta do pr\u00e9dio, ele deu um esc\u00e2ndalo, aos gritos, e me amea\u00e7ou de morte. Foi quando decidi denunci\u00e1-lo por viol\u00eancia, mas jamais consegui vencer esse processo. Na Bahia, a lei Maria da Penha n\u00e3o funciona.<\/span><\/p><p><span style=\"font-weight: 400;\">A essa altura, meu filho mais velho j\u00e1 estava contra mim. Um dos primeiros sinais veio aos 16 anos, quando, na escola, ele jogou um copo de suco em meu rosto.<\/span><\/p><p><span style=\"font-weight: 400;\">H\u00e1 tr\u00eas anos e nove meses, meu marido, com o qual eu j\u00e1 n\u00e3o vivia (embora nunca tenhamos nos separado judicialmente), faleceu. Ele teve c\u00e2ncer. Quando foi diagnosticado com a doen\u00e7a, meu filho mais velho e ele vieram fazer esc\u00e2ndalo novamente na porta da casa da minha m\u00e3e. Disseram que eu tamb\u00e9m ia ter c\u00e2ncer e que a culpa pela doen\u00e7a de meu marido era minha.<\/span><\/p>\n  <div style=\"width: 100%;\" id=\"render-hmeio-9\"><\/div>\n    <script type=\"text\/javascript\">\n      if(window.innerWidth > 1){\n        $(\"#render-hmeio-9\").append(`\n          <div class=\"area-publicidade-rectangular hmeio\">\n            <p>Publicidade\n            <div class=\"area-publicidade\">\n              <div id=\"hmeio9\">\n            \n          \n        `);\n\n        renderPubNow('hmeio', 9)\n      }\n    <\/script>\n  <br><p><span style=\"font-weight: 400;\">Nesse dia, meu filho mais velho agrediu fisicamente meu filho mais novo.Durante o tratamento do c\u00e2ncer do pai, o mais velho n\u00e3o deixava que o mais novo fosse visit\u00e1-lo. No final da doen\u00e7a, dois meses antes de o meu marido falecer, meu filho mais velho entrou na casa de minha m\u00e3e dizendo que iria me matar. Ent\u00e3o, come\u00e7ou a aplicar contra mim socos e pontap\u00e9s.<\/span><\/p><p><span style=\"font-weight: 400;\">Conseguiram cont\u00ea-lo depois de meia hora de agress\u00f5es. Eu havia prometido, quando ele era mais novo e come\u00e7ou a me agredir, que n\u00e3o o denunciaria. Eu ainda lutava por ele.<\/span><\/p><p><span style=\"font-weight: 400;\">Por\u00e9m, quando a situa\u00e7\u00e3o chegou a esse ponto, eu n\u00e3o tive mais condi\u00e7\u00f5es de cumprir essa promessa. Denunciei meu filho mais velho por tentativa de homic\u00eddio.<\/span><\/p>\n  <div style=\"width: 100%;\" id=\"render-hmeio-10\"><\/div>\n    <script type=\"text\/javascript\">\n      if(window.innerWidth > 1){\n        $(\"#render-hmeio-10\").append(`\n          <div class=\"area-publicidade-rectangular hmeio\">\n            <p>Publicidade\n            <div class=\"area-publicidade\">\n              <div id=\"hmeio10\">\n            \n          \n        `);\n\n        renderPubNow('hmeio', 10)\n      }\n    <\/script>\n  <br><p><span style=\"font-weight: 400;\">Desde ent\u00e3o, ele virou bicho. Quando o pai morreu, n\u00e3o deixou seu irm\u00e3o ir ao enterro, nem ver o corpo. Ficou com todos os bens do meu marido, que eram tamb\u00e9m meus bens, e luto agora para reaver parte deles. Meu filho mais novo s\u00f3 n\u00e3o chegou a passar fome porque minha m\u00e3e me ajuda.<\/span><\/p><p><span style=\"font-weight: 400;\">Meus irm\u00e3os tamb\u00e9m se colocaram contra mim. Ficaram ao lado de meu filho mais velho. Um deles, certa vez, me espancou, em defesa do sobrinho. Hoje eu sou uma pessoa que n\u00e3o consegue raciocinar direito. N\u00e3o durmo. Tenho o corpo dolorido. Tomo medicamentos h\u00e1 18 anos. Me sinto morta, e n\u00e3o sei se um dia conseguirei me reerguer.<\/span><\/p><p><span style=\"font-weight: 400;\">N\u00e3o sinto que a situa\u00e7\u00e3o entre eu e meu filho possa ser resolvida. Eu tenho medo dele. Pavor. Ele se transformou em um bicho. O vi pela \u00faltima vez no \u00faltimo carnaval, passando na rua. Sa\u00ed correndo, apavorada.<\/span><\/p>\n  <div style=\"width: 100%;\" id=\"render-hmeio-11\"><\/div>\n    <script type=\"text\/javascript\">\n      if(window.innerWidth > 1){\n        $(\"#render-hmeio-11\").append(`\n          <div class=\"area-publicidade-rectangular hmeio\">\n            <p>Publicidade\n            <div class=\"area-publicidade\">\n              <div id=\"hmeio11\">\n            \n          \n        `);\n\n        renderPubNow('hmeio', 11)\n      }\n    <\/script>\n  <br><p>\u00a0<\/p><p><em><span style=\"font-weight: 400;\">Entender o tamanho do problema \u00e9 urgente e diz respeito a todos n\u00f3s. Informe-se, apoie e denuncie. Outras colunistas do Estad\u00e3o tamb\u00e9m cederam seus espa\u00e7os. Leia mais hist\u00f3rias aqui. #DeUmaVozPorTodas<\/span><\/em><\/p><p><span style=\"font-weight: 400;\"><strong>*O nome foi trocado para preservar a identidade da v\u00edtima.<\/strong> <\/span><\/p>\n  <div style=\"width: 100%;\" id=\"render-hmeio-12\"><\/div>\n    <script type=\"text\/javascript\">\n      if(window.innerWidth > 1){\n        $(\"#render-hmeio-12\").append(`\n          <div class=\"area-publicidade-rectangular hmeio\">\n            <p>Publicidade\n            <div class=\"area-publicidade\">\n              <div id=\"hmeio12\">\n            \n          \n        `);\n\n        renderPubNow('hmeio', 12)\n      }\n    <\/script>\n  <br>","protected":false},"excerpt":{"rendered":"<p>Voc\u00ea est\u00e1 acostumado a ler aqui sobre carros. Hoje, pe\u00e7o licen\u00e7a para contar a hist\u00f3ria da Juliana*<\/p>\n","protected":false},"featured_media":71746,"template":"","class_list":["post-71736","blog_primeira_classe","type-blog_primeira_classe","status-publish","has-post-thumbnail","hentry","tags_primeira_classe-8-de-marco","tags_primeira_classe-dia-internacional-da-mulher","tags_primeira_classe-violencia-contra-a-mulher"],"yoast_head":"<!-- This site is optimized with the Yoast SEO plugin v23.5 - https:\/\/yoast.com\/wordpress\/plugins\/seo\/ -->\n<title>&#039;Durante 20 anos fui v\u00edtima de viol\u00eancia f\u00edsica, psicol\u00f3gica e patrimonial&#039; - Jornal do Carro - Estad\u00e3o<\/title>\n<meta name=\"robots\" content=\"noindex, follow\" \/>\n<meta name=\"twitter:card\" content=\"summary_large_image\" \/>\n<meta name=\"twitter:title\" content=\"&#039;Durante 20 anos fui v\u00edtima de viol\u00eancia f\u00edsica, psicol\u00f3gica e patrimonial&#039; - Jornal do Carro - Estad\u00e3o\" \/>\n<meta name=\"twitter:description\" content=\"Voc\u00ea est\u00e1 acostumado a ler aqui sobre carros. Hoje, pe\u00e7o licen\u00e7a para contar a hist\u00f3ria da Juliana*\" \/>\n<meta name=\"twitter:image\" content=\"https:\/\/jornaldocarro.estadao.com.br\/wp-content\/uploads\/2018\/03\/DeUmaVozPorTodas.png\" \/>\n<meta name=\"twitter:label1\" content=\"Est. tempo de leitura\" \/>\n\t<meta name=\"twitter:data1\" content=\"9 minutos\" \/>\n<script type=\"application\/ld+json\" class=\"yoast-schema-graph\">{\"@context\":\"https:\/\/schema.org\",\"@graph\":[{\"@type\":\"WebPage\",\"@id\":\"https:\/\/jornaldocarro.estadao.com.br\/primeira-classe\/durante-20-anos-fui-vitima-de-violencia-fisica-psicologica-e-patrimonial\/\",\"url\":\"https:\/\/jornaldocarro.estadao.com.br\/primeira-classe\/durante-20-anos-fui-vitima-de-violencia-fisica-psicologica-e-patrimonial\/\",\"name\":\"'Durante 20 anos fui v\u00edtima de viol\u00eancia f\u00edsica, psicol\u00f3gica e patrimonial' - Jornal do Carro - Estad\u00e3o\",\"isPartOf\":{\"@id\":\"https:\/\/jornaldocarro.estadao.com.br\/#website\"},\"primaryImageOfPage\":{\"@id\":\"https:\/\/jornaldocarro.estadao.com.br\/primeira-classe\/durante-20-anos-fui-vitima-de-violencia-fisica-psicologica-e-patrimonial\/#primaryimage\"},\"image\":{\"@id\":\"https:\/\/jornaldocarro.estadao.com.br\/primeira-classe\/durante-20-anos-fui-vitima-de-violencia-fisica-psicologica-e-patrimonial\/#primaryimage\"},\"thumbnailUrl\":\"https:\/\/jornaldocarro.estadao.com.br\/wp-content\/uploads\/2018\/03\/DeUmaVozPorTodas.png\",\"datePublished\":\"2018-03-08T06:00:40+00:00\",\"dateModified\":\"2018-03-07T22:13:41+00:00\",\"breadcrumb\":{\"@id\":\"https:\/\/jornaldocarro.estadao.com.br\/primeira-classe\/durante-20-anos-fui-vitima-de-violencia-fisica-psicologica-e-patrimonial\/#breadcrumb\"},\"inLanguage\":\"pt-BR\",\"potentialAction\":[{\"@type\":\"ReadAction\",\"target\":[\"https:\/\/jornaldocarro.estadao.com.br\/primeira-classe\/durante-20-anos-fui-vitima-de-violencia-fisica-psicologica-e-patrimonial\/\"]}]},{\"@type\":\"ImageObject\",\"inLanguage\":\"pt-BR\",\"@id\":\"https:\/\/jornaldocarro.estadao.com.br\/primeira-classe\/durante-20-anos-fui-vitima-de-violencia-fisica-psicologica-e-patrimonial\/#primaryimage\",\"url\":\"https:\/\/jornaldocarro.estadao.com.br\/wp-content\/uploads\/2018\/03\/DeUmaVozPorTodas.png\",\"contentUrl\":\"https:\/\/jornaldocarro.estadao.com.br\/wp-content\/uploads\/2018\/03\/DeUmaVozPorTodas.png\",\"width\":1920,\"height\":1080,\"caption\":\"Foto: Arte\/Estad\u00e3o\"},{\"@type\":\"BreadcrumbList\",\"@id\":\"https:\/\/jornaldocarro.estadao.com.br\/primeira-classe\/durante-20-anos-fui-vitima-de-violencia-fisica-psicologica-e-patrimonial\/#breadcrumb\",\"itemListElement\":[{\"@type\":\"ListItem\",\"position\":1,\"name\":\"In\u00edcio\",\"item\":\"https:\/\/jornaldocarro.estadao.com.br\/\"},{\"@type\":\"ListItem\",\"position\":2,\"name\":\"Primeira Classe\",\"item\":\"https:\/\/jornaldocarro.estadao.com.br\/primeira-classe\/\"},{\"@type\":\"ListItem\",\"position\":3,\"name\":\"'Durante 20 anos fui v\u00edtima de viol\u00eancia f\u00edsica, psicol\u00f3gica e patrimonial'\"}]},{\"@type\":\"WebSite\",\"@id\":\"https:\/\/jornaldocarro.estadao.com.br\/#website\",\"url\":\"https:\/\/jornaldocarro.estadao.com.br\/\",\"name\":\"Jornal do Carro - Estad\u00e3o\",\"description\":\"O portal sobre carros, motos e tudo sobre o tema ve\u00edculos no Estad\u00e3o. Fique por dentro de lan\u00e7amentos e de hist\u00f3rias dos leitores e seus carros.\",\"potentialAction\":[{\"@type\":\"SearchAction\",\"target\":{\"@type\":\"EntryPoint\",\"urlTemplate\":\"https:\/\/jornaldocarro.estadao.com.br\/?s={search_term_string}\"},\"query-input\":{\"@type\":\"PropertyValueSpecification\",\"valueRequired\":true,\"valueName\":\"search_term_string\"}}],\"inLanguage\":\"pt-BR\"}]}<\/script>\n<!-- \/ Yoast SEO plugin. -->","yoast_head_json":{"title":"'Durante 20 anos fui v\u00edtima de viol\u00eancia f\u00edsica, psicol\u00f3gica e patrimonial' - Jornal do Carro - Estad\u00e3o","robots":{"index":"noindex","follow":"follow"},"twitter_card":"summary_large_image","twitter_title":"'Durante 20 anos fui v\u00edtima de viol\u00eancia f\u00edsica, psicol\u00f3gica e patrimonial' - Jornal do Carro - Estad\u00e3o","twitter_description":"Voc\u00ea est\u00e1 acostumado a ler aqui sobre carros. Hoje, pe\u00e7o licen\u00e7a para contar a hist\u00f3ria da Juliana*","twitter_image":"https:\/\/jornaldocarro.estadao.com.br\/wp-content\/uploads\/2018\/03\/DeUmaVozPorTodas.png","twitter_misc":{"Est. tempo de leitura":"9 minutos"},"schema":{"@context":"https:\/\/schema.org","@graph":[{"@type":"WebPage","@id":"https:\/\/jornaldocarro.estadao.com.br\/primeira-classe\/durante-20-anos-fui-vitima-de-violencia-fisica-psicologica-e-patrimonial\/","url":"https:\/\/jornaldocarro.estadao.com.br\/primeira-classe\/durante-20-anos-fui-vitima-de-violencia-fisica-psicologica-e-patrimonial\/","name":"'Durante 20 anos fui v\u00edtima de viol\u00eancia f\u00edsica, psicol\u00f3gica e patrimonial' - Jornal do Carro - Estad\u00e3o","isPartOf":{"@id":"https:\/\/jornaldocarro.estadao.com.br\/#website"},"primaryImageOfPage":{"@id":"https:\/\/jornaldocarro.estadao.com.br\/primeira-classe\/durante-20-anos-fui-vitima-de-violencia-fisica-psicologica-e-patrimonial\/#primaryimage"},"image":{"@id":"https:\/\/jornaldocarro.estadao.com.br\/primeira-classe\/durante-20-anos-fui-vitima-de-violencia-fisica-psicologica-e-patrimonial\/#primaryimage"},"thumbnailUrl":"https:\/\/jornaldocarro.estadao.com.br\/wp-content\/uploads\/2018\/03\/DeUmaVozPorTodas.png","datePublished":"2018-03-08T06:00:40+00:00","dateModified":"2018-03-07T22:13:41+00:00","breadcrumb":{"@id":"https:\/\/jornaldocarro.estadao.com.br\/primeira-classe\/durante-20-anos-fui-vitima-de-violencia-fisica-psicologica-e-patrimonial\/#breadcrumb"},"inLanguage":"pt-BR","potentialAction":[{"@type":"ReadAction","target":["https:\/\/jornaldocarro.estadao.com.br\/primeira-classe\/durante-20-anos-fui-vitima-de-violencia-fisica-psicologica-e-patrimonial\/"]}]},{"@type":"ImageObject","inLanguage":"pt-BR","@id":"https:\/\/jornaldocarro.estadao.com.br\/primeira-classe\/durante-20-anos-fui-vitima-de-violencia-fisica-psicologica-e-patrimonial\/#primaryimage","url":"https:\/\/jornaldocarro.estadao.com.br\/wp-content\/uploads\/2018\/03\/DeUmaVozPorTodas.png","contentUrl":"https:\/\/jornaldocarro.estadao.com.br\/wp-content\/uploads\/2018\/03\/DeUmaVozPorTodas.png","width":1920,"height":1080,"caption":"Foto: Arte\/Estad\u00e3o"},{"@type":"BreadcrumbList","@id":"https:\/\/jornaldocarro.estadao.com.br\/primeira-classe\/durante-20-anos-fui-vitima-de-violencia-fisica-psicologica-e-patrimonial\/#breadcrumb","itemListElement":[{"@type":"ListItem","position":1,"name":"In\u00edcio","item":"https:\/\/jornaldocarro.estadao.com.br\/"},{"@type":"ListItem","position":2,"name":"Primeira Classe","item":"https:\/\/jornaldocarro.estadao.com.br\/primeira-classe\/"},{"@type":"ListItem","position":3,"name":"'Durante 20 anos fui v\u00edtima de viol\u00eancia f\u00edsica, psicol\u00f3gica e patrimonial'"}]},{"@type":"WebSite","@id":"https:\/\/jornaldocarro.estadao.com.br\/#website","url":"https:\/\/jornaldocarro.estadao.com.br\/","name":"Jornal do Carro - Estad\u00e3o","description":"O portal sobre carros, motos e tudo sobre o tema ve\u00edculos no Estad\u00e3o. Fique por dentro de lan\u00e7amentos e de hist\u00f3rias dos leitores e seus carros.","potentialAction":[{"@type":"SearchAction","target":{"@type":"EntryPoint","urlTemplate":"https:\/\/jornaldocarro.estadao.com.br\/?s={search_term_string}"},"query-input":{"@type":"PropertyValueSpecification","valueRequired":true,"valueName":"search_term_string"}}],"inLanguage":"pt-BR"}]}},"_links":{"self":[{"href":"https:\/\/jornaldocarro.estadao.com.br\/api\/wp\/v2\/blog_primeira_classe\/71736","targetHints":{"allow":["GET"]}}],"collection":[{"href":"https:\/\/jornaldocarro.estadao.com.br\/api\/wp\/v2\/blog_primeira_classe"}],"about":[{"href":"https:\/\/jornaldocarro.estadao.com.br\/api\/wp\/v2\/types\/blog_primeira_classe"}],"version-history":[{"count":4,"href":"https:\/\/jornaldocarro.estadao.com.br\/api\/wp\/v2\/blog_primeira_classe\/71736\/revisions"}],"predecessor-version":[{"id":71751,"href":"https:\/\/jornaldocarro.estadao.com.br\/api\/wp\/v2\/blog_primeira_classe\/71736\/revisions\/71751"}],"wp:featuredmedia":[{"embeddable":true,"href":"https:\/\/jornaldocarro.estadao.com.br\/api\/wp\/v2\/media\/71746"}],"wp:attachment":[{"href":"https:\/\/jornaldocarro.estadao.com.br\/api\/wp\/v2\/media?parent=71736"}],"curies":[{"name":"wp","href":"https:\/\/api.w.org\/{rel}","templated":true}]}}