{"id":76932,"date":"2018-04-29T11:10:34","date_gmt":"2018-04-29T14:10:34","guid":{"rendered":"http:\/\/jornaldocarro.estadao.com.br\/?post_type=blog_primeira_classe&#038;p=76932"},"modified":"2018-04-29T11:10:34","modified_gmt":"2018-04-29T14:10:34","slug":"suv-renegade-lider-vendas","status":"publish","type":"blog_primeira_classe","link":"https:\/\/jornaldocarro.estadao.com.br\/primeira-classe\/suv-renegade-lider-vendas\/","title":{"rendered":"O novo l\u00edder dos SUVs compactos"},"content":{"rendered":"<p>No segmento mais badalado do Brasil, a briga em 2018 est\u00e1 pegando fogo. M\u00eas a m\u00eas, h\u00e1 mudan\u00e7as na lideran\u00e7a da categoria de SUVs compactos. Em abril, a primeira posi\u00e7\u00e3o j\u00e1 est\u00e1 garantida: ela \u00e9 do SUV Renegade, da Jeep.<\/p><p><strong>LEIA TAMB\u00c9M<\/strong><\/p><ul>\n<li><a href=\"https:\/\/jornaldocarro.estadao.com.br\/primeira-classe\/chevrolet-prisma-humilha-rivais\/\" target=\"_blank\" rel=\"noopener nofollow\"><em>Cinco carros que humilham a concorr\u00eancia<\/em><\/a><\/li>\n<li><a href=\"https:\/\/jornaldocarro.estadao.com.br\/primeira-classe\/volks-nao-esta-brincadeira\/\" target=\"_blank\" rel=\"noopener nofollow\"><em>Volkswagen n\u00e3o est\u00e1 para brincadeira<\/em><\/a><\/li>\n<\/ul><p>Por\u00e9m, \u00e9 importante ressaltar que a lideran\u00e7a \u00e9 restrita aos SUVs compactos. Na categoria como um todo, o primeiro lugar voltar a ser ocupado pelo Jeep Compass, que \u00e9 modelo m\u00e9dio.<\/p>\n  <div style=\"width: 100%;\" id=\"render-hmeio-1\"><\/div>\n    <script type=\"text\/javascript\">\n      if(window.innerWidth > 1){\n        $(\"#render-hmeio-1\").append(`\n          <div class=\"area-publicidade-rectangular hmeio\">\n            <p>Publicidade\n            <div class=\"area-publicidade\">\n              <div id=\"hmeio1\">\n            \n          \n        `);\n\n        \n    window.jornaldocarro = window.jornaldocarro || {};\n    window.jornaldocarro.slotsAds = window.jornaldocarro.slotsAds || [];\n    window.jornaldocarro.slotsAds.push(\"hmeio1\");\n  \n      }\n    <\/script>\n  <br><p>A briga dos SUVs compactos est\u00e1 t\u00e3o quente que esta j\u00e1 \u00e9 a terceira altern\u00e2ncia na primeira posi\u00e7\u00e3o no ano. Isso em apenas quatro meses.<\/p><p><a href=\"https:\/\/instagram.com\/rafaelatborges\/\" target=\"_blank\" rel=\"noopener nofollow\"><em><strong>Confira o perfil da autora do blog no Instagram<\/strong><\/em><\/a><\/p><p>Nos dois primeiros meses do ano, ela foi ocupada pelo Honda HR-V. Em mar\u00e7o, ficou, pela primeira vez, com o Nissan Kicks. Agora, \u00e9 a vez do SUV Renegade.<\/p>\n  <div style=\"width: 100%;\" id=\"render-hmeio-2\"><\/div>\n    <script type=\"text\/javascript\">\n      if(window.innerWidth > 1){\n        $(\"#render-hmeio-2\").append(`\n          <div class=\"area-publicidade-rectangular hmeio\">\n            <p>Publicidade\n            <div class=\"area-publicidade\">\n              <div id=\"hmeio2\">\n            \n          \n        `);\n\n        \n    window.jornaldocarro = window.jornaldocarro || {};\n    window.jornaldocarro.slotsAds = window.jornaldocarro.slotsAds || [];\n    window.jornaldocarro.slotsAds.push(\"hmeio2\");\n  \n      }\n    <\/script>\n  <br><p>\u00a0<\/p><p><strong>VEJA TAMB\u00c9M: CARROS COM CONSUMO DE COMBUST\u00cdVEL ABSURDO<\/strong><\/p>\n\n<div class=\"clearfix\"><\/div>\n<div data-gallery-id=\"30085\" class=\"jc-img-gallery-wrapper mt-3 mb-2\">\n  <div class=\"jc-img-gallery\" id=\"jc-img-gallery-30085\" data-gallery-title=\"O novo l\u00edder dos SUVs compactos\">\n      <\/div>\n\n<\/div>\n<div class=\"clearfix\"><\/div>\n\n<p>\u00a0<\/p>\n  <div style=\"width: 100%;\" id=\"render-hmeio-3\"><\/div>\n    <script type=\"text\/javascript\">\n      if(window.innerWidth > 1){\n        $(\"#render-hmeio-3\").append(`\n          <div class=\"area-publicidade-rectangular hmeio\">\n            <p>Publicidade\n            <div class=\"area-publicidade\">\n              <div id=\"hmeio3\">\n            \n          \n        `);\n\n        \n    window.jornaldocarro = window.jornaldocarro || {};\n    window.jornaldocarro.slotsAds = window.jornaldocarro.slotsAds || [];\n    window.jornaldocarro.slotsAds.push(\"hmeio3\");\n  \n      }\n    <\/script>\n  <br><h2>SUV Renegade na frente<\/h2><h2><\/h2><p>Os dados de vendas que mostrarei a seguir s\u00e3o os registrados entre 1\u00ba e 27 de abril. Com isso, falta apenas um dia de emplacamentos para o encerramento do m\u00eas.<\/p><p>O SUV Renegade n\u00e3o pode mais ser alcan\u00e7ado. Ele somou 4.311 emplacamentos no per\u00edodo.<\/p><p>O segundo colocado &#xE9; o <a id=\"post_keyword\" target=\"_blank\" href=\"https:\/\/jornaldocarro.estadao.com.br\/oferta\/hyundai-creta-ultimate-at\/?&amp;utm_source=linkagem&amp;utm_medium=cpl&amp;utm_campaign=ld_jc_creta&amp;utm_content=news_linkagem_jc_creta&amp;utm_term=news_creta&amp;utm_client=hyundai\">Hyundai<\/a> <a id=\"post_keyword\" target=\"_blank\" href=\"https:\/\/jornaldocarro.estadao.com.br\/oferta\/hyundai-creta-ultimate-at\/?&amp;utm_source=linkagem&amp;utm_medium=cpl&amp;utm_campaign=ld_jc_creta&amp;utm_content=news_linkagem_jc_creta&amp;utm_term=news_creta&amp;utm_client=hyundai\">Creta<\/a>, que mostra rea&#xE7;&#xE3;o ap&#xF3;s um in&#xED;cio de ano dif&#xED;cil. O modelo, por&#xE9;m, est&#xE1; bem atr&#xE1;s do SUV Renegade. Ele somou, no per&#xED;odo, 3.675 emplacamentos.<\/p>\n  <div style=\"width: 100%;\" id=\"render-hmeio-4\"><\/div>\n    <script type=\"text\/javascript\">\n      if(window.innerWidth > 1){\n        $(\"#render-hmeio-4\").append(`\n          <div class=\"area-publicidade-rectangular hmeio\">\n            <p>Publicidade\n            <div class=\"area-publicidade\">\n              <div id=\"hmeio4\">\n            \n          \n        `);\n\n        \n    window.jornaldocarro = window.jornaldocarro || {};\n    window.jornaldocarro.slotsAds = window.jornaldocarro.slotsAds || [];\n    window.jornaldocarro.slotsAds.push(\"hmeio4\");\n  \n      }\n    <\/script>\n  <br><p>O Nissan Kicks aparece na terceira posi\u00e7\u00e3o, com 3.582 unidades vendidas. O Honda HR-V caiu bastante: com 3.394 emplacamentos, ocupou apenas o quarto lugar.<\/p><p>Com isso, o HR-V j\u00e1 come\u00e7a a ser amea\u00e7ado pelo Kicks no acumulado do ano. Sua vantagem, no momento, \u00e9 de apenas 327 unidades. Nesse ritmo, pode ser ultrapassado pelo Nissan j\u00e1 no m\u00eas que vem.<\/p><h2>Uma outra briga<\/h2><h2><\/h2><p>Os demais modelos travam uma briga na se\u00e7\u00e3o de baixo do ranking de SUVs compactos. No duelo particular entre EcoSport e Tracker, o Ford come\u00e7a a abrir vantagem.<\/p>\n  <div style=\"width: 100%;\" id=\"render-hmeio-5\"><\/div>\n    <script type=\"text\/javascript\">\n      if(window.innerWidth > 1){\n        $(\"#render-hmeio-5\").append(`\n          <div class=\"area-publicidade-rectangular hmeio\">\n            <p>Publicidade\n            <div class=\"area-publicidade\">\n              <div id=\"hmeio5\">\n            \n          \n        `);\n\n        \n    window.jornaldocarro = window.jornaldocarro || {};\n    window.jornaldocarro.slotsAds = window.jornaldocarro.slotsAds || [];\n    window.jornaldocarro.slotsAds.push(\"hmeio5\");\n  \n      }\n    <\/script>\n  <br><p>De 1\u00ba a 27 de abril, o EcoSport somou 2.810 emplacamentos. O Tracker teve 2.476 unidades vendidas.<\/p><p>Com isso, o Ford foi o quinto mais vendido do segmento. O Chevrolet ficou com o sexto lugar.<\/p><p>No s\u00e9timo lugar, por ora h\u00e1 um curioso empate entre dois modelos de mesma marca. Duster e Captur registraram, no per\u00edodo, 1.593 unidades vendidas.<\/p>\n  <div style=\"width: 100%;\" id=\"render-hmeio-6\"><\/div>\n    <script type=\"text\/javascript\">\n      if(window.innerWidth > 1){\n        $(\"#render-hmeio-6\").append(`\n          <div class=\"area-publicidade-rectangular hmeio\">\n            <p>Publicidade\n            <div class=\"area-publicidade\">\n              <div id=\"hmeio6\">\n            \n          \n        `);\n\n        \n    window.jornaldocarro = window.jornaldocarro || {};\n    window.jornaldocarro.slotsAds = window.jornaldocarro.slotsAds || [];\n    window.jornaldocarro.slotsAds.push(\"hmeio6\");\n  \n      }\n    <\/script>\n  <br><p>O WR-V e o 2008 fecham o ranking. O Honda somou 1.131 emplacamentos e o Peugeot, 738.<\/p><p>O Jeep Compass, l\u00edder do segmento geral de SUVs, teve 4.438 emplacamentos em abril.<\/p><h2>Novidades<\/h2><h2><\/h2><p>A briga no segmento de SUVs vai ficar ainda mais quente a partir de 2019. A l\u00edder Chevrolet ter\u00e1 um novo modelo no segmento, sucessor do Tracker. O carro ser\u00e1 feito no Brasil (<a href=\"https:\/\/jornaldocarro.estadao.com.br\/carros\/sucessor-chevrolet-onix-chines\/\" target=\"_blank\" rel=\"noopener nofollow\"><strong>veja aqui<\/strong><\/a>) \u2013 o veterano vem do M\u00e9xico.<\/p>\n  <div style=\"width: 100%;\" id=\"render-hmeio-7\"><\/div>\n    <script type=\"text\/javascript\">\n      if(window.innerWidth > 1){\n        $(\"#render-hmeio-7\").append(`\n          <div class=\"area-publicidade-rectangular hmeio\">\n            <p>Publicidade\n            <div class=\"area-publicidade\">\n              <div id=\"hmeio7\">\n            \n          \n        `);\n\n        renderPubNow('hmeio', 7)\n      }\n    <\/script>\n  <br><p>A Volkswagen vai tamb\u00e9m lan\u00e7ar um SUV compacto. Al\u00e9m disso, ter\u00e1 um modelo m\u00e9dio nesse segmento \u2013 quando ele chegar, em 2020, a tend\u00eancia \u00e9 o Tiguan de cinco lugares deixar de ser oferecido.<\/p><p>A Toyota tamb\u00e9m planeja ter um SUV compacto nacional, adapta\u00e7\u00e3o de um modelo de sua marca de baixo custo Daihatsu.<\/p><p>Agora, resta saber se a Fiat vai entrar ou n\u00e3o nesta briga. A marca estudava, no ano passado, criar um SUV da Toro. H\u00e1 possibilidade, por\u00e9m, de continuar mantendo seus esfor\u00e7os para o segmento na marca Jeep.<\/p>\n  <div style=\"width: 100%;\" id=\"render-hmeio-8\"><\/div>\n    <script type=\"text\/javascript\">\n      if(window.innerWidth > 1){\n        $(\"#render-hmeio-8\").append(`\n          <div class=\"area-publicidade-rectangular hmeio\">\n            <p>Publicidade\n            <div class=\"area-publicidade\">\n              <div id=\"hmeio8\">\n            \n          \n        `);\n\n        renderPubNow('hmeio', 8)\n      }\n    <\/script>\n  <br><p>\u00a0<\/p>","protected":false},"excerpt":{"rendered":"<p>Segmento est\u00e1 pegando fogo neste ano, com mudan\u00e7as na primeira posi\u00e7\u00e3o m\u00eas a m\u00eas. Desta vez, o n\u00famero 1 \u00e9 o SUV Renegade <\/p>\n","protected":false},"featured_media":76941,"template":"","class_list":["post-76932","blog_primeira_classe","type-blog_primeira_classe","status-publish","has-post-thumbnail","hentry","tags_primeira_classe-jeep","tags_primeira_classe-renegade","tags_primeira_classe-suvs-compactos"],"yoast_head":"<!-- This site is optimized with the Yoast SEO plugin v23.5 - https:\/\/yoast.com\/wordpress\/plugins\/seo\/ -->\n<title>O novo l\u00edder dos SUVs compactos - Jornal do Carro - Estad\u00e3o<\/title>\n<meta name=\"description\" content=\"Segmento est\u00e1 pegando fogo neste ano, com mudan\u00e7as na primeira posi\u00e7\u00e3o m\u00eas a m\u00eas. Desta vez, o n\u00famero 1 \u00e9 o SUV Renegade, da Jeep\" \/>\n<meta name=\"robots\" content=\"noindex, follow\" \/>\n<meta name=\"twitter:card\" content=\"summary_large_image\" \/>\n<meta name=\"twitter:title\" content=\"O novo l\u00edder dos SUVs compactos - Jornal do Carro - Estad\u00e3o\" \/>\n<meta name=\"twitter:description\" content=\"Segmento est\u00e1 pegando fogo neste ano, com mudan\u00e7as na primeira posi\u00e7\u00e3o m\u00eas a m\u00eas. Desta vez, o n\u00famero 1 \u00e9 o SUV Renegade, da Jeep\" \/>\n<meta name=\"twitter:image\" content=\"https:\/\/jornaldocarro.estadao.com.br\/wp-content\/uploads\/2018\/04\/39602319-1160x773.jpg\" \/>\n<meta name=\"twitter:label1\" content=\"Est. tempo de leitura\" \/>\n\t<meta name=\"twitter:data1\" content=\"3 minutos\" \/>\n<script type=\"application\/ld+json\" class=\"yoast-schema-graph\">{\"@context\":\"https:\/\/schema.org\",\"@graph\":[{\"@type\":\"WebPage\",\"@id\":\"https:\/\/jornaldocarro.estadao.com.br\/primeira-classe\/suv-renegade-lider-vendas\/\",\"url\":\"https:\/\/jornaldocarro.estadao.com.br\/primeira-classe\/suv-renegade-lider-vendas\/\",\"name\":\"O novo l\u00edder dos SUVs compactos - Jornal do Carro - Estad\u00e3o\",\"isPartOf\":{\"@id\":\"https:\/\/jornaldocarro.estadao.com.br\/#website\"},\"primaryImageOfPage\":{\"@id\":\"https:\/\/jornaldocarro.estadao.com.br\/primeira-classe\/suv-renegade-lider-vendas\/#primaryimage\"},\"image\":{\"@id\":\"https:\/\/jornaldocarro.estadao.com.br\/primeira-classe\/suv-renegade-lider-vendas\/#primaryimage\"},\"thumbnailUrl\":\"https:\/\/jornaldocarro.estadao.com.br\/wp-content\/uploads\/2018\/04\/39602319-1160x773.jpg\",\"datePublished\":\"2018-04-29T14:10:34+00:00\",\"dateModified\":\"2018-04-29T14:10:34+00:00\",\"description\":\"Segmento est\u00e1 pegando fogo neste ano, com mudan\u00e7as na primeira posi\u00e7\u00e3o m\u00eas a m\u00eas. Desta vez, o n\u00famero 1 \u00e9 o SUV Renegade, da Jeep\",\"breadcrumb\":{\"@id\":\"https:\/\/jornaldocarro.estadao.com.br\/primeira-classe\/suv-renegade-lider-vendas\/#breadcrumb\"},\"inLanguage\":\"pt-BR\",\"potentialAction\":[{\"@type\":\"ReadAction\",\"target\":[\"https:\/\/jornaldocarro.estadao.com.br\/primeira-classe\/suv-renegade-lider-vendas\/\"]}]},{\"@type\":\"ImageObject\",\"inLanguage\":\"pt-BR\",\"@id\":\"https:\/\/jornaldocarro.estadao.com.br\/primeira-classe\/suv-renegade-lider-vendas\/#primaryimage\",\"url\":\"https:\/\/jornaldocarro.estadao.com.br\/wp-content\/uploads\/2018\/04\/39602319-1160x773.jpg\",\"contentUrl\":\"https:\/\/jornaldocarro.estadao.com.br\/wp-content\/uploads\/2018\/04\/39602319-1160x773.jpg\",\"width\":1160,\"height\":773,\"caption\":\"Jeep \u00e9 o compacto mais vendido em abril (Foto: Felipe Rau\/Estad\u00e3o)\"},{\"@type\":\"BreadcrumbList\",\"@id\":\"https:\/\/jornaldocarro.estadao.com.br\/primeira-classe\/suv-renegade-lider-vendas\/#breadcrumb\",\"itemListElement\":[{\"@type\":\"ListItem\",\"position\":1,\"name\":\"In\u00edcio\",\"item\":\"https:\/\/jornaldocarro.estadao.com.br\/\"},{\"@type\":\"ListItem\",\"position\":2,\"name\":\"Primeira Classe\",\"item\":\"https:\/\/jornaldocarro.estadao.com.br\/primeira-classe\/\"},{\"@type\":\"ListItem\",\"position\":3,\"name\":\"O novo l\u00edder dos SUVs compactos\"}]},{\"@type\":\"WebSite\",\"@id\":\"https:\/\/jornaldocarro.estadao.com.br\/#website\",\"url\":\"https:\/\/jornaldocarro.estadao.com.br\/\",\"name\":\"Jornal do Carro - Estad\u00e3o\",\"description\":\"O portal sobre carros, motos e tudo sobre o tema ve\u00edculos no Estad\u00e3o. Fique por dentro de lan\u00e7amentos e de hist\u00f3rias dos leitores e seus carros.\",\"potentialAction\":[{\"@type\":\"SearchAction\",\"target\":{\"@type\":\"EntryPoint\",\"urlTemplate\":\"https:\/\/jornaldocarro.estadao.com.br\/?s={search_term_string}\"},\"query-input\":{\"@type\":\"PropertyValueSpecification\",\"valueRequired\":true,\"valueName\":\"search_term_string\"}}],\"inLanguage\":\"pt-BR\"}]}<\/script>\n<!-- \/ Yoast SEO plugin. -->","yoast_head_json":{"title":"O novo l\u00edder dos SUVs compactos - Jornal do Carro - Estad\u00e3o","description":"Segmento est\u00e1 pegando fogo neste ano, com mudan\u00e7as na primeira posi\u00e7\u00e3o m\u00eas a m\u00eas. Desta vez, o n\u00famero 1 \u00e9 o SUV Renegade, da Jeep","robots":{"index":"noindex","follow":"follow"},"twitter_card":"summary_large_image","twitter_title":"O novo l\u00edder dos SUVs compactos - Jornal do Carro - Estad\u00e3o","twitter_description":"Segmento est\u00e1 pegando fogo neste ano, com mudan\u00e7as na primeira posi\u00e7\u00e3o m\u00eas a m\u00eas. Desta vez, o n\u00famero 1 \u00e9 o SUV Renegade, da Jeep","twitter_image":"https:\/\/jornaldocarro.estadao.com.br\/wp-content\/uploads\/2018\/04\/39602319-1160x773.jpg","twitter_misc":{"Est. tempo de leitura":"3 minutos"},"schema":{"@context":"https:\/\/schema.org","@graph":[{"@type":"WebPage","@id":"https:\/\/jornaldocarro.estadao.com.br\/primeira-classe\/suv-renegade-lider-vendas\/","url":"https:\/\/jornaldocarro.estadao.com.br\/primeira-classe\/suv-renegade-lider-vendas\/","name":"O novo l\u00edder dos SUVs compactos - Jornal do Carro - Estad\u00e3o","isPartOf":{"@id":"https:\/\/jornaldocarro.estadao.com.br\/#website"},"primaryImageOfPage":{"@id":"https:\/\/jornaldocarro.estadao.com.br\/primeira-classe\/suv-renegade-lider-vendas\/#primaryimage"},"image":{"@id":"https:\/\/jornaldocarro.estadao.com.br\/primeira-classe\/suv-renegade-lider-vendas\/#primaryimage"},"thumbnailUrl":"https:\/\/jornaldocarro.estadao.com.br\/wp-content\/uploads\/2018\/04\/39602319-1160x773.jpg","datePublished":"2018-04-29T14:10:34+00:00","dateModified":"2018-04-29T14:10:34+00:00","description":"Segmento est\u00e1 pegando fogo neste ano, com mudan\u00e7as na primeira posi\u00e7\u00e3o m\u00eas a m\u00eas. Desta vez, o n\u00famero 1 \u00e9 o SUV Renegade, da Jeep","breadcrumb":{"@id":"https:\/\/jornaldocarro.estadao.com.br\/primeira-classe\/suv-renegade-lider-vendas\/#breadcrumb"},"inLanguage":"pt-BR","potentialAction":[{"@type":"ReadAction","target":["https:\/\/jornaldocarro.estadao.com.br\/primeira-classe\/suv-renegade-lider-vendas\/"]}]},{"@type":"ImageObject","inLanguage":"pt-BR","@id":"https:\/\/jornaldocarro.estadao.com.br\/primeira-classe\/suv-renegade-lider-vendas\/#primaryimage","url":"https:\/\/jornaldocarro.estadao.com.br\/wp-content\/uploads\/2018\/04\/39602319-1160x773.jpg","contentUrl":"https:\/\/jornaldocarro.estadao.com.br\/wp-content\/uploads\/2018\/04\/39602319-1160x773.jpg","width":1160,"height":773,"caption":"Jeep \u00e9 o compacto mais vendido em abril (Foto: Felipe Rau\/Estad\u00e3o)"},{"@type":"BreadcrumbList","@id":"https:\/\/jornaldocarro.estadao.com.br\/primeira-classe\/suv-renegade-lider-vendas\/#breadcrumb","itemListElement":[{"@type":"ListItem","position":1,"name":"In\u00edcio","item":"https:\/\/jornaldocarro.estadao.com.br\/"},{"@type":"ListItem","position":2,"name":"Primeira Classe","item":"https:\/\/jornaldocarro.estadao.com.br\/primeira-classe\/"},{"@type":"ListItem","position":3,"name":"O novo l\u00edder dos SUVs compactos"}]},{"@type":"WebSite","@id":"https:\/\/jornaldocarro.estadao.com.br\/#website","url":"https:\/\/jornaldocarro.estadao.com.br\/","name":"Jornal do Carro - Estad\u00e3o","description":"O portal sobre carros, motos e tudo sobre o tema ve\u00edculos no Estad\u00e3o. Fique por dentro de lan\u00e7amentos e de hist\u00f3rias dos leitores e seus carros.","potentialAction":[{"@type":"SearchAction","target":{"@type":"EntryPoint","urlTemplate":"https:\/\/jornaldocarro.estadao.com.br\/?s={search_term_string}"},"query-input":{"@type":"PropertyValueSpecification","valueRequired":true,"valueName":"search_term_string"}}],"inLanguage":"pt-BR"}]}},"_links":{"self":[{"href":"https:\/\/jornaldocarro.estadao.com.br\/api\/wp\/v2\/blog_primeira_classe\/76932","targetHints":{"allow":["GET"]}}],"collection":[{"href":"https:\/\/jornaldocarro.estadao.com.br\/api\/wp\/v2\/blog_primeira_classe"}],"about":[{"href":"https:\/\/jornaldocarro.estadao.com.br\/api\/wp\/v2\/types\/blog_primeira_classe"}],"version-history":[{"count":13,"href":"https:\/\/jornaldocarro.estadao.com.br\/api\/wp\/v2\/blog_primeira_classe\/76932\/revisions"}],"predecessor-version":[{"id":76946,"href":"https:\/\/jornaldocarro.estadao.com.br\/api\/wp\/v2\/blog_primeira_classe\/76932\/revisions\/76946"}],"wp:featuredmedia":[{"embeddable":true,"href":"https:\/\/jornaldocarro.estadao.com.br\/api\/wp\/v2\/media\/76941"}],"wp:attachment":[{"href":"https:\/\/jornaldocarro.estadao.com.br\/api\/wp\/v2\/media?parent=76932"}],"curies":[{"name":"wp","href":"https:\/\/api.w.org\/{rel}","templated":true}]}}