{"id":77920,"date":"2018-05-14T14:50:11","date_gmt":"2018-05-14T17:50:11","guid":{"rendered":"http:\/\/jornaldocarro.estadao.com.br\/?post_type=blog_primeira_classe&#038;p=77920"},"modified":"2018-05-14T18:09:57","modified_gmt":"2018-05-14T21:09:57","slug":"renault-sandero-vendas-varejo","status":"publish","type":"blog_primeira_classe","link":"https:\/\/jornaldocarro.estadao.com.br\/primeira-classe\/renault-sandero-vendas-varejo\/","title":{"rendered":"Carros bons de venda que o p\u00fablico n\u00e3o ama"},"content":{"rendered":"<p>Alguns modelos que t\u00eam alto volume de emplacamentos s\u00f3 v\u00e3o t\u00e3o bem por causa das vendas diretas. Assim, eles s\u00e3o sucesso de emplacamentos, mas n\u00e3o recebem do cliente final a aten\u00e7\u00e3o que seus n\u00fameros sugerem. Um dos principais exemplos \u00e9 o Renault Sandero.<\/p><p>\u00a0<\/p><ul>\n<li><a href=\"https:\/\/jornaldocarro.estadao.com.br\/primeira-classe\/picape-toro-maior-fiat\/\" target=\"_blank\" rel=\"noopener nofollow\"><em><strong>Carros que s\u00e3o maiores que suas marcas<\/strong><\/em><\/a><\/li>\n<li><a href=\"https:\/\/jornaldocarro.estadao.com.br\/primeira-classe\/chevrolet-prisma-humilha-rivais\/\" target=\"_blank\" rel=\"noopener nofollow\"><em><strong>Carros que humilham a concorr\u00eancia<\/strong><\/em><\/a><\/li>\n<li><a href=\"https:\/\/www.instagram.com\/rafaelatborges\/\" target=\"_blank\" rel=\"noopener nofollow\"><em><strong>Fale com a autora do blog por meio do Instagram<\/strong><\/em><\/a><\/li>\n<li><a href=\"https:\/\/www.facebook.com\/blogprimeiraclasse\/\" target=\"_blank\" rel=\"noopener nofollow\"><em><strong>Confira o perfil do blog no Facebook<\/strong><\/em><\/a><\/li>\n<\/ul><p>\u00a0<\/p>\n  <div style=\"width: 100%;\" id=\"render-hmeio-1\"><\/div>\n    <script type=\"text\/javascript\">\n      if(window.innerWidth > 1){\n        $(\"#render-hmeio-1\").append(`\n          <div class=\"area-publicidade-rectangular hmeio\">\n            <p>Publicidade\n            <div class=\"area-publicidade\">\n              <div id=\"hmeio1\">\n            \n          \n        `);\n\n        \n    window.jornaldocarro = window.jornaldocarro || {};\n    window.jornaldocarro.slotsAds = window.jornaldocarro.slotsAds || [];\n    window.jornaldocarro.slotsAds.push(\"hmeio1\");\n  \n      }\n    <\/script>\n  <br><p>O modelo chamou a aten\u00e7\u00e3o em abril por ter ficado no s\u00e9timo lugar do ranking de vendas de autom\u00f3veis. Por\u00e9m, ser\u00e1 que houve mesmo uma maior demanda dos consumidores pelo Renault Sandero, em concession\u00e1rias?<\/p><p>Ser\u00e1 que a Renault fez promo\u00e7\u00f5es para o carro? Ser\u00e1 que o Renault Sandero acabou sendo a escolha de quem procurou um Kwid, mas n\u00e3o quis enfrentar as filas para entrega do novo carrinho?<\/p><p>Analisando os n\u00fameros de vendas do m\u00eas passado, a resposta \u00e9 n\u00e3o. Por qu\u00ea? O impulso no ranking do Renault Sandero foi obtido gra\u00e7as a um alto fluxo de vendas diretas.<\/p>\n  <div style=\"width: 100%;\" id=\"render-hmeio-2\"><\/div>\n    <script type=\"text\/javascript\">\n      if(window.innerWidth > 1){\n        $(\"#render-hmeio-2\").append(`\n          <div class=\"area-publicidade-rectangular hmeio\">\n            <p>Publicidade\n            <div class=\"area-publicidade\">\n              <div id=\"hmeio2\">\n            \n          \n        `);\n\n        \n    window.jornaldocarro = window.jornaldocarro || {};\n    window.jornaldocarro.slotsAds = window.jornaldocarro.slotsAds || [];\n    window.jornaldocarro.slotsAds.push(\"hmeio2\");\n  \n      }\n    <\/script>\n  <br><p>O que significam as vendas diretas? S\u00e3o as realizadas diretamente entre f\u00e1brica e pessoas jur\u00eddicas (empresas, frotistas, taxistas, produtores rurais, etc) ou pessoas com necessidades especiais. Geralmente, h\u00e1 um grande desconto para esses modelos.<\/p><p>\u00c9 comum que as vendas diretas dependam mais de bons contratos oferecidos por montadoras do que do gosto do consumidor. Mas claro que h\u00e1 exce\u00e7\u00f5es a esses casos.<\/p><p>\u00a0<\/p>\n  <div style=\"width: 100%;\" id=\"render-hmeio-3\"><\/div>\n    <script type=\"text\/javascript\">\n      if(window.innerWidth > 1){\n        $(\"#render-hmeio-3\").append(`\n          <div class=\"area-publicidade-rectangular hmeio\">\n            <p>Publicidade\n            <div class=\"area-publicidade\">\n              <div id=\"hmeio3\">\n            \n          \n        `);\n\n        \n    window.jornaldocarro = window.jornaldocarro || {};\n    window.jornaldocarro.slotsAds = window.jornaldocarro.slotsAds || [];\n    window.jornaldocarro.slotsAds.push(\"hmeio3\");\n  \n      }\n    <\/script>\n  <br><p><strong>VEJA TAMB\u00c9M: QUAIS S\u00c3O OS CARROS QUE MAIS COMBINAM COM O SEU SIGNO<\/strong><\/p>\n\n<div class=\"clearfix\"><\/div>\n<div data-gallery-id=\"36613\" class=\"jc-img-gallery-wrapper mt-3 mb-2\">\n  <div class=\"jc-img-gallery\" id=\"jc-img-gallery-36613\" data-gallery-title=\"Carros bons de venda que o p\u00fablico n\u00e3o ama\">\n      <\/div>\n\n<\/div>\n<div class=\"clearfix\"><\/div>\n\n<p>\u00a0<\/p><h2>Varejo representa gosto do fregu\u00eas<\/h2><h2><\/h2><p>J\u00e1 nas vendas no varejo os neg\u00f3cios s\u00e3o fechados entre concession\u00e1rias e clientes finais. \u00c9 o resultado no\u00a0varejo que, no geral, determina as reais prefer\u00eancias do consumidor de carros.<\/p>\n  <div style=\"width: 100%;\" id=\"render-hmeio-4\"><\/div>\n    <script type=\"text\/javascript\">\n      if(window.innerWidth > 1){\n        $(\"#render-hmeio-4\").append(`\n          <div class=\"area-publicidade-rectangular hmeio\">\n            <p>Publicidade\n            <div class=\"area-publicidade\">\n              <div id=\"hmeio4\">\n            \n          \n        `);\n\n        \n    window.jornaldocarro = window.jornaldocarro || {};\n    window.jornaldocarro.slotsAds = window.jornaldocarro.slotsAds || [];\n    window.jornaldocarro.slotsAds.push(\"hmeio4\");\n  \n      }\n    <\/script>\n  <br><p>Por isso, alguns ve\u00edculos com volumes muito altos podem n\u00e3o ser assim t\u00e3o adorados pelo brasileiro. Aqui, mostraremos os modelos que se enquadraram nessa modalidade em abril.<\/p><p>Al\u00e9m do Sandero, h\u00e1 outros casos assim, que vamos listar abaixo.\u00a0A posi\u00e7\u00e3o no ranking, tanto no geral quanto no varejo, \u00e9 a ocupada na lista de autom\u00f3veis.<\/p><p>Isso porque quase todos os comerciais leves (inclusive picapes) s\u00e3o vendidos, em sua maioria, pela modalidade direta (a exce\u00e7\u00e3o \u00e9 a Toyota Hilux). Assim, eles v\u00e3o ficar fora dessa an\u00e1lise (confira detalhes no fim do texto).<\/p>\n  <div style=\"width: 100%;\" id=\"render-hmeio-5\"><\/div>\n    <script type=\"text\/javascript\">\n      if(window.innerWidth > 1){\n        $(\"#render-hmeio-5\").append(`\n          <div class=\"area-publicidade-rectangular hmeio\">\n            <p>Publicidade\n            <div class=\"area-publicidade\">\n              <div id=\"hmeio5\">\n            \n          \n        `);\n\n        \n    window.jornaldocarro = window.jornaldocarro || {};\n    window.jornaldocarro.slotsAds = window.jornaldocarro.slotsAds || [];\n    window.jornaldocarro.slotsAds.push(\"hmeio5\");\n  \n      }\n    <\/script>\n  <br><h2>Renault Sandero e outros casos<\/h2><h2><\/h2><p>S\u00e3o seis os casos de carros que foram bem na lista de vendas de abril por causa de vendas diretas. Para chegar a esses modelos, consideramos aqueles que ocuparam o \u201ctop 30\u201d no ranking e que tiveram menos de 50% de seus emplacamentos provenientes de neg\u00f3cios fechados no varejo.<\/p><p>Desses casos, quatro s\u00e3o mais graves: os de Renault Sandero, VW Voyage, Ford Ka+ (sed\u00e3) e Jeep Renegade, que tiveram menos de 35% de suas vendas totais provenientes de neg\u00f3cios fechados no varejo. O Renegade, por\u00e9m, tem uma boa \u201cdesculpa\u201d, que voc\u00ea poder\u00e1 ver mais abaixo.<\/p><p>O Renault Sandero teve apenas 33,15% dos emplacamentos registrados em abril gerados por neg\u00f3cios no varejo.<\/p>\n  <div style=\"width: 100%;\" id=\"render-hmeio-6\"><\/div>\n    <script type=\"text\/javascript\">\n      if(window.innerWidth > 1){\n        $(\"#render-hmeio-6\").append(`\n          <div class=\"area-publicidade-rectangular hmeio\">\n            <p>Publicidade\n            <div class=\"area-publicidade\">\n              <div id=\"hmeio6\">\n            \n          \n        `);\n\n        \n    window.jornaldocarro = window.jornaldocarro || {};\n    window.jornaldocarro.slotsAds = window.jornaldocarro.slotsAds || [];\n    window.jornaldocarro.slotsAds.push(\"hmeio6\");\n  \n      }\n    <\/script>\n  <br><p>No m\u00eas passado, o Renault Sandero somou 5.814 unidades emplacadas. Destas, 1.941 foram no varejo, ranking no qual o Renault Sandero ocupou a 21\u00aa posi\u00e7\u00e3o entre os autom\u00f3veis.<\/p><p>O Ka+ tamb\u00e9m foi mal no varejo, que representou 32,6% de seus emplacamentos totais (de 3.525 exemplares). Nesse ranking, ele \u00e9 apenas 29\u00ba colocado. No geral, foi 18\u00ba.<\/p><p>No caso do Gol, a depend\u00eancia do atacado \u00e9 um pouco menor, mas tamb\u00e9m alta. Das 5.449 unidades do carro vendidas em abril, 2.284 (41,9%) foram no varejo.<\/p>\n  <div style=\"width: 100%;\" id=\"render-hmeio-7\"><\/div>\n    <script type=\"text\/javascript\">\n      if(window.innerWidth > 1){\n        $(\"#render-hmeio-7\").append(`\n          <div class=\"area-publicidade-rectangular hmeio\">\n            <p>Publicidade\n            <div class=\"area-publicidade\">\n              <div id=\"hmeio7\">\n            \n          \n        `);\n\n        renderPubNow('hmeio', 7)\n      }\n    <\/script>\n  <br><p>Enquanto o hatch ocupou a 9\u00aa posi\u00e7\u00e3o no ranking geral, ele foi apenas 18\u00ba no varejo. A maior depend\u00eancia, no entanto, foi a do \u201cirm\u00e3o\u201d Voyage.<\/p><p>O modelo teve s\u00f3 474, dos 2.825 exemplares emplacados em abril, vendidos no varejo. Ou seja: essa modalidade representou 16,8% de suas vendas.<\/p><p>No geral, o Voyage foi o 24\u00ba carro mais emplacado do Brasil; no varejo, ocupou a 43\u00aa posi\u00e7\u00e3o.<\/p>\n  <div style=\"width: 100%;\" id=\"render-hmeio-8\"><\/div>\n    <script type=\"text\/javascript\">\n      if(window.innerWidth > 1){\n        $(\"#render-hmeio-8\").append(`\n          <div class=\"area-publicidade-rectangular hmeio\">\n            <p>Publicidade\n            <div class=\"area-publicidade\">\n              <div id=\"hmeio8\">\n            \n          \n        `);\n\n        renderPubNow('hmeio', 8)\n      }\n    <\/script>\n  <br><p>\u00a0<\/p><p>\u00a0<\/p><h2>Dois SUVs compactos<\/h2><h2><\/h2><p>H\u00e1 dois integrantes do segmento mais badalado do Brasil no grupo dos carros que s\u00e3o mais vendidos no atacado que no varejo.<\/p>\n  <div style=\"width: 100%;\" id=\"render-hmeio-9\"><\/div>\n    <script type=\"text\/javascript\">\n      if(window.innerWidth > 1){\n        $(\"#render-hmeio-9\").append(`\n          <div class=\"area-publicidade-rectangular hmeio\">\n            <p>Publicidade\n            <div class=\"area-publicidade\">\n              <div id=\"hmeio9\">\n            \n          \n        `);\n\n        renderPubNow('hmeio', 9)\n      }\n    <\/script>\n  <br><p>Mais dependente que o Sandero em abril foi o Jeep Renegade. N\u00e3o \u00e9 \u00e0 toa que o carro liderou o segmento de SUVs compactos no m\u00eas passado: ele teve uma explos\u00e3o de vendas diretas.<\/p><p>\u00c9 por esta raz\u00e3o que, <a href=\"https:\/\/jornaldocarro.estadao.com.br\/primeira-classe\/ka-hb20-briga-automotiva\/\" target=\"_blank\" rel=\"noopener nofollow\"><strong>neste post aqui<\/strong><\/a>, eu afirmei n&#xE3;o acreditar que o Renegade possa fechar o ano &#xE0; frente do <a id=\"post_keyword\" target=\"_blank\" href=\"https:\/\/jornaldocarro.estadao.com.br\/oferta\/hyundai-creta-ultimate-at\/?&amp;utm_source=linkagem&amp;utm_medium=cpl&amp;utm_campaign=ld_jc_creta&amp;utm_content=news_linkagem_jc_creta&amp;utm_term=news_creta&amp;utm_client=hyundai\">Creta<\/a>, posi&#xE7;&#xE3;o em que se encontra agora.<\/p><p>Normalmente, as vendas diretas do modelo s\u00e3o altas, mas n\u00e3o t\u00e3o altas a ponto de sustentar essa vantagem. O Renegade tamb\u00e9m \u00e9 bastante vendido para portadores de necessidades especiais.<\/p>\n  <div style=\"width: 100%;\" id=\"render-hmeio-10\"><\/div>\n    <script type=\"text\/javascript\">\n      if(window.innerWidth > 1){\n        $(\"#render-hmeio-10\").append(`\n          <div class=\"area-publicidade-rectangular hmeio\">\n            <p>Publicidade\n            <div class=\"area-publicidade\">\n              <div id=\"hmeio10\">\n            \n          \n        `);\n\n        renderPubNow('hmeio', 10)\n      }\n    <\/script>\n  <br><p>Em abril, o Renegade somou 4.462 emplacamentos e foi o 12\u00ba carro mais vendido do Pa\u00eds. J\u00e1 no ranking de varejo, ele foi somente o 26\u00ba colocado.<\/p><p>As vendas no varejo representaram 31,5% dos emplacamentos do carro em abril. A favor do Renegade, est\u00e1 o fato de ele ser o \u00fanico compacto com vers\u00e3o a diesel. Carros com esse tipo de motor costumam ser muito procurados para neg\u00f3cios no atacado.<\/p><p>Outro que est\u00e1 nessa lista \u00e9 o Nissan Kicks. O modelo teve apenas 44,8% de suas vendas provenientes de neg\u00f3cios do varejo em abril. Nesse ranking, ele foi 24\u00ba colocado \u2013 no geral, foi 17\u00ba.<\/p>\n  <div style=\"width: 100%;\" id=\"render-hmeio-11\"><\/div>\n    <script type=\"text\/javascript\">\n      if(window.innerWidth > 1){\n        $(\"#render-hmeio-11\").append(`\n          <div class=\"area-publicidade-rectangular hmeio\">\n            <p>Publicidade\n            <div class=\"area-publicidade\">\n              <div id=\"hmeio11\">\n            \n          \n        `);\n\n        renderPubNow('hmeio', 11)\n      }\n    <\/script>\n  <br><p>O Kicks, no entanto, tem como \u201cdesculpa\u201d o fato de oferecer uma vers\u00e3o muito interessante para portadores de necessidades especiais. Trata-se da Direct, que sai por menos de R$ 55 mil com as isen\u00e7\u00f5es destinadas a esses consumidores.<\/p><h2>Amados ou n\u00e3o?<\/h2><h2><\/h2><p>Eu acredito que, no caso do Kicks, n\u00e3o estamos vendo um caso de carro que vende bem, mas n\u00e3o \u00e9 adorado pelo p\u00fablico. Isso porque as vendas para PCD s\u00e3o diferentes das feitas para pessoas jur\u00eddicas: elas dependem totalmente do gosto do fregu\u00eas.<\/p><p>Talvez isso tamb\u00e9m se aplique ao Renegade, embora, no caso do Jeep, o porcentual de vendas no atacado seja bem maior.<\/p>\n  <div style=\"width: 100%;\" id=\"render-hmeio-12\"><\/div>\n    <script type=\"text\/javascript\">\n      if(window.innerWidth > 1){\n        $(\"#render-hmeio-12\").append(`\n          <div class=\"area-publicidade-rectangular hmeio\">\n            <p>Publicidade\n            <div class=\"area-publicidade\">\n              <div id=\"hmeio12\">\n            \n          \n        `);\n\n        renderPubNow('hmeio', 12)\n      }\n    <\/script>\n  <br><p>Por outro lado, se o HR-V tivesse um bom programa para PCD (que o <a id=\"post_keyword\" target=\"_blank\" href=\"https:\/\/jornaldocarro.estadao.com.br\/oferta\/hyundai-creta-ultimate-at\/?&amp;utm_source=linkagem&amp;utm_medium=cpl&amp;utm_campaign=ld_jc_creta&amp;utm_content=news_linkagem_jc_creta&amp;utm_term=news_creta&amp;utm_client=hyundai\">Creta<\/a>, por exemplo, tem), talvez n&#xE3;o estivesse sendo amea&#xE7;ado pelo Kicks no ranking de vendas (<a href=\"https:\/\/jornaldocarro.estadao.com.br\/primeira-classe\/suv-kicks-candidato-sucesso-2018\/\" target=\"_blank\" rel=\"noopener nofollow\"><strong>veja aqui<\/strong><\/a>).<\/p><p>Uma curiosidade sobre o ranking de SUVs. Em abril, a ordem, a partir do primeiro colocado, no varejo, foi: HR-V, <a id=\"post_keyword\" target=\"_blank\" href=\"https:\/\/jornaldocarro.estadao.com.br\/oferta\/hyundai-creta-ultimate-at\/?&amp;utm_source=linkagem&amp;utm_medium=cpl&amp;utm_campaign=ld_jc_creta&amp;utm_content=news_linkagem_jc_creta&amp;utm_term=news_creta&amp;utm_client=hyundai\">Creta<\/a>, Compass, Tracker, EcoSport, Kicks e Renegade.<\/p><p>J&#xE1; no ranking que soma atacado e varejo, a ordem foi bem diferente: Compass, Renegade, <a id=\"post_keyword\" target=\"_blank\" href=\"https:\/\/jornaldocarro.estadao.com.br\/oferta\/hyundai-creta-ultimate-at\/?&amp;utm_source=linkagem&amp;utm_medium=cpl&amp;utm_campaign=ld_jc_creta&amp;utm_content=news_linkagem_jc_creta&amp;utm_term=news_creta&amp;utm_client=hyundai\">Creta<\/a>, Kicks, HR-V, EcoSport e Tracker.<\/p>\n  <div style=\"width: 100%;\" id=\"render-hmeio-13\"><\/div>\n    <script type=\"text\/javascript\">\n      if(window.innerWidth > 1){\n        $(\"#render-hmeio-13\").append(`\n          <div class=\"area-publicidade-rectangular hmeio\">\n            <p>Publicidade\n            <div class=\"area-publicidade\">\n              <div id=\"hmeio13\">\n            \n          \n        `);\n\n        renderPubNow('hmeio', 13)\n      }\n    <\/script>\n  <br><h2>Comerciais leves<\/h2><h2><\/h2><p>Quando se olha para o ranking de comerciais leves, especialmente o de picapes, nota-se que a maioria tem mais de 50% das vendas provenientes de neg\u00f3cios no atacado.<\/p><p>\u00c9 f\u00e1cil de explicar: esses modelos, embora venham ganhando certo apelo urbano, de \u201cestilo de vida\u201d, s\u00e3o mais voltados ao trabalho. Isso tanto na cidade como no campo. Nesses casos, as vendas s\u00e3o diretas, feitas para pessoas jur\u00eddicas.<\/p><p>E por falar em campo, picapes, tanto compactas quanto m\u00e9dias, s\u00e3o muito compradas para uso em fazendas. A maioria das montadoras oferece uma modalidade conhecida como \u201cPlano Rural\u201d, que concede descontos a propriet\u00e1rios rurais (o que configura venda direta).<\/p>\n  <div style=\"width: 100%;\" id=\"render-hmeio-14\"><\/div>\n    <script type=\"text\/javascript\">\n      if(window.innerWidth > 1){\n        $(\"#render-hmeio-14\").append(`\n          <div class=\"area-publicidade-rectangular hmeio\">\n            <p>Publicidade\n            <div class=\"area-publicidade\">\n              <div id=\"hmeio14\">\n            \n          \n        `);\n\n        renderPubNow('hmeio', 14)\n      }\n    <\/script>\n  <br><p>Por isso, n\u00e3o consideramos as picapes nessa an\u00e1lise. Aqui, n\u00e3o \u00e9 uma quest\u00e3o de prefer\u00eancia do p\u00fablico, e sim de utilidade do produto.<\/p><p><em>ATUALIZADO \u00c0S 18H09 DE 14 DE MAIO DE 2018<\/em><\/p><p>\u00a0<\/p>\n  <div style=\"width: 100%;\" id=\"render-hmeio-15\"><\/div>\n    <script type=\"text\/javascript\">\n      if(window.innerWidth > 1){\n        $(\"#render-hmeio-15\").append(`\n          <div class=\"area-publicidade-rectangular hmeio\">\n            <p>Publicidade\n            <div class=\"area-publicidade\">\n              <div id=\"hmeio15\">\n            \n          \n        `);\n\n        renderPubNow('hmeio', 15)\n      }\n    <\/script>\n  <br><p>\u00a0<\/p><p>\u00a0<\/p>","protected":false},"excerpt":{"rendered":"<p>Alguns modelos que t\u00eam alto volume de emplacamentos s\u00f3 v\u00e3o bem por causa das vendas diretas. Um dos principais exemplos \u00e9 o Renault Sandero<\/p>\n","protected":false},"featured_media":78078,"template":"","class_list":["post-77920","blog_primeira_classe","type-blog_primeira_classe","status-publish","has-post-thumbnail","hentry","tags_primeira_classe-gol","tags_primeira_classe-kicks","tags_primeira_classe-renegade","tags_primeira_classe-sandero","tags_primeira_classe-voyage"],"yoast_head":"<!-- This site is optimized with the Yoast SEO plugin v23.5 - https:\/\/yoast.com\/wordpress\/plugins\/seo\/ -->\n<title>Carros bons de venda que o p\u00fablico n\u00e3o ama - Jornal do Carro - Estad\u00e3o<\/title>\n<meta name=\"description\" content=\"Alguns modelos que t\u00eam alto volume de emplacamentos s\u00f3 v\u00e3o bem por causa das vendas diretas, n\u00e3o por agradarem o cliente final. Um dos principais exemplos \u00e9 o Renault Sandero\" \/>\n<meta name=\"robots\" content=\"noindex, follow\" \/>\n<meta name=\"twitter:card\" content=\"summary_large_image\" \/>\n<meta name=\"twitter:title\" content=\"Carros bons de venda que o p\u00fablico n\u00e3o ama - Jornal do Carro - Estad\u00e3o\" \/>\n<meta name=\"twitter:description\" content=\"Alguns modelos que t\u00eam alto volume de emplacamentos s\u00f3 v\u00e3o bem por causa das vendas diretas, n\u00e3o por agradarem o cliente final. Um dos principais exemplos \u00e9 o Renault Sandero\" \/>\n<meta name=\"twitter:image\" content=\"https:\/\/jornaldocarro.estadao.com.br\/wp-content\/uploads\/2018\/05\/32013517.jpg\" \/>\n<meta name=\"twitter:label1\" content=\"Est. tempo de leitura\" \/>\n\t<meta name=\"twitter:data1\" content=\"6 minutos\" \/>\n<script type=\"application\/ld+json\" class=\"yoast-schema-graph\">{\"@context\":\"https:\/\/schema.org\",\"@graph\":[{\"@type\":\"WebPage\",\"@id\":\"https:\/\/jornaldocarro.estadao.com.br\/primeira-classe\/renault-sandero-vendas-varejo\/\",\"url\":\"https:\/\/jornaldocarro.estadao.com.br\/primeira-classe\/renault-sandero-vendas-varejo\/\",\"name\":\"Carros bons de venda que o p\u00fablico n\u00e3o ama - Jornal do Carro - Estad\u00e3o\",\"isPartOf\":{\"@id\":\"https:\/\/jornaldocarro.estadao.com.br\/#website\"},\"primaryImageOfPage\":{\"@id\":\"https:\/\/jornaldocarro.estadao.com.br\/primeira-classe\/renault-sandero-vendas-varejo\/#primaryimage\"},\"image\":{\"@id\":\"https:\/\/jornaldocarro.estadao.com.br\/primeira-classe\/renault-sandero-vendas-varejo\/#primaryimage\"},\"thumbnailUrl\":\"https:\/\/jornaldocarro.estadao.com.br\/wp-content\/uploads\/2018\/05\/32013517.jpg\",\"datePublished\":\"2018-05-14T17:50:11+00:00\",\"dateModified\":\"2018-05-14T21:09:57+00:00\",\"description\":\"Alguns modelos que t\u00eam alto volume de emplacamentos s\u00f3 v\u00e3o bem por causa das vendas diretas, n\u00e3o por agradarem o cliente final. Um dos principais exemplos \u00e9 o Renault Sandero\",\"breadcrumb\":{\"@id\":\"https:\/\/jornaldocarro.estadao.com.br\/primeira-classe\/renault-sandero-vendas-varejo\/#breadcrumb\"},\"inLanguage\":\"pt-BR\",\"potentialAction\":[{\"@type\":\"ReadAction\",\"target\":[\"https:\/\/jornaldocarro.estadao.com.br\/primeira-classe\/renault-sandero-vendas-varejo\/\"]}]},{\"@type\":\"ImageObject\",\"inLanguage\":\"pt-BR\",\"@id\":\"https:\/\/jornaldocarro.estadao.com.br\/primeira-classe\/renault-sandero-vendas-varejo\/#primaryimage\",\"url\":\"https:\/\/jornaldocarro.estadao.com.br\/wp-content\/uploads\/2018\/05\/32013517.jpg\",\"contentUrl\":\"https:\/\/jornaldocarro.estadao.com.br\/wp-content\/uploads\/2018\/05\/32013517.jpg\",\"width\":3872,\"height\":2582,\"caption\":\"Impulsionado pelas vendas diretas, carro foi muito bem no ranking de abril (Foto: Renault)\"},{\"@type\":\"BreadcrumbList\",\"@id\":\"https:\/\/jornaldocarro.estadao.com.br\/primeira-classe\/renault-sandero-vendas-varejo\/#breadcrumb\",\"itemListElement\":[{\"@type\":\"ListItem\",\"position\":1,\"name\":\"In\u00edcio\",\"item\":\"https:\/\/jornaldocarro.estadao.com.br\/\"},{\"@type\":\"ListItem\",\"position\":2,\"name\":\"Primeira Classe\",\"item\":\"https:\/\/jornaldocarro.estadao.com.br\/primeira-classe\/\"},{\"@type\":\"ListItem\",\"position\":3,\"name\":\"Carros bons de venda que o p\u00fablico n\u00e3o ama\"}]},{\"@type\":\"WebSite\",\"@id\":\"https:\/\/jornaldocarro.estadao.com.br\/#website\",\"url\":\"https:\/\/jornaldocarro.estadao.com.br\/\",\"name\":\"Jornal do Carro - Estad\u00e3o\",\"description\":\"O portal sobre carros, motos e tudo sobre o tema ve\u00edculos no Estad\u00e3o. Fique por dentro de lan\u00e7amentos e de hist\u00f3rias dos leitores e seus carros.\",\"potentialAction\":[{\"@type\":\"SearchAction\",\"target\":{\"@type\":\"EntryPoint\",\"urlTemplate\":\"https:\/\/jornaldocarro.estadao.com.br\/?s={search_term_string}\"},\"query-input\":{\"@type\":\"PropertyValueSpecification\",\"valueRequired\":true,\"valueName\":\"search_term_string\"}}],\"inLanguage\":\"pt-BR\"}]}<\/script>\n<!-- \/ Yoast SEO plugin. -->","yoast_head_json":{"title":"Carros bons de venda que o p\u00fablico n\u00e3o ama - Jornal do Carro - Estad\u00e3o","description":"Alguns modelos que t\u00eam alto volume de emplacamentos s\u00f3 v\u00e3o bem por causa das vendas diretas, n\u00e3o por agradarem o cliente final. Um dos principais exemplos \u00e9 o Renault Sandero","robots":{"index":"noindex","follow":"follow"},"twitter_card":"summary_large_image","twitter_title":"Carros bons de venda que o p\u00fablico n\u00e3o ama - Jornal do Carro - Estad\u00e3o","twitter_description":"Alguns modelos que t\u00eam alto volume de emplacamentos s\u00f3 v\u00e3o bem por causa das vendas diretas, n\u00e3o por agradarem o cliente final. Um dos principais exemplos \u00e9 o Renault Sandero","twitter_image":"https:\/\/jornaldocarro.estadao.com.br\/wp-content\/uploads\/2018\/05\/32013517.jpg","twitter_misc":{"Est. tempo de leitura":"6 minutos"},"schema":{"@context":"https:\/\/schema.org","@graph":[{"@type":"WebPage","@id":"https:\/\/jornaldocarro.estadao.com.br\/primeira-classe\/renault-sandero-vendas-varejo\/","url":"https:\/\/jornaldocarro.estadao.com.br\/primeira-classe\/renault-sandero-vendas-varejo\/","name":"Carros bons de venda que o p\u00fablico n\u00e3o ama - Jornal do Carro - Estad\u00e3o","isPartOf":{"@id":"https:\/\/jornaldocarro.estadao.com.br\/#website"},"primaryImageOfPage":{"@id":"https:\/\/jornaldocarro.estadao.com.br\/primeira-classe\/renault-sandero-vendas-varejo\/#primaryimage"},"image":{"@id":"https:\/\/jornaldocarro.estadao.com.br\/primeira-classe\/renault-sandero-vendas-varejo\/#primaryimage"},"thumbnailUrl":"https:\/\/jornaldocarro.estadao.com.br\/wp-content\/uploads\/2018\/05\/32013517.jpg","datePublished":"2018-05-14T17:50:11+00:00","dateModified":"2018-05-14T21:09:57+00:00","description":"Alguns modelos que t\u00eam alto volume de emplacamentos s\u00f3 v\u00e3o bem por causa das vendas diretas, n\u00e3o por agradarem o cliente final. Um dos principais exemplos \u00e9 o Renault Sandero","breadcrumb":{"@id":"https:\/\/jornaldocarro.estadao.com.br\/primeira-classe\/renault-sandero-vendas-varejo\/#breadcrumb"},"inLanguage":"pt-BR","potentialAction":[{"@type":"ReadAction","target":["https:\/\/jornaldocarro.estadao.com.br\/primeira-classe\/renault-sandero-vendas-varejo\/"]}]},{"@type":"ImageObject","inLanguage":"pt-BR","@id":"https:\/\/jornaldocarro.estadao.com.br\/primeira-classe\/renault-sandero-vendas-varejo\/#primaryimage","url":"https:\/\/jornaldocarro.estadao.com.br\/wp-content\/uploads\/2018\/05\/32013517.jpg","contentUrl":"https:\/\/jornaldocarro.estadao.com.br\/wp-content\/uploads\/2018\/05\/32013517.jpg","width":3872,"height":2582,"caption":"Impulsionado pelas vendas diretas, carro foi muito bem no ranking de abril (Foto: Renault)"},{"@type":"BreadcrumbList","@id":"https:\/\/jornaldocarro.estadao.com.br\/primeira-classe\/renault-sandero-vendas-varejo\/#breadcrumb","itemListElement":[{"@type":"ListItem","position":1,"name":"In\u00edcio","item":"https:\/\/jornaldocarro.estadao.com.br\/"},{"@type":"ListItem","position":2,"name":"Primeira Classe","item":"https:\/\/jornaldocarro.estadao.com.br\/primeira-classe\/"},{"@type":"ListItem","position":3,"name":"Carros bons de venda que o p\u00fablico n\u00e3o ama"}]},{"@type":"WebSite","@id":"https:\/\/jornaldocarro.estadao.com.br\/#website","url":"https:\/\/jornaldocarro.estadao.com.br\/","name":"Jornal do Carro - Estad\u00e3o","description":"O portal sobre carros, motos e tudo sobre o tema ve\u00edculos no Estad\u00e3o. Fique por dentro de lan\u00e7amentos e de hist\u00f3rias dos leitores e seus carros.","potentialAction":[{"@type":"SearchAction","target":{"@type":"EntryPoint","urlTemplate":"https:\/\/jornaldocarro.estadao.com.br\/?s={search_term_string}"},"query-input":{"@type":"PropertyValueSpecification","valueRequired":true,"valueName":"search_term_string"}}],"inLanguage":"pt-BR"}]}},"_links":{"self":[{"href":"https:\/\/jornaldocarro.estadao.com.br\/api\/wp\/v2\/blog_primeira_classe\/77920","targetHints":{"allow":["GET"]}}],"collection":[{"href":"https:\/\/jornaldocarro.estadao.com.br\/api\/wp\/v2\/blog_primeira_classe"}],"about":[{"href":"https:\/\/jornaldocarro.estadao.com.br\/api\/wp\/v2\/types\/blog_primeira_classe"}],"version-history":[{"count":40,"href":"https:\/\/jornaldocarro.estadao.com.br\/api\/wp\/v2\/blog_primeira_classe\/77920\/revisions"}],"predecessor-version":[{"id":78136,"href":"https:\/\/jornaldocarro.estadao.com.br\/api\/wp\/v2\/blog_primeira_classe\/77920\/revisions\/78136"}],"wp:featuredmedia":[{"embeddable":true,"href":"https:\/\/jornaldocarro.estadao.com.br\/api\/wp\/v2\/media\/78078"}],"wp:attachment":[{"href":"https:\/\/jornaldocarro.estadao.com.br\/api\/wp\/v2\/media?parent=77920"}],"curies":[{"name":"wp","href":"https:\/\/api.w.org\/{rel}","templated":true}]}}