{"id":80539,"date":"2018-06-06T14:28:15","date_gmt":"2018-06-06T17:28:15","guid":{"rendered":"http:\/\/jornaldocarro.estadao.com.br\/?post_type=blog_primeira_classe&#038;p=80539"},"modified":"2018-06-06T14:28:15","modified_gmt":"2018-06-06T17:28:15","slug":"honda-wr-v-vendas-maio","status":"publish","type":"blog_primeira_classe","link":"https:\/\/jornaldocarro.estadao.com.br\/primeira-classe\/honda-wr-v-vendas-maio\/","title":{"rendered":"Honda WR-V sofre nova derrota"},"content":{"rendered":"<p>N\u00e3o est\u00e1 indo bem a vida do WR-V em 2018. O Honda vem perdendo bastante espa\u00e7o no mercado neste ano, algo que j\u00e1 hav\u00edamos analisado em abril.<\/p><p><strong>LEIA MAIS<\/strong><\/p><ul>\n<li><a href=\"https:\/\/jornaldocarro.estadao.com.br\/primeira-classe\/novo-mustang-vendas-absurdas\/\" target=\"_blank\" rel=\"noopener nofollow\"><em>O carro de R$ 300 mil com vendas absurdas<\/em><\/a><\/li>\n<li><a href=\"https:\/\/jornaldocarro.estadao.com.br\/primeira-classe\/toyota-rav4-destaque-maio\/\" target=\"_blank\" rel=\"noopener nofollow\"><em>O SUV veterano que deu \u201caula\u201d nos rivais modernos<\/em><\/a><\/li>\n<\/ul><p>Em maio, em vez de ensaiar recupera\u00e7\u00e3o, o WR-V se deu ainda pior. O modelo deixou a lista dos dez utilit\u00e1rios-esportivos mais vendidos do Brasil.<\/p>\n  <div style=\"width: 100%;\" id=\"render-hmeio-1\"><\/div>\n    <script type=\"text\/javascript\">\n      if(window.innerWidth > 1){\n        $(\"#render-hmeio-1\").append(`\n          <div class=\"area-publicidade-rectangular hmeio\">\n            <p>Publicidade\n            <div class=\"area-publicidade\">\n              <div id=\"hmeio1\">\n            \n          \n        `);\n\n        \n    window.jornaldocarro = window.jornaldocarro || {};\n    window.jornaldocarro.slotsAds = window.jornaldocarro.slotsAds || [];\n    window.jornaldocarro.slotsAds.push(\"hmeio1\");\n  \n      }\n    <\/script>\n  <br><p>Na lista (confira na galeria abaixo) dos \u201cdez mais\u201d, quase todos os SUVs s\u00e3o compactos. H\u00e1 duas exce\u00e7\u00f5es: Jeep Compass, o l\u00edder, e Toyota Hilux SW4.<\/p><ul>\n<li><a href=\"https:\/\/www.instagram.com\/rafaelatborges\/\" target=\"_blank\" rel=\"noopener nofollow\"><em><strong>Converse com a autora do blog por meio do Instagram<\/strong><\/em><\/a><\/li>\n<\/ul><p>Foi justamente o Toyota que tirou o WR-V do ranking dos dez mais emplacados. O SW4 parte de R$ 168.140 e \u00e9 um SUV grande.<\/p><p>O Honda, por R$ 80.200 iniciais, pode ser considerado um subcompacto.<\/p>\n  <div style=\"width: 100%;\" id=\"render-hmeio-2\"><\/div>\n    <script type=\"text\/javascript\">\n      if(window.innerWidth > 1){\n        $(\"#render-hmeio-2\").append(`\n          <div class=\"area-publicidade-rectangular hmeio\">\n            <p>Publicidade\n            <div class=\"area-publicidade\">\n              <div id=\"hmeio2\">\n            \n          \n        `);\n\n        \n    window.jornaldocarro = window.jornaldocarro || {};\n    window.jornaldocarro.slotsAds = window.jornaldocarro.slotsAds || [];\n    window.jornaldocarro.slotsAds.push(\"hmeio2\");\n  \n      }\n    <\/script>\n  <br><p>Considerando apenas os compactos, o carro sobe para a nona posi\u00e7\u00e3o do ranking.<\/p><p>\u00a0<\/p><p><strong>OS SUVS MAIS VENDIDOS EM MAIO DE 2018<\/strong><\/p>\n  <div style=\"width: 100%;\" id=\"render-hmeio-3\"><\/div>\n    <script type=\"text\/javascript\">\n      if(window.innerWidth > 1){\n        $(\"#render-hmeio-3\").append(`\n          <div class=\"area-publicidade-rectangular hmeio\">\n            <p>Publicidade\n            <div class=\"area-publicidade\">\n              <div id=\"hmeio3\">\n            \n          \n        `);\n\n        \n    window.jornaldocarro = window.jornaldocarro || {};\n    window.jornaldocarro.slotsAds = window.jornaldocarro.slotsAds || [];\n    window.jornaldocarro.slotsAds.push(\"hmeio3\");\n  \n      }\n    <\/script>\n  <br>\n\n<div class=\"clearfix\"><\/div>\n<div data-gallery-id=\"37049\" class=\"jc-img-gallery-wrapper mt-3 mb-2\">\n  <div class=\"jc-img-gallery\" id=\"jc-img-gallery-37049\" data-gallery-title=\"Honda WR-V sofre nova derrota\">\n      <\/div>\n\n<\/div>\n<div class=\"clearfix\"><\/div>\n\n<p>\u00a0<\/p><h4>Hist\u00f3rico do WR-V<\/h4><p>O modelo da Honda, lan\u00e7ado no ano passado, aparecia sempre entre a sexta e a s\u00e9tima coloca\u00e7\u00f5es do ranking de SUVs. Por\u00e9m, com a chegada de 2018, o carro come\u00e7ou a perder espa\u00e7o.<\/p><p>De cara, foi ultrapassado pelo Tracker, que na virada do ano come\u00e7ou a crescer no mercado brasileiro. Depois disso, foi o Captur que deixou o WR-V para tr\u00e1s.<\/p>\n  <div style=\"width: 100%;\" id=\"render-hmeio-4\"><\/div>\n    <script type=\"text\/javascript\">\n      if(window.innerWidth > 1){\n        $(\"#render-hmeio-4\").append(`\n          <div class=\"area-publicidade-rectangular hmeio\">\n            <p>Publicidade\n            <div class=\"area-publicidade\">\n              <div id=\"hmeio4\">\n            \n          \n        `);\n\n        \n    window.jornaldocarro = window.jornaldocarro || {};\n    window.jornaldocarro.slotsAds = window.jornaldocarro.slotsAds || [];\n    window.jornaldocarro.slotsAds.push(\"hmeio4\");\n  \n      }\n    <\/script>\n  <br><p>Por fim, em abril, o Honda foi superado pelo Duster, algo que se repetiu neste m\u00eas. Ali\u00e1s, entre os SUVs compactos de marcas mais relevantes, ele s\u00f3 conseguiu ficar \u00e0 frente do 2008.<\/p><p>No acumulado do ano, o Captur, que havia superado o WR-V j\u00e1 no m\u00eas passado, abriu vantagem. At\u00e9 agora, s\u00e3o 7.330 exemplares emplacados para o Renault e 6.665 para o Honda.<\/p><p>O Duster j\u00e1 est\u00e1 bem pr\u00f3ximo tamb\u00e9m, com 6.386 emplacamentos no acumulado do ano. Se continuar nesse ritmo, pode superar o WR-V j\u00e1 no m\u00eas que vem.<\/p>\n  <div style=\"width: 100%;\" id=\"render-hmeio-5\"><\/div>\n    <script type=\"text\/javascript\">\n      if(window.innerWidth > 1){\n        $(\"#render-hmeio-5\").append(`\n          <div class=\"area-publicidade-rectangular hmeio\">\n            <p>Publicidade\n            <div class=\"area-publicidade\">\n              <div id=\"hmeio5\">\n            \n          \n        `);\n\n        \n    window.jornaldocarro = window.jornaldocarro || {};\n    window.jornaldocarro.slotsAds = window.jornaldocarro.slotsAds || [];\n    window.jornaldocarro.slotsAds.push(\"hmeio5\");\n  \n      }\n    <\/script>\n  <br><h4>Raz\u00f5es da queda do WR-V<\/h4><p>O modelo da Honda n\u00e3o est\u00e1 em falta no mercado. Como no m\u00eas passado, em diversas concession\u00e1rias consultadas haviam exemplares das duas vers\u00f5es (EX e EXL) a pronta entrega.<\/p><p>Os motivos, portanto, parecem ter mais a ver com a queda de interesse do consumidor. Dividir as concession\u00e1rias com o HR-V, um dos SUVs mais amados do Brasil, n\u00e3o \u00e9 miss\u00e3o f\u00e1cil.<\/p><p>Mais espa\u00e7oso, potente e bem acabado, o HR-V n\u00e3o custa muito mais. Ele parte de R$ 81.900.<\/p>\n  <div style=\"width: 100%;\" id=\"render-hmeio-6\"><\/div>\n    <script type=\"text\/javascript\">\n      if(window.innerWidth > 1){\n        $(\"#render-hmeio-6\").append(`\n          <div class=\"area-publicidade-rectangular hmeio\">\n            <p>Publicidade\n            <div class=\"area-publicidade\">\n              <div id=\"hmeio6\">\n            \n          \n        `);\n\n        \n    window.jornaldocarro = window.jornaldocarro || {};\n    window.jornaldocarro.slotsAds = window.jornaldocarro.slotsAds || [];\n    window.jornaldocarro.slotsAds.push(\"hmeio6\");\n  \n      }\n    <\/script>\n  <br><p>Al&#xE9;m disso, por menos que os R$ 80 mil pedidos pelo WR-V h&#xE1; vers&#xF5;es de dois outros &#x201C;queridinhos&#x201D;, <a id=\"post_keyword\" target=\"_blank\" href=\"https:\/\/jornaldocarro.estadao.com.br\/oferta\/hyundai-creta-ultimate-at\/?&amp;utm_source=linkagem&amp;utm_medium=cpl&amp;utm_campaign=ld_jc_creta&amp;utm_content=news_linkagem_jc_creta&amp;utm_term=news_creta&amp;utm_client=hyundai\">Creta<\/a> e Kicks, dispon&#xED;veis. O Renegade tamb&#xE9;m tem op&#xE7;&#xF5;es mais em conta.<\/p><p>Assim, fica ainda mais dif\u00edcil a vida do WR-V. Ele at\u00e9 cativou em um primeiro momento, no ano passado. Agora, passada a empolga\u00e7\u00e3o com a novidade e com cada vez mais op\u00e7\u00f5es dispon\u00edveis no mercado, o modelo perde cada vez mais espa\u00e7o.<\/p><p>E n\u00e3o d\u00e1 nem para dizer que o resultado ruim \u00e9 culpa do forte trabalho de atacado feitas por marcas rivais, como Jeep, Renault e Nissan. Considerando somente o varejo, o Honda continua mal. Ele supera o Duster, mas se mant\u00e9m atr\u00e1s de todos os outros.<\/p>\n  <div style=\"width: 100%;\" id=\"render-hmeio-7\"><\/div>\n    <script type=\"text\/javascript\">\n      if(window.innerWidth > 1){\n        $(\"#render-hmeio-7\").append(`\n          <div class=\"area-publicidade-rectangular hmeio\">\n            <p>Publicidade\n            <div class=\"area-publicidade\">\n              <div id=\"hmeio7\">\n            \n          \n        `);\n\n        renderPubNow('hmeio', 7)\n      }\n    <\/script>\n  <br>","protected":false},"excerpt":{"rendered":"<p>WR-V deixa a lista dos dez SUVs mais vendidos e \u00e9 ultrapassado pelo Hilux SW4<\/p>\n","protected":false},"featured_media":80542,"template":"","class_list":["post-80539","blog_primeira_classe","type-blog_primeira_classe","status-publish","has-post-thumbnail","hentry","tags_primeira_classe-honda","tags_primeira_classe-suvs","tags_primeira_classe-wr-v"],"yoast_head":"<!-- This site is optimized with the Yoast SEO plugin v23.5 - https:\/\/yoast.com\/wordpress\/plugins\/seo\/ -->\n<title>Honda WR-V sofre nova derrota - Jornal do Carro - Estad\u00e3o<\/title>\n<meta name=\"description\" content=\"Honda WR-V deixa a lista dos dez utilit\u00e1rios-esportivos mais vendidos e \u00e9 ultrapassado pelo Toyota Hilux SW4 no ranking de emplacamentos de maio\" \/>\n<meta name=\"robots\" content=\"noindex, follow\" \/>\n<meta name=\"twitter:card\" content=\"summary_large_image\" \/>\n<meta name=\"twitter:title\" content=\"Honda WR-V sofre nova derrota - Jornal do Carro - Estad\u00e3o\" \/>\n<meta name=\"twitter:description\" content=\"Honda WR-V deixa a lista dos dez utilit\u00e1rios-esportivos mais vendidos e \u00e9 ultrapassado pelo Toyota Hilux SW4 no ranking de emplacamentos de maio\" \/>\n<meta name=\"twitter:image\" content=\"https:\/\/jornaldocarro.estadao.com.br\/wp-content\/uploads\/2018\/06\/32882103.jpg\" \/>\n<meta name=\"twitter:label1\" content=\"Est. tempo de leitura\" \/>\n\t<meta name=\"twitter:data1\" content=\"3 minutos\" \/>\n<script type=\"application\/ld+json\" class=\"yoast-schema-graph\">{\"@context\":\"https:\/\/schema.org\",\"@graph\":[{\"@type\":\"WebPage\",\"@id\":\"https:\/\/jornaldocarro.estadao.com.br\/primeira-classe\/honda-wr-v-vendas-maio\/\",\"url\":\"https:\/\/jornaldocarro.estadao.com.br\/primeira-classe\/honda-wr-v-vendas-maio\/\",\"name\":\"Honda WR-V sofre nova derrota - Jornal do Carro - Estad\u00e3o\",\"isPartOf\":{\"@id\":\"https:\/\/jornaldocarro.estadao.com.br\/#website\"},\"primaryImageOfPage\":{\"@id\":\"https:\/\/jornaldocarro.estadao.com.br\/primeira-classe\/honda-wr-v-vendas-maio\/#primaryimage\"},\"image\":{\"@id\":\"https:\/\/jornaldocarro.estadao.com.br\/primeira-classe\/honda-wr-v-vendas-maio\/#primaryimage\"},\"thumbnailUrl\":\"https:\/\/jornaldocarro.estadao.com.br\/wp-content\/uploads\/2018\/06\/32882103.jpg\",\"datePublished\":\"2018-06-06T17:28:15+00:00\",\"dateModified\":\"2018-06-06T17:28:15+00:00\",\"description\":\"Honda WR-V deixa a lista dos dez utilit\u00e1rios-esportivos mais vendidos e \u00e9 ultrapassado pelo Toyota Hilux SW4 no ranking de emplacamentos de maio\",\"breadcrumb\":{\"@id\":\"https:\/\/jornaldocarro.estadao.com.br\/primeira-classe\/honda-wr-v-vendas-maio\/#breadcrumb\"},\"inLanguage\":\"pt-BR\",\"potentialAction\":[{\"@type\":\"ReadAction\",\"target\":[\"https:\/\/jornaldocarro.estadao.com.br\/primeira-classe\/honda-wr-v-vendas-maio\/\"]}]},{\"@type\":\"ImageObject\",\"inLanguage\":\"pt-BR\",\"@id\":\"https:\/\/jornaldocarro.estadao.com.br\/primeira-classe\/honda-wr-v-vendas-maio\/#primaryimage\",\"url\":\"https:\/\/jornaldocarro.estadao.com.br\/wp-content\/uploads\/2018\/06\/32882103.jpg\",\"contentUrl\":\"https:\/\/jornaldocarro.estadao.com.br\/wp-content\/uploads\/2018\/06\/32882103.jpg\",\"width\":3872,\"height\":2581,\"caption\":\"Carro foi o 11\u00ba SUV mais emplacado em maio (Foto: Honda)\"},{\"@type\":\"BreadcrumbList\",\"@id\":\"https:\/\/jornaldocarro.estadao.com.br\/primeira-classe\/honda-wr-v-vendas-maio\/#breadcrumb\",\"itemListElement\":[{\"@type\":\"ListItem\",\"position\":1,\"name\":\"In\u00edcio\",\"item\":\"https:\/\/jornaldocarro.estadao.com.br\/\"},{\"@type\":\"ListItem\",\"position\":2,\"name\":\"Primeira Classe\",\"item\":\"https:\/\/jornaldocarro.estadao.com.br\/primeira-classe\/\"},{\"@type\":\"ListItem\",\"position\":3,\"name\":\"Honda WR-V sofre nova derrota\"}]},{\"@type\":\"WebSite\",\"@id\":\"https:\/\/jornaldocarro.estadao.com.br\/#website\",\"url\":\"https:\/\/jornaldocarro.estadao.com.br\/\",\"name\":\"Jornal do Carro - Estad\u00e3o\",\"description\":\"O portal sobre carros, motos e tudo sobre o tema ve\u00edculos no Estad\u00e3o. Fique por dentro de lan\u00e7amentos e de hist\u00f3rias dos leitores e seus carros.\",\"potentialAction\":[{\"@type\":\"SearchAction\",\"target\":{\"@type\":\"EntryPoint\",\"urlTemplate\":\"https:\/\/jornaldocarro.estadao.com.br\/?s={search_term_string}\"},\"query-input\":{\"@type\":\"PropertyValueSpecification\",\"valueRequired\":true,\"valueName\":\"search_term_string\"}}],\"inLanguage\":\"pt-BR\"}]}<\/script>\n<!-- \/ Yoast SEO plugin. -->","yoast_head_json":{"title":"Honda WR-V sofre nova derrota - Jornal do Carro - Estad\u00e3o","description":"Honda WR-V deixa a lista dos dez utilit\u00e1rios-esportivos mais vendidos e \u00e9 ultrapassado pelo Toyota Hilux SW4 no ranking de emplacamentos de maio","robots":{"index":"noindex","follow":"follow"},"twitter_card":"summary_large_image","twitter_title":"Honda WR-V sofre nova derrota - Jornal do Carro - Estad\u00e3o","twitter_description":"Honda WR-V deixa a lista dos dez utilit\u00e1rios-esportivos mais vendidos e \u00e9 ultrapassado pelo Toyota Hilux SW4 no ranking de emplacamentos de maio","twitter_image":"https:\/\/jornaldocarro.estadao.com.br\/wp-content\/uploads\/2018\/06\/32882103.jpg","twitter_misc":{"Est. tempo de leitura":"3 minutos"},"schema":{"@context":"https:\/\/schema.org","@graph":[{"@type":"WebPage","@id":"https:\/\/jornaldocarro.estadao.com.br\/primeira-classe\/honda-wr-v-vendas-maio\/","url":"https:\/\/jornaldocarro.estadao.com.br\/primeira-classe\/honda-wr-v-vendas-maio\/","name":"Honda WR-V sofre nova derrota - Jornal do Carro - Estad\u00e3o","isPartOf":{"@id":"https:\/\/jornaldocarro.estadao.com.br\/#website"},"primaryImageOfPage":{"@id":"https:\/\/jornaldocarro.estadao.com.br\/primeira-classe\/honda-wr-v-vendas-maio\/#primaryimage"},"image":{"@id":"https:\/\/jornaldocarro.estadao.com.br\/primeira-classe\/honda-wr-v-vendas-maio\/#primaryimage"},"thumbnailUrl":"https:\/\/jornaldocarro.estadao.com.br\/wp-content\/uploads\/2018\/06\/32882103.jpg","datePublished":"2018-06-06T17:28:15+00:00","dateModified":"2018-06-06T17:28:15+00:00","description":"Honda WR-V deixa a lista dos dez utilit\u00e1rios-esportivos mais vendidos e \u00e9 ultrapassado pelo Toyota Hilux SW4 no ranking de emplacamentos de maio","breadcrumb":{"@id":"https:\/\/jornaldocarro.estadao.com.br\/primeira-classe\/honda-wr-v-vendas-maio\/#breadcrumb"},"inLanguage":"pt-BR","potentialAction":[{"@type":"ReadAction","target":["https:\/\/jornaldocarro.estadao.com.br\/primeira-classe\/honda-wr-v-vendas-maio\/"]}]},{"@type":"ImageObject","inLanguage":"pt-BR","@id":"https:\/\/jornaldocarro.estadao.com.br\/primeira-classe\/honda-wr-v-vendas-maio\/#primaryimage","url":"https:\/\/jornaldocarro.estadao.com.br\/wp-content\/uploads\/2018\/06\/32882103.jpg","contentUrl":"https:\/\/jornaldocarro.estadao.com.br\/wp-content\/uploads\/2018\/06\/32882103.jpg","width":3872,"height":2581,"caption":"Carro foi o 11\u00ba SUV mais emplacado em maio (Foto: Honda)"},{"@type":"BreadcrumbList","@id":"https:\/\/jornaldocarro.estadao.com.br\/primeira-classe\/honda-wr-v-vendas-maio\/#breadcrumb","itemListElement":[{"@type":"ListItem","position":1,"name":"In\u00edcio","item":"https:\/\/jornaldocarro.estadao.com.br\/"},{"@type":"ListItem","position":2,"name":"Primeira Classe","item":"https:\/\/jornaldocarro.estadao.com.br\/primeira-classe\/"},{"@type":"ListItem","position":3,"name":"Honda WR-V sofre nova derrota"}]},{"@type":"WebSite","@id":"https:\/\/jornaldocarro.estadao.com.br\/#website","url":"https:\/\/jornaldocarro.estadao.com.br\/","name":"Jornal do Carro - Estad\u00e3o","description":"O portal sobre carros, motos e tudo sobre o tema ve\u00edculos no Estad\u00e3o. Fique por dentro de lan\u00e7amentos e de hist\u00f3rias dos leitores e seus carros.","potentialAction":[{"@type":"SearchAction","target":{"@type":"EntryPoint","urlTemplate":"https:\/\/jornaldocarro.estadao.com.br\/?s={search_term_string}"},"query-input":{"@type":"PropertyValueSpecification","valueRequired":true,"valueName":"search_term_string"}}],"inLanguage":"pt-BR"}]}},"_links":{"self":[{"href":"https:\/\/jornaldocarro.estadao.com.br\/api\/wp\/v2\/blog_primeira_classe\/80539","targetHints":{"allow":["GET"]}}],"collection":[{"href":"https:\/\/jornaldocarro.estadao.com.br\/api\/wp\/v2\/blog_primeira_classe"}],"about":[{"href":"https:\/\/jornaldocarro.estadao.com.br\/api\/wp\/v2\/types\/blog_primeira_classe"}],"version-history":[{"count":16,"href":"https:\/\/jornaldocarro.estadao.com.br\/api\/wp\/v2\/blog_primeira_classe\/80539\/revisions"}],"predecessor-version":[{"id":80628,"href":"https:\/\/jornaldocarro.estadao.com.br\/api\/wp\/v2\/blog_primeira_classe\/80539\/revisions\/80628"}],"wp:featuredmedia":[{"embeddable":true,"href":"https:\/\/jornaldocarro.estadao.com.br\/api\/wp\/v2\/media\/80542"}],"wp:attachment":[{"href":"https:\/\/jornaldocarro.estadao.com.br\/api\/wp\/v2\/media?parent=80539"}],"curies":[{"name":"wp","href":"https:\/\/api.w.org\/{rel}","templated":true}]}}