{"id":84454,"date":"2018-07-27T19:46:13","date_gmt":"2018-07-27T22:46:13","guid":{"rendered":"https:\/\/jornaldocarro.estadao.com.br\/?post_type=blog_primeira_classe&#038;p=84454"},"modified":"2018-07-27T20:32:08","modified_gmt":"2018-07-27T23:32:08","slug":"novo-toyota-yaris-derrubou-irmaos","status":"publish","type":"blog_primeira_classe","link":"https:\/\/jornaldocarro.estadao.com.br\/primeira-classe\/novo-toyota-yaris-derrubou-irmaos\/","title":{"rendered":"O carro novato que derrubou os &#8216;irm\u00e3os&#8217;"},"content":{"rendered":"<p>O in\u00edcio do novo Toyota Yaris, como j\u00e1 falamos anteriormente aqui no blog, n\u00e3o est\u00e1 sendo surpreendente. Faltando tr\u00eas dias de emplacamentos para o encerramento do m\u00eas (27, 30 e 31), o modelo est\u00e1 muito abaixo das expectativas da montadora.<\/p><p><strong>LEIA MAIS<\/strong><\/p><ul>\n<li><a href=\"https:\/\/jornaldocarro.estadao.com.br\/primeira-classe\/segredo-volks-polo\/\" target=\"_blank\" rel=\"noopener nofollow\"><em>Saiba qual \u00e9 o segredo do Volkswagen Polo<\/em><\/a><\/li>\n<li><a href=\"https:\/\/jornaldocarro.estadao.com.br\/primeira-classe\/asx-ix35-preco-incrivel\/\" target=\"_blank\" rel=\"noopener nofollow\"><em>Dois SUVs m\u00e9dios com pre\u00e7os incr\u00edveis<\/em><\/a><\/li>\n<\/ul><p>No lan\u00e7amento, a marca estimou vendas de 5.800 unidades por m\u00eas. De 1\u00ba a 26 de julho, n\u00e3o chegou nem perto desse n\u00famero. Por enquanto, foram 2.881 emplacamentos do novo Toyota Yaris (hatch e sed\u00e3).<\/p>\n  <div style=\"width: 100%;\" id=\"render-hmeio-1\"><\/div>\n    <script type=\"text\/javascript\">\n      if(window.innerWidth > 1){\n        $(\"#render-hmeio-1\").append(`\n          <div class=\"area-publicidade-rectangular hmeio\">\n            <p>Publicidade\n            <div class=\"area-publicidade\">\n              <div id=\"hmeio1\">\n            \n          \n        `);\n\n        \n    window.jornaldocarro = window.jornaldocarro || {};\n    window.jornaldocarro.slotsAds = window.jornaldocarro.slotsAds || [];\n    window.jornaldocarro.slotsAds.push(\"hmeio1\");\n  \n      }\n    <\/script>\n  <br><p>\u00a0<\/p><p><a href=\"https:\/\/www.instagram.com\/rafaelatborges\/\" target=\"_blank\" rel=\"noopener nofollow\"><strong>CONHE\u00c7A MEU PERFIL NO INSTAGRAM<\/strong><\/a><\/p><p>Isso significa fracasso? Muito longe disso, e por v\u00e1rias raz\u00f5es. Em primeiro lugar, o carro n\u00e3o teve pr\u00e9-venda, ao contr\u00e1rio do Polo.<\/p>\n  <div style=\"width: 100%;\" id=\"render-hmeio-2\"><\/div>\n    <script type=\"text\/javascript\">\n      if(window.innerWidth > 1){\n        $(\"#render-hmeio-2\").append(`\n          <div class=\"area-publicidade-rectangular hmeio\">\n            <p>Publicidade\n            <div class=\"area-publicidade\">\n              <div id=\"hmeio2\">\n            \n          \n        `);\n\n        \n    window.jornaldocarro = window.jornaldocarro || {};\n    window.jornaldocarro.slotsAds = window.jornaldocarro.slotsAds || [];\n    window.jornaldocarro.slotsAds.push(\"hmeio2\");\n  \n      }\n    <\/script>\n  <br><p>O processo de encomendas foi uma das raz\u00f5es de o Volkswagen \u201cchegar chegando\u201d. Por\u00e9m, o Polo conseguiu se manter \u201cbem na fita\u201d, e hoje \u00e9 o quarto carro mais vendido do Brasil.<\/p><p>Voltando ao novo Toyota Yaris, o sed\u00e3 parece ainda n\u00e3o estar em processo total de vendas. Ele vai chegando aos poucos.<\/p><p>De 1\u00ba a 26 de julho, foram vendidas apenas 553 unidades do tr\u00eas-volumes. As outras 2.328 foram do hatch, que conseguiu uma vaguinha no \u201ctop 30\u201d. No per\u00edodo, foi o 27\u00ba mais emplacado do Pa\u00eds.<\/p>\n  <div style=\"width: 100%;\" id=\"render-hmeio-3\"><\/div>\n    <script type=\"text\/javascript\">\n      if(window.innerWidth > 1){\n        $(\"#render-hmeio-3\").append(`\n          <div class=\"area-publicidade-rectangular hmeio\">\n            <p>Publicidade\n            <div class=\"area-publicidade\">\n              <div id=\"hmeio3\">\n            \n          \n        `);\n\n        \n    window.jornaldocarro = window.jornaldocarro || {};\n    window.jornaldocarro.slotsAds = window.jornaldocarro.slotsAds || [];\n    window.jornaldocarro.slotsAds.push(\"hmeio3\");\n  \n      }\n    <\/script>\n  <br><p>Com a soma dos pr\u00f3ximos tr\u00eas dias de emplacamentos, deve se manter em torno dessa coloca\u00e7\u00e3o.<\/p><p>Por fim, o primeiro m\u00eas \u00e9, no geral, sempre mais lento. Exce\u00e7\u00f5es s\u00e3o, al\u00e9m do Polo, o Kwid, que estreou como segundo carro mais vendido do Pa\u00eds, em setembro do ano passado.<\/p><p>J\u00e1 a estreia do novo Toyota Yaris est\u00e1 mais enquadrada em uma perspectiva normal. A tend\u00eancia \u00e9 de que ele decole nos pr\u00f3ximos meses, gradualmente, aos poucos atingindo a meta da montadora. Ou n\u00e3o. Isso, saberemos em breve.<\/p>\n  <div style=\"width: 100%;\" id=\"render-hmeio-4\"><\/div>\n    <script type=\"text\/javascript\">\n      if(window.innerWidth > 1){\n        $(\"#render-hmeio-4\").append(`\n          <div class=\"area-publicidade-rectangular hmeio\">\n            <p>Publicidade\n            <div class=\"area-publicidade\">\n              <div id=\"hmeio4\">\n            \n          \n        `);\n\n        \n    window.jornaldocarro = window.jornaldocarro || {};\n    window.jornaldocarro.slotsAds = window.jornaldocarro.slotsAds || [];\n    window.jornaldocarro.slotsAds.push(\"hmeio4\");\n  \n      }\n    <\/script>\n  <br><p>\u00a0<\/p><p><strong>Veja tamb\u00e9m: 5 raz\u00f5es para comprar o Yaris e 5 para n\u00e3o comprar<\/strong><\/p>\n\n<div class=\"clearfix\"><\/div>\n<div data-gallery-id=\"37147\" class=\"jc-img-gallery-wrapper mt-3 mb-2\">\n  <div class=\"jc-img-gallery\" id=\"jc-img-gallery-37147\" data-gallery-title=\"O carro novato que derrubou os &#8216;irm\u00e3os&#8217;\">\n      <\/div>\n\n<\/div>\n<div class=\"clearfix\"><\/div>\n\n<p>\u00a0<\/p>\n  <div style=\"width: 100%;\" id=\"render-hmeio-5\"><\/div>\n    <script type=\"text\/javascript\">\n      if(window.innerWidth > 1){\n        $(\"#render-hmeio-5\").append(`\n          <div class=\"area-publicidade-rectangular hmeio\">\n            <p>Publicidade\n            <div class=\"area-publicidade\">\n              <div id=\"hmeio5\">\n            \n          \n        `);\n\n        \n    window.jornaldocarro = window.jornaldocarro || {};\n    window.jornaldocarro.slotsAds = window.jornaldocarro.slotsAds || [];\n    window.jornaldocarro.slotsAds.push(\"hmeio5\");\n  \n      }\n    <\/script>\n  <br><h3>Os carros que o novo Toyota Yaris derrubou<\/h3><p>Uma das expectativas geradas pelo modelo, no entanto, est\u00e3o rapidamente se confirmando. O novo Toyota Yaris j\u00e1 chegou derrubando as vendas de seus irm\u00e3os.<\/p><p>O principal afetado (e isso possivelmente j\u00e1 estava previsto pela pr\u00f3pria Toyota) foi o Etios. De 1\u00ba a 26 de julho, o hatch veterano teve 1.573 emplacamentos. \u00c9, de longe, seu pior desempenho em 2018.<\/p><p>O carro vinha mantendo, desde o in\u00edcio do ano, uma m\u00e9dia superior a 3 mil unidades vendidas. Em abril, chegou a quase 4 mil.<\/p>\n  <div style=\"width: 100%;\" id=\"render-hmeio-6\"><\/div>\n    <script type=\"text\/javascript\">\n      if(window.innerWidth > 1){\n        $(\"#render-hmeio-6\").append(`\n          <div class=\"area-publicidade-rectangular hmeio\">\n            <p>Publicidade\n            <div class=\"area-publicidade\">\n              <div id=\"hmeio6\">\n            \n          \n        `);\n\n        \n    window.jornaldocarro = window.jornaldocarro || {};\n    window.jornaldocarro.slotsAds = window.jornaldocarro.slotsAds || [];\n    window.jornaldocarro.slotsAds.push(\"hmeio6\");\n  \n      }\n    <\/script>\n  <br><p>Quando o novo Toyota Yaris chegou, a marca simplificou a linha Etios, deixando apenas as vers\u00f5es mais baratas \u00e0 venda. J\u00e1 era previsto, portanto, uma queda, resultante da \u201ccanibaliza\u00e7\u00e3o\u201d entre os dois hatches.<\/p><p>O sed\u00e3 Etios tamb\u00e9m foi simplificado, e ter\u00e1 seu pior m\u00eas \u2013 mesmo com a estreia discreta do tr\u00eas-volumes do Yaris. At\u00e9 agora, somou 1.050 emplacamentos. At\u00e9 ent\u00e3o, sua m\u00e9dia superior a 2 mil unidades vendidas, com pico acima de 3 mil.<\/p><p>O mais espantoso, por\u00e9m, \u00e9 o que deve ocorrer no Corolla. N\u00e3o d\u00e1 para dizer que este ser\u00e1, certamente, seu pior m\u00eas. At\u00e9 agora, somou 3.682 exemplares vendidos, mas pode ultrapassar os 3.869 de abril.<\/p>\n  <div style=\"width: 100%;\" id=\"render-hmeio-7\"><\/div>\n    <script type=\"text\/javascript\">\n      if(window.innerWidth > 1){\n        $(\"#render-hmeio-7\").append(`\n          <div class=\"area-publicidade-rectangular hmeio\">\n            <p>Publicidade\n            <div class=\"area-publicidade\">\n              <div id=\"hmeio7\">\n            \n          \n        `);\n\n        renderPubNow('hmeio', 7)\n      }\n    <\/script>\n  <br><p>No entanto, far\u00e1 um n\u00famero bem pior que sua m\u00e9dia do ano, de cerca de 4,5 mil unidades, com picos acima de 5 mil. Efeito novo Toyota Yaris? Certamente, sim.<\/p><p>De todo modo, esta dever\u00e1 ser a pior posi\u00e7\u00e3o do Corolla no ranking de vendas do ano. Por enquanto, \u00e9 12\u00ba colocado.<\/p><p>\u00a0<\/p>\n  <div style=\"width: 100%;\" id=\"render-hmeio-8\"><\/div>\n    <script type=\"text\/javascript\">\n      if(window.innerWidth > 1){\n        $(\"#render-hmeio-8\").append(`\n          <div class=\"area-publicidade-rectangular hmeio\">\n            <p>Publicidade\n            <div class=\"area-publicidade\">\n              <div id=\"hmeio8\">\n            \n          \n        `);\n\n        renderPubNow('hmeio', 8)\n      }\n    <\/script>\n  <br>","protected":false},"excerpt":{"rendered":"<p>Em vendas, o novo Toyota Yaris ainda est\u00e1 abaixo da expectativa. J\u00e1 na capacidade de &#8216;canibalizar&#8217; os irm\u00e3os&#8230;<\/p>\n","protected":false},"featured_media":84485,"template":"","class_list":["post-84454","blog_primeira_classe","type-blog_primeira_classe","status-publish","has-post-thumbnail","hentry","tags_primeira_classe-toyota","tags_primeira_classe-yaris"],"yoast_head":"<!-- This site is optimized with the Yoast SEO plugin v23.5 - https:\/\/yoast.com\/wordpress\/plugins\/seo\/ -->\n<title>O carro novato que derrubou os &#039;irm\u00e3os&#039; - Jornal do Carro - Estad\u00e3o<\/title>\n<meta name=\"description\" content=\"Em vendas, o novo Toyota Yaris ainda est\u00e1 abaixo da expectativa. J\u00e1 na capacidade de &#039;canibalizar&#039; os irm\u00e3os... Saiba como foi o primeiro m\u00eas de vendas da gama\" \/>\n<meta name=\"robots\" content=\"noindex, follow\" \/>\n<meta name=\"twitter:card\" content=\"summary_large_image\" \/>\n<meta name=\"twitter:title\" content=\"O carro novato que derrubou os &#039;irm\u00e3os&#039; - Jornal do Carro - Estad\u00e3o\" \/>\n<meta name=\"twitter:description\" content=\"Em vendas, o novo Toyota Yaris ainda est\u00e1 abaixo da expectativa. J\u00e1 na capacidade de &#039;canibalizar&#039; os irm\u00e3os... Saiba como foi o primeiro m\u00eas de vendas da gama\" \/>\n<meta name=\"twitter:image\" content=\"https:\/\/jornaldocarro.estadao.com.br\/wp-content\/uploads\/2018\/07\/41391656.jpg\" \/>\n<meta name=\"twitter:label1\" content=\"Est. tempo de leitura\" \/>\n\t<meta name=\"twitter:data1\" content=\"3 minutos\" \/>\n<script type=\"application\/ld+json\" class=\"yoast-schema-graph\">{\"@context\":\"https:\/\/schema.org\",\"@graph\":[{\"@type\":\"WebPage\",\"@id\":\"https:\/\/jornaldocarro.estadao.com.br\/primeira-classe\/novo-toyota-yaris-derrubou-irmaos\/\",\"url\":\"https:\/\/jornaldocarro.estadao.com.br\/primeira-classe\/novo-toyota-yaris-derrubou-irmaos\/\",\"name\":\"O carro novato que derrubou os 'irm\u00e3os' - Jornal do Carro - Estad\u00e3o\",\"isPartOf\":{\"@id\":\"https:\/\/jornaldocarro.estadao.com.br\/#website\"},\"primaryImageOfPage\":{\"@id\":\"https:\/\/jornaldocarro.estadao.com.br\/primeira-classe\/novo-toyota-yaris-derrubou-irmaos\/#primaryimage\"},\"image\":{\"@id\":\"https:\/\/jornaldocarro.estadao.com.br\/primeira-classe\/novo-toyota-yaris-derrubou-irmaos\/#primaryimage\"},\"thumbnailUrl\":\"https:\/\/jornaldocarro.estadao.com.br\/wp-content\/uploads\/2018\/07\/41391656.jpg\",\"datePublished\":\"2018-07-27T22:46:13+00:00\",\"dateModified\":\"2018-07-27T23:32:08+00:00\",\"description\":\"Em vendas, o novo Toyota Yaris ainda est\u00e1 abaixo da expectativa. J\u00e1 na capacidade de 'canibalizar' os irm\u00e3os... Saiba como foi o primeiro m\u00eas de vendas da gama\",\"breadcrumb\":{\"@id\":\"https:\/\/jornaldocarro.estadao.com.br\/primeira-classe\/novo-toyota-yaris-derrubou-irmaos\/#breadcrumb\"},\"inLanguage\":\"pt-BR\",\"potentialAction\":[{\"@type\":\"ReadAction\",\"target\":[\"https:\/\/jornaldocarro.estadao.com.br\/primeira-classe\/novo-toyota-yaris-derrubou-irmaos\/\"]}]},{\"@type\":\"ImageObject\",\"inLanguage\":\"pt-BR\",\"@id\":\"https:\/\/jornaldocarro.estadao.com.br\/primeira-classe\/novo-toyota-yaris-derrubou-irmaos\/#primaryimage\",\"url\":\"https:\/\/jornaldocarro.estadao.com.br\/wp-content\/uploads\/2018\/07\/41391656.jpg\",\"contentUrl\":\"https:\/\/jornaldocarro.estadao.com.br\/wp-content\/uploads\/2018\/07\/41391656.jpg\",\"width\":2200,\"height\":1422,\"caption\":\"Foto: Werther Santana\/Estad\u00e3o\"},{\"@type\":\"BreadcrumbList\",\"@id\":\"https:\/\/jornaldocarro.estadao.com.br\/primeira-classe\/novo-toyota-yaris-derrubou-irmaos\/#breadcrumb\",\"itemListElement\":[{\"@type\":\"ListItem\",\"position\":1,\"name\":\"In\u00edcio\",\"item\":\"https:\/\/jornaldocarro.estadao.com.br\/\"},{\"@type\":\"ListItem\",\"position\":2,\"name\":\"Primeira Classe\",\"item\":\"https:\/\/jornaldocarro.estadao.com.br\/primeira-classe\/\"},{\"@type\":\"ListItem\",\"position\":3,\"name\":\"O carro novato que derrubou os 'irm\u00e3os'\"}]},{\"@type\":\"WebSite\",\"@id\":\"https:\/\/jornaldocarro.estadao.com.br\/#website\",\"url\":\"https:\/\/jornaldocarro.estadao.com.br\/\",\"name\":\"Jornal do Carro - Estad\u00e3o\",\"description\":\"O portal sobre carros, motos e tudo sobre o tema ve\u00edculos no Estad\u00e3o. Fique por dentro de lan\u00e7amentos e de hist\u00f3rias dos leitores e seus carros.\",\"potentialAction\":[{\"@type\":\"SearchAction\",\"target\":{\"@type\":\"EntryPoint\",\"urlTemplate\":\"https:\/\/jornaldocarro.estadao.com.br\/?s={search_term_string}\"},\"query-input\":{\"@type\":\"PropertyValueSpecification\",\"valueRequired\":true,\"valueName\":\"search_term_string\"}}],\"inLanguage\":\"pt-BR\"}]}<\/script>\n<!-- \/ Yoast SEO plugin. -->","yoast_head_json":{"title":"O carro novato que derrubou os 'irm\u00e3os' - Jornal do Carro - Estad\u00e3o","description":"Em vendas, o novo Toyota Yaris ainda est\u00e1 abaixo da expectativa. J\u00e1 na capacidade de 'canibalizar' os irm\u00e3os... Saiba como foi o primeiro m\u00eas de vendas da gama","robots":{"index":"noindex","follow":"follow"},"twitter_card":"summary_large_image","twitter_title":"O carro novato que derrubou os 'irm\u00e3os' - Jornal do Carro - Estad\u00e3o","twitter_description":"Em vendas, o novo Toyota Yaris ainda est\u00e1 abaixo da expectativa. J\u00e1 na capacidade de 'canibalizar' os irm\u00e3os... Saiba como foi o primeiro m\u00eas de vendas da gama","twitter_image":"https:\/\/jornaldocarro.estadao.com.br\/wp-content\/uploads\/2018\/07\/41391656.jpg","twitter_misc":{"Est. tempo de leitura":"3 minutos"},"schema":{"@context":"https:\/\/schema.org","@graph":[{"@type":"WebPage","@id":"https:\/\/jornaldocarro.estadao.com.br\/primeira-classe\/novo-toyota-yaris-derrubou-irmaos\/","url":"https:\/\/jornaldocarro.estadao.com.br\/primeira-classe\/novo-toyota-yaris-derrubou-irmaos\/","name":"O carro novato que derrubou os 'irm\u00e3os' - Jornal do Carro - Estad\u00e3o","isPartOf":{"@id":"https:\/\/jornaldocarro.estadao.com.br\/#website"},"primaryImageOfPage":{"@id":"https:\/\/jornaldocarro.estadao.com.br\/primeira-classe\/novo-toyota-yaris-derrubou-irmaos\/#primaryimage"},"image":{"@id":"https:\/\/jornaldocarro.estadao.com.br\/primeira-classe\/novo-toyota-yaris-derrubou-irmaos\/#primaryimage"},"thumbnailUrl":"https:\/\/jornaldocarro.estadao.com.br\/wp-content\/uploads\/2018\/07\/41391656.jpg","datePublished":"2018-07-27T22:46:13+00:00","dateModified":"2018-07-27T23:32:08+00:00","description":"Em vendas, o novo Toyota Yaris ainda est\u00e1 abaixo da expectativa. J\u00e1 na capacidade de 'canibalizar' os irm\u00e3os... Saiba como foi o primeiro m\u00eas de vendas da gama","breadcrumb":{"@id":"https:\/\/jornaldocarro.estadao.com.br\/primeira-classe\/novo-toyota-yaris-derrubou-irmaos\/#breadcrumb"},"inLanguage":"pt-BR","potentialAction":[{"@type":"ReadAction","target":["https:\/\/jornaldocarro.estadao.com.br\/primeira-classe\/novo-toyota-yaris-derrubou-irmaos\/"]}]},{"@type":"ImageObject","inLanguage":"pt-BR","@id":"https:\/\/jornaldocarro.estadao.com.br\/primeira-classe\/novo-toyota-yaris-derrubou-irmaos\/#primaryimage","url":"https:\/\/jornaldocarro.estadao.com.br\/wp-content\/uploads\/2018\/07\/41391656.jpg","contentUrl":"https:\/\/jornaldocarro.estadao.com.br\/wp-content\/uploads\/2018\/07\/41391656.jpg","width":2200,"height":1422,"caption":"Foto: Werther Santana\/Estad\u00e3o"},{"@type":"BreadcrumbList","@id":"https:\/\/jornaldocarro.estadao.com.br\/primeira-classe\/novo-toyota-yaris-derrubou-irmaos\/#breadcrumb","itemListElement":[{"@type":"ListItem","position":1,"name":"In\u00edcio","item":"https:\/\/jornaldocarro.estadao.com.br\/"},{"@type":"ListItem","position":2,"name":"Primeira Classe","item":"https:\/\/jornaldocarro.estadao.com.br\/primeira-classe\/"},{"@type":"ListItem","position":3,"name":"O carro novato que derrubou os 'irm\u00e3os'"}]},{"@type":"WebSite","@id":"https:\/\/jornaldocarro.estadao.com.br\/#website","url":"https:\/\/jornaldocarro.estadao.com.br\/","name":"Jornal do Carro - Estad\u00e3o","description":"O portal sobre carros, motos e tudo sobre o tema ve\u00edculos no Estad\u00e3o. Fique por dentro de lan\u00e7amentos e de hist\u00f3rias dos leitores e seus carros.","potentialAction":[{"@type":"SearchAction","target":{"@type":"EntryPoint","urlTemplate":"https:\/\/jornaldocarro.estadao.com.br\/?s={search_term_string}"},"query-input":{"@type":"PropertyValueSpecification","valueRequired":true,"valueName":"search_term_string"}}],"inLanguage":"pt-BR"}]}},"_links":{"self":[{"href":"https:\/\/jornaldocarro.estadao.com.br\/api\/wp\/v2\/blog_primeira_classe\/84454","targetHints":{"allow":["GET"]}}],"collection":[{"href":"https:\/\/jornaldocarro.estadao.com.br\/api\/wp\/v2\/blog_primeira_classe"}],"about":[{"href":"https:\/\/jornaldocarro.estadao.com.br\/api\/wp\/v2\/types\/blog_primeira_classe"}],"version-history":[{"count":14,"href":"https:\/\/jornaldocarro.estadao.com.br\/api\/wp\/v2\/blog_primeira_classe\/84454\/revisions"}],"predecessor-version":[{"id":84504,"href":"https:\/\/jornaldocarro.estadao.com.br\/api\/wp\/v2\/blog_primeira_classe\/84454\/revisions\/84504"}],"wp:featuredmedia":[{"embeddable":true,"href":"https:\/\/jornaldocarro.estadao.com.br\/api\/wp\/v2\/media\/84485"}],"wp:attachment":[{"href":"https:\/\/jornaldocarro.estadao.com.br\/api\/wp\/v2\/media?parent=84454"}],"curies":[{"name":"wp","href":"https:\/\/api.w.org\/{rel}","templated":true}]}}