{"id":84693,"date":"2018-07-31T16:46:56","date_gmt":"2018-07-31T19:46:56","guid":{"rendered":"https:\/\/jornaldocarro.estadao.com.br\/?post_type=blog_primeira_classe&#038;p=84693"},"modified":"2018-07-31T20:02:04","modified_gmt":"2018-07-31T23:02:04","slug":"suvs-compactos-lider-inedito","status":"publish","type":"blog_primeira_classe","link":"https:\/\/jornaldocarro.estadao.com.br\/primeira-classe\/suvs-compactos-lider-inedito\/","title":{"rendered":"SUVs compactos t\u00eam l\u00edder in\u00e9dito em 2018"},"content":{"rendered":"<p>N\u00e3o deu para o Jeep Renegade. No in\u00edcio de julho, o carro dava a impress\u00e3o de que iria para seu terceiro m\u00eas seguido na lideran\u00e7a de vendas do segmento de SUVs compactos. Por\u00e9m, agora j\u00e1 \u00e9 praticamente certo: n\u00e3o desta vez.<\/p><p><strong>LEIA MAIS<\/strong><\/p><ul>\n<li><a href=\"https:\/\/jornaldocarro.estadao.com.br\/primeira-classe\/novo-toyota-yaris-derrubou-irmaos\/\" target=\"_blank\" rel=\"noopener nofollow\"><em>O carro novato que derrubou seus irm\u00e3os<\/em><\/a><\/li>\n<li><a href=\"https:\/\/jornaldocarro.estadao.com.br\/primeira-classe\/segredo-volks-polo\/\" target=\"_blank\" rel=\"noopener nofollow\"><em>Saiba qual \u00e9 o segredo do Volkswagen Polo<\/em><\/a><\/li>\n<\/ul><p>O segmento de SUVs compactos dever\u00e1 ter, em julho, sua quarta altern\u00e2ncia na lideran\u00e7a em 2018. O primeiro lugar j\u00e1 passou pelas \u201cm\u00e3os\u201d, al\u00e9m do Renegade, do HR-V e do Kicks.<\/p>\n  <div style=\"width: 100%;\" id=\"render-hmeio-1\"><\/div>\n    <script type=\"text\/javascript\">\n      if(window.innerWidth > 1){\n        $(\"#render-hmeio-1\").append(`\n          <div class=\"area-publicidade-rectangular hmeio\">\n            <p>Publicidade\n            <div class=\"area-publicidade\">\n              <div id=\"hmeio1\">\n            \n          \n        `);\n\n        \n    window.jornaldocarro = window.jornaldocarro || {};\n    window.jornaldocarro.slotsAds = window.jornaldocarro.slotsAds || [];\n    window.jornaldocarro.slotsAds.push(\"hmeio1\");\n  \n      }\n    <\/script>\n  <br><p>\u00a0<\/p><p><strong>CONHE\u00c7A MEU PERFIL NO INSTAGRAM<\/strong><\/p><blockquote class=\"instagram-media\" style=\"background: #FFF; border: 0; border-radius: 3px; box-shadow: 0 0 1px 0 rgba(0,0,0,0.5),0 1px 10px 0 rgba(0,0,0,0.15); margin: 1px; max-width: 540px; min-width: 326px; padding: 0; width: calc(100% - 2px);\" data-instgrm-captioned=\"\" data-instgrm-permalink=\"https:\/\/www.instagram.com\/p\/Bl4S7LclFxq\/\" data-instgrm-version=\"9\">\n<div style=\"padding: 8px;\">\n<div style=\"background: #F8F8F8; line-height: 0; margin-top: 40px; padding: 50.0% 0; text-align: center; width: 100%;\">\n<div style=\"background: url(data:image\/png; base64,ivborw0kggoaaaansuheugaaacwaaaascamaaaapwqozaaaabgdbtueaalgpc\/xhbqaaaafzukdcak7ohokaaaamuexurczmzpf399fx1+bm5mzy9amaaadisurbvdjlvzxbesmgces5\/p8\/t9furvcrmu73jwlzosgsiizurcjo\/ad+eqjjb4hv8bft+idpqocx1wjosbfhh2xssxeiyn3uli\/6mnree07uiwjev8ueowds88ly97kqytlijkktuybbruayvh5wohixmpi5we58ek028czwyuqdlkpg1bkb4nnm+veanfhqn1k4+gpt6ugqcvu2h2ovuif\/gwufyy8owepdyzsa3avcqpvovvzzz2vtnn2wu8qzvjddeto90gsy9mvlqtgysy231mxry6i2ggqjrty0l8fxcxfcbbhwrsyyaaaaaelftksuqmcc); display: block; height: 44px; margin: 0 auto -44px; position: relative; top: -22px; width: 44px;\"><\/div>\n<\/div>\n<p style=\"margin: 8px 0 0 0; padding: 0 4px;\"><a style=\"color: #000; font-family: Arial,sans-serif; font-size: 14px; font-style: normal; font-weight: normal; line-height: 17px; text-decoration: none; word-wrap: break-word;\" href=\"https:\/\/www.instagram.com\/p\/Bl4S7LclFxq\/\" target=\"_blank\" rel=\"noopener nofollow\">Um dia chuvoso pode ficar bem mais legal com uma Ferrari F12tdf. Esta \u00e9 a vers\u00e3o mais insana da F12 Berlinetta. Com motor V12 naturalmente aspirado de 780 cv, a m\u00e1quina acelera de 0 a 100 km\/h em 2,9 segundos. #BoaNoite ?? ? @mateo.r.photography #ferrari #f12 #berlinetta #car #carro #instacar #instadaily #lifestyle #luxury #luxo #job #fun #supercar #fast #speed #carlovers #love<\/a><\/p>\n<p style=\"color: #c9c8cd; font-family: Arial,sans-serif; font-size: 14px; line-height: 17px; margin-bottom: 0; margin-top: 8px; overflow: hidden; padding: 8px 0 7px; text-align: center; text-overflow: ellipsis; white-space: nowrap;\">Uma publica\u00e7\u00e3o compartilhada por <a style=\"color: #c9c8cd; font-family: Arial,sans-serif; font-size: 14px; font-style: normal; font-weight: normal; line-height: 17px;\" href=\"https:\/\/www.instagram.com\/rafaelatborges\/\" target=\"_blank\" rel=\"noopener nofollow\"> Rafaela Borges<\/a> (@rafaelatborges) em <time style=\"font-family: Arial,sans-serif; font-size: 14px; line-height: 17px;\" datetime=\"2018-07-31T02:40:40+00:00\">30 de Jul, 2018 \u00e0s 7:40 PDT<\/time><\/p>\n<\/div>\n<\/blockquote><p><script async defer src=\"\/\/www.instagram.com\/embed.js\"><\/script><\/p>\n  <div style=\"width: 100%;\" id=\"render-hmeio-2\"><\/div>\n    <script type=\"text\/javascript\">\n      if(window.innerWidth > 1){\n        $(\"#render-hmeio-2\").append(`\n          <div class=\"area-publicidade-rectangular hmeio\">\n            <p>Publicidade\n            <div class=\"area-publicidade\">\n              <div id=\"hmeio2\">\n            \n          \n        `);\n\n        \n    window.jornaldocarro = window.jornaldocarro || {};\n    window.jornaldocarro.slotsAds = window.jornaldocarro.slotsAds || [];\n    window.jornaldocarro.slotsAds.push(\"hmeio2\");\n  \n      }\n    <\/script>\n  <br><p>Agora, chegou a vez do <a id=\"post_keyword\" target=\"_blank\" href=\"https:\/\/jornaldocarro.estadao.com.br\/oferta\/hyundai-creta-ultimate-at\/?&amp;utm_source=linkagem&amp;utm_medium=cpl&amp;utm_campaign=ld_jc_creta&amp;utm_content=news_linkagem_jc_creta&amp;utm_term=news_creta&amp;utm_client=hyundai\">Hyundai<\/a> <a id=\"post_keyword\" target=\"_blank\" href=\"https:\/\/jornaldocarro.estadao.com.br\/oferta\/hyundai-creta-ultimate-at\/?&amp;utm_source=linkagem&amp;utm_medium=cpl&amp;utm_campaign=ld_jc_creta&amp;utm_content=news_linkagem_jc_creta&amp;utm_term=news_creta&amp;utm_client=hyundai\">Creta<\/a>. Nos &#xFA;ltimos dias, o carro veio ganhando for&#xE7;a na lideran&#xE7;a dos SUVs compactos.<\/p><p>De 1\u00ba a 27 de julho, ele somou 3.775 unidades vendidas. Faltando apenas dois dias \u00fateis para o fechamento do m\u00eas (30 e 31), j\u00e1 abriu ampla vantagem para o segundo colocado.<\/p><p>O vice-l\u00edder dos SUVs compactos em julho \u00e9 justamente o Renegade, com 3.492 emplacamentos.<\/p>\n  <div style=\"width: 100%;\" id=\"render-hmeio-3\"><\/div>\n    <script type=\"text\/javascript\">\n      if(window.innerWidth > 1){\n        $(\"#render-hmeio-3\").append(`\n          <div class=\"area-publicidade-rectangular hmeio\">\n            <p>Publicidade\n            <div class=\"area-publicidade\">\n              <div id=\"hmeio3\">\n            \n          \n        `);\n\n        \n    window.jornaldocarro = window.jornaldocarro || {};\n    window.jornaldocarro.slotsAds = window.jornaldocarro.slotsAds || [];\n    window.jornaldocarro.slotsAds.push(\"hmeio3\");\n  \n      }\n    <\/script>\n  <br><p>A vantagem de 283 exemplares para o <a id=\"post_keyword\" target=\"_blank\" href=\"https:\/\/jornaldocarro.estadao.com.br\/oferta\/hyundai-creta-ultimate-at\/?&amp;utm_source=linkagem&amp;utm_medium=cpl&amp;utm_campaign=ld_jc_creta&amp;utm_content=news_linkagem_jc_creta&amp;utm_term=news_creta&amp;utm_client=hyundai\">Hyundai<\/a> &#xE9;, em condi&#xE7;&#xF5;es normais, suficiente para garantir ao modelo a lideran&#xE7;a dos SUVs compactos neste m&#xEA;s.<\/p><p>Por\u00e9m, h\u00e1 sempre a chance de a Jeep fazer uma \u201cmega\u201d venda no atacado nos dois \u00faltimos dias. Essa \u00e9 a \u00fanica chance de a hist\u00f3ria virar at\u00e9 quarta-feira, 1\u00ba de agosto.<\/p><p>S&#xF3; o Renegade tem condi&#xE7;&#xF5;es, ainda que remotas, de ultrapassar o <a id=\"post_keyword\" target=\"_blank\" href=\"https:\/\/jornaldocarro.estadao.com.br\/oferta\/hyundai-creta-ultimate-at\/?&amp;utm_source=linkagem&amp;utm_medium=cpl&amp;utm_campaign=ld_jc_creta&amp;utm_content=news_linkagem_jc_creta&amp;utm_term=news_creta&amp;utm_client=hyundai\">Creta<\/a>. O terceiro SUV compacto mais vendido, Honda HR-V, est&#xE1; bem atr&#xE1;s, com 2.876 emplacamentos.<\/p>\n  <div style=\"width: 100%;\" id=\"render-hmeio-4\"><\/div>\n    <script type=\"text\/javascript\">\n      if(window.innerWidth > 1){\n        $(\"#render-hmeio-4\").append(`\n          <div class=\"area-publicidade-rectangular hmeio\">\n            <p>Publicidade\n            <div class=\"area-publicidade\">\n              <div id=\"hmeio4\">\n            \n          \n        `);\n\n        \n    window.jornaldocarro = window.jornaldocarro || {};\n    window.jornaldocarro.slotsAds = window.jornaldocarro.slotsAds || [];\n    window.jornaldocarro.slotsAds.push(\"hmeio4\");\n  \n      }\n    <\/script>\n  <br><p>A briga de HR-V com o quarto colocado, Kicks, ainda pode ter alguma emo\u00e7\u00e3o at\u00e9 o fim do m\u00eas. Isso porque o Nissan est\u00e1 muito pr\u00f3ximo, com 2.812 emplacamentos.<\/p><p>Outro pr\u00f3ximo do Honda e do Nissan \u00e9 o EcoSport. Com 2.768 unidades vendidas de 1\u00ba a 27 de julho, o Ford poder\u00e1 ter seu melhor m\u00eas de vendas em 2018.<\/p><p>O Captur, que vem avan\u00e7ando no segmento de SUVs compactos, deve mesmo confirmar o resultado da primeira quinzena e ultrapassar o Tracker. At\u00e9 o dia 27, o Renault, sexto mais emplacado, somou 2.280 unidades comercializadas, ante as 2.170 do Chevrolet, s\u00e9timo.<\/p>\n  <div style=\"width: 100%;\" id=\"render-hmeio-5\"><\/div>\n    <script type=\"text\/javascript\">\n      if(window.innerWidth > 1){\n        $(\"#render-hmeio-5\").append(`\n          <div class=\"area-publicidade-rectangular hmeio\">\n            <p>Publicidade\n            <div class=\"area-publicidade\">\n              <div id=\"hmeio5\">\n            \n          \n        `);\n\n        \n    window.jornaldocarro = window.jornaldocarro || {};\n    window.jornaldocarro.slotsAds = window.jornaldocarro.slotsAds || [];\n    window.jornaldocarro.slotsAds.push(\"hmeio5\");\n  \n      }\n    <\/script>\n  <br><p>O oitavo SUV compacto mais emplacado foi o Duster (1.984), seguido por WR-V (1.020) e 2008 (701).<\/p><p>Considerando todo o segmento de SUVs (somando m\u00e9dios e grandes), o mais vendido em julho \u00e9 o Compass. O Jeep m\u00e9dio registrou 4.805 exemplares emplacados at\u00e9 agora.<\/p><p><strong>VEJA TAMB\u00c9M: CARROS QUE SER\u00c3O LAN\u00c7ADOS AT\u00c9 O FINAL DE 2018<\/strong><\/p>\n  <div style=\"width: 100%;\" id=\"render-hmeio-6\"><\/div>\n    <script type=\"text\/javascript\">\n      if(window.innerWidth > 1){\n        $(\"#render-hmeio-6\").append(`\n          <div class=\"area-publicidade-rectangular hmeio\">\n            <p>Publicidade\n            <div class=\"area-publicidade\">\n              <div id=\"hmeio6\">\n            \n          \n        `);\n\n        \n    window.jornaldocarro = window.jornaldocarro || {};\n    window.jornaldocarro.slotsAds = window.jornaldocarro.slotsAds || [];\n    window.jornaldocarro.slotsAds.push(\"hmeio6\");\n  \n      }\n    <\/script>\n  <br>\n\n<div class=\"clearfix\"><\/div>\n<div data-gallery-id=\"37664\" class=\"jc-img-gallery-wrapper mt-3 mb-2\">\n  <div class=\"jc-img-gallery\" id=\"jc-img-gallery-37664\" data-gallery-title=\"SUVs compactos t\u00eam l\u00edder in\u00e9dito em 2018\">\n      <\/div>\n\n<\/div>\n<div class=\"clearfix\"><\/div>\n\n<p>\u00a0<\/p><h3>SUVs compactos e a briga pela lideran\u00e7a<\/h3><p>O bom desempenho do <a id=\"post_keyword\" target=\"_blank\" href=\"https:\/\/jornaldocarro.estadao.com.br\/oferta\/hyundai-creta-ultimate-at\/?&amp;utm_source=linkagem&amp;utm_medium=cpl&amp;utm_campaign=ld_jc_creta&amp;utm_content=news_linkagem_jc_creta&amp;utm_term=news_creta&amp;utm_client=hyundai\">Creta<\/a> significa que a demanda do p&#xFA;blico aumentou? Ou que a <a id=\"post_keyword\" target=\"_blank\" href=\"https:\/\/jornaldocarro.estadao.com.br\/oferta\/hyundai-creta-ultimate-at\/?&amp;utm_source=linkagem&amp;utm_medium=cpl&amp;utm_campaign=ld_jc_creta&amp;utm_content=news_linkagem_jc_creta&amp;utm_term=news_creta&amp;utm_client=hyundai\">Hyundai<\/a> fez uma a&#xE7;&#xE3;o especial de vendas? Nada disso.<\/p><p>Significa que a briga pela lideran\u00e7a dos SUVs compactos ficar\u00e1 cada vez mais acirrada no segundo semestre do ano. Dif\u00edcil cravar qual ser\u00e1 o vencedor.<\/p>\n  <div style=\"width: 100%;\" id=\"render-hmeio-7\"><\/div>\n    <script type=\"text\/javascript\">\n      if(window.innerWidth > 1){\n        $(\"#render-hmeio-7\").append(`\n          <div class=\"area-publicidade-rectangular hmeio\">\n            <p>Publicidade\n            <div class=\"area-publicidade\">\n              <div id=\"hmeio7\">\n            \n          \n        `);\n\n        renderPubNow('hmeio', 7)\n      }\n    <\/script>\n  <br><p>O <a id=\"post_keyword\" target=\"_blank\" href=\"https:\/\/jornaldocarro.estadao.com.br\/oferta\/hyundai-creta-ultimate-at\/?&amp;utm_source=linkagem&amp;utm_medium=cpl&amp;utm_campaign=ld_jc_creta&amp;utm_content=news_linkagem_jc_creta&amp;utm_term=news_creta&amp;utm_client=hyundai\">Creta<\/a> teve alguns momentos ruins no in&#xED;cio do ano, chegando a ficar na quarta coloca&#xE7;&#xE3;o da categoria. A <a id=\"post_keyword\" target=\"_blank\" href=\"https:\/\/jornaldocarro.estadao.com.br\/oferta\/hyundai-creta-ultimate-at\/?&amp;utm_source=linkagem&amp;utm_medium=cpl&amp;utm_campaign=ld_jc_creta&amp;utm_content=news_linkagem_jc_creta&amp;utm_term=news_creta&amp;utm_client=hyundai\">Hyundai<\/a> tem restri&#xE7;&#xF5;es de produ&#xE7;&#xE3;o em sua f&#xE1;brica de Piracicaba (SP). M&#xEA;s a m&#xEA;s, acabam sofrendo ou o SUV, ou um dos modelos da linha HB20. Um compensa o outro.<\/p><p>Em julho, por&#xE9;m, os tr&#xEA;s modelos da <a id=\"post_keyword\" target=\"_blank\" href=\"https:\/\/jornaldocarro.estadao.com.br\/oferta\/hyundai-creta-ultimate-at\/?&amp;utm_source=linkagem&amp;utm_medium=cpl&amp;utm_campaign=ld_jc_creta&amp;utm_content=news_linkagem_jc_creta&amp;utm_term=news_creta&amp;utm_client=hyundai\">Hyundai<\/a> feitos no interior de S&#xE3;o Paulo foram bem. Isso pode indicar que, em agosto, um deles vai acabar caindo (por causa de redu&#xE7;&#xE3;o de produ&#xE7;&#xE3;o). Se for o <a id=\"post_keyword\" target=\"_blank\" href=\"https:\/\/jornaldocarro.estadao.com.br\/oferta\/hyundai-creta-ultimate-at\/?&amp;utm_source=linkagem&amp;utm_medium=cpl&amp;utm_campaign=ld_jc_creta&amp;utm_content=news_linkagem_jc_creta&amp;utm_term=news_creta&amp;utm_client=hyundai\">Creta<\/a>, ele se distancia um pouco da briga pelo primeiro lugar. Por&#xE9;m, n&#xE3;o est&#xE1; descartado.<\/p><p>Desde o in\u00edcio de 2018, o HR-V vem conseguindo manter o primeiro lugar da categoria de SUVs compactos no acumulado do ano. Mesmo sempre amea\u00e7ado por um rival, ele ainda n\u00e3o foi ultrapassado.<\/p>\n  <div style=\"width: 100%;\" id=\"render-hmeio-8\"><\/div>\n    <script type=\"text\/javascript\">\n      if(window.innerWidth > 1){\n        $(\"#render-hmeio-8\").append(`\n          <div class=\"area-publicidade-rectangular hmeio\">\n            <p>Publicidade\n            <div class=\"area-publicidade\">\n              <div id=\"hmeio8\">\n            \n          \n        `);\n\n        renderPubNow('hmeio', 8)\n      }\n    <\/script>\n  <br><p>De 1\u00ba de janeiro a 27 de julho, o Honda somou 26.025 emplacamentos. Sua coloca\u00e7\u00e3o vem sendo mantida gra\u00e7as ao excelente desempenho no varejo (para o cliente final). Os rivais, em algum momento, acabaram dependendo muito do atacado.<\/p><p>Isso j\u00e1 ocorreu com o Kicks e, principalmente, com o Renegade. Quando suas marcas n\u00e3o conseguem grandes contratos no atacado (com empresas e locadoras, por exemplo), seus emplacamentos tendem a cair. J\u00e1 o p\u00fablico do HR-V \u00e9 mais cativo.<\/p><h3>Outros jogadores<\/h3><p>O segundo colocado no acumulado \u00e9 o Renegade, que conseguiu ultrapassar o Kicks. Ele somou at\u00e9 agora 24.921 emplacamentos.<\/p>\n  <div style=\"width: 100%;\" id=\"render-hmeio-9\"><\/div>\n    <script type=\"text\/javascript\">\n      if(window.innerWidth > 1){\n        $(\"#render-hmeio-9\").append(`\n          <div class=\"area-publicidade-rectangular hmeio\">\n            <p>Publicidade\n            <div class=\"area-publicidade\">\n              <div id=\"hmeio9\">\n            \n          \n        `);\n\n        renderPubNow('hmeio', 9)\n      }\n    <\/script>\n  <br><p>Dos SUVs compactos, o Jeep \u00e9 o mais dependente das vendas diretas. Elas representam mais de 50% de seus emplacamentos. Isso \u00e9 ruim para quem almeja a lideran\u00e7a.<\/p><p>Por\u00e9m, o desempenho no atacado do Renegade j\u00e1 mostrou que n\u00e3o \u00e9 algo sazonal. Ele liderou a categoria dois meses seguidos, e est\u00e1 indo muito bem em julho tamb\u00e9m. N\u00e3o d\u00e1 para descart\u00e1-lo na briga pelo primeiro lugar.<\/p><p>Para o Kicks, ser\u00e1 mais dif\u00edcil conquistar o posto de mais vendido entre os SUVs compactos. Seu melhor m\u00eas foi o de mar\u00e7o. Com 5.531 emplacamentos, ele ficou \u00e0 frente at\u00e9 de Compass.<\/p>\n  <div style=\"width: 100%;\" id=\"render-hmeio-10\"><\/div>\n    <script type=\"text\/javascript\">\n      if(window.innerWidth > 1){\n        $(\"#render-hmeio-10\").append(`\n          <div class=\"area-publicidade-rectangular hmeio\">\n            <p>Publicidade\n            <div class=\"area-publicidade\">\n              <div id=\"hmeio10\">\n            \n          \n        `);\n\n        renderPubNow('hmeio', 10)\n      }\n    <\/script>\n  <br><p>Depois disso, por\u00e9m, foi perdendo espa\u00e7o, embora ainda v\u00e1 muito bem \u2013 sempre entre a terceira e a quarta coloca\u00e7\u00f5es, com visitas \u00e0 vice-lideran\u00e7a. No acumulado do ano, \u00e9 o terceiro mais vendido, com 24.649 emplacamentos.<\/p><p>O quarto candidato, <a id=\"post_keyword\" target=\"_blank\" href=\"https:\/\/jornaldocarro.estadao.com.br\/oferta\/hyundai-creta-ultimate-at\/?&amp;utm_source=linkagem&amp;utm_medium=cpl&amp;utm_campaign=ld_jc_creta&amp;utm_content=news_linkagem_jc_creta&amp;utm_term=news_creta&amp;utm_client=hyundai\">Creta<\/a>, tem 23.927 exemplares comercializados neste ano (at&#xE9; 27 de julho). Como j&#xE1; falamos acima, os problemas de produ&#xE7;&#xE3;o podem atrapalhar o <a id=\"post_keyword\" target=\"_blank\" href=\"https:\/\/jornaldocarro.estadao.com.br\/oferta\/hyundai-creta-ultimate-at\/?&amp;utm_source=linkagem&amp;utm_medium=cpl&amp;utm_campaign=ld_jc_creta&amp;utm_content=news_linkagem_jc_creta&amp;utm_term=news_creta&amp;utm_client=hyundai\">Hyundai<\/a>.<\/p>","protected":false},"excerpt":{"rendered":"<p>Pela primeira vez no ano, carro da Hyundai lidera segmento<\/p>\n","protected":false},"featured_media":84695,"template":"","class_list":["post-84693","blog_primeira_classe","type-blog_primeira_classe","status-publish","has-post-thumbnail","hentry","tags_primeira_classe-creta","tags_primeira_classe-hr-v","tags_primeira_classe-kicks","tags_primeira_classe-renegade","tags_primeira_classe-suvs-compactos"],"yoast_head":"<!-- This site is optimized with the Yoast SEO plugin v23.5 - https:\/\/yoast.com\/wordpress\/plugins\/seo\/ -->\n<title>SUVs compactos t\u00eam l\u00edder in\u00e9dito em 2018 - Jornal do Carro - Estad\u00e3o<\/title>\n<meta name=\"description\" content=\"Pela primeira vez no ano, carro da Hyundai lidera segmento de SUVs compactos, deixando a briga para a lideran\u00e7a da categoria ainda mais embolada\" \/>\n<meta name=\"robots\" content=\"noindex, follow\" \/>\n<meta name=\"twitter:card\" content=\"summary_large_image\" \/>\n<meta name=\"twitter:title\" content=\"SUVs compactos t\u00eam l\u00edder in\u00e9dito em 2018 - Jornal do Carro - Estad\u00e3o\" \/>\n<meta name=\"twitter:description\" content=\"Pela primeira vez no ano, carro da Hyundai lidera segmento de SUVs compactos, deixando a briga para a lideran\u00e7a da categoria ainda mais embolada\" \/>\n<meta name=\"twitter:image\" content=\"https:\/\/jornaldocarro.estadao.com.br\/wp-content\/uploads\/2018\/07\/363005062.jpg\" \/>\n<meta name=\"twitter:label1\" content=\"Est. tempo de leitura\" \/>\n\t<meta name=\"twitter:data1\" content=\"5 minutos\" \/>\n<script type=\"application\/ld+json\" class=\"yoast-schema-graph\">{\"@context\":\"https:\/\/schema.org\",\"@graph\":[{\"@type\":\"WebPage\",\"@id\":\"https:\/\/jornaldocarro.estadao.com.br\/primeira-classe\/suvs-compactos-lider-inedito\/\",\"url\":\"https:\/\/jornaldocarro.estadao.com.br\/primeira-classe\/suvs-compactos-lider-inedito\/\",\"name\":\"SUVs compactos t\u00eam l\u00edder in\u00e9dito em 2018 - Jornal do Carro - Estad\u00e3o\",\"isPartOf\":{\"@id\":\"https:\/\/jornaldocarro.estadao.com.br\/#website\"},\"primaryImageOfPage\":{\"@id\":\"https:\/\/jornaldocarro.estadao.com.br\/primeira-classe\/suvs-compactos-lider-inedito\/#primaryimage\"},\"image\":{\"@id\":\"https:\/\/jornaldocarro.estadao.com.br\/primeira-classe\/suvs-compactos-lider-inedito\/#primaryimage\"},\"thumbnailUrl\":\"https:\/\/jornaldocarro.estadao.com.br\/wp-content\/uploads\/2018\/07\/363005062.jpg\",\"datePublished\":\"2018-07-31T19:46:56+00:00\",\"dateModified\":\"2018-07-31T23:02:04+00:00\",\"description\":\"Pela primeira vez no ano, carro da Hyundai lidera segmento de SUVs compactos, deixando a briga para a lideran\u00e7a da categoria ainda mais embolada\",\"breadcrumb\":{\"@id\":\"https:\/\/jornaldocarro.estadao.com.br\/primeira-classe\/suvs-compactos-lider-inedito\/#breadcrumb\"},\"inLanguage\":\"pt-BR\",\"potentialAction\":[{\"@type\":\"ReadAction\",\"target\":[\"https:\/\/jornaldocarro.estadao.com.br\/primeira-classe\/suvs-compactos-lider-inedito\/\"]}]},{\"@type\":\"ImageObject\",\"inLanguage\":\"pt-BR\",\"@id\":\"https:\/\/jornaldocarro.estadao.com.br\/primeira-classe\/suvs-compactos-lider-inedito\/#primaryimage\",\"url\":\"https:\/\/jornaldocarro.estadao.com.br\/wp-content\/uploads\/2018\/07\/363005062.jpg\",\"contentUrl\":\"https:\/\/jornaldocarro.estadao.com.br\/wp-content\/uploads\/2018\/07\/363005062.jpg\",\"width\":3000,\"height\":2000,\"caption\":\"Foto: Felipe Rau\/Estad\u00e3o\"},{\"@type\":\"BreadcrumbList\",\"@id\":\"https:\/\/jornaldocarro.estadao.com.br\/primeira-classe\/suvs-compactos-lider-inedito\/#breadcrumb\",\"itemListElement\":[{\"@type\":\"ListItem\",\"position\":1,\"name\":\"In\u00edcio\",\"item\":\"https:\/\/jornaldocarro.estadao.com.br\/\"},{\"@type\":\"ListItem\",\"position\":2,\"name\":\"Primeira Classe\",\"item\":\"https:\/\/jornaldocarro.estadao.com.br\/primeira-classe\/\"},{\"@type\":\"ListItem\",\"position\":3,\"name\":\"SUVs compactos t\u00eam l\u00edder in\u00e9dito em 2018\"}]},{\"@type\":\"WebSite\",\"@id\":\"https:\/\/jornaldocarro.estadao.com.br\/#website\",\"url\":\"https:\/\/jornaldocarro.estadao.com.br\/\",\"name\":\"Jornal do Carro - Estad\u00e3o\",\"description\":\"O portal sobre carros, motos e tudo sobre o tema ve\u00edculos no Estad\u00e3o. Fique por dentro de lan\u00e7amentos e de hist\u00f3rias dos leitores e seus carros.\",\"potentialAction\":[{\"@type\":\"SearchAction\",\"target\":{\"@type\":\"EntryPoint\",\"urlTemplate\":\"https:\/\/jornaldocarro.estadao.com.br\/?s={search_term_string}\"},\"query-input\":{\"@type\":\"PropertyValueSpecification\",\"valueRequired\":true,\"valueName\":\"search_term_string\"}}],\"inLanguage\":\"pt-BR\"}]}<\/script>\n<!-- \/ Yoast SEO plugin. -->","yoast_head_json":{"title":"SUVs compactos t\u00eam l\u00edder in\u00e9dito em 2018 - Jornal do Carro - Estad\u00e3o","description":"Pela primeira vez no ano, carro da Hyundai lidera segmento de SUVs compactos, deixando a briga para a lideran\u00e7a da categoria ainda mais embolada","robots":{"index":"noindex","follow":"follow"},"twitter_card":"summary_large_image","twitter_title":"SUVs compactos t\u00eam l\u00edder in\u00e9dito em 2018 - Jornal do Carro - Estad\u00e3o","twitter_description":"Pela primeira vez no ano, carro da Hyundai lidera segmento de SUVs compactos, deixando a briga para a lideran\u00e7a da categoria ainda mais embolada","twitter_image":"https:\/\/jornaldocarro.estadao.com.br\/wp-content\/uploads\/2018\/07\/363005062.jpg","twitter_misc":{"Est. tempo de leitura":"5 minutos"},"schema":{"@context":"https:\/\/schema.org","@graph":[{"@type":"WebPage","@id":"https:\/\/jornaldocarro.estadao.com.br\/primeira-classe\/suvs-compactos-lider-inedito\/","url":"https:\/\/jornaldocarro.estadao.com.br\/primeira-classe\/suvs-compactos-lider-inedito\/","name":"SUVs compactos t\u00eam l\u00edder in\u00e9dito em 2018 - Jornal do Carro - Estad\u00e3o","isPartOf":{"@id":"https:\/\/jornaldocarro.estadao.com.br\/#website"},"primaryImageOfPage":{"@id":"https:\/\/jornaldocarro.estadao.com.br\/primeira-classe\/suvs-compactos-lider-inedito\/#primaryimage"},"image":{"@id":"https:\/\/jornaldocarro.estadao.com.br\/primeira-classe\/suvs-compactos-lider-inedito\/#primaryimage"},"thumbnailUrl":"https:\/\/jornaldocarro.estadao.com.br\/wp-content\/uploads\/2018\/07\/363005062.jpg","datePublished":"2018-07-31T19:46:56+00:00","dateModified":"2018-07-31T23:02:04+00:00","description":"Pela primeira vez no ano, carro da Hyundai lidera segmento de SUVs compactos, deixando a briga para a lideran\u00e7a da categoria ainda mais embolada","breadcrumb":{"@id":"https:\/\/jornaldocarro.estadao.com.br\/primeira-classe\/suvs-compactos-lider-inedito\/#breadcrumb"},"inLanguage":"pt-BR","potentialAction":[{"@type":"ReadAction","target":["https:\/\/jornaldocarro.estadao.com.br\/primeira-classe\/suvs-compactos-lider-inedito\/"]}]},{"@type":"ImageObject","inLanguage":"pt-BR","@id":"https:\/\/jornaldocarro.estadao.com.br\/primeira-classe\/suvs-compactos-lider-inedito\/#primaryimage","url":"https:\/\/jornaldocarro.estadao.com.br\/wp-content\/uploads\/2018\/07\/363005062.jpg","contentUrl":"https:\/\/jornaldocarro.estadao.com.br\/wp-content\/uploads\/2018\/07\/363005062.jpg","width":3000,"height":2000,"caption":"Foto: Felipe Rau\/Estad\u00e3o"},{"@type":"BreadcrumbList","@id":"https:\/\/jornaldocarro.estadao.com.br\/primeira-classe\/suvs-compactos-lider-inedito\/#breadcrumb","itemListElement":[{"@type":"ListItem","position":1,"name":"In\u00edcio","item":"https:\/\/jornaldocarro.estadao.com.br\/"},{"@type":"ListItem","position":2,"name":"Primeira Classe","item":"https:\/\/jornaldocarro.estadao.com.br\/primeira-classe\/"},{"@type":"ListItem","position":3,"name":"SUVs compactos t\u00eam l\u00edder in\u00e9dito em 2018"}]},{"@type":"WebSite","@id":"https:\/\/jornaldocarro.estadao.com.br\/#website","url":"https:\/\/jornaldocarro.estadao.com.br\/","name":"Jornal do Carro - Estad\u00e3o","description":"O portal sobre carros, motos e tudo sobre o tema ve\u00edculos no Estad\u00e3o. Fique por dentro de lan\u00e7amentos e de hist\u00f3rias dos leitores e seus carros.","potentialAction":[{"@type":"SearchAction","target":{"@type":"EntryPoint","urlTemplate":"https:\/\/jornaldocarro.estadao.com.br\/?s={search_term_string}"},"query-input":{"@type":"PropertyValueSpecification","valueRequired":true,"valueName":"search_term_string"}}],"inLanguage":"pt-BR"}]}},"_links":{"self":[{"href":"https:\/\/jornaldocarro.estadao.com.br\/api\/wp\/v2\/blog_primeira_classe\/84693","targetHints":{"allow":["GET"]}}],"collection":[{"href":"https:\/\/jornaldocarro.estadao.com.br\/api\/wp\/v2\/blog_primeira_classe"}],"about":[{"href":"https:\/\/jornaldocarro.estadao.com.br\/api\/wp\/v2\/types\/blog_primeira_classe"}],"version-history":[{"count":14,"href":"https:\/\/jornaldocarro.estadao.com.br\/api\/wp\/v2\/blog_primeira_classe\/84693\/revisions"}],"predecessor-version":[{"id":84735,"href":"https:\/\/jornaldocarro.estadao.com.br\/api\/wp\/v2\/blog_primeira_classe\/84693\/revisions\/84735"}],"wp:featuredmedia":[{"embeddable":true,"href":"https:\/\/jornaldocarro.estadao.com.br\/api\/wp\/v2\/media\/84695"}],"wp:attachment":[{"href":"https:\/\/jornaldocarro.estadao.com.br\/api\/wp\/v2\/media?parent=84693"}],"curies":[{"name":"wp","href":"https:\/\/api.w.org\/{rel}","templated":true}]}}