{"id":84894,"date":"2018-08-04T12:52:41","date_gmt":"2018-08-04T15:52:41","guid":{"rendered":"https:\/\/jornaldocarro.estadao.com.br\/?post_type=blog_primeira_classe&#038;p=84894"},"modified":"2018-08-04T12:52:41","modified_gmt":"2018-08-04T15:52:41","slug":"suv-tracker-etios-mobi-renault-vendas","status":"publish","type":"blog_primeira_classe","link":"https:\/\/jornaldocarro.estadao.com.br\/primeira-classe\/suv-tracker-etios-mobi-renault-vendas\/","title":{"rendered":"Carros que est\u00e3o se dando muito mal"},"content":{"rendered":"<p>O mercado de carros foi bem em julho. O crescimento aproximado, na compara\u00e7\u00e3o com junho, foi de 7%. Ante o mesmo m\u00eas de 2017, houve avan\u00e7o de quase 17%. Ainda assim, houve alguns modelos que se deram mal: ou perderam posi\u00e7\u00f5es no ranking, ou venderam bem menos que no m\u00eas anterior. Nesse grupo, est\u00e3o o SUV Tracker, da Chevrolet, a dupla Sandero e Logan, a linha Etios e o Fiat Mobi.<\/p><p><strong>CONHE\u00c7A MEU PERFIL NO INSTAGRAM<\/strong><\/p><blockquote class=\"instagram-media\" style=\"background: #FFF; border: 0; border-radius: 3px; box-shadow: 0 0 1px 0 rgba(0,0,0,0.5),0 1px 10px 0 rgba(0,0,0,0.15); margin: 1px; max-width: 540px; min-width: 326px; padding: 0; width: calc(100% - 2px);\" data-instgrm-captioned=\"\" data-instgrm-permalink=\"https:\/\/www.instagram.com\/p\/BmByGe5lIbc\/?utm_source=ig_embed\" data-instgrm-version=\"9\">\n<div style=\"padding: 8px;\">\n<div style=\"background: #F8F8F8; line-height: 0; margin-top: 40px; padding: 47.175925925925924% 0; text-align: center; width: 100%;\">\n<div style=\"background: url(data:image\/png; base64,ivborw0kggoaaaansuheugaaacwaaaascamaaaapwqozaaaabgdbtueaalgpc\/xhbqaaaafzukdcak7ohokaaaamuexurczmzpf399fx1+bm5mzy9amaaadisurbvdjlvzxbesmgces5\/p8\/t9furvcrmu73jwlzosgsiizurcjo\/ad+eqjjb4hv8bft+idpqocx1wjosbfhh2xssxeiyn3uli\/6mnree07uiwjev8ueowds88ly97kqytlijkktuybbruayvh5wohixmpi5we58ek028czwyuqdlkpg1bkb4nnm+veanfhqn1k4+gpt6ugqcvu2h2ovuif\/gwufyy8owepdyzsa3avcqpvovvzzz2vtnn2wu8qzvjddeto90gsy9mvlqtgysy231mxry6i2ggqjrty0l8fxcxfcbbhwrsyyaaaaaelftksuqmcc); display: block; height: 44px; margin: 0 auto -44px; position: relative; top: -22px; width: 44px;\"><\/div>\n<\/div>\n<p style=\"margin: 8px 0 0 0; padding: 0 4px;\"><a style=\"color: #000; font-family: Arial,sans-serif; font-size: 14px; font-style: normal; font-weight: normal; line-height: 17px; text-decoration: none; word-wrap: break-word;\" href=\"https:\/\/www.instagram.com\/p\/BmByGe5lIbc\/?utm_source=ig_embed\" target=\"_blank\" rel=\"noopener nofollow\">Para quem ainda \u00e9 f\u00e3 de carros baixos, com pegada levemente esportiva na dirigibilidade e acelera\u00e7\u00e3o, o BMW S\u00e9rie 5 \u00e9 um sonho. Esta vers\u00e3o \u00e9 a de topo, 540i, com motor de 340 cv. #bmw #car #carro #instacar #instadaily #lifestyle #luxo #luxury #automotive #drive #job #fun<\/a><\/p>\n<p style=\"color: #c9c8cd; font-family: Arial,sans-serif; font-size: 14px; line-height: 17px; margin-bottom: 0; margin-top: 8px; overflow: hidden; padding: 8px 0 7px; text-align: center; text-overflow: ellipsis; white-space: nowrap;\">Uma publica\u00e7\u00e3o compartilhada por <a style=\"color: #c9c8cd; font-family: Arial,sans-serif; font-size: 14px; font-style: normal; font-weight: normal; line-height: 17px;\" href=\"https:\/\/www.instagram.com\/rafaelatborges\/?utm_source=ig_embed\" target=\"_blank\" rel=\"noopener nofollow\"> Rafaela Borges<\/a> (@rafaelatborges) em <time style=\"font-family: Arial,sans-serif; font-size: 14px; line-height: 17px;\" datetime=\"2018-08-03T19:06:15+00:00\">3 de Ago, 2018 \u00e0s 12:06 PDT<\/time><\/p>\n<\/div>\n<\/blockquote><p><script async defer src=\"\/\/www.instagram.com\/embed.js\"><\/script><\/p>\n  <div style=\"width: 100%;\" id=\"render-hmeio-1\"><\/div>\n    <script type=\"text\/javascript\">\n      if(window.innerWidth > 1){\n        $(\"#render-hmeio-1\").append(`\n          <div class=\"area-publicidade-rectangular hmeio\">\n            <p>Publicidade\n            <div class=\"area-publicidade\">\n              <div id=\"hmeio1\">\n            \n          \n        `);\n\n        \n    window.jornaldocarro = window.jornaldocarro || {};\n    window.jornaldocarro.slotsAds = window.jornaldocarro.slotsAds || [];\n    window.jornaldocarro.slotsAds.push(\"hmeio1\");\n  \n      }\n    <\/script>\n  <br><p>Do grupo dos modelos que perderam posi\u00e7\u00f5es no ranking, os destaques s\u00e3o o SUV Tracker e o Fiat Mobi. Vamos come\u00e7ar pelo utilit\u00e1rio-esportivo.<\/p><p>\u00a0<\/p><p><strong>VEJA TAMB\u00c9M: OS CARROS MAIS VENDIDOS EM JULHO DE 2018<\/strong><\/p>\n  <div style=\"width: 100%;\" id=\"render-hmeio-2\"><\/div>\n    <script type=\"text\/javascript\">\n      if(window.innerWidth > 1){\n        $(\"#render-hmeio-2\").append(`\n          <div class=\"area-publicidade-rectangular hmeio\">\n            <p>Publicidade\n            <div class=\"area-publicidade\">\n              <div id=\"hmeio2\">\n            \n          \n        `);\n\n        \n    window.jornaldocarro = window.jornaldocarro || {};\n    window.jornaldocarro.slotsAds = window.jornaldocarro.slotsAds || [];\n    window.jornaldocarro.slotsAds.push(\"hmeio2\");\n  \n      }\n    <\/script>\n  <br>\n\n<div class=\"clearfix\"><\/div>\n<div data-gallery-id=\"37702\" class=\"jc-img-gallery-wrapper mt-3 mb-2\">\n  <div class=\"jc-img-gallery\" id=\"jc-img-gallery-37702\" data-gallery-title=\"Carros que est\u00e3o se dando muito mal\">\n      <\/div>\n\n<\/div>\n<div class=\"clearfix\"><\/div>\n\n<p>\u00a0<\/p><h3>Queda do SUV Tracker no ranking<\/h3><p>Diferentemente do Mobi, o SUV Tracker n\u00e3o perdeu vendas. Pelo contr\u00e1rio. Em julho, somou 2.430 unidades vendidas, ante as 2.014 de junho.<\/p><p>O problema, para o SUV Tracker, atende pelo nome de Renault. Apesar do crescimento de mais de 20% (bem acima do mercado) do Chevrolet, ele foi ultrapassado pela dupla Duster e Captur.<\/p>\n  <div style=\"width: 100%;\" id=\"render-hmeio-3\"><\/div>\n    <script type=\"text\/javascript\">\n      if(window.innerWidth > 1){\n        $(\"#render-hmeio-3\").append(`\n          <div class=\"area-publicidade-rectangular hmeio\">\n            <p>Publicidade\n            <div class=\"area-publicidade\">\n              <div id=\"hmeio3\">\n            \n          \n        `);\n\n        \n    window.jornaldocarro = window.jornaldocarro || {};\n    window.jornaldocarro.slotsAds = window.jornaldocarro.slotsAds || [];\n    window.jornaldocarro.slotsAds.push(\"hmeio3\");\n  \n      }\n    <\/script>\n  <br><p><strong>LEIA TAMB\u00c9M<\/strong><\/p><ul>\n<li><a href=\"https:\/\/jornaldocarro.estadao.com.br\/primeira-classe\/suvs-compactos-lider-inedito\/\" target=\"_blank\" rel=\"noopener nofollow\"><em>SUVs compactos t\u00eam l\u00edder in\u00e9dito em 2018<\/em><\/a><\/li>\n<li><a href=\"https:\/\/jornaldocarro.estadao.com.br\/primeira-classe\/novo-toyota-yaris-derrubou-irmaos\/\" target=\"_blank\" rel=\"noopener nofollow\"><em>O carro compacto que derrubou os irm\u00e3os<\/em><\/a><\/li>\n<\/ul><p>Desde o in\u00edcio do m\u00eas, o Captur j\u00e1 vinha \u00e0 frente do SUV Tracker. Nos \u00faltimos dias de julho, o Duster tamb\u00e9m teve acelera\u00e7\u00e3o nos emplacamentos e conseguiu se dar bem.<\/p><p>No in\u00edcio deste ano, o SUV Tracker chegou a brigar com o EcoSport pelo quinto lugar do ranking de SUVs compactos. Depois, ficou para tr\u00e1s, mas sem ser amea\u00e7ado pelos Renault.<\/p>\n  <div style=\"width: 100%;\" id=\"render-hmeio-4\"><\/div>\n    <script type=\"text\/javascript\">\n      if(window.innerWidth > 1){\n        $(\"#render-hmeio-4\").append(`\n          <div class=\"area-publicidade-rectangular hmeio\">\n            <p>Publicidade\n            <div class=\"area-publicidade\">\n              <div id=\"hmeio4\">\n            \n          \n        `);\n\n        \n    window.jornaldocarro = window.jornaldocarro || {};\n    window.jornaldocarro.slotsAds = window.jornaldocarro.slotsAds || [];\n    window.jornaldocarro.slotsAds.push(\"hmeio4\");\n  \n      }\n    <\/script>\n  <br><p>A amea\u00e7a veio pela primeira vez em junho, quando o SUV Tracker teve empate t\u00e9cnico com Duster e Captur.<\/p><p>Agora, o Chevrolet ficou para tr\u00e1s. Em julho, o Captur somou 2.616 emplacamentos e o Duster, 2.534.<\/p><p>Com isso, o SUV Tracker caiu da sexta posi\u00e7\u00e3o do ranking de SUVs compactos para a oitava.<\/p>\n  <div style=\"width: 100%;\" id=\"render-hmeio-5\"><\/div>\n    <script type=\"text\/javascript\">\n      if(window.innerWidth > 1){\n        $(\"#render-hmeio-5\").append(`\n          <div class=\"area-publicidade-rectangular hmeio\">\n            <p>Publicidade\n            <div class=\"area-publicidade\">\n              <div id=\"hmeio5\">\n            \n          \n        `);\n\n        \n    window.jornaldocarro = window.jornaldocarro || {};\n    window.jornaldocarro.slotsAds = window.jornaldocarro.slotsAds || [];\n    window.jornaldocarro.slotsAds.push(\"hmeio5\");\n  \n      }\n    <\/script>\n  <br><p>A Chevrolet, por\u00e9m, n\u00e3o precisava perder o sono. Ainda. Os dois carros da Renault foram t\u00e3o bem porque tiveram explos\u00e3o de vendas diretas em julho.<\/p><p>O Duster, um dos SUVs mais comuns nas frotas de locadoras, teve 83,6% de suas vendas proveniente do atacado. Para o Captur, o n\u00famero foi 67,9%.<\/p><p>No caso do SUV Tracker, o varejo domina suas vendas. Apenas 15% dos emplacamentos foram provenientes, em julho, de neg\u00f3cios fechados no atacado.<\/p>\n  <div style=\"width: 100%;\" id=\"render-hmeio-6\"><\/div>\n    <script type=\"text\/javascript\">\n      if(window.innerWidth > 1){\n        $(\"#render-hmeio-6\").append(`\n          <div class=\"area-publicidade-rectangular hmeio\">\n            <p>Publicidade\n            <div class=\"area-publicidade\">\n              <div id=\"hmeio6\">\n            \n          \n        `);\n\n        \n    window.jornaldocarro = window.jornaldocarro || {};\n    window.jornaldocarro.slotsAds = window.jornaldocarro.slotsAds || [];\n    window.jornaldocarro.slotsAds.push(\"hmeio6\");\n  \n      }\n    <\/script>\n  <br><p>Por outro lado, o Renegade vem conseguindo se sustentar, no decorrer deste ano, com vendas diretas. Tanto que j\u00e1 est\u00e1 na vice-lideran\u00e7a do segmento de SUVs compactos. Ser\u00e1 que a Renault vai conseguir a mesma fa\u00e7anha com Duster e Captur, para tirar o sono do SUV Tracker?<\/p><h3>Outros casos<\/h3><p>O Mobi, que foi o 12\u00ba carro mais vendido em junho, caiu para a 18\u00ba posi\u00e7\u00e3o em junho. Al\u00e9m disso, registrou queda brutal no n\u00famero de emplacamentos: 21,2%.<\/p><p>Queda maior teve o Etios, com 38,4% para o hatch e 31,9% para o sed\u00e3. O primeiro registrou 1.790 emplacamentos e o tr\u00eas-volumes, 1.259.<\/p>\n  <div style=\"width: 100%;\" id=\"render-hmeio-7\"><\/div>\n    <script type=\"text\/javascript\">\n      if(window.innerWidth > 1){\n        $(\"#render-hmeio-7\").append(`\n          <div class=\"area-publicidade-rectangular hmeio\">\n            <p>Publicidade\n            <div class=\"area-publicidade\">\n              <div id=\"hmeio7\">\n            \n          \n        `);\n\n        renderPubNow('hmeio', 7)\n      }\n    <\/script>\n  <br><p>A raz\u00e3o foi a simplifica\u00e7\u00e3o das linhas, que perderamu as vers\u00f5es de topo por causa da chegada do Yaris. O colega Diego Ortiz analisou esse movimento em seu blog Onboard (<a href=\"https:\/\/jornaldocarro.estadao.com.br\/onboard\/feio-apanhou-bonito-julho\/\" target=\"_blank\" rel=\"noopener nofollow\"><strong>confira aqui<\/strong><\/a>).<\/p><p>Do Sandero, que vendeu 4.251 exemplares em julho, a queda foi de 30,7%. O Logan caiu 19,3% (2.014 unidades vendidas).<\/p><p>Os dois modelos da Renault, especialmente o Sandero, est\u00e3o vivendo altos e baixos neste ano. Em um m\u00eas, explodem em vendas, por causa de fortes a\u00e7\u00f5es da marca no atacado. No outro, despencam. Falta p\u00fablico cativo no varejo para os compactos.<\/p>\n  <div style=\"width: 100%;\" id=\"render-hmeio-8\"><\/div>\n    <script type=\"text\/javascript\">\n      if(window.innerWidth > 1){\n        $(\"#render-hmeio-8\").append(`\n          <div class=\"area-publicidade-rectangular hmeio\">\n            <p>Publicidade\n            <div class=\"area-publicidade\">\n              <div id=\"hmeio8\">\n            \n          \n        `);\n\n        renderPubNow('hmeio', 8)\n      }\n    <\/script>\n  <br><p>Outros modelos tiveram quedas bem leves. Entre eles est\u00e3o o Virtus, o Ka+, o March e o WR-V.<\/p><p>No segmento de luxo, <a href=\"https:\/\/jornaldocarro.estadao.com.br\/primeira-classe\/marca-volvo-rivais-inveja\/\" target=\"_blank\" rel=\"noopener nofollow\"><strong>a grande baixa foi a registrada pelo Discovery<\/strong><\/a>. O Land Rover somou 277 emplacamentos em julho, 31,9% a menos que em junho.<\/p>","protected":false},"excerpt":{"rendered":"<p>Mesmo com o mercado em alta, eles perderam vendas ou espa\u00e7o<\/p>\n","protected":false},"featured_media":84924,"template":"","class_list":["post-84894","blog_primeira_classe","type-blog_primeira_classe","status-publish","has-post-thumbnail","hentry","tags_primeira_classe-etios","tags_primeira_classe-logan","tags_primeira_classe-mobi","tags_primeira_classe-ranking","tags_primeira_classe-sandero","tags_primeira_classe-suv-tracker","tags_primeira_classe-vendas"],"yoast_head":"<!-- This site is optimized with the Yoast SEO plugin v23.5 - https:\/\/yoast.com\/wordpress\/plugins\/seo\/ -->\n<title>Carros que est\u00e3o se dando muito mal - Jornal do Carro - Estad\u00e3o<\/title>\n<meta name=\"description\" content=\"Mesmo com a alta do mercado, alguns modelos se deram mal em julho, com quedas no ranking ou em vendas. Nesse grupo, um dos destaques \u00e9 o SUV Tracker, da Chevrolet\" \/>\n<meta name=\"robots\" content=\"noindex, follow\" \/>\n<meta name=\"twitter:card\" content=\"summary_large_image\" \/>\n<meta name=\"twitter:title\" content=\"Carros que est\u00e3o se dando muito mal - Jornal do Carro - Estad\u00e3o\" \/>\n<meta name=\"twitter:description\" content=\"Mesmo com a alta do mercado, alguns modelos se deram mal em julho, com quedas no ranking ou em vendas. Nesse grupo, um dos destaques \u00e9 o SUV Tracker, da Chevrolet\" \/>\n<meta name=\"twitter:image\" content=\"https:\/\/jornaldocarro.estadao.com.br\/wp-content\/uploads\/2018\/08\/39264242.jpg\" \/>\n<meta name=\"twitter:label1\" content=\"Est. tempo de leitura\" \/>\n\t<meta name=\"twitter:data1\" content=\"3 minutos\" \/>\n<script type=\"application\/ld+json\" class=\"yoast-schema-graph\">{\"@context\":\"https:\/\/schema.org\",\"@graph\":[{\"@type\":\"WebPage\",\"@id\":\"https:\/\/jornaldocarro.estadao.com.br\/primeira-classe\/suv-tracker-etios-mobi-renault-vendas\/\",\"url\":\"https:\/\/jornaldocarro.estadao.com.br\/primeira-classe\/suv-tracker-etios-mobi-renault-vendas\/\",\"name\":\"Carros que est\u00e3o se dando muito mal - Jornal do Carro - Estad\u00e3o\",\"isPartOf\":{\"@id\":\"https:\/\/jornaldocarro.estadao.com.br\/#website\"},\"primaryImageOfPage\":{\"@id\":\"https:\/\/jornaldocarro.estadao.com.br\/primeira-classe\/suv-tracker-etios-mobi-renault-vendas\/#primaryimage\"},\"image\":{\"@id\":\"https:\/\/jornaldocarro.estadao.com.br\/primeira-classe\/suv-tracker-etios-mobi-renault-vendas\/#primaryimage\"},\"thumbnailUrl\":\"https:\/\/jornaldocarro.estadao.com.br\/wp-content\/uploads\/2018\/08\/39264242.jpg\",\"datePublished\":\"2018-08-04T15:52:41+00:00\",\"dateModified\":\"2018-08-04T15:52:41+00:00\",\"description\":\"Mesmo com a alta do mercado, alguns modelos se deram mal em julho, com quedas no ranking ou em vendas. Nesse grupo, um dos destaques \u00e9 o SUV Tracker, da Chevrolet\",\"breadcrumb\":{\"@id\":\"https:\/\/jornaldocarro.estadao.com.br\/primeira-classe\/suv-tracker-etios-mobi-renault-vendas\/#breadcrumb\"},\"inLanguage\":\"pt-BR\",\"potentialAction\":[{\"@type\":\"ReadAction\",\"target\":[\"https:\/\/jornaldocarro.estadao.com.br\/primeira-classe\/suv-tracker-etios-mobi-renault-vendas\/\"]}]},{\"@type\":\"ImageObject\",\"inLanguage\":\"pt-BR\",\"@id\":\"https:\/\/jornaldocarro.estadao.com.br\/primeira-classe\/suv-tracker-etios-mobi-renault-vendas\/#primaryimage\",\"url\":\"https:\/\/jornaldocarro.estadao.com.br\/wp-content\/uploads\/2018\/08\/39264242.jpg\",\"contentUrl\":\"https:\/\/jornaldocarro.estadao.com.br\/wp-content\/uploads\/2018\/08\/39264242.jpg\",\"width\":3872,\"height\":2581,\"caption\":\"Tracker foi ultrapassado por Captur e Duster (Foto: Gabriela Bil\u00f3\/Estad\u00e3o)\"},{\"@type\":\"BreadcrumbList\",\"@id\":\"https:\/\/jornaldocarro.estadao.com.br\/primeira-classe\/suv-tracker-etios-mobi-renault-vendas\/#breadcrumb\",\"itemListElement\":[{\"@type\":\"ListItem\",\"position\":1,\"name\":\"In\u00edcio\",\"item\":\"https:\/\/jornaldocarro.estadao.com.br\/\"},{\"@type\":\"ListItem\",\"position\":2,\"name\":\"Primeira Classe\",\"item\":\"https:\/\/jornaldocarro.estadao.com.br\/primeira-classe\/\"},{\"@type\":\"ListItem\",\"position\":3,\"name\":\"Carros que est\u00e3o se dando muito mal\"}]},{\"@type\":\"WebSite\",\"@id\":\"https:\/\/jornaldocarro.estadao.com.br\/#website\",\"url\":\"https:\/\/jornaldocarro.estadao.com.br\/\",\"name\":\"Jornal do Carro - Estad\u00e3o\",\"description\":\"O portal sobre carros, motos e tudo sobre o tema ve\u00edculos no Estad\u00e3o. Fique por dentro de lan\u00e7amentos e de hist\u00f3rias dos leitores e seus carros.\",\"potentialAction\":[{\"@type\":\"SearchAction\",\"target\":{\"@type\":\"EntryPoint\",\"urlTemplate\":\"https:\/\/jornaldocarro.estadao.com.br\/?s={search_term_string}\"},\"query-input\":{\"@type\":\"PropertyValueSpecification\",\"valueRequired\":true,\"valueName\":\"search_term_string\"}}],\"inLanguage\":\"pt-BR\"}]}<\/script>\n<!-- \/ Yoast SEO plugin. -->","yoast_head_json":{"title":"Carros que est\u00e3o se dando muito mal - Jornal do Carro - Estad\u00e3o","description":"Mesmo com a alta do mercado, alguns modelos se deram mal em julho, com quedas no ranking ou em vendas. Nesse grupo, um dos destaques \u00e9 o SUV Tracker, da Chevrolet","robots":{"index":"noindex","follow":"follow"},"twitter_card":"summary_large_image","twitter_title":"Carros que est\u00e3o se dando muito mal - Jornal do Carro - Estad\u00e3o","twitter_description":"Mesmo com a alta do mercado, alguns modelos se deram mal em julho, com quedas no ranking ou em vendas. Nesse grupo, um dos destaques \u00e9 o SUV Tracker, da Chevrolet","twitter_image":"https:\/\/jornaldocarro.estadao.com.br\/wp-content\/uploads\/2018\/08\/39264242.jpg","twitter_misc":{"Est. tempo de leitura":"3 minutos"},"schema":{"@context":"https:\/\/schema.org","@graph":[{"@type":"WebPage","@id":"https:\/\/jornaldocarro.estadao.com.br\/primeira-classe\/suv-tracker-etios-mobi-renault-vendas\/","url":"https:\/\/jornaldocarro.estadao.com.br\/primeira-classe\/suv-tracker-etios-mobi-renault-vendas\/","name":"Carros que est\u00e3o se dando muito mal - Jornal do Carro - Estad\u00e3o","isPartOf":{"@id":"https:\/\/jornaldocarro.estadao.com.br\/#website"},"primaryImageOfPage":{"@id":"https:\/\/jornaldocarro.estadao.com.br\/primeira-classe\/suv-tracker-etios-mobi-renault-vendas\/#primaryimage"},"image":{"@id":"https:\/\/jornaldocarro.estadao.com.br\/primeira-classe\/suv-tracker-etios-mobi-renault-vendas\/#primaryimage"},"thumbnailUrl":"https:\/\/jornaldocarro.estadao.com.br\/wp-content\/uploads\/2018\/08\/39264242.jpg","datePublished":"2018-08-04T15:52:41+00:00","dateModified":"2018-08-04T15:52:41+00:00","description":"Mesmo com a alta do mercado, alguns modelos se deram mal em julho, com quedas no ranking ou em vendas. Nesse grupo, um dos destaques \u00e9 o SUV Tracker, da Chevrolet","breadcrumb":{"@id":"https:\/\/jornaldocarro.estadao.com.br\/primeira-classe\/suv-tracker-etios-mobi-renault-vendas\/#breadcrumb"},"inLanguage":"pt-BR","potentialAction":[{"@type":"ReadAction","target":["https:\/\/jornaldocarro.estadao.com.br\/primeira-classe\/suv-tracker-etios-mobi-renault-vendas\/"]}]},{"@type":"ImageObject","inLanguage":"pt-BR","@id":"https:\/\/jornaldocarro.estadao.com.br\/primeira-classe\/suv-tracker-etios-mobi-renault-vendas\/#primaryimage","url":"https:\/\/jornaldocarro.estadao.com.br\/wp-content\/uploads\/2018\/08\/39264242.jpg","contentUrl":"https:\/\/jornaldocarro.estadao.com.br\/wp-content\/uploads\/2018\/08\/39264242.jpg","width":3872,"height":2581,"caption":"Tracker foi ultrapassado por Captur e Duster (Foto: Gabriela Bil\u00f3\/Estad\u00e3o)"},{"@type":"BreadcrumbList","@id":"https:\/\/jornaldocarro.estadao.com.br\/primeira-classe\/suv-tracker-etios-mobi-renault-vendas\/#breadcrumb","itemListElement":[{"@type":"ListItem","position":1,"name":"In\u00edcio","item":"https:\/\/jornaldocarro.estadao.com.br\/"},{"@type":"ListItem","position":2,"name":"Primeira Classe","item":"https:\/\/jornaldocarro.estadao.com.br\/primeira-classe\/"},{"@type":"ListItem","position":3,"name":"Carros que est\u00e3o se dando muito mal"}]},{"@type":"WebSite","@id":"https:\/\/jornaldocarro.estadao.com.br\/#website","url":"https:\/\/jornaldocarro.estadao.com.br\/","name":"Jornal do Carro - Estad\u00e3o","description":"O portal sobre carros, motos e tudo sobre o tema ve\u00edculos no Estad\u00e3o. Fique por dentro de lan\u00e7amentos e de hist\u00f3rias dos leitores e seus carros.","potentialAction":[{"@type":"SearchAction","target":{"@type":"EntryPoint","urlTemplate":"https:\/\/jornaldocarro.estadao.com.br\/?s={search_term_string}"},"query-input":{"@type":"PropertyValueSpecification","valueRequired":true,"valueName":"search_term_string"}}],"inLanguage":"pt-BR"}]}},"_links":{"self":[{"href":"https:\/\/jornaldocarro.estadao.com.br\/api\/wp\/v2\/blog_primeira_classe\/84894","targetHints":{"allow":["GET"]}}],"collection":[{"href":"https:\/\/jornaldocarro.estadao.com.br\/api\/wp\/v2\/blog_primeira_classe"}],"about":[{"href":"https:\/\/jornaldocarro.estadao.com.br\/api\/wp\/v2\/types\/blog_primeira_classe"}],"version-history":[{"count":17,"href":"https:\/\/jornaldocarro.estadao.com.br\/api\/wp\/v2\/blog_primeira_classe\/84894\/revisions"}],"predecessor-version":[{"id":84930,"href":"https:\/\/jornaldocarro.estadao.com.br\/api\/wp\/v2\/blog_primeira_classe\/84894\/revisions\/84930"}],"wp:featuredmedia":[{"embeddable":true,"href":"https:\/\/jornaldocarro.estadao.com.br\/api\/wp\/v2\/media\/84924"}],"wp:attachment":[{"href":"https:\/\/jornaldocarro.estadao.com.br\/api\/wp\/v2\/media?parent=84894"}],"curies":[{"name":"wp","href":"https:\/\/api.w.org\/{rel}","templated":true}]}}