{"id":88911,"date":"2018-09-25T15:00:56","date_gmt":"2018-09-25T18:00:56","guid":{"rendered":"https:\/\/jornaldocarro.estadao.com.br\/?post_type=blog_primeira_classe&#038;p=88911"},"modified":"2018-09-25T15:29:53","modified_gmt":"2018-09-25T18:29:53","slug":"carros-novos-que-parecem-velhos","status":"publish","type":"blog_primeira_classe","link":"https:\/\/jornaldocarro.estadao.com.br\/primeira-classe\/carros-novos-que-parecem-velhos\/","title":{"rendered":"Carros novos que parecem velhos"},"content":{"rendered":"<p>No mundo, a ind\u00fastria est\u00e1 mudando rapidamente. Esse fen\u00f4meno faz com que carros novos, ao chegarem \u00e0s lojas, fa\u00e7am rivais lan\u00e7ados um ano antes parecerem velhos.<\/p><p><strong>LEIA TAMB\u00c9M<\/strong><\/p><ul>\n<li><a href=\"https:\/\/jornaldocarro.estadao.com.br\/primeira-classe\/marca-honda-perde-chance-acertar\/\" target=\"_blank\" rel=\"noopener nofollow\"><em>Honda perde a chance de acertar<\/em><\/a><\/li>\n<li><a href=\"https:\/\/jornaldocarro.estadao.com.br\/primeira-classe\/hatch-hb20-ficando-para-tras\/\" target=\"_blank\" rel=\"noopener nofollow\"><em>O hatch compacto que est\u00e1 ficando para tr\u00e1s<\/em><\/a><\/li>\n<\/ul><p>Por\u00e9m, de vez em quando ocorre o contr\u00e1rio. Principalmente no Brasil. H\u00e1 alguns carros novos que, lan\u00e7ados, j\u00e1 chegam parecendo velhos.<\/p>\n  <div style=\"width: 100%;\" id=\"render-hmeio-1\"><\/div>\n    <script type=\"text\/javascript\">\n      if(window.innerWidth > 1){\n        $(\"#render-hmeio-1\").append(`\n          <div class=\"area-publicidade-rectangular hmeio\">\n            <p>Publicidade\n            <div class=\"area-publicidade\">\n              <div id=\"hmeio1\">\n            \n          \n        `);\n\n        \n    window.jornaldocarro = window.jornaldocarro || {};\n    window.jornaldocarro.slotsAds = window.jornaldocarro.slotsAds || [];\n    window.jornaldocarro.slotsAds.push(\"hmeio1\");\n  \n      }\n    <\/script>\n  <br><p><strong>CONHE\u00c7A MEU PERFIL NO INSTAGRAM<\/strong><\/p><blockquote class=\"instagram-media\" style=\"background: #FFF; border: 0; border-radius: 3px; box-shadow: 0 0 1px 0 rgba(0,0,0,0.5),0 1px 10px 0 rgba(0,0,0,0.15); margin: 1px; max-width: 540px; min-width: 326px; padding: 0; width: calc(100% - 2px);\" data-instgrm-captioned=\"\" data-instgrm-permalink=\"https:\/\/www.instagram.com\/p\/BoEbg3RnUQo\/?utm_source=ig_embed&amp;utm_medium=loading\" data-instgrm-version=\"12\">\n<div style=\"padding: 16px;\">\n<p>\u00a0<\/p>\n<div style=\"display: flex; flex-direction: row; align-items: center;\">\n<div style=\"background-color: #f4f4f4; border-radius: 50%; flex-grow: 0; height: 40px; margin-right: 14px; width: 40px;\"><\/div>\n<div style=\"display: flex; flex-direction: column; flex-grow: 1; justify-content: center;\">\n<div style=\"background-color: #f4f4f4; border-radius: 4px; flex-grow: 0; height: 14px; margin-bottom: 6px; width: 100px;\"><\/div>\n<div style=\"background-color: #f4f4f4; border-radius: 4px; flex-grow: 0; height: 14px; width: 60px;\"><\/div>\n<\/div>\n<\/div>\n<div style=\"padding: 19% 0;\"><\/div>\n<div style=\"display: block; height: 50px; margin: 0 auto 12px; width: 50px;\"><\/div>\n<div style=\"padding-top: 8px;\">\n<div style=\"color: #3897f0; font-family: Arial,sans-serif; font-size: 14px; font-style: normal; font-weight: 550; line-height: 18px;\">Visualizar esta foto no Instagram.<\/div>\n<\/div>\n<div style=\"padding: 12.5% 0;\"><\/div>\n<div style=\"display: flex; flex-direction: row; margin-bottom: 14px; align-items: center;\">\n<div>\n<div style=\"background-color: #f4f4f4; border-radius: 50%; height: 12.5px; width: 12.5px; transform: translateX(0px) translateY(7px);\"><\/div>\n<div style=\"background-color: #f4f4f4; height: 12.5px; transform: rotate(-45deg) translateX(3px) translateY(1px); width: 12.5px; flex-grow: 0; margin-right: 14px; margin-left: 2px;\"><\/div>\n<div style=\"background-color: #f4f4f4; border-radius: 50%; height: 12.5px; width: 12.5px; transform: translateX(9px) translateY(-18px);\"><\/div>\n<\/div>\n<div style=\"margin-left: 8px;\">\n<div style=\"background-color: #f4f4f4; border-radius: 50%; flex-grow: 0; height: 20px; width: 20px;\"><\/div>\n<div style=\"width: 0; height: 0; border-top: 2px solid transparent; border-left: 6px solid #f4f4f4; border-bottom: 2px solid transparent; transform: translateX(16px) translateY(-4px) rotate(30deg);\"><\/div>\n<\/div>\n<div style=\"margin-left: auto;\">\n<div style=\"width: 0px; border-top: 8px solid #F4F4F4; border-right: 8px solid transparent; transform: translateY(16px);\"><\/div>\n<div style=\"background-color: #f4f4f4; flex-grow: 0; height: 12px; width: 16px; transform: translateY(-4px);\"><\/div>\n<div style=\"width: 0; height: 0; border-top: 8px solid #F4F4F4; border-left: 8px solid transparent; transform: translateY(-4px) translateX(8px);\"><\/div>\n<\/div>\n<\/div>\n<p>\u00a0<\/p>\n<p style=\"margin: 8px 0 0 0; padding: 0 4px;\"><a style=\"color: #000; font-family: Arial,sans-serif; font-size: 14px; font-style: normal; font-weight: normal; line-height: 17px; text-decoration: none; word-wrap: break-word;\" href=\"https:\/\/www.instagram.com\/p\/BoEbg3RnUQo\/?utm_source=ig_embed&amp;utm_medium=loading\" target=\"_blank\" rel=\"noopener nofollow\">Quando o assunto \u00e9 carro, a Place Vendome, em Paris, n\u00e3o fica muito atr\u00e1s do cassino de Monte Carlo. Passar por l\u00e1 \u00e9 ter a certeza de ver de perto alguns ve\u00edculos incr\u00edveis. Em primeiro plano, Bugatti Chiron. Atr\u00e1s, Range Rover bicolor. ? @mateo.r.photography #bugatti #chiron #landrover #rangerover #suv #supercar #car #carro #paris #ritz #placevendome #luxo #luxury #estilo #trip #france #instacar #instadaily<\/a><\/p>\n<p style=\"color: #c9c8cd; font-family: Arial,sans-serif; font-size: 14px; line-height: 17px; margin-bottom: 0; margin-top: 8px; overflow: hidden; padding: 8px 0 7px; text-align: center; text-overflow: ellipsis; white-space: nowrap;\">Uma publica\u00e7\u00e3o compartilhada por <a style=\"color: #c9c8cd; font-family: Arial,sans-serif; font-size: 14px; font-style: normal; font-weight: normal; line-height: 17px;\" href=\"https:\/\/www.instagram.com\/rafaelatborges\/?utm_source=ig_embed&amp;utm_medium=loading\" target=\"_blank\" rel=\"noopener nofollow\"> Rafaela Borges<\/a> (@rafaelatborges) em <time style=\"font-family: Arial,sans-serif; font-size: 14px; line-height: 17px;\" datetime=\"2018-09-23T12:49:23+00:00\">23 de Set, 2018 \u00e0s 5:49 PDT<\/time><\/p>\n<\/div>\n<\/blockquote><p><script async defer src=\"\/\/www.instagram.com\/embed.js\"><\/script><\/p><p>\u00a0<\/p>\n  <div style=\"width: 100%;\" id=\"render-hmeio-2\"><\/div>\n    <script type=\"text\/javascript\">\n      if(window.innerWidth > 1){\n        $(\"#render-hmeio-2\").append(`\n          <div class=\"area-publicidade-rectangular hmeio\">\n            <p>Publicidade\n            <div class=\"area-publicidade\">\n              <div id=\"hmeio2\">\n            \n          \n        `);\n\n        \n    window.jornaldocarro = window.jornaldocarro || {};\n    window.jornaldocarro.slotsAds = window.jornaldocarro.slotsAds || [];\n    window.jornaldocarro.slotsAds.push(\"hmeio2\");\n  \n      }\n    <\/script>\n  <br><p>Isso ocorre por diversos fatores. Um visual externo mal sucedido, ou conservador demais, pode fazer o lan\u00e7amento parecer velho. Mas acredito a cabine e o conte\u00fado de tecnologia (no caso, a falta dele) s\u00e3o os fatores que mais \u201cenvelhecem\u201d um carro rec\u00e9m-lan\u00e7ado.<\/p><p>Nos \u00faltimos anos, eu consigo me lembrar de tr\u00eas exemplos de carros novos que parecem velhos. H\u00e1 um SUV, um subcompacto e um que tem vers\u00f5es hatch e sed\u00e3.<\/p><p>Para chegar a essa lista, n\u00e3o considerei reestiliza\u00e7\u00f5es e novas reestiliza\u00e7\u00f5es. H\u00e1 apenas modelos realmente novos.<\/p>\n  <div style=\"width: 100%;\" id=\"render-hmeio-3\"><\/div>\n    <script type=\"text\/javascript\">\n      if(window.innerWidth > 1){\n        $(\"#render-hmeio-3\").append(`\n          <div class=\"area-publicidade-rectangular hmeio\">\n            <p>Publicidade\n            <div class=\"area-publicidade\">\n              <div id=\"hmeio3\">\n            \n          \n        `);\n\n        \n    window.jornaldocarro = window.jornaldocarro || {};\n    window.jornaldocarro.slotsAds = window.jornaldocarro.slotsAds || [];\n    window.jornaldocarro.slotsAds.push(\"hmeio3\");\n  \n      }\n    <\/script>\n  <br><p><strong>VEJA TAMB\u00c9M: OS CARROS MAIS VENDIDOS NA PRIMEIRA QUINZENA DE SETEMBRO<\/strong><\/p>\n\n<div class=\"clearfix\"><\/div>\n<div data-gallery-id=\"38206\" class=\"jc-img-gallery-wrapper mt-3 mb-2\">\n  <div class=\"jc-img-gallery\" id=\"jc-img-gallery-38206\" data-gallery-title=\"Carros novos que parecem velhos\">\n      <\/div>\n\n<\/div>\n<div class=\"clearfix\"><\/div>\n\n<h3>Carros novos que n\u00e3o inovaram<\/h3><p>Vamos come\u00e7ar pelo mais recente? A linha Yaris. \u00c9 bem n\u00edtido que o carro trouxe menos solu\u00e7\u00f5es tecnol\u00f3gicas que seus dois principais concorrentes, a dupla Polo\/Virtus e Argo\/Cronos.<\/p><p>Isso mesmo chegando depois. Geralmente, quem chega depois inova. At\u00e9 porque tem mais chance de inovar. \u00c9 a l\u00f3gica da qual falamos no primeiro par\u00e1grafo. A linha Yaris fez o caminho inverso.<\/p>\n  <div style=\"width: 100%;\" id=\"render-hmeio-4\"><\/div>\n    <script type=\"text\/javascript\">\n      if(window.innerWidth > 1){\n        $(\"#render-hmeio-4\").append(`\n          <div class=\"area-publicidade-rectangular hmeio\">\n            <p>Publicidade\n            <div class=\"area-publicidade\">\n              <div id=\"hmeio4\">\n            \n          \n        `);\n\n        \n    window.jornaldocarro = window.jornaldocarro || {};\n    window.jornaldocarro.slotsAds = window.jornaldocarro.slotsAds || [];\n    window.jornaldocarro.slotsAds.push(\"hmeio4\");\n  \n      }\n    <\/script>\n  <br><p>Um exemplo simples: a central multim\u00eddia n\u00e3o traz Android Auto e Apple CarPlay. Ali\u00e1s, a vers\u00e3o de entrada nem traz o sistema de entretenimento (quem quiser, instala como acess\u00f3rio, na concession\u00e1ria).<\/p><p>Tamb\u00e9m acess\u00f3rio de concession\u00e1ria \u00e9 o DRL. At\u00e9 o Honda City, um concorrente j\u00e1 bastante cansado, tem DRL de s\u00e9rie.<\/p><p>Essa compara\u00e7\u00e3o com o Honda City realizada em uma an\u00e1lise que publicamos h\u00e1 muito tempo, ali\u00e1s, foi o que mais ajudou a mostrar que o Yaris chegou sem inovar (<a href=\"https:\/\/jornaldocarro.estadao.com.br\/carros\/yaris-city-comparativo\/\" target=\"_blank\" rel=\"noopener nofollow\"><strong>veja aqui<\/strong><\/a>).<\/p>\n  <div style=\"width: 100%;\" id=\"render-hmeio-5\"><\/div>\n    <script type=\"text\/javascript\">\n      if(window.innerWidth > 1){\n        $(\"#render-hmeio-5\").append(`\n          <div class=\"area-publicidade-rectangular hmeio\">\n            <p>Publicidade\n            <div class=\"area-publicidade\">\n              <div id=\"hmeio5\">\n            \n          \n        `);\n\n        \n    window.jornaldocarro = window.jornaldocarro || {};\n    window.jornaldocarro.slotsAds = window.jornaldocarro.slotsAds || [];\n    window.jornaldocarro.slotsAds.push(\"hmeio5\");\n  \n      }\n    <\/script>\n  <br><p>O modelo da Toyota tem muito em comum com o City muita coisa. E uma lista de equipamentos um pouco menos completa. Para parecer inovador, ele precisaria se aproximar do novo Virtus, n\u00e3o do velho modelo da Honda.<\/p><h3>Carros novos iguais os velhos (ou piores)<\/h3><p>Outros carros novos que parecem velhos lan\u00e7ados nos \u00faltimos anos s\u00e3o o Captur e o Mobi. Aqui, a raz\u00e3o \u00e9 semelhante: eles n\u00e3o conseguiram inovar nem em rela\u00e7\u00e3o a seus \u201cirm\u00e3os\u201d.<\/p><p>O Captur divide plataforma com o Duster. Por\u00e9m, em rela\u00e7\u00e3o ao veterano, o \u00fanica inova\u00e7\u00e3o que trouxe foi o visual, mais bonito que o do SUV mais velho. De resto, eles s\u00e3o praticamente a mesma coisa, da cabine \u00e0 mec\u00e2nica.<\/p>\n  <div style=\"width: 100%;\" id=\"render-hmeio-6\"><\/div>\n    <script type=\"text\/javascript\">\n      if(window.innerWidth > 1){\n        $(\"#render-hmeio-6\").append(`\n          <div class=\"area-publicidade-rectangular hmeio\">\n            <p>Publicidade\n            <div class=\"area-publicidade\">\n              <div id=\"hmeio6\">\n            \n          \n        `);\n\n        \n    window.jornaldocarro = window.jornaldocarro || {};\n    window.jornaldocarro.slotsAds = window.jornaldocarro.slotsAds || [];\n    window.jornaldocarro.slotsAds.push(\"hmeio6\");\n  \n      }\n    <\/script>\n  <br><p>No caso do Mobi, ele n\u00e3o trouxe nenhuma evolu\u00e7\u00e3o ante o Uno. Era para ser um carrinho de estilo. Essa foi a mensagem da Fiat quando o lan\u00e7ou.<\/p><p>Por\u00e9m, o Mobi se mostrou um Uno sem porta-malas, com acabamento pior e visualmente menos atraente. E, para piorar, deixou o Uno mais caro.<\/p><p>\u00a0<\/p>\n  <div style=\"width: 100%;\" id=\"render-hmeio-7\"><\/div>\n    <script type=\"text\/javascript\">\n      if(window.innerWidth > 1){\n        $(\"#render-hmeio-7\").append(`\n          <div class=\"area-publicidade-rectangular hmeio\">\n            <p>Publicidade\n            <div class=\"area-publicidade\">\n              <div id=\"hmeio7\">\n            \n          \n        `);\n\n        renderPubNow('hmeio', 7)\n      }\n    <\/script>\n  <br>","protected":false},"excerpt":{"rendered":"<p>Eles fazem o caminho inverso<\/p>\n","protected":false},"featured_media":88917,"template":"","class_list":["post-88911","blog_primeira_classe","type-blog_primeira_classe","status-publish","has-post-thumbnail","hentry","tags_primeira_classe-captur","tags_primeira_classe-carros-novos","tags_primeira_classe-lancamentos","tags_primeira_classe-mobi","tags_primeira_classe-yaris"],"yoast_head":"<!-- This site is optimized with the Yoast SEO plugin v23.5 - https:\/\/yoast.com\/wordpress\/plugins\/seo\/ -->\n<title>Carros novos que parecem velhos - Jornal do Carro - Estad\u00e3o<\/title>\n<meta name=\"description\" content=\"Nos \u00faltimos anos, eu consigo me lembrar de tr\u00eas exemplos de carros novos que parecem velhos. H\u00e1 um SUV, um subcompacto e um que tem vers\u00f5es hatch e sed\u00e3.\" \/>\n<meta name=\"robots\" content=\"noindex, follow\" \/>\n<meta name=\"twitter:card\" content=\"summary_large_image\" \/>\n<meta name=\"twitter:title\" content=\"Carros novos que parecem velhos - Jornal do Carro - Estad\u00e3o\" \/>\n<meta name=\"twitter:description\" content=\"Nos \u00faltimos anos, eu consigo me lembrar de tr\u00eas exemplos de carros novos que parecem velhos. H\u00e1 um SUV, um subcompacto e um que tem vers\u00f5es hatch e sed\u00e3.\" \/>\n<meta name=\"twitter:image\" content=\"https:\/\/jornaldocarro.estadao.com.br\/wp-content\/uploads\/2018\/09\/36207050.jpg\" \/>\n<meta name=\"twitter:label1\" content=\"Est. tempo de leitura\" \/>\n\t<meta name=\"twitter:data1\" content=\"3 minutos\" \/>\n<script type=\"application\/ld+json\" class=\"yoast-schema-graph\">{\"@context\":\"https:\/\/schema.org\",\"@graph\":[{\"@type\":\"WebPage\",\"@id\":\"https:\/\/jornaldocarro.estadao.com.br\/primeira-classe\/carros-novos-que-parecem-velhos\/\",\"url\":\"https:\/\/jornaldocarro.estadao.com.br\/primeira-classe\/carros-novos-que-parecem-velhos\/\",\"name\":\"Carros novos que parecem velhos - Jornal do Carro - Estad\u00e3o\",\"isPartOf\":{\"@id\":\"https:\/\/jornaldocarro.estadao.com.br\/#website\"},\"primaryImageOfPage\":{\"@id\":\"https:\/\/jornaldocarro.estadao.com.br\/primeira-classe\/carros-novos-que-parecem-velhos\/#primaryimage\"},\"image\":{\"@id\":\"https:\/\/jornaldocarro.estadao.com.br\/primeira-classe\/carros-novos-que-parecem-velhos\/#primaryimage\"},\"thumbnailUrl\":\"https:\/\/jornaldocarro.estadao.com.br\/wp-content\/uploads\/2018\/09\/36207050.jpg\",\"datePublished\":\"2018-09-25T18:00:56+00:00\",\"dateModified\":\"2018-09-25T18:29:53+00:00\",\"description\":\"Nos \u00faltimos anos, eu consigo me lembrar de tr\u00eas exemplos de carros novos que parecem velhos. H\u00e1 um SUV, um subcompacto e um que tem vers\u00f5es hatch e sed\u00e3.\",\"breadcrumb\":{\"@id\":\"https:\/\/jornaldocarro.estadao.com.br\/primeira-classe\/carros-novos-que-parecem-velhos\/#breadcrumb\"},\"inLanguage\":\"pt-BR\",\"potentialAction\":[{\"@type\":\"ReadAction\",\"target\":[\"https:\/\/jornaldocarro.estadao.com.br\/primeira-classe\/carros-novos-que-parecem-velhos\/\"]}]},{\"@type\":\"ImageObject\",\"inLanguage\":\"pt-BR\",\"@id\":\"https:\/\/jornaldocarro.estadao.com.br\/primeira-classe\/carros-novos-que-parecem-velhos\/#primaryimage\",\"url\":\"https:\/\/jornaldocarro.estadao.com.br\/wp-content\/uploads\/2018\/09\/36207050.jpg\",\"contentUrl\":\"https:\/\/jornaldocarro.estadao.com.br\/wp-content\/uploads\/2018\/09\/36207050.jpg\",\"width\":3872,\"height\":2581,\"caption\":\"Mobi n\u00e3o trouxe inova\u00e7\u00e3o ante o Uno (Foto: Rafael Arbex\/Estad\u00e3o)\"},{\"@type\":\"BreadcrumbList\",\"@id\":\"https:\/\/jornaldocarro.estadao.com.br\/primeira-classe\/carros-novos-que-parecem-velhos\/#breadcrumb\",\"itemListElement\":[{\"@type\":\"ListItem\",\"position\":1,\"name\":\"In\u00edcio\",\"item\":\"https:\/\/jornaldocarro.estadao.com.br\/\"},{\"@type\":\"ListItem\",\"position\":2,\"name\":\"Primeira Classe\",\"item\":\"https:\/\/jornaldocarro.estadao.com.br\/primeira-classe\/\"},{\"@type\":\"ListItem\",\"position\":3,\"name\":\"Carros novos que parecem velhos\"}]},{\"@type\":\"WebSite\",\"@id\":\"https:\/\/jornaldocarro.estadao.com.br\/#website\",\"url\":\"https:\/\/jornaldocarro.estadao.com.br\/\",\"name\":\"Jornal do Carro - Estad\u00e3o\",\"description\":\"O portal sobre carros, motos e tudo sobre o tema ve\u00edculos no Estad\u00e3o. Fique por dentro de lan\u00e7amentos e de hist\u00f3rias dos leitores e seus carros.\",\"potentialAction\":[{\"@type\":\"SearchAction\",\"target\":{\"@type\":\"EntryPoint\",\"urlTemplate\":\"https:\/\/jornaldocarro.estadao.com.br\/?s={search_term_string}\"},\"query-input\":{\"@type\":\"PropertyValueSpecification\",\"valueRequired\":true,\"valueName\":\"search_term_string\"}}],\"inLanguage\":\"pt-BR\"}]}<\/script>\n<!-- \/ Yoast SEO plugin. -->","yoast_head_json":{"title":"Carros novos que parecem velhos - Jornal do Carro - Estad\u00e3o","description":"Nos \u00faltimos anos, eu consigo me lembrar de tr\u00eas exemplos de carros novos que parecem velhos. H\u00e1 um SUV, um subcompacto e um que tem vers\u00f5es hatch e sed\u00e3.","robots":{"index":"noindex","follow":"follow"},"twitter_card":"summary_large_image","twitter_title":"Carros novos que parecem velhos - Jornal do Carro - Estad\u00e3o","twitter_description":"Nos \u00faltimos anos, eu consigo me lembrar de tr\u00eas exemplos de carros novos que parecem velhos. H\u00e1 um SUV, um subcompacto e um que tem vers\u00f5es hatch e sed\u00e3.","twitter_image":"https:\/\/jornaldocarro.estadao.com.br\/wp-content\/uploads\/2018\/09\/36207050.jpg","twitter_misc":{"Est. tempo de leitura":"3 minutos"},"schema":{"@context":"https:\/\/schema.org","@graph":[{"@type":"WebPage","@id":"https:\/\/jornaldocarro.estadao.com.br\/primeira-classe\/carros-novos-que-parecem-velhos\/","url":"https:\/\/jornaldocarro.estadao.com.br\/primeira-classe\/carros-novos-que-parecem-velhos\/","name":"Carros novos que parecem velhos - Jornal do Carro - Estad\u00e3o","isPartOf":{"@id":"https:\/\/jornaldocarro.estadao.com.br\/#website"},"primaryImageOfPage":{"@id":"https:\/\/jornaldocarro.estadao.com.br\/primeira-classe\/carros-novos-que-parecem-velhos\/#primaryimage"},"image":{"@id":"https:\/\/jornaldocarro.estadao.com.br\/primeira-classe\/carros-novos-que-parecem-velhos\/#primaryimage"},"thumbnailUrl":"https:\/\/jornaldocarro.estadao.com.br\/wp-content\/uploads\/2018\/09\/36207050.jpg","datePublished":"2018-09-25T18:00:56+00:00","dateModified":"2018-09-25T18:29:53+00:00","description":"Nos \u00faltimos anos, eu consigo me lembrar de tr\u00eas exemplos de carros novos que parecem velhos. H\u00e1 um SUV, um subcompacto e um que tem vers\u00f5es hatch e sed\u00e3.","breadcrumb":{"@id":"https:\/\/jornaldocarro.estadao.com.br\/primeira-classe\/carros-novos-que-parecem-velhos\/#breadcrumb"},"inLanguage":"pt-BR","potentialAction":[{"@type":"ReadAction","target":["https:\/\/jornaldocarro.estadao.com.br\/primeira-classe\/carros-novos-que-parecem-velhos\/"]}]},{"@type":"ImageObject","inLanguage":"pt-BR","@id":"https:\/\/jornaldocarro.estadao.com.br\/primeira-classe\/carros-novos-que-parecem-velhos\/#primaryimage","url":"https:\/\/jornaldocarro.estadao.com.br\/wp-content\/uploads\/2018\/09\/36207050.jpg","contentUrl":"https:\/\/jornaldocarro.estadao.com.br\/wp-content\/uploads\/2018\/09\/36207050.jpg","width":3872,"height":2581,"caption":"Mobi n\u00e3o trouxe inova\u00e7\u00e3o ante o Uno (Foto: Rafael Arbex\/Estad\u00e3o)"},{"@type":"BreadcrumbList","@id":"https:\/\/jornaldocarro.estadao.com.br\/primeira-classe\/carros-novos-que-parecem-velhos\/#breadcrumb","itemListElement":[{"@type":"ListItem","position":1,"name":"In\u00edcio","item":"https:\/\/jornaldocarro.estadao.com.br\/"},{"@type":"ListItem","position":2,"name":"Primeira Classe","item":"https:\/\/jornaldocarro.estadao.com.br\/primeira-classe\/"},{"@type":"ListItem","position":3,"name":"Carros novos que parecem velhos"}]},{"@type":"WebSite","@id":"https:\/\/jornaldocarro.estadao.com.br\/#website","url":"https:\/\/jornaldocarro.estadao.com.br\/","name":"Jornal do Carro - Estad\u00e3o","description":"O portal sobre carros, motos e tudo sobre o tema ve\u00edculos no Estad\u00e3o. Fique por dentro de lan\u00e7amentos e de hist\u00f3rias dos leitores e seus carros.","potentialAction":[{"@type":"SearchAction","target":{"@type":"EntryPoint","urlTemplate":"https:\/\/jornaldocarro.estadao.com.br\/?s={search_term_string}"},"query-input":{"@type":"PropertyValueSpecification","valueRequired":true,"valueName":"search_term_string"}}],"inLanguage":"pt-BR"}]}},"_links":{"self":[{"href":"https:\/\/jornaldocarro.estadao.com.br\/api\/wp\/v2\/blog_primeira_classe\/88911","targetHints":{"allow":["GET"]}}],"collection":[{"href":"https:\/\/jornaldocarro.estadao.com.br\/api\/wp\/v2\/blog_primeira_classe"}],"about":[{"href":"https:\/\/jornaldocarro.estadao.com.br\/api\/wp\/v2\/types\/blog_primeira_classe"}],"version-history":[{"count":16,"href":"https:\/\/jornaldocarro.estadao.com.br\/api\/wp\/v2\/blog_primeira_classe\/88911\/revisions"}],"predecessor-version":[{"id":88944,"href":"https:\/\/jornaldocarro.estadao.com.br\/api\/wp\/v2\/blog_primeira_classe\/88911\/revisions\/88944"}],"wp:featuredmedia":[{"embeddable":true,"href":"https:\/\/jornaldocarro.estadao.com.br\/api\/wp\/v2\/media\/88917"}],"wp:attachment":[{"href":"https:\/\/jornaldocarro.estadao.com.br\/api\/wp\/v2\/media?parent=88911"}],"curies":[{"name":"wp","href":"https:\/\/api.w.org\/{rel}","templated":true}]}}