{"id":911,"date":"2014-09-25T22:59:53","date_gmt":"2014-09-26T01:59:53","guid":{"rendered":"http:\/\/blogs.estadao.com.br\/primeira-classe\/?p=911"},"modified":"2014-09-25T22:59:53","modified_gmt":"2014-09-26T01:59:53","slug":"tudo-sobre-o-classe-c-que-a-mercedes-fabricara-no-brasil","status":"publish","type":"blog_primeira_classe","link":"https:\/\/jornaldocarro.estadao.com.br\/primeira-classe\/tudo-sobre-o-classe-c-que-a-mercedes-fabricara-no-brasil\/","title":{"rendered":"Tudo sobre o Classe C que a Mercedes fabricar\u00e1 no Brasil"},"content":{"rendered":"<p><a rel=\"nofollow\" href=\"https:\/\/fotos.jornaldocarro.estadao.com.br\/primeira-classe\/files\/2014\/09\/Mercedes-Benz-C-Class_2015_670.jpg\"><img loading=\"lazy\" decoding=\"async\" class=\"alignnone size-full wp-image-913\" src=\"https:\/\/fotos.jornaldocarro.estadao.com.br\/primeira-classe\/files\/2014\/09\/Mercedes-Benz-C-Class_2015_670.jpg\" alt=\"\" width=\"550\" height=\"400\"><\/a><\/p><p>\u00a0<\/p><p>Hoje eu bati um papo com o grego Dimitris Psillakis, que \u00e9 o \u201ccara\u201d da divis\u00e3o de autom\u00f3veis da Mercedes-Benz do Brasil. O diretor geral me contou algumas novidades sobre os carros que a montadora vai produzir no Brasil a partir de 2016, o Classe C e o GLA.<\/p>\n  <div style=\"width: 100%;\" id=\"render-hmeio-1\"><\/div>\n    <script type=\"text\/javascript\">\n      if(window.innerWidth > 1){\n        $(\"#render-hmeio-1\").append(`\n          <div class=\"area-publicidade-rectangular hmeio\">\n            <p>Publicidade\n            <div class=\"area-publicidade\">\n              <div id=\"hmeio1\">\n            \n          \n        `);\n\n        \n    window.jornaldocarro = window.jornaldocarro || {};\n    window.jornaldocarro.slotsAds = window.jornaldocarro.slotsAds || [];\n    window.jornaldocarro.slotsAds.push(\"hmeio1\");\n  \n      }\n    <\/script>\n  <br><p><strong>(Siga o blog no Instagram: @blogprimeiraclasse)<\/strong><\/p><p>Vamos primeiros ao Classe C. Ele chega em fevereiro de 2016 e ter\u00e1 tr\u00eas vers\u00f5es: C180, C200 e C250. O Dimitris disse que as configura\u00e7\u00f5es de equipamentos ser\u00e3o as mesmas encontradas nos modelos que hoje s\u00e3o importados da Alemanha. Ou seja: desde a vers\u00e3o de entrada, haver\u00e1 far\u00f3is e lanternas com LEDs e air bag para o joelho do motorista? Pneus run flat? Duvido; eles n\u00e3o s\u00e3o muito funcionais para o Brasil. Mas vamos ver.<\/p><p>A principal novidade, portanto, ser\u00e1 a motoriza\u00e7\u00e3o flex\u00edvel para todas as vers\u00f5es. Sim, os Mercedes tamb\u00e9m v\u00e3o beber \u00e1lcool. Na ind\u00fastria, os rumores eram de que a empresa, no primeiro ano de atividade na f\u00e1brica de Iracem\u00e1polis, no interior de S\u00e3o Paulo, iria apenas montar os carros a partir de kits trazidos da Alemanha. Por\u00e9m, o Dimitris disse que n\u00e3o ser\u00e1 bem assim.<\/p>\n  <div style=\"width: 100%;\" id=\"render-hmeio-2\"><\/div>\n    <script type=\"text\/javascript\">\n      if(window.innerWidth > 1){\n        $(\"#render-hmeio-2\").append(`\n          <div class=\"area-publicidade-rectangular hmeio\">\n            <p>Publicidade\n            <div class=\"area-publicidade\">\n              <div id=\"hmeio2\">\n            \n          \n        `);\n\n        \n    window.jornaldocarro = window.jornaldocarro || {};\n    window.jornaldocarro.slotsAds = window.jornaldocarro.slotsAds || [];\n    window.jornaldocarro.slotsAds.push(\"hmeio2\");\n  \n      }\n    <\/script>\n  <br><p>Desde o in\u00edcio da produ\u00e7\u00e3o, os motores, por exemplo, ser\u00e3o montados no Brasil, n\u00e3o trazidos da Alemanha. Eles ter\u00e3o algumas pe\u00e7as importadas do pa\u00eds de origem da Mercedes, mas outras produzidas aqui no Pa\u00eds mesmo.<\/p><p>A pot\u00eancia dos motores n\u00e3o passar\u00e1 por grande altera\u00e7\u00e3o. Hoje, o C180 tem o 1.6 de 156 cv, o C200 usa o 2.o de 184 cv e, no C250, s\u00e3o 211 cv em uma unidade tamb\u00e9m 2.0.<\/p><p><a rel=\"nofollow\" href=\"https:\/\/fotos.jornaldocarro.estadao.com.br\/primeira-classe\/files\/2014\/09\/01-Mercedes-GLA.jpg\"><img loading=\"lazy\" decoding=\"async\" class=\"alignnone size-full wp-image-912\" src=\"https:\/\/fotos.jornaldocarro.estadao.com.br\/primeira-classe\/files\/2014\/09\/01-Mercedes-GLA.jpg\" alt=\"\" width=\"550\" height=\"400\"><\/a><\/p>\n  <div style=\"width: 100%;\" id=\"render-hmeio-3\"><\/div>\n    <script type=\"text\/javascript\">\n      if(window.innerWidth > 1){\n        $(\"#render-hmeio-3\").append(`\n          <div class=\"area-publicidade-rectangular hmeio\">\n            <p>Publicidade\n            <div class=\"area-publicidade\">\n              <div id=\"hmeio3\">\n            \n          \n        `);\n\n        \n    window.jornaldocarro = window.jornaldocarro || {};\n    window.jornaldocarro.slotsAds = window.jornaldocarro.slotsAds || [];\n    window.jornaldocarro.slotsAds.push(\"hmeio3\");\n  \n      }\n    <\/script>\n  <br><p>Com o GLA, a hist\u00f3ria ser\u00e1 bastante parecida. Mesmo pacote de equipamento das vers\u00f5es importadas. O jipinho trazido da Alemanha ser\u00e1 lan\u00e7ado em outubro no Pa\u00eds com o motor 1.6 de 156 cv, na op\u00e7\u00e3o GLA 200. J\u00e1 a vers\u00e3o nacional est\u00e1 prevista para o segundo semestre de 2016 e, al\u00e9m da configura\u00e7\u00e3o 200, ter\u00e1 a 250, com o 2.0 de 211 cv. Evidentemente, ambos ser\u00e3o flex\u00edveis.<\/p><p><strong>E OS PRE\u00c7OS?<\/strong><\/p><p>\u00c9, pessoal, agora vem a m\u00e1 not\u00edcia. N\u00e3o ser\u00e1 desta vez que o carro de luxo ficar\u00e1 um pouco mais acess\u00edvel. Os pre\u00e7os n\u00e3o ser\u00e3o reduzidos em rela\u00e7\u00e3o ao das vers\u00f5es trazidas da Alemanha. Pelo menos, n\u00e3o no primeiro ano de produ\u00e7\u00e3o no Brasil.<\/p>\n  <div style=\"width: 100%;\" id=\"render-hmeio-4\"><\/div>\n    <script type=\"text\/javascript\">\n      if(window.innerWidth > 1){\n        $(\"#render-hmeio-4\").append(`\n          <div class=\"area-publicidade-rectangular hmeio\">\n            <p>Publicidade\n            <div class=\"area-publicidade\">\n              <div id=\"hmeio4\">\n            \n          \n        `);\n\n        \n    window.jornaldocarro = window.jornaldocarro || {};\n    window.jornaldocarro.slotsAds = window.jornaldocarro.slotsAds || [];\n    window.jornaldocarro.slotsAds.push(\"hmeio4\");\n  \n      }\n    <\/script>\n  <br><p>As explica\u00e7\u00f5es s\u00e3o diversas. Dimitris disse que, al\u00e9m de os carros serem muito complexos \u2013 leia-se sofisticados -, a f\u00e1brica \u00e9 de pequena escala (s\u00e3o 24 mil unidades por ano) e a produ\u00e7\u00e3o no Brasil tem uma complexidade que anula o te\u00f3rico \u201cganho\u201d com a isen\u00e7\u00e3o dos 35% do imposto de importa\u00e7\u00e3o.<\/p><p>De todo modo, ele falou que n\u00e3o haver\u00e1 redu\u00e7\u00e3o de pre\u00e7o na teoria, j\u00e1 que ainda falta mais de um ano para o primeiro Mercedes nacional chegar e, at\u00e9 l\u00e1, muita coisa pode acontecer.<\/p><p>N\u00e3o reduzir os pre\u00e7os n\u00e3o \u00e9 exclusividade da Mercedes. A BMW, que inaugura sua f\u00e1brica em 30 de setembro, tamb\u00e9m n\u00e3o o far\u00e1. E os motivos v\u00e3o muito al\u00e9m dos alegados pelos executivos. Uma reportagem com an\u00e1lise completa destes fatos voc\u00ea poder\u00e1 ler no s\u00e1bado, nas edi\u00e7\u00f5es impressa e digital do Jornal do Carro.<\/p>\n  <div style=\"width: 100%;\" id=\"render-hmeio-5\"><\/div>\n    <script type=\"text\/javascript\">\n      if(window.innerWidth > 1){\n        $(\"#render-hmeio-5\").append(`\n          <div class=\"area-publicidade-rectangular hmeio\">\n            <p>Publicidade\n            <div class=\"area-publicidade\">\n              <div id=\"hmeio5\">\n            \n          \n        `);\n\n        \n    window.jornaldocarro = window.jornaldocarro || {};\n    window.jornaldocarro.slotsAds = window.jornaldocarro.slotsAds || [];\n    window.jornaldocarro.slotsAds.push(\"hmeio5\");\n  \n      }\n    <\/script>\n  <br><p><em>Por ora, fique com a lista de pre\u00e7os atual dos futuros brasileiros da Mercedes.<\/em><\/p><p>C180 \u2013 R$ \u00a0138.900<\/p><p>C200 \u2013 R$ 154.900<\/p>\n  <div style=\"width: 100%;\" id=\"render-hmeio-6\"><\/div>\n    <script type=\"text\/javascript\">\n      if(window.innerWidth > 1){\n        $(\"#render-hmeio-6\").append(`\n          <div class=\"area-publicidade-rectangular hmeio\">\n            <p>Publicidade\n            <div class=\"area-publicidade\">\n              <div id=\"hmeio6\">\n            \n          \n        `);\n\n        \n    window.jornaldocarro = window.jornaldocarro || {};\n    window.jornaldocarro.slotsAds = window.jornaldocarro.slotsAds || [];\n    window.jornaldocarro.slotsAds.push(\"hmeio6\");\n  \n      }\n    <\/script>\n  <br><p>C250 \u2013 R$ 189.900<\/p><p>GLA 200 \u2013 R$ 149.900<\/p><p>\u00a0<\/p>\n  <div style=\"width: 100%;\" id=\"render-hmeio-7\"><\/div>\n    <script type=\"text\/javascript\">\n      if(window.innerWidth > 1){\n        $(\"#render-hmeio-7\").append(`\n          <div class=\"area-publicidade-rectangular hmeio\">\n            <p>Publicidade\n            <div class=\"area-publicidade\">\n              <div id=\"hmeio7\">\n            \n          \n        `);\n\n        renderPubNow('hmeio', 7)\n      }\n    <\/script>\n  <br><p>\u00a0<\/p>","protected":false},"excerpt":{"rendered":"<p>Sed\u00e3, assim como o GLA, ter\u00e1 diversas vers\u00f5es de motor, todos bicombust\u00edveis. E o pre\u00e7o? Bem&#8230; a\u00ed est\u00e1 a m\u00e1 not\u00edcia<\/p>\n","protected":false},"featured_media":0,"template":"","class_list":["post-911","blog_primeira_classe","type-blog_primeira_classe","status-publish","hentry","tags_primeira_classe-carros","tags_primeira_classe-classe-c","tags_primeira_classe-fabrica-da-mercedes","tags_primeira_classe-gla","tags_primeira_classe-iracemapolis","tags_primeira_classe-mercado","tags_primeira_classe-mercedes","tags_primeira_classe-mercedes-benz","tags_primeira_classe-mercedes-benz-gla"],"yoast_head":"<!-- This site is optimized with the Yoast SEO plugin v23.5 - https:\/\/yoast.com\/wordpress\/plugins\/seo\/ -->\n<title>Tudo sobre o Classe C que a Mercedes fabricar\u00e1 no Brasil - Jornal do Carro - Estad\u00e3o<\/title>\n<meta name=\"robots\" content=\"noindex, follow\" \/>\n<meta name=\"twitter:card\" content=\"summary_large_image\" \/>\n<meta name=\"twitter:title\" content=\"Tudo sobre o Classe C que a Mercedes fabricar\u00e1 no Brasil - Jornal do Carro - Estad\u00e3o\" \/>\n<meta name=\"twitter:description\" content=\"Sed\u00e3, assim como o GLA, ter\u00e1 diversas vers\u00f5es de motor, todos bicombust\u00edveis. E o pre\u00e7o? Bem... a\u00ed est\u00e1 a m\u00e1 not\u00edcia\" \/>\n<meta name=\"twitter:image\" content=\"https:\/\/fotos.jornaldocarro.estadao.com.br\/primeira-classe\/files\/2014\/09\/Mercedes-Benz-C-Class_2015_670.jpg\" \/>\n<meta name=\"twitter:label1\" content=\"Est. tempo de leitura\" \/>\n\t<meta name=\"twitter:data1\" content=\"3 minutos\" \/>\n<script type=\"application\/ld+json\" class=\"yoast-schema-graph\">{\"@context\":\"https:\/\/schema.org\",\"@graph\":[{\"@type\":\"WebPage\",\"@id\":\"https:\/\/jornaldocarro.estadao.com.br\/primeira-classe\/tudo-sobre-o-classe-c-que-a-mercedes-fabricara-no-brasil\/\",\"url\":\"https:\/\/jornaldocarro.estadao.com.br\/primeira-classe\/tudo-sobre-o-classe-c-que-a-mercedes-fabricara-no-brasil\/\",\"name\":\"Tudo sobre o Classe C que a Mercedes fabricar\u00e1 no Brasil - Jornal do Carro - Estad\u00e3o\",\"isPartOf\":{\"@id\":\"https:\/\/jornaldocarro.estadao.com.br\/#website\"},\"primaryImageOfPage\":{\"@id\":\"https:\/\/jornaldocarro.estadao.com.br\/primeira-classe\/tudo-sobre-o-classe-c-que-a-mercedes-fabricara-no-brasil\/#primaryimage\"},\"image\":{\"@id\":\"https:\/\/jornaldocarro.estadao.com.br\/primeira-classe\/tudo-sobre-o-classe-c-que-a-mercedes-fabricara-no-brasil\/#primaryimage\"},\"thumbnailUrl\":\"https:\/\/fotos.jornaldocarro.estadao.com.br\/primeira-classe\/files\/2014\/09\/Mercedes-Benz-C-Class_2015_670.jpg\",\"datePublished\":\"2014-09-26T01:59:53+00:00\",\"dateModified\":\"2014-09-26T01:59:53+00:00\",\"breadcrumb\":{\"@id\":\"https:\/\/jornaldocarro.estadao.com.br\/primeira-classe\/tudo-sobre-o-classe-c-que-a-mercedes-fabricara-no-brasil\/#breadcrumb\"},\"inLanguage\":\"pt-BR\",\"potentialAction\":[{\"@type\":\"ReadAction\",\"target\":[\"https:\/\/jornaldocarro.estadao.com.br\/primeira-classe\/tudo-sobre-o-classe-c-que-a-mercedes-fabricara-no-brasil\/\"]}]},{\"@type\":\"ImageObject\",\"inLanguage\":\"pt-BR\",\"@id\":\"https:\/\/jornaldocarro.estadao.com.br\/primeira-classe\/tudo-sobre-o-classe-c-que-a-mercedes-fabricara-no-brasil\/#primaryimage\",\"url\":\"https:\/\/fotos.jornaldocarro.estadao.com.br\/primeira-classe\/files\/2014\/09\/Mercedes-Benz-C-Class_2015_670.jpg\",\"contentUrl\":\"https:\/\/fotos.jornaldocarro.estadao.com.br\/primeira-classe\/files\/2014\/09\/Mercedes-Benz-C-Class_2015_670.jpg\"},{\"@type\":\"BreadcrumbList\",\"@id\":\"https:\/\/jornaldocarro.estadao.com.br\/primeira-classe\/tudo-sobre-o-classe-c-que-a-mercedes-fabricara-no-brasil\/#breadcrumb\",\"itemListElement\":[{\"@type\":\"ListItem\",\"position\":1,\"name\":\"In\u00edcio\",\"item\":\"https:\/\/jornaldocarro.estadao.com.br\/\"},{\"@type\":\"ListItem\",\"position\":2,\"name\":\"Primeira Classe\",\"item\":\"https:\/\/jornaldocarro.estadao.com.br\/primeira-classe\/\"},{\"@type\":\"ListItem\",\"position\":3,\"name\":\"Tudo sobre o Classe C que a Mercedes fabricar\u00e1 no Brasil\"}]},{\"@type\":\"WebSite\",\"@id\":\"https:\/\/jornaldocarro.estadao.com.br\/#website\",\"url\":\"https:\/\/jornaldocarro.estadao.com.br\/\",\"name\":\"Jornal do Carro - Estad\u00e3o\",\"description\":\"O portal sobre carros, motos e tudo sobre o tema ve\u00edculos no Estad\u00e3o. Fique por dentro de lan\u00e7amentos e de hist\u00f3rias dos leitores e seus carros.\",\"potentialAction\":[{\"@type\":\"SearchAction\",\"target\":{\"@type\":\"EntryPoint\",\"urlTemplate\":\"https:\/\/jornaldocarro.estadao.com.br\/?s={search_term_string}\"},\"query-input\":{\"@type\":\"PropertyValueSpecification\",\"valueRequired\":true,\"valueName\":\"search_term_string\"}}],\"inLanguage\":\"pt-BR\"}]}<\/script>\n<!-- \/ Yoast SEO plugin. -->","yoast_head_json":{"title":"Tudo sobre o Classe C que a Mercedes fabricar\u00e1 no Brasil - Jornal do Carro - Estad\u00e3o","robots":{"index":"noindex","follow":"follow"},"twitter_card":"summary_large_image","twitter_title":"Tudo sobre o Classe C que a Mercedes fabricar\u00e1 no Brasil - Jornal do Carro - Estad\u00e3o","twitter_description":"Sed\u00e3, assim como o GLA, ter\u00e1 diversas vers\u00f5es de motor, todos bicombust\u00edveis. E o pre\u00e7o? Bem... a\u00ed est\u00e1 a m\u00e1 not\u00edcia","twitter_image":"https:\/\/fotos.jornaldocarro.estadao.com.br\/primeira-classe\/files\/2014\/09\/Mercedes-Benz-C-Class_2015_670.jpg","twitter_misc":{"Est. tempo de leitura":"3 minutos"},"schema":{"@context":"https:\/\/schema.org","@graph":[{"@type":"WebPage","@id":"https:\/\/jornaldocarro.estadao.com.br\/primeira-classe\/tudo-sobre-o-classe-c-que-a-mercedes-fabricara-no-brasil\/","url":"https:\/\/jornaldocarro.estadao.com.br\/primeira-classe\/tudo-sobre-o-classe-c-que-a-mercedes-fabricara-no-brasil\/","name":"Tudo sobre o Classe C que a Mercedes fabricar\u00e1 no Brasil - Jornal do Carro - Estad\u00e3o","isPartOf":{"@id":"https:\/\/jornaldocarro.estadao.com.br\/#website"},"primaryImageOfPage":{"@id":"https:\/\/jornaldocarro.estadao.com.br\/primeira-classe\/tudo-sobre-o-classe-c-que-a-mercedes-fabricara-no-brasil\/#primaryimage"},"image":{"@id":"https:\/\/jornaldocarro.estadao.com.br\/primeira-classe\/tudo-sobre-o-classe-c-que-a-mercedes-fabricara-no-brasil\/#primaryimage"},"thumbnailUrl":"https:\/\/fotos.jornaldocarro.estadao.com.br\/primeira-classe\/files\/2014\/09\/Mercedes-Benz-C-Class_2015_670.jpg","datePublished":"2014-09-26T01:59:53+00:00","dateModified":"2014-09-26T01:59:53+00:00","breadcrumb":{"@id":"https:\/\/jornaldocarro.estadao.com.br\/primeira-classe\/tudo-sobre-o-classe-c-que-a-mercedes-fabricara-no-brasil\/#breadcrumb"},"inLanguage":"pt-BR","potentialAction":[{"@type":"ReadAction","target":["https:\/\/jornaldocarro.estadao.com.br\/primeira-classe\/tudo-sobre-o-classe-c-que-a-mercedes-fabricara-no-brasil\/"]}]},{"@type":"ImageObject","inLanguage":"pt-BR","@id":"https:\/\/jornaldocarro.estadao.com.br\/primeira-classe\/tudo-sobre-o-classe-c-que-a-mercedes-fabricara-no-brasil\/#primaryimage","url":"https:\/\/fotos.jornaldocarro.estadao.com.br\/primeira-classe\/files\/2014\/09\/Mercedes-Benz-C-Class_2015_670.jpg","contentUrl":"https:\/\/fotos.jornaldocarro.estadao.com.br\/primeira-classe\/files\/2014\/09\/Mercedes-Benz-C-Class_2015_670.jpg"},{"@type":"BreadcrumbList","@id":"https:\/\/jornaldocarro.estadao.com.br\/primeira-classe\/tudo-sobre-o-classe-c-que-a-mercedes-fabricara-no-brasil\/#breadcrumb","itemListElement":[{"@type":"ListItem","position":1,"name":"In\u00edcio","item":"https:\/\/jornaldocarro.estadao.com.br\/"},{"@type":"ListItem","position":2,"name":"Primeira Classe","item":"https:\/\/jornaldocarro.estadao.com.br\/primeira-classe\/"},{"@type":"ListItem","position":3,"name":"Tudo sobre o Classe C que a Mercedes fabricar\u00e1 no Brasil"}]},{"@type":"WebSite","@id":"https:\/\/jornaldocarro.estadao.com.br\/#website","url":"https:\/\/jornaldocarro.estadao.com.br\/","name":"Jornal do Carro - Estad\u00e3o","description":"O portal sobre carros, motos e tudo sobre o tema ve\u00edculos no Estad\u00e3o. Fique por dentro de lan\u00e7amentos e de hist\u00f3rias dos leitores e seus carros.","potentialAction":[{"@type":"SearchAction","target":{"@type":"EntryPoint","urlTemplate":"https:\/\/jornaldocarro.estadao.com.br\/?s={search_term_string}"},"query-input":{"@type":"PropertyValueSpecification","valueRequired":true,"valueName":"search_term_string"}}],"inLanguage":"pt-BR"}]}},"_links":{"self":[{"href":"https:\/\/jornaldocarro.estadao.com.br\/api\/wp\/v2\/blog_primeira_classe\/911","targetHints":{"allow":["GET"]}}],"collection":[{"href":"https:\/\/jornaldocarro.estadao.com.br\/api\/wp\/v2\/blog_primeira_classe"}],"about":[{"href":"https:\/\/jornaldocarro.estadao.com.br\/api\/wp\/v2\/types\/blog_primeira_classe"}],"version-history":[{"count":0,"href":"https:\/\/jornaldocarro.estadao.com.br\/api\/wp\/v2\/blog_primeira_classe\/911\/revisions"}],"wp:attachment":[{"href":"https:\/\/jornaldocarro.estadao.com.br\/api\/wp\/v2\/media?parent=911"}],"curies":[{"name":"wp","href":"https:\/\/api.w.org\/{rel}","templated":true}]}}