{"id":97190,"date":"2019-02-05T19:31:14","date_gmt":"2019-02-05T21:31:14","guid":{"rendered":"https:\/\/jornaldocarro.estadao.com.br\/?post_type=blog_primeira_classe&#038;p=97190"},"modified":"2019-02-06T10:27:19","modified_gmt":"2019-02-06T12:27:19","slug":"hatch-ka-montadoras-costas","status":"publish","type":"blog_primeira_classe","link":"https:\/\/jornaldocarro.estadao.com.br\/primeira-classe\/hatch-ka-montadoras-costas\/","title":{"rendered":"Carros que carregam suas marcas nas costas"},"content":{"rendered":"<p>SUV Nissan Kicks, a dupla Onix e Prisma, o hatch Ka (e sua vers\u00e3o sed\u00e3). Esses s\u00e3o exemplos de carros que carregam suas montadoras nas costas no Brasil. No caso das quatro mais tradicionais montadoras, por exemplo, Chevrolet e Ford dependem muito de seus carros mais vendidos.<\/p><ul>\n<li><a href=\"https:\/\/www.youtube.com\/user\/JdoCarro\" target=\"_blank\" rel=\"noopener nofollow\"><strong>Inscreva-se no canal do Jornal do Carro no YouTube<\/strong><\/a><\/li>\n<\/ul><p>\u00c9 claro que, em geral, modelos de entrada (e alguns intermedi\u00e1rios) s\u00e3o feitos para terem grandes volumes de vendas. Os pre\u00e7os desses campe\u00f5es giram em torno de R$ 46 mil.<\/p><p><strong>V\u00cdDEO DA SEMANA: CAMARO E MUSTANG EM PEGA NA PISTA DE ARRANCADA<\/strong><\/p>\n  <div style=\"width: 100%;\" id=\"render-hmeio-1\"><\/div>\n    <script type=\"text\/javascript\">\n      if(window.innerWidth > 1){\n        $(\"#render-hmeio-1\").append(`\n          <div class=\"area-publicidade-rectangular hmeio\">\n            <p>Publicidade\n            <div class=\"area-publicidade\">\n              <div id=\"hmeio1\">\n            \n          \n        `);\n\n        \n    window.jornaldocarro = window.jornaldocarro || {};\n    window.jornaldocarro.slotsAds = window.jornaldocarro.slotsAds || [];\n    window.jornaldocarro.slotsAds.push(\"hmeio1\");\n  \n      }\n    <\/script>\n  <br><p><iframe loading=\"lazy\" src=\"https:\/\/www.youtube.com\/embed\/hl7RHH-RbfA\" width=\"560\" height=\"315\" frameborder=\"0\" allowfullscreen=\"allowfullscreen\"><\/iframe>\u00a0<\/p><p>Em geral, a f\u00f3rmula \u00e9 a mesma. Dimens\u00f5es reduzidas, acabamento simplificado, trem de for\u00e7a razo\u00e1vel e pre\u00e7o agressivo fazem parte desse universo.<\/p><p>No entanto, Volkswagen e Fiat, as outras duas marcas tradicionais (e com linhas bastante diversificada) n\u00e3o dependem de seus modelos mais vendidos. Elas t\u00eam suas vendas mais divididas entre diversos carros.<\/p>\n  <div style=\"width: 100%;\" id=\"render-hmeio-2\"><\/div>\n    <script type=\"text\/javascript\">\n      if(window.innerWidth > 1){\n        $(\"#render-hmeio-2\").append(`\n          <div class=\"area-publicidade-rectangular hmeio\">\n            <p>Publicidade\n            <div class=\"area-publicidade\">\n              <div id=\"hmeio2\">\n            \n          \n        `);\n\n        \n    window.jornaldocarro = window.jornaldocarro || {};\n    window.jornaldocarro.slotsAds = window.jornaldocarro.slotsAds || [];\n    window.jornaldocarro.slotsAds.push(\"hmeio2\");\n  \n      }\n    <\/script>\n  <br><p><strong>GALERIA: Os carros mais vendidos em janeiro de 2019<\/strong><\/p>\n\n<div class=\"clearfix\"><\/div>\n<div data-gallery-id=\"39268\" class=\"jc-img-gallery-wrapper mt-3 mb-2\">\n  <div class=\"jc-img-gallery\" id=\"jc-img-gallery-39268\" data-gallery-title=\"Carros que carregam suas marcas nas costas\">\n      <\/div>\n\n<\/div>\n<div class=\"clearfix\"><\/div>\n\n<h3>Depend\u00eancia<\/h3><p>Sem Onix e Prisma, seus carros mais baratos, a Chevrolet estaria bem distante da lideran\u00e7a no mercado brasileiro. O hatch, que parte de cerca de R$ 45 mil, representou 48,5% dos 435 mil carros vendidos pela empresa no Pa\u00eds no ano passado.<\/p><p>Sem o Onix, as vendas da Chevrolet cairiam para 215 mil exemplares, bem atr\u00e1s das 368 mil da Volkswagen e at\u00e9 das 226 mil da quarta colocada, Ford.<\/p>\n  <div style=\"width: 100%;\" id=\"render-hmeio-3\"><\/div>\n    <script type=\"text\/javascript\">\n      if(window.innerWidth > 1){\n        $(\"#render-hmeio-3\").append(`\n          <div class=\"area-publicidade-rectangular hmeio\">\n            <p>Publicidade\n            <div class=\"area-publicidade\">\n              <div id=\"hmeio3\">\n            \n          \n        `);\n\n        \n    window.jornaldocarro = window.jornaldocarro || {};\n    window.jornaldocarro.slotsAds = window.jornaldocarro.slotsAds || [];\n    window.jornaldocarro.slotsAds.push(\"hmeio3\");\n  \n      }\n    <\/script>\n  <br><p><strong>LEIA TAMB\u00c9M<\/strong><\/p><ul>\n<li><a href=\"https:\/\/jornaldocarro.estadao.com.br\/primeira-classe\/seda-corolla-concorrencia-costas\/\" target=\"_blank\" rel=\"noopener nofollow\"><strong>O sed\u00e3 que carrega a concorr\u00eancia nas costas<\/strong><\/a><\/li>\n<li><a href=\"https:\/\/jornaldocarro.estadao.com.br\/primeira-classe\/hr-v-2019-razoes-nao-comprar-e-comprar\/\" target=\"_blank\" rel=\"noopener nofollow\"><strong>Raz\u00f5es para comprar e n\u00e3o comprar o HR-V 2019<\/strong><\/a><\/li>\n<\/ul><p>Quando de somam \u00e0s do hatch as vendas do \u201cirm\u00e3o\u201d Prisma, que parte de pouco mais de R$ 49 mil, a representatividade sobe para 64,8%. Isso significa que a Chevrolet \u00e9 extremamente dependente dos dois carros.<\/p><p>Na lista dos 20 mais vendidos em 2018, n\u00e3o apareceu nenhum outro carro da marca, al\u00e9m de Onix e Prisma. Atr\u00e1s dos dois est\u00e1 a S10, que foi o 27\u00ba ve\u00edculo mais emplacado do Pa\u00eds no ano passado. A picape somou 31.76 unidades comercializadas.<\/p>\n  <div style=\"width: 100%;\" id=\"render-hmeio-4\"><\/div>\n    <script type=\"text\/javascript\">\n      if(window.innerWidth > 1){\n        $(\"#render-hmeio-4\").append(`\n          <div class=\"area-publicidade-rectangular hmeio\">\n            <p>Publicidade\n            <div class=\"area-publicidade\">\n              <div id=\"hmeio4\">\n            \n          \n        `);\n\n        \n    window.jornaldocarro = window.jornaldocarro || {};\n    window.jornaldocarro.slotsAds = window.jornaldocarro.slotsAds || [];\n    window.jornaldocarro.slotsAds.push(\"hmeio4\");\n  \n      }\n    <\/script>\n  <br><p>Para compara\u00e7\u00e3o, o Gol, carro mais vendido da Volkswagen, representou 21,2% da empresa. A marca foi a vice- l\u00edder entre as montadoras no ano passado e seu hatch parte de R$ 46.320.<\/p><p>J\u00e1 a participa\u00e7\u00e3o de seus dois carros mais vendidos juntos, Gol e Polo, n\u00e3o chega a 50% (fica em 40%). Al\u00e9m disso, a marca tem outros campe\u00f5es de venda, como Virtus, Fox e Voyage, todos entre os 25 mais emplacados de 2018.<\/p><p>O mesmo ocorre com a Fiat. A marca teve quatro ve\u00edculos no \u201ctop 20\u201d de vendas no ano passado: Strada, Argo, Toro e Mobi.<\/p>\n  <div style=\"width: 100%;\" id=\"render-hmeio-5\"><\/div>\n    <script type=\"text\/javascript\">\n      if(window.innerWidth > 1){\n        $(\"#render-hmeio-5\").append(`\n          <div class=\"area-publicidade-rectangular hmeio\">\n            <p>Publicidade\n            <div class=\"area-publicidade\">\n              <div id=\"hmeio5\">\n            \n          \n        `);\n\n        \n    window.jornaldocarro = window.jornaldocarro || {};\n    window.jornaldocarro.slotsAds = window.jornaldocarro.slotsAds || [];\n    window.jornaldocarro.slotsAds.push(\"hmeio5\");\n  \n      }\n    <\/script>\n  <br><p>Modelo mais vendido da marca, a picape Strada representou 20,6% de seus emplacamentos.<\/p><p>\u00a0<\/p><h3>GALERIA: Os carros mais vendidos do mundo em 2018<\/h3>\n\n<div class=\"clearfix\"><\/div>\n<div data-gallery-id=\"39198\" class=\"jc-img-gallery-wrapper mt-3 mb-2\">\n  <div class=\"jc-img-gallery\" id=\"jc-img-gallery-39198\" data-gallery-title=\"Carros que carregam suas marcas nas costas\">\n      <\/div>\n\n<\/div>\n<div class=\"clearfix\"><\/div>\n\n<p>\u00a0<\/p>\n  <div style=\"width: 100%;\" id=\"render-hmeio-6\"><\/div>\n    <script type=\"text\/javascript\">\n      if(window.innerWidth > 1){\n        $(\"#render-hmeio-6\").append(`\n          <div class=\"area-publicidade-rectangular hmeio\">\n            <p>Publicidade\n            <div class=\"area-publicidade\">\n              <div id=\"hmeio6\">\n            \n          \n        `);\n\n        \n    window.jornaldocarro = window.jornaldocarro || {};\n    window.jornaldocarro.slotsAds = window.jornaldocarro.slotsAds || [];\n    window.jornaldocarro.slotsAds.push(\"hmeio6\");\n  \n      }\n    <\/script>\n  <br><h3>Hatch Ka<\/h3><p>Com a Ford, a depend\u00eancia de um \u00fanico ve\u00edculo, o hatch Ka, tamb\u00e9m \u00e9 alta. O modelo representou, em 2018, 45,6% de seus emplacamentos. Se pre\u00e7o parte de R$ 46.390.<\/p><p>O hatch Ka foi o terceiro carro mais vendido no mercado brasileiro no ano passado. Al\u00e9m disso, foi o \u00fanico Ford na lista dos 20 mais emplacados em 2018.<\/p><p><strong>LEIA MAIS<\/strong><\/p>\n  <div style=\"width: 100%;\" id=\"render-hmeio-7\"><\/div>\n    <script type=\"text\/javascript\">\n      if(window.innerWidth > 1){\n        $(\"#render-hmeio-7\").append(`\n          <div class=\"area-publicidade-rectangular hmeio\">\n            <p>Publicidade\n            <div class=\"area-publicidade\">\n              <div id=\"hmeio7\">\n            \n          \n        `);\n\n        renderPubNow('hmeio', 7)\n      }\n    <\/script>\n  <br><ul>\n<li><a href=\"https:\/\/jornaldocarro.estadao.com.br\/motos\/bmw-harley-ducati-abandonam-salao-duas-rodas\/\" target=\"_blank\" rel=\"noopener nofollow\"><em><strong>Marcas abandonam Sal\u00e3o Duas Rodas<\/strong><\/em><\/a><\/li>\n<li><a href=\"https:\/\/jornaldocarro.estadao.com.br\/carros\/melhores-opcoes-carros-de-rs-100-mil\/\" target=\"_blank\" rel=\"noopener nofollow\"><em><strong>As melhores op\u00e7\u00f5es de carros de R$ 100 mil<\/strong><\/em><\/a><\/li>\n<\/ul><p>O segundo Ford mais vendido, atr\u00e1s do hatch Ka, foi o Ka Sedan. O modelo, que parte de R$ 50.490, ficou na 22\u00aa posi\u00e7\u00e3o do ranking de vendas.<\/p><p>Juntos, o hatch Ka e sua vers\u00e3o sed\u00e3 t\u00eam uma representatividade na linha Ford apenas um pouco menor que a da dupla Onix\/Prisma na Chevrolet. A participa\u00e7\u00e3o \u00e9 de 63,3%.<\/p><p>Sem os dois modelos, a Ford seria apenas a 10\u00aa colocada no ranking de vendas, atr\u00e1s da Nissan.<\/p>\n  <div style=\"width: 100%;\" id=\"render-hmeio-8\"><\/div>\n    <script type=\"text\/javascript\">\n      if(window.innerWidth > 1){\n        $(\"#render-hmeio-8\").append(`\n          <div class=\"area-publicidade-rectangular hmeio\">\n            <p>Publicidade\n            <div class=\"area-publicidade\">\n              <div id=\"hmeio8\">\n            \n          \n        `);\n\n        renderPubNow('hmeio', 8)\n      }\n    <\/script>\n  <br><h3>Kicks<\/h3><p>O March, carro mais barato da Nissan, parte de R$ 47.190. Mas a maior depend\u00eancia da marca \u00e9 pelo Kicks. Diferentemente dos exemplos citados acima, o SUV n\u00e3o \u00e9 um modelo de entrada e tem tabela inicial de R$ 74 mil.<\/p><p>Sem o Kicks, a Nissan teria vendido apenas 45 mil unidades de seus outros quatro modelos (al\u00e9m do March, h\u00e1 Versa, Frontier e Sentra) no Brasil no ano passado. A boa not\u00edcia \u00e9 que nem assim a empresa perderia posi\u00e7\u00e3o no ranking. Isso porque a 11\u00aa colocada (a Nissan \u00e9 a d\u00e9cima), Peugeot, vendeu cerca de 24 mil carros no Brasil no ano passado.<\/p><p>O Kicks representou em 2018 51,6% das vendas da Nissan no Pa\u00eds.<\/p>\n  <div style=\"width: 100%;\" id=\"render-hmeio-9\"><\/div>\n    <script type=\"text\/javascript\">\n      if(window.innerWidth > 1){\n        $(\"#render-hmeio-9\").append(`\n          <div class=\"area-publicidade-rectangular hmeio\">\n            <p>Publicidade\n            <div class=\"area-publicidade\">\n              <div id=\"hmeio9\">\n            \n          \n        `);\n\n        renderPubNow('hmeio', 9)\n      }\n    <\/script>\n  <br><p>CONHE\u00c7A MEU PERFIL NO INSTAGRAM<\/p><blockquote class=\"instagram-media\" style=\"background: #FFF; border: 0; border-radius: 3px; box-shadow: 0 0 1px 0 rgba(0,0,0,0.5),0 1px 10px 0 rgba(0,0,0,0.15); margin: 1px; max-width: 540px; min-width: 326px; padding: 0; width: calc(100% - 2px);\" data-instgrm-captioned=\"\" data-instgrm-permalink=\"https:\/\/www.instagram.com\/p\/BtbSIm-HcMs\/?utm_source=ig_embed&amp;utm_medium=loading\" data-instgrm-version=\"12\">\n<div style=\"padding: 16px;\">\n<p>\u00a0<\/p>\n<div style=\"display: flex; flex-direction: row; align-items: center;\">\n<div style=\"background-color: #f4f4f4; border-radius: 50%; flex-grow: 0; height: 40px; margin-right: 14px; width: 40px;\"><\/div>\n<div style=\"display: flex; flex-direction: column; flex-grow: 1; justify-content: center;\">\n<div style=\"background-color: #f4f4f4; border-radius: 4px; flex-grow: 0; height: 14px; margin-bottom: 6px; width: 100px;\"><\/div>\n<div style=\"background-color: #f4f4f4; border-radius: 4px; flex-grow: 0; height: 14px; width: 60px;\"><\/div>\n<\/div>\n<\/div>\n<div style=\"padding: 19% 0;\"><\/div>\n<div style=\"display: block; height: 50px; margin: 0 auto 12px; width: 50px;\"><\/div>\n<div style=\"padding-top: 8px;\">\n<div style=\"color: #3897f0; font-family: Arial,sans-serif; font-size: 14px; font-style: normal; font-weight: 550; line-height: 18px;\">Visualizar esta foto no Instagram.<\/div>\n<\/div>\n<div style=\"padding: 12.5% 0;\"><\/div>\n<div style=\"display: flex; flex-direction: row; margin-bottom: 14px; align-items: center;\">\n<div>\n<div style=\"background-color: #f4f4f4; border-radius: 50%; height: 12.5px; width: 12.5px; transform: translateX(0px) translateY(7px);\"><\/div>\n<div style=\"background-color: #f4f4f4; height: 12.5px; transform: rotate(-45deg) translateX(3px) translateY(1px); width: 12.5px; flex-grow: 0; margin-right: 14px; margin-left: 2px;\"><\/div>\n<div style=\"background-color: #f4f4f4; border-radius: 50%; height: 12.5px; width: 12.5px; transform: translateX(9px) translateY(-18px);\"><\/div>\n<\/div>\n<div style=\"margin-left: 8px;\">\n<div style=\"background-color: #f4f4f4; border-radius: 50%; flex-grow: 0; height: 20px; width: 20px;\"><\/div>\n<div style=\"width: 0; height: 0; border-top: 2px solid transparent; border-left: 6px solid #f4f4f4; border-bottom: 2px solid transparent; transform: translateX(16px) translateY(-4px) rotate(30deg);\"><\/div>\n<\/div>\n<div style=\"margin-left: auto;\">\n<div style=\"width: 0px; border-top: 8px solid #F4F4F4; border-right: 8px solid transparent; transform: translateY(16px);\"><\/div>\n<div style=\"background-color: #f4f4f4; flex-grow: 0; height: 12px; width: 16px; transform: translateY(-4px);\"><\/div>\n<div style=\"width: 0; height: 0; border-top: 8px solid #F4F4F4; border-left: 8px solid transparent; transform: translateY(-4px) translateX(8px);\"><\/div>\n<\/div>\n<\/div>\n<p>\u00a0<\/p>\n<p style=\"margin: 8px 0 0 0; padding: 0 4px;\"><a style=\"color: #000; font-family: Arial,sans-serif; font-size: 14px; font-style: normal; font-weight: normal; line-height: 17px; text-decoration: none; word-wrap: break-word;\" href=\"https:\/\/www.instagram.com\/p\/BtbSIm-HcMs\/?utm_source=ig_embed&amp;utm_medium=loading\" target=\"_blank\" rel=\"noopener nofollow\">All black!!! #Lamborghini Urus flagrado por @mateo.r.photography em Paris. Quem tamb\u00e9m est\u00e1 ansioso para ver o Super SUV nas ruas do Brasil? #paris #Fran\u00e7a #luxo #luxury #lifestyle #suv #car #carro #instacar #instadaily #lifestyle #urus #viagem #trip<\/a><\/p>\n<p style=\"color: #c9c8cd; font-family: Arial,sans-serif; font-size: 14px; line-height: 17px; margin-bottom: 0; margin-top: 8px; overflow: hidden; padding: 8px 0 7px; text-align: center; text-overflow: ellipsis; white-space: nowrap;\">Uma publica\u00e7\u00e3o compartilhada por <a style=\"color: #c9c8cd; font-family: Arial,sans-serif; font-size: 14px; font-style: normal; font-weight: normal; line-height: 17px;\" href=\"https:\/\/www.instagram.com\/rafaelatborges\/?utm_source=ig_embed&amp;utm_medium=loading\" target=\"_blank\" rel=\"noopener nofollow\"> Rafaela Borges<\/a> (@rafaelatborges) em <time style=\"font-family: Arial,sans-serif; font-size: 14px; line-height: 17px;\" datetime=\"2019-02-03T16:26:56+00:00\">3 de Fev, 2019 \u00e0s 8:26 PST<\/time><\/p>\n<\/div>\n<\/blockquote><p><script async src=\"\/\/www.instagram.com\/embed.js\"><\/script><\/p><p>\u00a0<\/p>\n  <div style=\"width: 100%;\" id=\"render-hmeio-10\"><\/div>\n    <script type=\"text\/javascript\">\n      if(window.innerWidth > 1){\n        $(\"#render-hmeio-10\").append(`\n          <div class=\"area-publicidade-rectangular hmeio\">\n            <p>Publicidade\n            <div class=\"area-publicidade\">\n              <div id=\"hmeio10\">\n            \n          \n        `);\n\n        renderPubNow('hmeio', 10)\n      }\n    <\/script>\n  <br><p>\u00a0<\/p><p>\u00a0<\/p><p>\u00a0<\/p>\n  <div style=\"width: 100%;\" id=\"render-hmeio-11\"><\/div>\n    <script type=\"text\/javascript\">\n      if(window.innerWidth > 1){\n        $(\"#render-hmeio-11\").append(`\n          <div class=\"area-publicidade-rectangular hmeio\">\n            <p>Publicidade\n            <div class=\"area-publicidade\">\n              <div id=\"hmeio11\">\n            \n          \n        `);\n\n        renderPubNow('hmeio', 11)\n      }\n    <\/script>\n  <br><p>\u00a0<\/p><p>\u00a0<\/p>","protected":false},"excerpt":{"rendered":"<p>Marcas que t\u00eam modelos de entrada dependem deles para ficar no topo de vendas. \u00c9 o caso da Ford que, sem o hatch Ka despencaria no ranking<\/p>\n","protected":false},"featured_media":99146,"template":"","class_list":["post-97190","blog_primeira_classe","type-blog_primeira_classe","status-publish","has-post-thumbnail","hentry","tags_primeira_classe-ka","tags_primeira_classe-kicks","tags_primeira_classe-onix","tags_primeira_classe-prisma"],"yoast_head":"<!-- This site is optimized with the Yoast SEO plugin v23.5 - https:\/\/yoast.com\/wordpress\/plugins\/seo\/ -->\n<title>Carros que carregam suas marcas nas costas - Jornal do Carro - Estad\u00e3o<\/title>\n<meta name=\"description\" content=\"SUV Nissan Kicks, a dupla Onix e Prisma, o hatch Ka. Esses s\u00e3o exemplos de carros que carregam suas montadoras nas costas no Brasil.\u00a0\" \/>\n<meta name=\"robots\" content=\"noindex, follow\" \/>\n<meta name=\"twitter:card\" content=\"summary_large_image\" \/>\n<meta name=\"twitter:title\" content=\"Carros que carregam suas marcas nas costas - Jornal do Carro - Estad\u00e3o\" \/>\n<meta name=\"twitter:description\" content=\"SUV Nissan Kicks, a dupla Onix e Prisma, o hatch Ka. Esses s\u00e3o exemplos de carros que carregam suas montadoras nas costas no Brasil.\u00a0\" \/>\n<meta name=\"twitter:image\" content=\"https:\/\/jornaldocarro.estadao.com.br\/wp-content\/uploads\/2019\/01\/42155824.jpg\" \/>\n<meta name=\"twitter:label1\" content=\"Est. tempo de leitura\" \/>\n\t<meta name=\"twitter:data1\" content=\"4 minutos\" \/>\n<script type=\"application\/ld+json\" class=\"yoast-schema-graph\">{\"@context\":\"https:\/\/schema.org\",\"@graph\":[{\"@type\":\"WebPage\",\"@id\":\"https:\/\/jornaldocarro.estadao.com.br\/primeira-classe\/hatch-ka-montadoras-costas\/\",\"url\":\"https:\/\/jornaldocarro.estadao.com.br\/primeira-classe\/hatch-ka-montadoras-costas\/\",\"name\":\"Carros que carregam suas marcas nas costas - Jornal do Carro - Estad\u00e3o\",\"isPartOf\":{\"@id\":\"https:\/\/jornaldocarro.estadao.com.br\/#website\"},\"primaryImageOfPage\":{\"@id\":\"https:\/\/jornaldocarro.estadao.com.br\/primeira-classe\/hatch-ka-montadoras-costas\/#primaryimage\"},\"image\":{\"@id\":\"https:\/\/jornaldocarro.estadao.com.br\/primeira-classe\/hatch-ka-montadoras-costas\/#primaryimage\"},\"thumbnailUrl\":\"https:\/\/jornaldocarro.estadao.com.br\/wp-content\/uploads\/2019\/01\/42155824.jpg\",\"datePublished\":\"2019-02-05T21:31:14+00:00\",\"dateModified\":\"2019-02-06T12:27:19+00:00\",\"description\":\"SUV Nissan Kicks, a dupla Onix e Prisma, o hatch Ka. Esses s\u00e3o exemplos de carros que carregam suas montadoras nas costas no Brasil.\u00a0\",\"breadcrumb\":{\"@id\":\"https:\/\/jornaldocarro.estadao.com.br\/primeira-classe\/hatch-ka-montadoras-costas\/#breadcrumb\"},\"inLanguage\":\"pt-BR\",\"potentialAction\":[{\"@type\":\"ReadAction\",\"target\":[\"https:\/\/jornaldocarro.estadao.com.br\/primeira-classe\/hatch-ka-montadoras-costas\/\"]}]},{\"@type\":\"ImageObject\",\"inLanguage\":\"pt-BR\",\"@id\":\"https:\/\/jornaldocarro.estadao.com.br\/primeira-classe\/hatch-ka-montadoras-costas\/#primaryimage\",\"url\":\"https:\/\/jornaldocarro.estadao.com.br\/wp-content\/uploads\/2019\/01\/42155824.jpg\",\"contentUrl\":\"https:\/\/jornaldocarro.estadao.com.br\/wp-content\/uploads\/2019\/01\/42155824.jpg\",\"width\":3872,\"height\":2582,\"caption\":\"Foto: Gabriela Bil\u00f3\/Estad\u00e3o\"},{\"@type\":\"BreadcrumbList\",\"@id\":\"https:\/\/jornaldocarro.estadao.com.br\/primeira-classe\/hatch-ka-montadoras-costas\/#breadcrumb\",\"itemListElement\":[{\"@type\":\"ListItem\",\"position\":1,\"name\":\"In\u00edcio\",\"item\":\"https:\/\/jornaldocarro.estadao.com.br\/\"},{\"@type\":\"ListItem\",\"position\":2,\"name\":\"Primeira Classe\",\"item\":\"https:\/\/jornaldocarro.estadao.com.br\/primeira-classe\/\"},{\"@type\":\"ListItem\",\"position\":3,\"name\":\"Carros que carregam suas marcas nas costas\"}]},{\"@type\":\"WebSite\",\"@id\":\"https:\/\/jornaldocarro.estadao.com.br\/#website\",\"url\":\"https:\/\/jornaldocarro.estadao.com.br\/\",\"name\":\"Jornal do Carro - Estad\u00e3o\",\"description\":\"O portal sobre carros, motos e tudo sobre o tema ve\u00edculos no Estad\u00e3o. Fique por dentro de lan\u00e7amentos e de hist\u00f3rias dos leitores e seus carros.\",\"potentialAction\":[{\"@type\":\"SearchAction\",\"target\":{\"@type\":\"EntryPoint\",\"urlTemplate\":\"https:\/\/jornaldocarro.estadao.com.br\/?s={search_term_string}\"},\"query-input\":{\"@type\":\"PropertyValueSpecification\",\"valueRequired\":true,\"valueName\":\"search_term_string\"}}],\"inLanguage\":\"pt-BR\"}]}<\/script>\n<!-- \/ Yoast SEO plugin. -->","yoast_head_json":{"title":"Carros que carregam suas marcas nas costas - Jornal do Carro - Estad\u00e3o","description":"SUV Nissan Kicks, a dupla Onix e Prisma, o hatch Ka. Esses s\u00e3o exemplos de carros que carregam suas montadoras nas costas no Brasil.\u00a0","robots":{"index":"noindex","follow":"follow"},"twitter_card":"summary_large_image","twitter_title":"Carros que carregam suas marcas nas costas - Jornal do Carro - Estad\u00e3o","twitter_description":"SUV Nissan Kicks, a dupla Onix e Prisma, o hatch Ka. Esses s\u00e3o exemplos de carros que carregam suas montadoras nas costas no Brasil.\u00a0","twitter_image":"https:\/\/jornaldocarro.estadao.com.br\/wp-content\/uploads\/2019\/01\/42155824.jpg","twitter_misc":{"Est. tempo de leitura":"4 minutos"},"schema":{"@context":"https:\/\/schema.org","@graph":[{"@type":"WebPage","@id":"https:\/\/jornaldocarro.estadao.com.br\/primeira-classe\/hatch-ka-montadoras-costas\/","url":"https:\/\/jornaldocarro.estadao.com.br\/primeira-classe\/hatch-ka-montadoras-costas\/","name":"Carros que carregam suas marcas nas costas - Jornal do Carro - Estad\u00e3o","isPartOf":{"@id":"https:\/\/jornaldocarro.estadao.com.br\/#website"},"primaryImageOfPage":{"@id":"https:\/\/jornaldocarro.estadao.com.br\/primeira-classe\/hatch-ka-montadoras-costas\/#primaryimage"},"image":{"@id":"https:\/\/jornaldocarro.estadao.com.br\/primeira-classe\/hatch-ka-montadoras-costas\/#primaryimage"},"thumbnailUrl":"https:\/\/jornaldocarro.estadao.com.br\/wp-content\/uploads\/2019\/01\/42155824.jpg","datePublished":"2019-02-05T21:31:14+00:00","dateModified":"2019-02-06T12:27:19+00:00","description":"SUV Nissan Kicks, a dupla Onix e Prisma, o hatch Ka. Esses s\u00e3o exemplos de carros que carregam suas montadoras nas costas no Brasil.\u00a0","breadcrumb":{"@id":"https:\/\/jornaldocarro.estadao.com.br\/primeira-classe\/hatch-ka-montadoras-costas\/#breadcrumb"},"inLanguage":"pt-BR","potentialAction":[{"@type":"ReadAction","target":["https:\/\/jornaldocarro.estadao.com.br\/primeira-classe\/hatch-ka-montadoras-costas\/"]}]},{"@type":"ImageObject","inLanguage":"pt-BR","@id":"https:\/\/jornaldocarro.estadao.com.br\/primeira-classe\/hatch-ka-montadoras-costas\/#primaryimage","url":"https:\/\/jornaldocarro.estadao.com.br\/wp-content\/uploads\/2019\/01\/42155824.jpg","contentUrl":"https:\/\/jornaldocarro.estadao.com.br\/wp-content\/uploads\/2019\/01\/42155824.jpg","width":3872,"height":2582,"caption":"Foto: Gabriela Bil\u00f3\/Estad\u00e3o"},{"@type":"BreadcrumbList","@id":"https:\/\/jornaldocarro.estadao.com.br\/primeira-classe\/hatch-ka-montadoras-costas\/#breadcrumb","itemListElement":[{"@type":"ListItem","position":1,"name":"In\u00edcio","item":"https:\/\/jornaldocarro.estadao.com.br\/"},{"@type":"ListItem","position":2,"name":"Primeira Classe","item":"https:\/\/jornaldocarro.estadao.com.br\/primeira-classe\/"},{"@type":"ListItem","position":3,"name":"Carros que carregam suas marcas nas costas"}]},{"@type":"WebSite","@id":"https:\/\/jornaldocarro.estadao.com.br\/#website","url":"https:\/\/jornaldocarro.estadao.com.br\/","name":"Jornal do Carro - Estad\u00e3o","description":"O portal sobre carros, motos e tudo sobre o tema ve\u00edculos no Estad\u00e3o. Fique por dentro de lan\u00e7amentos e de hist\u00f3rias dos leitores e seus carros.","potentialAction":[{"@type":"SearchAction","target":{"@type":"EntryPoint","urlTemplate":"https:\/\/jornaldocarro.estadao.com.br\/?s={search_term_string}"},"query-input":{"@type":"PropertyValueSpecification","valueRequired":true,"valueName":"search_term_string"}}],"inLanguage":"pt-BR"}]}},"_links":{"self":[{"href":"https:\/\/jornaldocarro.estadao.com.br\/api\/wp\/v2\/blog_primeira_classe\/97190","targetHints":{"allow":["GET"]}}],"collection":[{"href":"https:\/\/jornaldocarro.estadao.com.br\/api\/wp\/v2\/blog_primeira_classe"}],"about":[{"href":"https:\/\/jornaldocarro.estadao.com.br\/api\/wp\/v2\/types\/blog_primeira_classe"}],"version-history":[{"count":22,"href":"https:\/\/jornaldocarro.estadao.com.br\/api\/wp\/v2\/blog_primeira_classe\/97190\/revisions"}],"predecessor-version":[{"id":99931,"href":"https:\/\/jornaldocarro.estadao.com.br\/api\/wp\/v2\/blog_primeira_classe\/97190\/revisions\/99931"}],"wp:featuredmedia":[{"embeddable":true,"href":"https:\/\/jornaldocarro.estadao.com.br\/api\/wp\/v2\/media\/99146"}],"wp:attachment":[{"href":"https:\/\/jornaldocarro.estadao.com.br\/api\/wp\/v2\/media?parent=97190"}],"curies":[{"name":"wp","href":"https:\/\/api.w.org\/{rel}","templated":true}]}}