{"id":99643,"date":"2019-02-02T13:26:24","date_gmt":"2019-02-02T15:26:24","guid":{"rendered":"https:\/\/jornaldocarro.estadao.com.br\/?post_type=blog_primeira_classe&#038;p=99643"},"modified":"2019-02-02T14:29:56","modified_gmt":"2019-02-02T16:29:56","slug":"super-bowl-carros-astro-tom-brady","status":"publish","type":"blog_primeira_classe","link":"https:\/\/jornaldocarro.estadao.com.br\/primeira-classe\/super-bowl-carros-astro-tom-brady\/","title":{"rendered":"Super Bowl: os carros do astro Tom Brady"},"content":{"rendered":"<p>O marido de Gisele Bundchen \u00e9 um dos maiores nomes da NFL, a liga de futebol americano. Al\u00e9m disso, Tom Brady \u00e9 tamb\u00e9m o astro do <strong>Super Bowl<\/strong> 2019, o jogo final do campeonato.<\/p><ul>\n<li><a href=\"https:\/\/www.youtube.com\/user\/JdoCarro\" target=\"_blank\" rel=\"noopener nofollow\"><strong>Inscreva-se no canal do Jornal do Carro no YouTube<\/strong><\/a><\/li>\n<\/ul><p>A partida ocorrer\u00e1 neste domingo (3) em Atlanta, na Georgia. Os times envolvidos s\u00e3o o de Brady, o New England Patriots, e o Los Angeles Rams.<\/p><p>Ser\u00e1 que o astro do Super Bowl gosta de carros? Pelo visto, gosta sim, e n\u00e3o \u00e9 pouco. De acordo com sites americanos, entre os ve\u00edculos que o quaterback tem e os que teve at\u00e9 pouco tempo, s\u00e3o pelo menos 15 m\u00e1quinas.<\/p>\n  <div style=\"width: 100%;\" id=\"render-hmeio-1\"><\/div>\n    <script type=\"text\/javascript\">\n      if(window.innerWidth > 1){\n        $(\"#render-hmeio-1\").append(`\n          <div class=\"area-publicidade-rectangular hmeio\">\n            <p>Publicidade\n            <div class=\"area-publicidade\">\n              <div id=\"hmeio1\">\n            \n          \n        `);\n\n        \n    window.jornaldocarro = window.jornaldocarro || {};\n    window.jornaldocarro.slotsAds = window.jornaldocarro.slotsAds || [];\n    window.jornaldocarro.slotsAds.push(\"hmeio1\");\n  \n      }\n    <\/script>\n  <br><p><strong>LEIA TAMB\u00c9M<\/strong><\/p><ul>\n<li><a href=\"https:\/\/jornaldocarro.estadao.com.br\/primeira-classe\/verao-90-carros-circulavam-brasil\/\" target=\"_blank\" rel=\"noopener nofollow\"><em><strong>Ver\u00e3o 90: os carros que circulavam no Brasil<\/strong><\/em><\/a><\/li>\n<li><a href=\"https:\/\/jornaldocarro.estadao.com.br\/primeira-classe\/carros-de-policia-do-chile-sao-incriveis\/\" target=\"_blank\" rel=\"noopener nofollow\"><em><strong>Carros de pol\u00edcia do Chile s\u00e3o incr\u00edveis\u00a0<\/strong><\/em><\/a><\/li>\n<\/ul><p>A cole\u00e7\u00e3o inclui esportivos, luxuosos, SUVs\u2026 H\u00e1 carros americanos, alem\u00e3es e ingleses. Muito ingleses. Brady \u00e9 dono de dois Aston Martin, tamb\u00e9m de acordo com a imprensa dos EUA, e um modelo da Rolls-Royce.<\/p><p>Veja, a seguir, os destaques da cole\u00e7\u00e3o de carros de Tom Brady.<\/p>\n  <div style=\"width: 100%;\" id=\"render-hmeio-2\"><\/div>\n    <script type=\"text\/javascript\">\n      if(window.innerWidth > 1){\n        $(\"#render-hmeio-2\").append(`\n          <div class=\"area-publicidade-rectangular hmeio\">\n            <p>Publicidade\n            <div class=\"area-publicidade\">\n              <div id=\"hmeio2\">\n            \n          \n        `);\n\n        \n    window.jornaldocarro = window.jornaldocarro || {};\n    window.jornaldocarro.slotsAds = window.jornaldocarro.slotsAds || [];\n    window.jornaldocarro.slotsAds.push(\"hmeio2\");\n  \n      }\n    <\/script>\n  <br><p><strong>Galeria: a cole\u00e7\u00e3o de carros de Cristiano Ronaldo<\/strong><\/p>\n\n<div class=\"clearfix\"><\/div>\n<div data-gallery-id=\"28762\" class=\"jc-img-gallery-wrapper mt-3 mb-2\">\n  <div class=\"jc-img-gallery\" id=\"jc-img-gallery-28762\" data-gallery-title=\"Super Bowl: os carros do astro Tom Brady\">\n      <\/div>\n\n<\/div>\n<div class=\"clearfix\"><\/div>\n\n<h3>Os esportivos do astro do Super Bowl<\/h3><p>Eu tenho direito a eleger meu favorito? Bem, eu vou eleger! Sou muito f\u00e3 dos carros da Aston Martin. N\u00e3o quando o assunto \u00e9 qualidade de produto, pois tenho pouqu\u00edssima experi\u00eancia com os modelos da marca \u2013 s\u00f3 dirigi um Rapide.<\/p><p>Por\u00e9m, em minha opini\u00e3o, s\u00e3o os modelos mais bonitos do mundo. E o astro do <strong>Super Bowl<\/strong> tem dois Aston Martin na garagem.<\/p>\n  <div style=\"width: 100%;\" id=\"render-hmeio-3\"><\/div>\n    <script type=\"text\/javascript\">\n      if(window.innerWidth > 1){\n        $(\"#render-hmeio-3\").append(`\n          <div class=\"area-publicidade-rectangular hmeio\">\n            <p>Publicidade\n            <div class=\"area-publicidade\">\n              <div id=\"hmeio3\">\n            \n          \n        `);\n\n        \n    window.jornaldocarro = window.jornaldocarro || {};\n    window.jornaldocarro.slotsAds = window.jornaldocarro.slotsAds || [];\n    window.jornaldocarro.slotsAds.push(\"hmeio3\");\n  \n      }\n    <\/script>\n  <br><p>Meu preferido \u00e9 o DB11 2017 da foto abaixo. A bela m\u00e1quina \u00e9 cotada em US$ 200 mil nos EUA (veja link para conversor de moedas, caso queira saber o equivalente em R$, o que n\u00e3o significa quanto esse carro custaria no Brasil).<\/p><p><img loading=\"lazy\" decoding=\"async\" class=\"alignnone size-medium\" src=\"https:\/\/jornaldocarro.estadao.com.br\/wp-content\/uploads\/2019\/02\/youtube-1.jpg\" width=\"738\" height=\"415\"><\/p><p>O DB11 tem motor V12, vai de 0 a 100 km\/h em 3,9 segundos e atinge quase 325 km\/h de velocidade m\u00e1xima.<\/p>\n  <div style=\"width: 100%;\" id=\"render-hmeio-4\"><\/div>\n    <script type=\"text\/javascript\">\n      if(window.innerWidth > 1){\n        $(\"#render-hmeio-4\").append(`\n          <div class=\"area-publicidade-rectangular hmeio\">\n            <p>Publicidade\n            <div class=\"area-publicidade\">\n              <div id=\"hmeio4\">\n            \n          \n        `);\n\n        \n    window.jornaldocarro = window.jornaldocarro || {};\n    window.jornaldocarro.slotsAds = window.jornaldocarro.slotsAds || [];\n    window.jornaldocarro.slotsAds.push(\"hmeio4\");\n  \n      }\n    <\/script>\n  <br><p>A estrela do Super Bowl tem tamb\u00e9m um Aston Vanquish Volante em edi\u00e7\u00e3o limitada TB12, cotado em US$ 360 mil. Essa edi\u00e7\u00e3o, na verdade, foi feita em homenagem a Brady. Por isso, leva suas iniciais e o n\u00famero de sua camisa.<\/p><p>A edi\u00e7\u00e3o \u00e9 limitada a 12 unidades. Brady e a Aston Martin assinaram, na \u00e9poca da cria\u00e7\u00e3o da s\u00e9rie especial em homenagem ao quaterback, um acordo de longa dura\u00e7\u00e3o, para associar a imagem do astro \u00e0 da marca inglesa.<\/p><p>Al\u00e9m dos Aston, a estrela do<strong> Super Bowl<\/strong> tem tamb\u00e9m uma Ferrari 458 Italia, um Audi R8 e nada mais nada menos com um Veyron.<\/p>\n  <div style=\"width: 100%;\" id=\"render-hmeio-5\"><\/div>\n    <script type=\"text\/javascript\">\n      if(window.innerWidth > 1){\n        $(\"#render-hmeio-5\").append(`\n          <div class=\"area-publicidade-rectangular hmeio\">\n            <p>Publicidade\n            <div class=\"area-publicidade\">\n              <div id=\"hmeio5\">\n            \n          \n        `);\n\n        \n    window.jornaldocarro = window.jornaldocarro || {};\n    window.jornaldocarro.slotsAds = window.jornaldocarro.slotsAds || [];\n    window.jornaldocarro.slotsAds.push(\"hmeio5\");\n  \n      }\n    <\/script>\n  <br><p>O Bugatti \u00e9 a \u201cjoia\u201d da cole\u00e7\u00e3o de Brady e Gisele, tem motor de 1.200 cv e cota\u00e7\u00e3o em torno de US$ 1,7 milh\u00e3o.<\/p>\n<figure style=\"width: 738px\" class=\"wp-caption alignnone\"><img loading=\"lazy\" decoding=\"async\" class=\"size-medium\" src=\"https:\/\/jornaldocarro.estadao.com.br\/wp-content\/uploads\/2019\/02\/nitro.pe_.jpg\" width=\"738\" height=\"422\"><figcaption class=\"wp-caption-text\">Tom Brady e o Bugatti Veyron (Fotos: Reprodu\u00e7\u00e3o)<\/figcaption><\/figure>\n<p>\u00a0<\/p>\n  <div style=\"width: 100%;\" id=\"render-hmeio-6\"><\/div>\n    <script type=\"text\/javascript\">\n      if(window.innerWidth > 1){\n        $(\"#render-hmeio-6\").append(`\n          <div class=\"area-publicidade-rectangular hmeio\">\n            <p>Publicidade\n            <div class=\"area-publicidade\">\n              <div id=\"hmeio6\">\n            \n          \n        `);\n\n        \n    window.jornaldocarro = window.jornaldocarro || {};\n    window.jornaldocarro.slotsAds = window.jornaldocarro.slotsAds || [];\n    window.jornaldocarro.slotsAds.push(\"hmeio6\");\n  \n      }\n    <\/script>\n  <br><h3>Os SUVs e sed\u00e3s da cole\u00e7\u00e3o<\/h3><p>Um dos carros que \u00e9 atribu\u00eddo a Gisele pela imprensa norte-americana \u00e9 um BMW X5 2013. Por\u00e9m, h\u00e1 tamb\u00e9m outros SUVs na garagem do astro do Super Bowl e da supermodelo brasileira.<\/p><p>Entre eles, os destaques s\u00e3o um \u201cgrandalh\u00e3o\u201d Cadillac Escalade e um h\u00edbrido RX. O casal tem tamb\u00e9m um Land Rover.<\/p><p>Entre os sed\u00e3s, o destaque \u00e9 um Rolls-Royce Ghost cotado em US$ 400 mil. H\u00e1 at\u00e9 uma picape na cole\u00e7\u00e3o: trata-se de Chevrolet Colorado 2015.<\/p>\n  <div style=\"width: 100%;\" id=\"render-hmeio-7\"><\/div>\n    <script type=\"text\/javascript\">\n      if(window.innerWidth > 1){\n        $(\"#render-hmeio-7\").append(`\n          <div class=\"area-publicidade-rectangular hmeio\">\n            <p>Publicidade\n            <div class=\"area-publicidade\">\n              <div id=\"hmeio7\">\n            \n          \n        `);\n\n        renderPubNow('hmeio', 7)\n      }\n    <\/script>\n  <br><h3>Galeria: a cole\u00e7\u00e3o de carros de Neymar<\/h3>\n\n<div class=\"clearfix\"><\/div>\n<div data-gallery-id=\"30455\" class=\"jc-img-gallery-wrapper mt-3 mb-2\">\n  <div class=\"jc-img-gallery\" id=\"jc-img-gallery-30455\" data-gallery-title=\"Super Bowl: os carros do astro Tom Brady\">\n      <\/div>\n\n<\/div>\n<div class=\"clearfix\"><\/div>\n\n<p>\u00a0<\/p>","protected":false},"excerpt":{"rendered":"<p>Marido de Gisele Bundchen e estrela do Super Bowl, Tom Brady tem pelo menos 15 carros, diz imprensa americana <\/p>\n","protected":false},"featured_media":99649,"template":"","class_list":["post-99643","blog_primeira_classe","type-blog_primeira_classe","status-publish","has-post-thumbnail","hentry","tags_primeira_classe-aston-martin","tags_primeira_classe-ferrari","tags_primeira_classe-rolls-royce","tags_primeira_classe-super-bowl","tags_primeira_classe-tom-brady"],"yoast_head":"<!-- This site is optimized with the Yoast SEO plugin v23.5 - https:\/\/yoast.com\/wordpress\/plugins\/seo\/ -->\n<title>Super Bowl: os carros do astro Tom Brady - Jornal do Carro - Estad\u00e3o<\/title>\n<meta name=\"description\" content=\"Astro do Super Bowl, que tem final neste domingo, Tom Brady e a esposa Gisele Bundchen t\u00eam cole\u00e7\u00e3o de pelo menos 15 ve\u00edculos\" \/>\n<meta name=\"robots\" content=\"noindex, follow\" \/>\n<meta name=\"twitter:card\" content=\"summary_large_image\" \/>\n<meta name=\"twitter:title\" content=\"Super Bowl: os carros do astro Tom Brady - Jornal do Carro - Estad\u00e3o\" \/>\n<meta name=\"twitter:description\" content=\"Astro do Super Bowl, que tem final neste domingo, Tom Brady e a esposa Gisele Bundchen t\u00eam cole\u00e7\u00e3o de pelo menos 15 ve\u00edculos\" \/>\n<meta name=\"twitter:image\" content=\"https:\/\/jornaldocarro.estadao.com.br\/wp-content\/uploads\/2019\/02\/5575275.jpg\" \/>\n<meta name=\"twitter:label1\" content=\"Est. tempo de leitura\" \/>\n\t<meta name=\"twitter:data1\" content=\"3 minutos\" \/>\n<script type=\"application\/ld+json\" class=\"yoast-schema-graph\">{\"@context\":\"https:\/\/schema.org\",\"@graph\":[{\"@type\":\"WebPage\",\"@id\":\"https:\/\/jornaldocarro.estadao.com.br\/primeira-classe\/super-bowl-carros-astro-tom-brady\/\",\"url\":\"https:\/\/jornaldocarro.estadao.com.br\/primeira-classe\/super-bowl-carros-astro-tom-brady\/\",\"name\":\"Super Bowl: os carros do astro Tom Brady - Jornal do Carro - Estad\u00e3o\",\"isPartOf\":{\"@id\":\"https:\/\/jornaldocarro.estadao.com.br\/#website\"},\"primaryImageOfPage\":{\"@id\":\"https:\/\/jornaldocarro.estadao.com.br\/primeira-classe\/super-bowl-carros-astro-tom-brady\/#primaryimage\"},\"image\":{\"@id\":\"https:\/\/jornaldocarro.estadao.com.br\/primeira-classe\/super-bowl-carros-astro-tom-brady\/#primaryimage\"},\"thumbnailUrl\":\"https:\/\/jornaldocarro.estadao.com.br\/wp-content\/uploads\/2019\/02\/5575275.jpg\",\"datePublished\":\"2019-02-02T15:26:24+00:00\",\"dateModified\":\"2019-02-02T16:29:56+00:00\",\"description\":\"Astro do Super Bowl, que tem final neste domingo, Tom Brady e a esposa Gisele Bundchen t\u00eam cole\u00e7\u00e3o de pelo menos 15 ve\u00edculos\",\"breadcrumb\":{\"@id\":\"https:\/\/jornaldocarro.estadao.com.br\/primeira-classe\/super-bowl-carros-astro-tom-brady\/#breadcrumb\"},\"inLanguage\":\"pt-BR\",\"potentialAction\":[{\"@type\":\"ReadAction\",\"target\":[\"https:\/\/jornaldocarro.estadao.com.br\/primeira-classe\/super-bowl-carros-astro-tom-brady\/\"]}]},{\"@type\":\"ImageObject\",\"inLanguage\":\"pt-BR\",\"@id\":\"https:\/\/jornaldocarro.estadao.com.br\/primeira-classe\/super-bowl-carros-astro-tom-brady\/#primaryimage\",\"url\":\"https:\/\/jornaldocarro.estadao.com.br\/wp-content\/uploads\/2019\/02\/5575275.jpg\",\"contentUrl\":\"https:\/\/jornaldocarro.estadao.com.br\/wp-content\/uploads\/2019\/02\/5575275.jpg\",\"width\":3500,\"height\":2333,\"caption\":\"Foto: Lucas Jackson\/Reuters\"},{\"@type\":\"BreadcrumbList\",\"@id\":\"https:\/\/jornaldocarro.estadao.com.br\/primeira-classe\/super-bowl-carros-astro-tom-brady\/#breadcrumb\",\"itemListElement\":[{\"@type\":\"ListItem\",\"position\":1,\"name\":\"In\u00edcio\",\"item\":\"https:\/\/jornaldocarro.estadao.com.br\/\"},{\"@type\":\"ListItem\",\"position\":2,\"name\":\"Primeira Classe\",\"item\":\"https:\/\/jornaldocarro.estadao.com.br\/primeira-classe\/\"},{\"@type\":\"ListItem\",\"position\":3,\"name\":\"Super Bowl: os carros do astro Tom Brady\"}]},{\"@type\":\"WebSite\",\"@id\":\"https:\/\/jornaldocarro.estadao.com.br\/#website\",\"url\":\"https:\/\/jornaldocarro.estadao.com.br\/\",\"name\":\"Jornal do Carro - Estad\u00e3o\",\"description\":\"O portal sobre carros, motos e tudo sobre o tema ve\u00edculos no Estad\u00e3o. Fique por dentro de lan\u00e7amentos e de hist\u00f3rias dos leitores e seus carros.\",\"potentialAction\":[{\"@type\":\"SearchAction\",\"target\":{\"@type\":\"EntryPoint\",\"urlTemplate\":\"https:\/\/jornaldocarro.estadao.com.br\/?s={search_term_string}\"},\"query-input\":{\"@type\":\"PropertyValueSpecification\",\"valueRequired\":true,\"valueName\":\"search_term_string\"}}],\"inLanguage\":\"pt-BR\"}]}<\/script>\n<!-- \/ Yoast SEO plugin. -->","yoast_head_json":{"title":"Super Bowl: os carros do astro Tom Brady - Jornal do Carro - Estad\u00e3o","description":"Astro do Super Bowl, que tem final neste domingo, Tom Brady e a esposa Gisele Bundchen t\u00eam cole\u00e7\u00e3o de pelo menos 15 ve\u00edculos","robots":{"index":"noindex","follow":"follow"},"twitter_card":"summary_large_image","twitter_title":"Super Bowl: os carros do astro Tom Brady - Jornal do Carro - Estad\u00e3o","twitter_description":"Astro do Super Bowl, que tem final neste domingo, Tom Brady e a esposa Gisele Bundchen t\u00eam cole\u00e7\u00e3o de pelo menos 15 ve\u00edculos","twitter_image":"https:\/\/jornaldocarro.estadao.com.br\/wp-content\/uploads\/2019\/02\/5575275.jpg","twitter_misc":{"Est. tempo de leitura":"3 minutos"},"schema":{"@context":"https:\/\/schema.org","@graph":[{"@type":"WebPage","@id":"https:\/\/jornaldocarro.estadao.com.br\/primeira-classe\/super-bowl-carros-astro-tom-brady\/","url":"https:\/\/jornaldocarro.estadao.com.br\/primeira-classe\/super-bowl-carros-astro-tom-brady\/","name":"Super Bowl: os carros do astro Tom Brady - Jornal do Carro - Estad\u00e3o","isPartOf":{"@id":"https:\/\/jornaldocarro.estadao.com.br\/#website"},"primaryImageOfPage":{"@id":"https:\/\/jornaldocarro.estadao.com.br\/primeira-classe\/super-bowl-carros-astro-tom-brady\/#primaryimage"},"image":{"@id":"https:\/\/jornaldocarro.estadao.com.br\/primeira-classe\/super-bowl-carros-astro-tom-brady\/#primaryimage"},"thumbnailUrl":"https:\/\/jornaldocarro.estadao.com.br\/wp-content\/uploads\/2019\/02\/5575275.jpg","datePublished":"2019-02-02T15:26:24+00:00","dateModified":"2019-02-02T16:29:56+00:00","description":"Astro do Super Bowl, que tem final neste domingo, Tom Brady e a esposa Gisele Bundchen t\u00eam cole\u00e7\u00e3o de pelo menos 15 ve\u00edculos","breadcrumb":{"@id":"https:\/\/jornaldocarro.estadao.com.br\/primeira-classe\/super-bowl-carros-astro-tom-brady\/#breadcrumb"},"inLanguage":"pt-BR","potentialAction":[{"@type":"ReadAction","target":["https:\/\/jornaldocarro.estadao.com.br\/primeira-classe\/super-bowl-carros-astro-tom-brady\/"]}]},{"@type":"ImageObject","inLanguage":"pt-BR","@id":"https:\/\/jornaldocarro.estadao.com.br\/primeira-classe\/super-bowl-carros-astro-tom-brady\/#primaryimage","url":"https:\/\/jornaldocarro.estadao.com.br\/wp-content\/uploads\/2019\/02\/5575275.jpg","contentUrl":"https:\/\/jornaldocarro.estadao.com.br\/wp-content\/uploads\/2019\/02\/5575275.jpg","width":3500,"height":2333,"caption":"Foto: Lucas Jackson\/Reuters"},{"@type":"BreadcrumbList","@id":"https:\/\/jornaldocarro.estadao.com.br\/primeira-classe\/super-bowl-carros-astro-tom-brady\/#breadcrumb","itemListElement":[{"@type":"ListItem","position":1,"name":"In\u00edcio","item":"https:\/\/jornaldocarro.estadao.com.br\/"},{"@type":"ListItem","position":2,"name":"Primeira Classe","item":"https:\/\/jornaldocarro.estadao.com.br\/primeira-classe\/"},{"@type":"ListItem","position":3,"name":"Super Bowl: os carros do astro Tom Brady"}]},{"@type":"WebSite","@id":"https:\/\/jornaldocarro.estadao.com.br\/#website","url":"https:\/\/jornaldocarro.estadao.com.br\/","name":"Jornal do Carro - Estad\u00e3o","description":"O portal sobre carros, motos e tudo sobre o tema ve\u00edculos no Estad\u00e3o. Fique por dentro de lan\u00e7amentos e de hist\u00f3rias dos leitores e seus carros.","potentialAction":[{"@type":"SearchAction","target":{"@type":"EntryPoint","urlTemplate":"https:\/\/jornaldocarro.estadao.com.br\/?s={search_term_string}"},"query-input":{"@type":"PropertyValueSpecification","valueRequired":true,"valueName":"search_term_string"}}],"inLanguage":"pt-BR"}]}},"_links":{"self":[{"href":"https:\/\/jornaldocarro.estadao.com.br\/api\/wp\/v2\/blog_primeira_classe\/99643","targetHints":{"allow":["GET"]}}],"collection":[{"href":"https:\/\/jornaldocarro.estadao.com.br\/api\/wp\/v2\/blog_primeira_classe"}],"about":[{"href":"https:\/\/jornaldocarro.estadao.com.br\/api\/wp\/v2\/types\/blog_primeira_classe"}],"version-history":[{"count":18,"href":"https:\/\/jornaldocarro.estadao.com.br\/api\/wp\/v2\/blog_primeira_classe\/99643\/revisions"}],"predecessor-version":[{"id":99672,"href":"https:\/\/jornaldocarro.estadao.com.br\/api\/wp\/v2\/blog_primeira_classe\/99643\/revisions\/99672"}],"wp:featuredmedia":[{"embeddable":true,"href":"https:\/\/jornaldocarro.estadao.com.br\/api\/wp\/v2\/media\/99649"}],"wp:attachment":[{"href":"https:\/\/jornaldocarro.estadao.com.br\/api\/wp\/v2\/media?parent=99643"}],"curies":[{"name":"wp","href":"https:\/\/api.w.org\/{rel}","templated":true}]}}