{"id":64006,"date":"2017-11-23T19:31:54","date_gmt":"2017-11-23T21:31:54","guid":{"rendered":"http:\/\/jornaldocarro.estadao.com.br\/?post_type=post_patrocinado&#038;p=64006"},"modified":"2017-11-28T21:41:57","modified_gmt":"2017-11-28T23:41:57","slug":"novo-polo-novo-conceito-para-um-carro-revolucionario","status":"publish","type":"post_patrocinado","link":"https:\/\/jornaldocarro.estadao.com.br\/post-patrocinado\/novo-polo-novo-conceito-para-um-carro-revolucionario\/","title":{"rendered":"Novo conceito para um carro revolucion\u00e1rio"},"content":{"rendered":"<p>Modularer Querbaukasten. O nome em alem\u00e3o \u00e9 quase impronunci\u00e1vel para os brasileiros, mas em tradu\u00e7\u00e3o livre significa \u201cbloco de constru\u00e7\u00e3o modular transversal\u201d, ou plataforma modular transversal. Ou simplesmente MQB, a sigla original. A principal caracter\u00edstica dessa estrutura \u00e9 possibilitar a constru\u00e7\u00e3o de diversos modelos sobre a mesma base, permitindo o maior compartilhamento de pe\u00e7as e componentes. Estrat\u00e9gia similar j\u00e1 foi usada no passado, apenas com modelos da mesma categoria e porte. J\u00e1 a MQB pode ser usada tanto para hatches compactos quanto para sed\u00e3s m\u00e9dios, por exemplo.<\/p><p>A base da plataforma MQB possui alguns pontos fixos, como a dist\u00e2ncia dos pedais para o eixo dianteiro e o uso de motores transversais (como o nome indica). A arquitetura eletr\u00f4nica e os pontos de fixa\u00e7\u00e3o de elementos, como ar-condicionado e sistema de \u00e1udio\/multim\u00eddia, s\u00e3o os mesmos. De resto, tudo pode ser modificado de acordo com a necessidade do projeto.<\/p><p>Para o consumidor, a principal vantagem \u00e9 o fato de as modernas t\u00e9cnicas de constru\u00e7\u00e3o, que antes s\u00f3 eram usadas em ve\u00edculos maiores e mais caros, serem adotadas tamb\u00e9m em carros menores, como o novo Polo, que estreia a plataforma MQB em modelos nacionais. Essa tecnologia permite ainda tornar o novo modelo mais leve, seguro e equipado que o antigo. Leveza significa efici\u00eancia. Segundo especialistas, o peso do ve\u00edculo \u00e9 respons\u00e1vel por aproximadamente 25% do consumo de combust\u00edvel.<\/p><p>A plataforma MQB, por\u00e9m, n\u00e3o \u00e9 a \u00fanica respons\u00e1vel pelo menor peso do Polo. A combina\u00e7\u00e3o \u201cmais espa\u00e7o com mais seguran\u00e7a e menor peso\u201d se deve tamb\u00e9m \u00e0 utiliza\u00e7\u00e3o de modernas tecnologias na produ\u00e7\u00e3o do carro. Mais de 50% da estrutura do novo Polo \u00e9 feita de a\u00e7os especiais de alta e de ultra-alta resist\u00eancia.<\/p><p>O assoalho, por exemplo, conta com a\u00e7o conformado a quente \u2013 cerca de quatro vezes mais forte que uma chapa de a\u00e7o convencional \u2013 que ajuda a reduzir o peso do autom\u00f3vel ao mesmo tempo em que oferece mais seguran\u00e7a aos ocupantes em caso de colis\u00f5es, assim como a coluna de dire\u00e7\u00e3o deform\u00e1vel. Comparado ao modelo antigo, o novo Polo \u00e9 44% mais leve, ergon\u00f4mico e equipado (em rela\u00e7\u00e3o \u00e0s vers\u00f5es 1.6). N\u00e3o se pode esquecer do downsizing dos motores, que contam com mais componentes de alum\u00ednio.<\/p><p>Embora mais leve, a estrutura do novo Polo \u00e9 extremamente r\u00edgida, ou seja, apresenta baix\u00edssima tor\u00e7\u00e3o. Na pr\u00e1tica, isso se traduz em melhor comportamento din\u00e2mico \u2013 especialmente em curvas \u2013 e maior prazer ao dirigir. N\u00e3o \u00e9 exagero afirmar que o Polo oferece o mesmo n\u00edvel de conforto de ve\u00edculos de categorias superiores, especialmente em termos de vibra\u00e7\u00e3o e de isolamento ac\u00fastico. Outro destaque \u00e9 o espa\u00e7o no banco traseiro, onde at\u00e9 os passageiros mais altos n\u00e3o t\u00eam dificuldade para se acomodar e nem de entrar, pois as portas apresentam grande \u00e2ngulo de abertura.<\/p><p>Com tantos atrativos, fica f\u00e1cil entender porque a Volkswagen define o novo Polo como \u201cum hatch compacto para quem pensa grande\u201d.<\/p>","protected":false},"excerpt":{"rendered":"<p>Com o Polo, a Volkswagen lan\u00e7a seu primeiro modelo constru\u00eddo sobre a plataforma modular MQB.<\/p>\n","protected":false},"featured_media":64014,"template":"","sponsor":[21937],"class_list":["post-64006","post_patrocinado","type-post_patrocinado","status-publish","has-post-thumbnail","hentry","sponsor-volkswagen","tags_post_patrocinado-novo-polo","tags_post_patrocinado-volkswagen"],"yoast_head":"<!-- This site is optimized with the Yoast SEO plugin v23.5 - https:\/\/yoast.com\/wordpress\/plugins\/seo\/ -->\n<title>Novo Polo: Novo conceito para um carro revolucion\u00e1rio | Jornal do Carro<\/title>\n<meta name=\"description\" content=\"Com o Novo Polo, a Volkswagen lan\u00e7a seu primeiro modelo constru\u00eddo sobre a plataforma modular MQB. Confira todos os detalhes aqui!\" \/>\n<meta name=\"robots\" content=\"index, follow, max-snippet:-1, max-image-preview:large, max-video-preview:-1\" \/>\n<link rel=\"canonical\" href=\"https:\/\/jornaldocarro.estadao.com.br\/post-patrocinado\/novo-polo-novo-conceito-para-um-carro-revolucionario\/\" \/>\n<meta name=\"twitter:card\" content=\"summary_large_image\" \/>\n<meta name=\"twitter:title\" content=\"Novo Polo: Novo conceito para um carro revolucion\u00e1rio | Jornal do Carro\" \/>\n<meta name=\"twitter:description\" content=\"Com o Novo Polo, a Volkswagen lan\u00e7a seu primeiro modelo constru\u00eddo sobre a plataforma modular MQB. Confira todos os detalhes aqui!\" \/>\n<meta name=\"twitter:image\" content=\"https:\/\/jornaldocarro.estadao.com.br\/wp-content\/uploads\/2017\/11\/Estrategia-Modular-MQB-4.jpg\" \/>\n<meta name=\"twitter:label1\" content=\"Est. tempo de leitura\" \/>\n\t<meta name=\"twitter:data1\" content=\"3 minutos\" \/>\n<script type=\"application\/ld+json\" class=\"yoast-schema-graph\">{\"@context\":\"https:\/\/schema.org\",\"@graph\":[{\"@type\":\"WebPage\",\"@id\":\"https:\/\/jornaldocarro.estadao.com.br\/post-patrocinado\/novo-polo-novo-conceito-para-um-carro-revolucionario\/\",\"url\":\"https:\/\/jornaldocarro.estadao.com.br\/post-patrocinado\/novo-polo-novo-conceito-para-um-carro-revolucionario\/\",\"name\":\"Novo Polo: Novo conceito para um carro revolucion\u00e1rio | Jornal do Carro\",\"isPartOf\":{\"@id\":\"https:\/\/jornaldocarro.estadao.com.br\/#website\"},\"primaryImageOfPage\":{\"@id\":\"https:\/\/jornaldocarro.estadao.com.br\/post-patrocinado\/novo-polo-novo-conceito-para-um-carro-revolucionario\/#primaryimage\"},\"image\":{\"@id\":\"https:\/\/jornaldocarro.estadao.com.br\/post-patrocinado\/novo-polo-novo-conceito-para-um-carro-revolucionario\/#primaryimage\"},\"thumbnailUrl\":\"https:\/\/jornaldocarro.estadao.com.br\/wp-content\/uploads\/2017\/11\/Estrategia-Modular-MQB-4.jpg\",\"datePublished\":\"2017-11-23T21:31:54+00:00\",\"dateModified\":\"2017-11-28T23:41:57+00:00\",\"description\":\"Com o Novo Polo, a Volkswagen lan\u00e7a seu primeiro modelo constru\u00eddo sobre a plataforma modular MQB. Confira todos os detalhes aqui!\",\"breadcrumb\":{\"@id\":\"https:\/\/jornaldocarro.estadao.com.br\/post-patrocinado\/novo-polo-novo-conceito-para-um-carro-revolucionario\/#breadcrumb\"},\"inLanguage\":\"pt-BR\",\"potentialAction\":[{\"@type\":\"ReadAction\",\"target\":[\"https:\/\/jornaldocarro.estadao.com.br\/post-patrocinado\/novo-polo-novo-conceito-para-um-carro-revolucionario\/\"]}]},{\"@type\":\"ImageObject\",\"inLanguage\":\"pt-BR\",\"@id\":\"https:\/\/jornaldocarro.estadao.com.br\/post-patrocinado\/novo-polo-novo-conceito-para-um-carro-revolucionario\/#primaryimage\",\"url\":\"https:\/\/jornaldocarro.estadao.com.br\/wp-content\/uploads\/2017\/11\/Estrategia-Modular-MQB-4.jpg\",\"contentUrl\":\"https:\/\/jornaldocarro.estadao.com.br\/wp-content\/uploads\/2017\/11\/Estrategia-Modular-MQB-4.jpg\",\"width\":1170,\"height\":660,\"caption\":\"Carro Novo Polo\/Divulga\u00e7\u00e3o\"},{\"@type\":\"BreadcrumbList\",\"@id\":\"https:\/\/jornaldocarro.estadao.com.br\/post-patrocinado\/novo-polo-novo-conceito-para-um-carro-revolucionario\/#breadcrumb\",\"itemListElement\":[{\"@type\":\"ListItem\",\"position\":1,\"name\":\"In\u00edcio\",\"item\":\"https:\/\/jornaldocarro.estadao.com.br\/\"},{\"@type\":\"ListItem\",\"position\":2,\"name\":\"Post patrocinado\",\"item\":\"https:\/\/jornaldocarro.estadao.com.br\/post-patrocinado\/\"},{\"@type\":\"ListItem\",\"position\":3,\"name\":\"Novo conceito para um carro revolucion\u00e1rio\"}]},{\"@type\":\"WebSite\",\"@id\":\"https:\/\/jornaldocarro.estadao.com.br\/#website\",\"url\":\"https:\/\/jornaldocarro.estadao.com.br\/\",\"name\":\"Jornal do Carro - Estad\u00e3o\",\"description\":\"O portal sobre carros, motos e tudo sobre o tema ve\u00edculos no Estad\u00e3o. Fique por dentro de lan\u00e7amentos e de hist\u00f3rias dos leitores e seus carros.\",\"potentialAction\":[{\"@type\":\"SearchAction\",\"target\":{\"@type\":\"EntryPoint\",\"urlTemplate\":\"https:\/\/jornaldocarro.estadao.com.br\/?s={search_term_string}\"},\"query-input\":{\"@type\":\"PropertyValueSpecification\",\"valueRequired\":true,\"valueName\":\"search_term_string\"}}],\"inLanguage\":\"pt-BR\"}]}<\/script>\n<!-- \/ Yoast SEO plugin. -->","yoast_head_json":{"title":"Novo Polo: Novo conceito para um carro revolucion\u00e1rio | Jornal do Carro","description":"Com o Novo Polo, a Volkswagen lan\u00e7a seu primeiro modelo constru\u00eddo sobre a plataforma modular MQB. Confira todos os detalhes aqui!","robots":{"index":"index","follow":"follow","max-snippet":"max-snippet:-1","max-image-preview":"max-image-preview:large","max-video-preview":"max-video-preview:-1"},"canonical":"https:\/\/jornaldocarro.estadao.com.br\/post-patrocinado\/novo-polo-novo-conceito-para-um-carro-revolucionario\/","twitter_card":"summary_large_image","twitter_title":"Novo Polo: Novo conceito para um carro revolucion\u00e1rio | Jornal do Carro","twitter_description":"Com o Novo Polo, a Volkswagen lan\u00e7a seu primeiro modelo constru\u00eddo sobre a plataforma modular MQB. Confira todos os detalhes aqui!","twitter_image":"https:\/\/jornaldocarro.estadao.com.br\/wp-content\/uploads\/2017\/11\/Estrategia-Modular-MQB-4.jpg","twitter_misc":{"Est. tempo de leitura":"3 minutos"},"schema":{"@context":"https:\/\/schema.org","@graph":[{"@type":"WebPage","@id":"https:\/\/jornaldocarro.estadao.com.br\/post-patrocinado\/novo-polo-novo-conceito-para-um-carro-revolucionario\/","url":"https:\/\/jornaldocarro.estadao.com.br\/post-patrocinado\/novo-polo-novo-conceito-para-um-carro-revolucionario\/","name":"Novo Polo: Novo conceito para um carro revolucion\u00e1rio | Jornal do Carro","isPartOf":{"@id":"https:\/\/jornaldocarro.estadao.com.br\/#website"},"primaryImageOfPage":{"@id":"https:\/\/jornaldocarro.estadao.com.br\/post-patrocinado\/novo-polo-novo-conceito-para-um-carro-revolucionario\/#primaryimage"},"image":{"@id":"https:\/\/jornaldocarro.estadao.com.br\/post-patrocinado\/novo-polo-novo-conceito-para-um-carro-revolucionario\/#primaryimage"},"thumbnailUrl":"https:\/\/jornaldocarro.estadao.com.br\/wp-content\/uploads\/2017\/11\/Estrategia-Modular-MQB-4.jpg","datePublished":"2017-11-23T21:31:54+00:00","dateModified":"2017-11-28T23:41:57+00:00","description":"Com o Novo Polo, a Volkswagen lan\u00e7a seu primeiro modelo constru\u00eddo sobre a plataforma modular MQB. Confira todos os detalhes aqui!","breadcrumb":{"@id":"https:\/\/jornaldocarro.estadao.com.br\/post-patrocinado\/novo-polo-novo-conceito-para-um-carro-revolucionario\/#breadcrumb"},"inLanguage":"pt-BR","potentialAction":[{"@type":"ReadAction","target":["https:\/\/jornaldocarro.estadao.com.br\/post-patrocinado\/novo-polo-novo-conceito-para-um-carro-revolucionario\/"]}]},{"@type":"ImageObject","inLanguage":"pt-BR","@id":"https:\/\/jornaldocarro.estadao.com.br\/post-patrocinado\/novo-polo-novo-conceito-para-um-carro-revolucionario\/#primaryimage","url":"https:\/\/jornaldocarro.estadao.com.br\/wp-content\/uploads\/2017\/11\/Estrategia-Modular-MQB-4.jpg","contentUrl":"https:\/\/jornaldocarro.estadao.com.br\/wp-content\/uploads\/2017\/11\/Estrategia-Modular-MQB-4.jpg","width":1170,"height":660,"caption":"Carro Novo Polo\/Divulga\u00e7\u00e3o"},{"@type":"BreadcrumbList","@id":"https:\/\/jornaldocarro.estadao.com.br\/post-patrocinado\/novo-polo-novo-conceito-para-um-carro-revolucionario\/#breadcrumb","itemListElement":[{"@type":"ListItem","position":1,"name":"In\u00edcio","item":"https:\/\/jornaldocarro.estadao.com.br\/"},{"@type":"ListItem","position":2,"name":"Post patrocinado","item":"https:\/\/jornaldocarro.estadao.com.br\/post-patrocinado\/"},{"@type":"ListItem","position":3,"name":"Novo conceito para um carro revolucion\u00e1rio"}]},{"@type":"WebSite","@id":"https:\/\/jornaldocarro.estadao.com.br\/#website","url":"https:\/\/jornaldocarro.estadao.com.br\/","name":"Jornal do Carro - Estad\u00e3o","description":"O portal sobre carros, motos e tudo sobre o tema ve\u00edculos no Estad\u00e3o. Fique por dentro de lan\u00e7amentos e de hist\u00f3rias dos leitores e seus carros.","potentialAction":[{"@type":"SearchAction","target":{"@type":"EntryPoint","urlTemplate":"https:\/\/jornaldocarro.estadao.com.br\/?s={search_term_string}"},"query-input":{"@type":"PropertyValueSpecification","valueRequired":true,"valueName":"search_term_string"}}],"inLanguage":"pt-BR"}]}},"_links":{"self":[{"href":"https:\/\/jornaldocarro.estadao.com.br\/api\/wp\/v2\/post_patrocinado\/64006","targetHints":{"allow":["GET"]}}],"collection":[{"href":"https:\/\/jornaldocarro.estadao.com.br\/api\/wp\/v2\/post_patrocinado"}],"about":[{"href":"https:\/\/jornaldocarro.estadao.com.br\/api\/wp\/v2\/types\/post_patrocinado"}],"version-history":[{"count":1,"href":"https:\/\/jornaldocarro.estadao.com.br\/api\/wp\/v2\/post_patrocinado\/64006\/revisions"}],"predecessor-version":[{"id":64015,"href":"https:\/\/jornaldocarro.estadao.com.br\/api\/wp\/v2\/post_patrocinado\/64006\/revisions\/64015"}],"wp:featuredmedia":[{"embeddable":true,"href":"https:\/\/jornaldocarro.estadao.com.br\/api\/wp\/v2\/media\/64014"}],"wp:attachment":[{"href":"https:\/\/jornaldocarro.estadao.com.br\/api\/wp\/v2\/media?parent=64006"}],"wp:term":[{"taxonomy":"sponsor","embeddable":true,"href":"https:\/\/jornaldocarro.estadao.com.br\/api\/wp\/v2\/sponsor?post=64006"}],"curies":[{"name":"wp","href":"https:\/\/api.w.org\/{rel}","templated":true}]}}