{"id":73891,"date":"2018-03-20T17:03:27","date_gmt":"2018-03-20T20:03:27","guid":{"rendered":"http:\/\/jornaldocarro.estadao.com.br\/?post_type=post_patrocinado&#038;p=73891"},"modified":"2018-03-26T09:42:40","modified_gmt":"2018-03-26T12:42:40","slug":"peugeot-2008-e-o-suv-compacto-perfeito-para-voce","status":"publish","type":"post_patrocinado","link":"https:\/\/jornaldocarro.estadao.com.br\/post-patrocinado\/peugeot-2008-e-o-suv-compacto-perfeito-para-voce\/","title":{"rendered":"Peugeot 2008 \u00e9 o SUV compacto perfeito para voc\u00ea"},"content":{"rendered":"<p><span style=\"font-weight: 400;\">Se algu\u00e9m ainda tem d\u00favida do sucesso dos SUVs no mercado brasileiro, \u00e9 melhor conferir como foram as vendas desse tipo de autom\u00f3vel no pa\u00eds em 2017. Os utilit\u00e1rios esportivos responderam por 414.547 unidades, o que corresponde a 19,1% de todos os ve\u00edculos (incluindo comerciais leves) comercializados no Brasil no per\u00edodo. Fica f\u00e1cil entender por que quase todas as montadoras est\u00e3o presentes nesse segmento. Apesar de tantos modelos \u00e0 disposi\u00e7\u00e3o, existe um que se destaca: o <\/span><b>Peugeot 2008<\/b><span style=\"font-weight: 400;\"> Allure autom\u00e1tico. <\/span><\/p><p><span style=\"font-weight: 400;\">Para come\u00e7ar, o Peugeot 2008 tem visual moderno, que chama aten\u00e7\u00e3o por combinar jovialidade e bom gosto. O carro conta com uma boa altura do solo, permitindo-lhe encarar obst\u00e1culos e terrenos que muitos carros normalmente n\u00e3o conseguiriam. Al\u00e9m disso, o 2008 \u00e9 vers\u00e1til: bom para o tr\u00e2nsito carregado das grandes cidades e \u00e1gil na hora de pegar uma estrada. Repetidores das luzes de dire\u00e7\u00e3o (setas) nos retrovisores, luzes de condu\u00e7\u00e3o diurna (DRL) e lanternas traseiras de LED, far\u00f3is de neblina e barras longitudinais no teto s\u00e3o os destaques do pacote est\u00e9tico.<\/span><\/p><p><span style=\"font-weight: 400;\">Para um SUV compacto, o Peugeot 2008 acomoda bem cinco passageiros com espa\u00e7o e conforto. Quem viaja no banco traseiro conta com bastante espa\u00e7o para as pernas e para a cabe\u00e7a, al\u00e9m de cintos de tr\u00eas pontos para todos. H\u00e1 compartimentos para garrafas nas portas dianteiras, assim como dois porta-copos no console central. O compartimento de bagagem acomoda 402 litros, com um projeto inteligente que proporciona uma melhor acomoda\u00e7\u00e3o dos volumes. Para carregar ainda mais bagagens, o espa\u00e7o \u00e9 ampliado com o rebatimento dos bancos.<\/span><\/p><p><span style=\"font-weight: 400;\">A moderna central multim\u00eddia integrada ao painel merece destaque. A tela de sete polegadas \u00e9 touchscreen e fica ergonomicamente posicionada para proporcionar f\u00e1cil alcance tanto do motorista quanto do passageiro. A central \u00e9 compat\u00edvel com Apple CarPlay e Android Auto, permitindo ao usu\u00e1rio fazer o espelhamento de aplicativos como Waze, Google Maps e Spotify diretamente na tela. Os comandos no volante completam a experi\u00eancia da conectividade do 2008. Essa central multim\u00eddia vem de s\u00e9rie em todas as vers\u00f5es da linha 2008.<\/span><\/p><p><span style=\"font-weight: 400;\">O <\/span><b>SUV da Peugeot<\/b><span style=\"font-weight: 400;\"> n\u00e3o se destaca apenas pelo design e conte\u00fado. Ele conta ainda com um eficiente conjunto motriz sob o cap\u00f4: motor 1.6 16V flex \u00a0com duplo comando de v\u00e1lvulas vari\u00e1vel, capaz de gerar 118 cv e 16,1 kgfm. O preciso c\u00e2mbio autom\u00e1tico de seis marchas \u00e9 um dos mais modernos do mercado e oferece quatro diferentes modos de condu\u00e7\u00e3o, incluindo uma op\u00e7\u00e3o de trocas sequenciais para que o motorista tome o controle. <\/span><\/p><p><span style=\"font-weight: 400;\">Capaz de proporcionar \u00f3timo desempenho sem abrir m\u00e3o de economia, o 2008 Allure autom\u00e1tico possui nota A em sua categoria no Programa Brasileiro de Etiquetagem, com consumo m\u00e9dio de 10,7 km\/l na cidade e 13 km\/l na estrada com gasolina.<\/span><\/p><h3>Conceito i-cockpit \u00e9 diferencial<\/h3><p><img decoding=\"async\" src=\"https:\/\/jornaldocarro.estadao.com.br\/wp-content\/uploads\/2018\/03\/2008-Allure-2018.jpg\" alt=\"\" width=\"100%\" height=\"auto\"><\/p><p><span style=\"font-weight: 400;\">O prazer ao dirigir \u00e9 assegurado pelo conceito i-Cockpit, que oferece excelente visibilidade e experi\u00eancia din\u00e2mica inigual\u00e1vel. O motorista pode checar todas as informa\u00e7\u00f5es do quadro de instrumentos e at\u00e9 da central multim\u00eddia sem desviar a aten\u00e7\u00e3o do tr\u00e2nsito. O volante esportivo de dimens\u00f5es reduzidas (SportDrive) contribui para maior precis\u00e3o e agilidade. Quem dirige um autom\u00f3vel com i-Cockpit n\u00e3o quer mais saber de uma cabine convencional.<\/span><\/p><p><span style=\"font-weight: 400;\">O Peugeot 2008 Allure autom\u00e1tico tamb\u00e9m se destaca pela seguran\u00e7a. Al\u00e9m dos airbags frontais (obrigat\u00f3rios por lei), o SUV compacto oferece mais dois airbags laterais, que garantem prote\u00e7\u00e3o extra aos ocupantes. Freios com ABS e distribuidor eletr\u00f4nico de frenagem, lanterna traseira de neblina, sensor de manobra traseiro e fixa\u00e7\u00e3o Isofix para cadeirinhas no banco de tr\u00e1s s\u00e3o outros itens de s\u00e9rie presentes no modelo.<\/span><\/p>","protected":false},"excerpt":{"rendered":"<p>Aliando prazer ao dirigir, conforto e seguran\u00e7a, o SUV da Peugeot oferece tudo o que voc\u00ea precisa em um carro vers\u00e1til<\/p>\n","protected":false},"featured_media":73892,"template":"","sponsor":[21855],"class_list":["post-73891","post_patrocinado","type-post_patrocinado","status-publish","has-post-thumbnail","hentry","sponsor-peugeot","tags_post_patrocinado-peugeot-2008"],"yoast_head":"<!-- This site is optimized with the Yoast SEO plugin v23.5 - https:\/\/yoast.com\/wordpress\/plugins\/seo\/ -->\n<title>Peugeot 2008 \u00e9 o SUV compacto perfeito para voc\u00ea | Jornal do Carro<\/title>\n<meta name=\"description\" content=\"Aliando prazer ao dirigir, conforto e seguran\u00e7a, o SUV da Peugeot oferece tudo o que voc\u00ea precisa em um carro vers\u00e1til. Confira!\" \/>\n<meta name=\"robots\" content=\"index, follow, max-snippet:-1, max-image-preview:large, max-video-preview:-1\" \/>\n<link rel=\"canonical\" href=\"https:\/\/jornaldocarro.estadao.com.br\/post-patrocinado\/peugeot-2008-e-o-suv-compacto-perfeito-para-voce\/\" \/>\n<meta name=\"twitter:card\" content=\"summary_large_image\" \/>\n<meta name=\"twitter:title\" content=\"Peugeot 2008 \u00e9 o SUV compacto perfeito para voc\u00ea | Jornal do Carro\" \/>\n<meta name=\"twitter:description\" content=\"Aliando prazer ao dirigir, conforto e seguran\u00e7a, o SUV da Peugeot oferece tudo o que voc\u00ea precisa em um carro vers\u00e1til. Confira!\" \/>\n<meta name=\"twitter:image\" content=\"https:\/\/jornaldocarro.estadao.com.br\/wp-content\/uploads\/2018\/03\/1366313-452lsuml3w.jpg\" \/>\n<meta name=\"twitter:label1\" content=\"Est. tempo de leitura\" \/>\n\t<meta name=\"twitter:data1\" content=\"3 minutos\" \/>\n<script type=\"application\/ld+json\" class=\"yoast-schema-graph\">{\"@context\":\"https:\/\/schema.org\",\"@graph\":[{\"@type\":\"WebPage\",\"@id\":\"https:\/\/jornaldocarro.estadao.com.br\/post-patrocinado\/peugeot-2008-e-o-suv-compacto-perfeito-para-voce\/\",\"url\":\"https:\/\/jornaldocarro.estadao.com.br\/post-patrocinado\/peugeot-2008-e-o-suv-compacto-perfeito-para-voce\/\",\"name\":\"Peugeot 2008 \u00e9 o SUV compacto perfeito para voc\u00ea | Jornal do Carro\",\"isPartOf\":{\"@id\":\"https:\/\/jornaldocarro.estadao.com.br\/#website\"},\"primaryImageOfPage\":{\"@id\":\"https:\/\/jornaldocarro.estadao.com.br\/post-patrocinado\/peugeot-2008-e-o-suv-compacto-perfeito-para-voce\/#primaryimage\"},\"image\":{\"@id\":\"https:\/\/jornaldocarro.estadao.com.br\/post-patrocinado\/peugeot-2008-e-o-suv-compacto-perfeito-para-voce\/#primaryimage\"},\"thumbnailUrl\":\"https:\/\/jornaldocarro.estadao.com.br\/wp-content\/uploads\/2018\/03\/1366313-452lsuml3w.jpg\",\"datePublished\":\"2018-03-20T20:03:27+00:00\",\"dateModified\":\"2018-03-26T12:42:40+00:00\",\"description\":\"Aliando prazer ao dirigir, conforto e seguran\u00e7a, o SUV da Peugeot oferece tudo o que voc\u00ea precisa em um carro vers\u00e1til. Confira!\",\"breadcrumb\":{\"@id\":\"https:\/\/jornaldocarro.estadao.com.br\/post-patrocinado\/peugeot-2008-e-o-suv-compacto-perfeito-para-voce\/#breadcrumb\"},\"inLanguage\":\"pt-BR\",\"potentialAction\":[{\"@type\":\"ReadAction\",\"target\":[\"https:\/\/jornaldocarro.estadao.com.br\/post-patrocinado\/peugeot-2008-e-o-suv-compacto-perfeito-para-voce\/\"]}]},{\"@type\":\"ImageObject\",\"inLanguage\":\"pt-BR\",\"@id\":\"https:\/\/jornaldocarro.estadao.com.br\/post-patrocinado\/peugeot-2008-e-o-suv-compacto-perfeito-para-voce\/#primaryimage\",\"url\":\"https:\/\/jornaldocarro.estadao.com.br\/wp-content\/uploads\/2018\/03\/1366313-452lsuml3w.jpg\",\"contentUrl\":\"https:\/\/jornaldocarro.estadao.com.br\/wp-content\/uploads\/2018\/03\/1366313-452lsuml3w.jpg\",\"width\":1170,\"height\":661,\"caption\":\"Peugeot 2008\"},{\"@type\":\"BreadcrumbList\",\"@id\":\"https:\/\/jornaldocarro.estadao.com.br\/post-patrocinado\/peugeot-2008-e-o-suv-compacto-perfeito-para-voce\/#breadcrumb\",\"itemListElement\":[{\"@type\":\"ListItem\",\"position\":1,\"name\":\"In\u00edcio\",\"item\":\"https:\/\/jornaldocarro.estadao.com.br\/\"},{\"@type\":\"ListItem\",\"position\":2,\"name\":\"Post patrocinado\",\"item\":\"https:\/\/jornaldocarro.estadao.com.br\/post-patrocinado\/\"},{\"@type\":\"ListItem\",\"position\":3,\"name\":\"Peugeot 2008 \u00e9 o SUV compacto perfeito para voc\u00ea\"}]},{\"@type\":\"WebSite\",\"@id\":\"https:\/\/jornaldocarro.estadao.com.br\/#website\",\"url\":\"https:\/\/jornaldocarro.estadao.com.br\/\",\"name\":\"Jornal do Carro - Estad\u00e3o\",\"description\":\"O portal sobre carros, motos e tudo sobre o tema ve\u00edculos no Estad\u00e3o. Fique por dentro de lan\u00e7amentos e de hist\u00f3rias dos leitores e seus carros.\",\"potentialAction\":[{\"@type\":\"SearchAction\",\"target\":{\"@type\":\"EntryPoint\",\"urlTemplate\":\"https:\/\/jornaldocarro.estadao.com.br\/?s={search_term_string}\"},\"query-input\":{\"@type\":\"PropertyValueSpecification\",\"valueRequired\":true,\"valueName\":\"search_term_string\"}}],\"inLanguage\":\"pt-BR\"}]}<\/script>\n<!-- \/ Yoast SEO plugin. -->","yoast_head_json":{"title":"Peugeot 2008 \u00e9 o SUV compacto perfeito para voc\u00ea | Jornal do Carro","description":"Aliando prazer ao dirigir, conforto e seguran\u00e7a, o SUV da Peugeot oferece tudo o que voc\u00ea precisa em um carro vers\u00e1til. Confira!","robots":{"index":"index","follow":"follow","max-snippet":"max-snippet:-1","max-image-preview":"max-image-preview:large","max-video-preview":"max-video-preview:-1"},"canonical":"https:\/\/jornaldocarro.estadao.com.br\/post-patrocinado\/peugeot-2008-e-o-suv-compacto-perfeito-para-voce\/","twitter_card":"summary_large_image","twitter_title":"Peugeot 2008 \u00e9 o SUV compacto perfeito para voc\u00ea | Jornal do Carro","twitter_description":"Aliando prazer ao dirigir, conforto e seguran\u00e7a, o SUV da Peugeot oferece tudo o que voc\u00ea precisa em um carro vers\u00e1til. Confira!","twitter_image":"https:\/\/jornaldocarro.estadao.com.br\/wp-content\/uploads\/2018\/03\/1366313-452lsuml3w.jpg","twitter_misc":{"Est. tempo de leitura":"3 minutos"},"schema":{"@context":"https:\/\/schema.org","@graph":[{"@type":"WebPage","@id":"https:\/\/jornaldocarro.estadao.com.br\/post-patrocinado\/peugeot-2008-e-o-suv-compacto-perfeito-para-voce\/","url":"https:\/\/jornaldocarro.estadao.com.br\/post-patrocinado\/peugeot-2008-e-o-suv-compacto-perfeito-para-voce\/","name":"Peugeot 2008 \u00e9 o SUV compacto perfeito para voc\u00ea | Jornal do Carro","isPartOf":{"@id":"https:\/\/jornaldocarro.estadao.com.br\/#website"},"primaryImageOfPage":{"@id":"https:\/\/jornaldocarro.estadao.com.br\/post-patrocinado\/peugeot-2008-e-o-suv-compacto-perfeito-para-voce\/#primaryimage"},"image":{"@id":"https:\/\/jornaldocarro.estadao.com.br\/post-patrocinado\/peugeot-2008-e-o-suv-compacto-perfeito-para-voce\/#primaryimage"},"thumbnailUrl":"https:\/\/jornaldocarro.estadao.com.br\/wp-content\/uploads\/2018\/03\/1366313-452lsuml3w.jpg","datePublished":"2018-03-20T20:03:27+00:00","dateModified":"2018-03-26T12:42:40+00:00","description":"Aliando prazer ao dirigir, conforto e seguran\u00e7a, o SUV da Peugeot oferece tudo o que voc\u00ea precisa em um carro vers\u00e1til. Confira!","breadcrumb":{"@id":"https:\/\/jornaldocarro.estadao.com.br\/post-patrocinado\/peugeot-2008-e-o-suv-compacto-perfeito-para-voce\/#breadcrumb"},"inLanguage":"pt-BR","potentialAction":[{"@type":"ReadAction","target":["https:\/\/jornaldocarro.estadao.com.br\/post-patrocinado\/peugeot-2008-e-o-suv-compacto-perfeito-para-voce\/"]}]},{"@type":"ImageObject","inLanguage":"pt-BR","@id":"https:\/\/jornaldocarro.estadao.com.br\/post-patrocinado\/peugeot-2008-e-o-suv-compacto-perfeito-para-voce\/#primaryimage","url":"https:\/\/jornaldocarro.estadao.com.br\/wp-content\/uploads\/2018\/03\/1366313-452lsuml3w.jpg","contentUrl":"https:\/\/jornaldocarro.estadao.com.br\/wp-content\/uploads\/2018\/03\/1366313-452lsuml3w.jpg","width":1170,"height":661,"caption":"Peugeot 2008"},{"@type":"BreadcrumbList","@id":"https:\/\/jornaldocarro.estadao.com.br\/post-patrocinado\/peugeot-2008-e-o-suv-compacto-perfeito-para-voce\/#breadcrumb","itemListElement":[{"@type":"ListItem","position":1,"name":"In\u00edcio","item":"https:\/\/jornaldocarro.estadao.com.br\/"},{"@type":"ListItem","position":2,"name":"Post patrocinado","item":"https:\/\/jornaldocarro.estadao.com.br\/post-patrocinado\/"},{"@type":"ListItem","position":3,"name":"Peugeot 2008 \u00e9 o SUV compacto perfeito para voc\u00ea"}]},{"@type":"WebSite","@id":"https:\/\/jornaldocarro.estadao.com.br\/#website","url":"https:\/\/jornaldocarro.estadao.com.br\/","name":"Jornal do Carro - Estad\u00e3o","description":"O portal sobre carros, motos e tudo sobre o tema ve\u00edculos no Estad\u00e3o. Fique por dentro de lan\u00e7amentos e de hist\u00f3rias dos leitores e seus carros.","potentialAction":[{"@type":"SearchAction","target":{"@type":"EntryPoint","urlTemplate":"https:\/\/jornaldocarro.estadao.com.br\/?s={search_term_string}"},"query-input":{"@type":"PropertyValueSpecification","valueRequired":true,"valueName":"search_term_string"}}],"inLanguage":"pt-BR"}]}},"_links":{"self":[{"href":"https:\/\/jornaldocarro.estadao.com.br\/api\/wp\/v2\/post_patrocinado\/73891","targetHints":{"allow":["GET"]}}],"collection":[{"href":"https:\/\/jornaldocarro.estadao.com.br\/api\/wp\/v2\/post_patrocinado"}],"about":[{"href":"https:\/\/jornaldocarro.estadao.com.br\/api\/wp\/v2\/types\/post_patrocinado"}],"version-history":[{"count":5,"href":"https:\/\/jornaldocarro.estadao.com.br\/api\/wp\/v2\/post_patrocinado\/73891\/revisions"}],"predecessor-version":[{"id":74412,"href":"https:\/\/jornaldocarro.estadao.com.br\/api\/wp\/v2\/post_patrocinado\/73891\/revisions\/74412"}],"wp:featuredmedia":[{"embeddable":true,"href":"https:\/\/jornaldocarro.estadao.com.br\/api\/wp\/v2\/media\/73892"}],"wp:attachment":[{"href":"https:\/\/jornaldocarro.estadao.com.br\/api\/wp\/v2\/media?parent=73891"}],"wp:term":[{"taxonomy":"sponsor","embeddable":true,"href":"https:\/\/jornaldocarro.estadao.com.br\/api\/wp\/v2\/sponsor?post=73891"}],"curies":[{"name":"wp","href":"https:\/\/api.w.org\/{rel}","templated":true}]}}