{"id":76709,"date":"2018-04-26T14:06:52","date_gmt":"2018-04-26T17:06:52","guid":{"rendered":"http:\/\/jornaldocarro.estadao.com.br\/?post_type=post_patrocinado&#038;p=76709"},"modified":"2018-09-01T21:26:43","modified_gmt":"2018-09-02T00:26:43","slug":"novo-suzuki-vitara-e-o-suv-para-quem-quer-se-destacar","status":"publish","type":"post_patrocinado","link":"https:\/\/jornaldocarro.estadao.com.br\/post-patrocinado\/novo-suzuki-vitara-e-o-suv-para-quem-quer-se-destacar\/","title":{"rendered":"Novo Suzuki Vitara \u00e9 o SUV para quem quer se destacar"},"content":{"rendered":"<p><span style=\"font-weight: 400;\">O <\/span><b>Novo Suzuki Vitara<\/b><span style=\"font-weight: 400;\"> \u00e9 o autom\u00f3vel ideal para quem sempre sonhou em ter um ve\u00edculo com a sua cara. Isso porque o <\/span><b>SUV compacto<\/b><span style=\"font-weight: 400;\"> da marca japonesa oferece diversas combina\u00e7\u00f5es de cores externas \u2013 s\u00e3o nada menos que cinco para o teto e oito para a carroceria, que resultam em 21 combina\u00e7\u00f5es poss\u00edveis.<\/span><\/p><p><span style=\"font-weight: 400;\">Al\u00e9m das cores, o <\/span><b>Novo Suzuki Vitara<\/b><span style=\"font-weight: 400;\"> permite ao propriet\u00e1rio escolher a textura aplicada na grade frontal, nas sa\u00eddas de ar laterais (junto dos para-lamas dianteiros) e no corpo dos retrovisores externos. S\u00e3o sete op\u00e7\u00f5es dispon\u00edveis.<\/span><\/p><p><span style=\"font-weight: 400;\">E n\u00e3o para por a\u00ed. A Suzuki ainda oferece alternativas de <\/span><b>personaliza\u00e7\u00e3o<\/b><span style=\"font-weight: 400;\"> da parte interna do carro. S\u00e3o mais dez texturas que podem ser colocadas no aplique do painel, nas molduras das sa\u00eddas de ventila\u00e7\u00e3o, na parte interna do volante e no console central. Com tantas possibilidades, o consumidor deixa o modelo com o visual que desejar.<\/span><\/p><p><span style=\"font-weight: 400;\">Mas o <\/span><b>SUV compacto<\/b><span style=\"font-weight: 400;\"> da Suzuki n\u00e3o se destaca apenas pelo visual. Com mais de 25 anos de hist\u00f3ria e 2,6 milh\u00f5es de unidades vendidas, o modelo passou por evolu\u00e7\u00f5es constantes e, agora, em sua quarta gera\u00e7\u00e3o (lan\u00e7ada em 2017), est\u00e1 melhor do que nunca. Ele exibe linhas robustas e muita tecnologia, seja na parte mec\u00e2nica, que concilia <\/span><b>desempenho<\/b><span style=\"font-weight: 400;\"> e efici\u00eancia, ou na conectividade a bordo.<\/span><\/p><p><span style=\"font-weight: 400;\">Por falar em <\/span><b>desempenho<\/b><span style=\"font-weight: 400;\">, o Novo Vitara est\u00e1 dispon\u00edvel no pa\u00eds com duas op\u00e7\u00f5es de motor, ambos modernos 4-cilindros 16V a gasolina com duplo comando de v\u00e1lvulas no cabe\u00e7ote: o 1.6 \u00e9 capaz de entregar 126 cv e 16,7 kgfm e o 1.4 turbo rende 146 cv e 23,5 kgfm. Os dois receberam nota A no Programa Brasileiro de Etiquetagem Veicular.<\/span><\/p><h3><strong>Novo Suzuki Vitara tamb\u00e9m se destaca na din\u00e2mica<\/strong><\/h3><p><span style=\"font-weight: 400;\">Seja qual for o motor, o c\u00e2mbio do <\/span><b>SUV compacto<\/b><span style=\"font-weight: 400;\"> \u00e9 sempre autom\u00e1tico de seis marchas e a tra\u00e7\u00e3o pode ser 4\u00d72 ou 4\u00d74. A vers\u00e3o AllGrip conta com o sistema que \u00e9 a evolu\u00e7\u00e3o da tecnologia All Wheel Drive. A central eletr\u00f4nica analisa constantemente quatro par\u00e2metros do ve\u00edculo (motor, transmiss\u00e3o, dire\u00e7\u00e3o e freios) com o objetivo de proporcionar o m\u00e1ximo em prazer ao dirigir sobre diversas condi\u00e7\u00f5es de piso, sem abrir m\u00e3o da efici\u00eancia.<\/span><\/p><p><span style=\"font-weight: 400;\">O sistema AllGrip tamb\u00e9m permite ao motorista selecionar manualmente o modo de condu\u00e7\u00e3o de acordo com o terreno. No modo Auto, o sistema privilegia a tra\u00e7\u00e3o 4\u00d72 e a economia de combust\u00edvel. No Sport, 15% da for\u00e7a do motor vai para as rodas traseiras, proporcionando mais estabilidade e melhor <\/span><b>desempenho<\/b><span style=\"font-weight: 400;\"> em rodovias sinuosas. O Snow\/Mud \u00e9 indicado para trafegar sobre pisos com pouca ader\u00eancia. J\u00e1 o Lock deve ser usado somente em situa\u00e7\u00f5es extremas, como atoleiros.<\/span><\/p><p><span style=\"font-weight: 400;\">Com tantos atributos na parte mec\u00e2nica, o Novo Vitara n\u00e3o poderia deixar por menos no quesito conforto. Veja alguns itens dispon\u00edveis:<\/span><\/p><ul>\n<li style=\"font-weight: 400;\"><span style=\"font-weight: 400;\">ar-condicionado autom\u00e1tico<\/span><\/li>\n<li style=\"font-weight: 400;\"><span style=\"font-weight: 400;\">controlador de velocidade de cruzeiro (piloto autom\u00e1tico) <\/span><\/li>\n<li style=\"font-weight: 400;\"><span style=\"font-weight: 400;\">sensor de manobras com c\u00e2mera de r\u00e9 <\/span><\/li>\n<li style=\"font-weight: 400;\"><span style=\"font-weight: 400;\">sistema start-stop <\/span><\/li>\n<li style=\"font-weight: 400;\"><span style=\"font-weight: 400;\">computador de bordo com sete fun\u00e7\u00f5es <\/span><\/li>\n<li style=\"font-weight: 400;\"><span style=\"font-weight: 400;\">volante multifun\u00e7\u00e3o <\/span><\/li>\n<li style=\"font-weight: 400;\"><span style=\"font-weight: 400;\">banco traseiro com fixa\u00e7\u00e3o Isofix para cadeirinhas <\/span><\/li>\n<li style=\"font-weight: 400;\"><span style=\"font-weight: 400;\">central multim\u00eddia com tela t\u00e1til de dez polegadas e mem\u00f3ria interna com 16 GB<\/span><\/li>\n<\/ul><p><span style=\"font-weight: 400;\">Al\u00e9m do bom <\/span><b>desempenho<\/b><span style=\"font-weight: 400;\"> e do conforto, o <\/span><b>Novo Suzuki Vitara<\/b><span style=\"font-weight: 400;\"> tamb\u00e9m se destaca pela seguran\u00e7a. Sua carroceria \u00e9 constru\u00edda com a tecnologia Total Effective Control Technology (TECT), que mescla a\u00e7os leves e ultrarresistentes, a fim de absorver e distribuir a energia de uma eventual colis\u00e3o, preservando o interior do carro.<\/span><\/p><p><span style=\"font-weight: 400;\">O <\/span><b>Novo Suzuki Vitara<\/b><span style=\"font-weight: 400;\"> ainda disp\u00f5e de freios a disco nas quatro rodas com ABS, assistente de frenagem de emerg\u00eancia e distribuidor de carga, assistente de partida em rampas e controlador eletr\u00f4nico de descida, al\u00e9m dos controles eletr\u00f4nicos de tra\u00e7\u00e3o e de estabilidade. \u00a0<\/span><\/p><p><span style=\"font-weight: 400;\">Com design marcante, diversas op\u00e7\u00f5es de <\/span><b>personaliza\u00e7\u00e3o<\/b><span style=\"font-weight: 400;\">, \u00f3timo desempenho combinado com efici\u00eancia, muito conforto e seguran\u00e7a, o <\/span><b>Novo Suzuki Vitara<\/b><span style=\"font-weight: 400;\"> oferece tudo para agradar os motoristas que buscam um SUV compacto capaz de chamar aten\u00e7\u00e3o, mas com muito estilo e personalidade.<\/span><\/p>","protected":false},"excerpt":{"rendered":"<p>SUV compacto apresenta bom desempenho e oferece diversas op\u00e7\u00f5es de personaliza\u00e7\u00e3o, permitindo ao consumidor ter um ve\u00edculo \u00fanico<\/p>\n","protected":false},"featured_media":76713,"template":"","sponsor":[22144],"class_list":["post-76709","post_patrocinado","type-post_patrocinado","status-publish","has-post-thumbnail","hentry","sponsor-suzuki","tags_post_patrocinado-suzuki-vitara"],"yoast_head":"<!-- This site is optimized with the Yoast SEO plugin v23.5 - https:\/\/yoast.com\/wordpress\/plugins\/seo\/ -->\n<title>Novo Suzuki Vitara \u00e9 o SUV para quem quer se destacar - Jornal do Carro - Estad\u00e3o<\/title>\n<meta name=\"description\" content=\"SUV compacto apresenta bom desempenho e oferece diversas op\u00e7\u00f5es de personaliza\u00e7\u00e3o, permitindo ao consumidor ter um ve\u00edculo \u00fanico\" \/>\n<meta name=\"robots\" content=\"index, follow, max-snippet:-1, max-image-preview:large, max-video-preview:-1\" \/>\n<link rel=\"canonical\" href=\"https:\/\/jornaldocarro.estadao.com.br\/post-patrocinado\/novo-suzuki-vitara-e-o-suv-para-quem-quer-se-destacar\/\" \/>\n<meta name=\"twitter:card\" content=\"summary_large_image\" \/>\n<meta name=\"twitter:title\" content=\"Novo Suzuki Vitara \u00e9 o SUV para quem quer se destacar - Jornal do Carro - Estad\u00e3o\" \/>\n<meta name=\"twitter:description\" content=\"SUV compacto apresenta bom desempenho e oferece diversas op\u00e7\u00f5es de personaliza\u00e7\u00e3o, permitindo ao consumidor ter um ve\u00edculo \u00fanico\" \/>\n<meta name=\"twitter:image\" content=\"https:\/\/jornaldocarro.estadao.com.br\/wp-content\/uploads\/2018\/04\/Suzuki-Vitara.jpg\" \/>\n<meta name=\"twitter:label1\" content=\"Est. tempo de leitura\" \/>\n\t<meta name=\"twitter:data1\" content=\"4 minutos\" \/>\n<script type=\"application\/ld+json\" class=\"yoast-schema-graph\">{\"@context\":\"https:\/\/schema.org\",\"@graph\":[{\"@type\":\"WebPage\",\"@id\":\"https:\/\/jornaldocarro.estadao.com.br\/post-patrocinado\/novo-suzuki-vitara-e-o-suv-para-quem-quer-se-destacar\/\",\"url\":\"https:\/\/jornaldocarro.estadao.com.br\/post-patrocinado\/novo-suzuki-vitara-e-o-suv-para-quem-quer-se-destacar\/\",\"name\":\"Novo Suzuki Vitara \u00e9 o SUV para quem quer se destacar - Jornal do Carro - Estad\u00e3o\",\"isPartOf\":{\"@id\":\"https:\/\/jornaldocarro.estadao.com.br\/#website\"},\"primaryImageOfPage\":{\"@id\":\"https:\/\/jornaldocarro.estadao.com.br\/post-patrocinado\/novo-suzuki-vitara-e-o-suv-para-quem-quer-se-destacar\/#primaryimage\"},\"image\":{\"@id\":\"https:\/\/jornaldocarro.estadao.com.br\/post-patrocinado\/novo-suzuki-vitara-e-o-suv-para-quem-quer-se-destacar\/#primaryimage\"},\"thumbnailUrl\":\"https:\/\/jornaldocarro.estadao.com.br\/wp-content\/uploads\/2018\/04\/Suzuki-Vitara.jpg\",\"datePublished\":\"2018-04-26T17:06:52+00:00\",\"dateModified\":\"2018-09-02T00:26:43+00:00\",\"description\":\"SUV compacto apresenta bom desempenho e oferece diversas op\u00e7\u00f5es de personaliza\u00e7\u00e3o, permitindo ao consumidor ter um ve\u00edculo \u00fanico\",\"breadcrumb\":{\"@id\":\"https:\/\/jornaldocarro.estadao.com.br\/post-patrocinado\/novo-suzuki-vitara-e-o-suv-para-quem-quer-se-destacar\/#breadcrumb\"},\"inLanguage\":\"pt-BR\",\"potentialAction\":[{\"@type\":\"ReadAction\",\"target\":[\"https:\/\/jornaldocarro.estadao.com.br\/post-patrocinado\/novo-suzuki-vitara-e-o-suv-para-quem-quer-se-destacar\/\"]}]},{\"@type\":\"ImageObject\",\"inLanguage\":\"pt-BR\",\"@id\":\"https:\/\/jornaldocarro.estadao.com.br\/post-patrocinado\/novo-suzuki-vitara-e-o-suv-para-quem-quer-se-destacar\/#primaryimage\",\"url\":\"https:\/\/jornaldocarro.estadao.com.br\/wp-content\/uploads\/2018\/04\/Suzuki-Vitara.jpg\",\"contentUrl\":\"https:\/\/jornaldocarro.estadao.com.br\/wp-content\/uploads\/2018\/04\/Suzuki-Vitara.jpg\",\"width\":1170,\"height\":659,\"caption\":\"Suzuki Vitara\"},{\"@type\":\"BreadcrumbList\",\"@id\":\"https:\/\/jornaldocarro.estadao.com.br\/post-patrocinado\/novo-suzuki-vitara-e-o-suv-para-quem-quer-se-destacar\/#breadcrumb\",\"itemListElement\":[{\"@type\":\"ListItem\",\"position\":1,\"name\":\"In\u00edcio\",\"item\":\"https:\/\/jornaldocarro.estadao.com.br\/\"},{\"@type\":\"ListItem\",\"position\":2,\"name\":\"Post patrocinado\",\"item\":\"https:\/\/jornaldocarro.estadao.com.br\/post-patrocinado\/\"},{\"@type\":\"ListItem\",\"position\":3,\"name\":\"Novo Suzuki Vitara \u00e9 o SUV para quem quer se destacar\"}]},{\"@type\":\"WebSite\",\"@id\":\"https:\/\/jornaldocarro.estadao.com.br\/#website\",\"url\":\"https:\/\/jornaldocarro.estadao.com.br\/\",\"name\":\"Jornal do Carro - Estad\u00e3o\",\"description\":\"O portal sobre carros, motos e tudo sobre o tema ve\u00edculos no Estad\u00e3o. Fique por dentro de lan\u00e7amentos e de hist\u00f3rias dos leitores e seus carros.\",\"potentialAction\":[{\"@type\":\"SearchAction\",\"target\":{\"@type\":\"EntryPoint\",\"urlTemplate\":\"https:\/\/jornaldocarro.estadao.com.br\/?s={search_term_string}\"},\"query-input\":{\"@type\":\"PropertyValueSpecification\",\"valueRequired\":true,\"valueName\":\"search_term_string\"}}],\"inLanguage\":\"pt-BR\"}]}<\/script>\n<!-- \/ Yoast SEO plugin. -->","yoast_head_json":{"title":"Novo Suzuki Vitara \u00e9 o SUV para quem quer se destacar - Jornal do Carro - Estad\u00e3o","description":"SUV compacto apresenta bom desempenho e oferece diversas op\u00e7\u00f5es de personaliza\u00e7\u00e3o, permitindo ao consumidor ter um ve\u00edculo \u00fanico","robots":{"index":"index","follow":"follow","max-snippet":"max-snippet:-1","max-image-preview":"max-image-preview:large","max-video-preview":"max-video-preview:-1"},"canonical":"https:\/\/jornaldocarro.estadao.com.br\/post-patrocinado\/novo-suzuki-vitara-e-o-suv-para-quem-quer-se-destacar\/","twitter_card":"summary_large_image","twitter_title":"Novo Suzuki Vitara \u00e9 o SUV para quem quer se destacar - Jornal do Carro - Estad\u00e3o","twitter_description":"SUV compacto apresenta bom desempenho e oferece diversas op\u00e7\u00f5es de personaliza\u00e7\u00e3o, permitindo ao consumidor ter um ve\u00edculo \u00fanico","twitter_image":"https:\/\/jornaldocarro.estadao.com.br\/wp-content\/uploads\/2018\/04\/Suzuki-Vitara.jpg","twitter_misc":{"Est. tempo de leitura":"4 minutos"},"schema":{"@context":"https:\/\/schema.org","@graph":[{"@type":"WebPage","@id":"https:\/\/jornaldocarro.estadao.com.br\/post-patrocinado\/novo-suzuki-vitara-e-o-suv-para-quem-quer-se-destacar\/","url":"https:\/\/jornaldocarro.estadao.com.br\/post-patrocinado\/novo-suzuki-vitara-e-o-suv-para-quem-quer-se-destacar\/","name":"Novo Suzuki Vitara \u00e9 o SUV para quem quer se destacar - Jornal do Carro - Estad\u00e3o","isPartOf":{"@id":"https:\/\/jornaldocarro.estadao.com.br\/#website"},"primaryImageOfPage":{"@id":"https:\/\/jornaldocarro.estadao.com.br\/post-patrocinado\/novo-suzuki-vitara-e-o-suv-para-quem-quer-se-destacar\/#primaryimage"},"image":{"@id":"https:\/\/jornaldocarro.estadao.com.br\/post-patrocinado\/novo-suzuki-vitara-e-o-suv-para-quem-quer-se-destacar\/#primaryimage"},"thumbnailUrl":"https:\/\/jornaldocarro.estadao.com.br\/wp-content\/uploads\/2018\/04\/Suzuki-Vitara.jpg","datePublished":"2018-04-26T17:06:52+00:00","dateModified":"2018-09-02T00:26:43+00:00","description":"SUV compacto apresenta bom desempenho e oferece diversas op\u00e7\u00f5es de personaliza\u00e7\u00e3o, permitindo ao consumidor ter um ve\u00edculo \u00fanico","breadcrumb":{"@id":"https:\/\/jornaldocarro.estadao.com.br\/post-patrocinado\/novo-suzuki-vitara-e-o-suv-para-quem-quer-se-destacar\/#breadcrumb"},"inLanguage":"pt-BR","potentialAction":[{"@type":"ReadAction","target":["https:\/\/jornaldocarro.estadao.com.br\/post-patrocinado\/novo-suzuki-vitara-e-o-suv-para-quem-quer-se-destacar\/"]}]},{"@type":"ImageObject","inLanguage":"pt-BR","@id":"https:\/\/jornaldocarro.estadao.com.br\/post-patrocinado\/novo-suzuki-vitara-e-o-suv-para-quem-quer-se-destacar\/#primaryimage","url":"https:\/\/jornaldocarro.estadao.com.br\/wp-content\/uploads\/2018\/04\/Suzuki-Vitara.jpg","contentUrl":"https:\/\/jornaldocarro.estadao.com.br\/wp-content\/uploads\/2018\/04\/Suzuki-Vitara.jpg","width":1170,"height":659,"caption":"Suzuki Vitara"},{"@type":"BreadcrumbList","@id":"https:\/\/jornaldocarro.estadao.com.br\/post-patrocinado\/novo-suzuki-vitara-e-o-suv-para-quem-quer-se-destacar\/#breadcrumb","itemListElement":[{"@type":"ListItem","position":1,"name":"In\u00edcio","item":"https:\/\/jornaldocarro.estadao.com.br\/"},{"@type":"ListItem","position":2,"name":"Post patrocinado","item":"https:\/\/jornaldocarro.estadao.com.br\/post-patrocinado\/"},{"@type":"ListItem","position":3,"name":"Novo Suzuki Vitara \u00e9 o SUV para quem quer se destacar"}]},{"@type":"WebSite","@id":"https:\/\/jornaldocarro.estadao.com.br\/#website","url":"https:\/\/jornaldocarro.estadao.com.br\/","name":"Jornal do Carro - Estad\u00e3o","description":"O portal sobre carros, motos e tudo sobre o tema ve\u00edculos no Estad\u00e3o. Fique por dentro de lan\u00e7amentos e de hist\u00f3rias dos leitores e seus carros.","potentialAction":[{"@type":"SearchAction","target":{"@type":"EntryPoint","urlTemplate":"https:\/\/jornaldocarro.estadao.com.br\/?s={search_term_string}"},"query-input":{"@type":"PropertyValueSpecification","valueRequired":true,"valueName":"search_term_string"}}],"inLanguage":"pt-BR"}]}},"_links":{"self":[{"href":"https:\/\/jornaldocarro.estadao.com.br\/api\/wp\/v2\/post_patrocinado\/76709","targetHints":{"allow":["GET"]}}],"collection":[{"href":"https:\/\/jornaldocarro.estadao.com.br\/api\/wp\/v2\/post_patrocinado"}],"about":[{"href":"https:\/\/jornaldocarro.estadao.com.br\/api\/wp\/v2\/types\/post_patrocinado"}],"version-history":[{"count":7,"href":"https:\/\/jornaldocarro.estadao.com.br\/api\/wp\/v2\/post_patrocinado\/76709\/revisions"}],"predecessor-version":[{"id":83697,"href":"https:\/\/jornaldocarro.estadao.com.br\/api\/wp\/v2\/post_patrocinado\/76709\/revisions\/83697"}],"wp:featuredmedia":[{"embeddable":true,"href":"https:\/\/jornaldocarro.estadao.com.br\/api\/wp\/v2\/media\/76713"}],"wp:attachment":[{"href":"https:\/\/jornaldocarro.estadao.com.br\/api\/wp\/v2\/media?parent=76709"}],"wp:term":[{"taxonomy":"sponsor","embeddable":true,"href":"https:\/\/jornaldocarro.estadao.com.br\/api\/wp\/v2\/sponsor?post=76709"}],"curies":[{"name":"wp","href":"https:\/\/api.w.org\/{rel}","templated":true}]}}