{"id":77315,"date":"2018-05-04T10:09:51","date_gmt":"2018-05-04T13:09:51","guid":{"rendered":"http:\/\/jornaldocarro.estadao.com.br\/?post_type=post_patrocinado&#038;p=77315"},"modified":"2018-11-26T11:13:46","modified_gmt":"2018-11-26T13:13:46","slug":"kia-cerato-se-destaca-pelo-desenho-e-pela-tecnologia","status":"publish","type":"post_patrocinado","link":"https:\/\/jornaldocarro.estadao.com.br\/post-patrocinado\/kia-cerato-se-destaca-pelo-desenho-e-pela-tecnologia\/","title":{"rendered":"Kia Cerato se destaca pelo desenho e pela tecnologia"},"content":{"rendered":"<p><span style=\"font-weight: 400;\">Quem v\u00ea o <strong>Kia Cerato<\/strong> passar na rua n\u00e3o se esquece dele. O carro possui <strong>design exclusivo<\/strong>, imposs\u00edvel de ser confundido com outro modelo. Ainda mais depois de sua recente reestiliza\u00e7\u00e3o, que conferiu ainda mais requinte ao<strong> visual moderno e esportivo do sed\u00e3<\/strong>. Na dianteira, por exemplo, a nova grade com estilo \u201cnariz de tigre\u201d (que identifica todos os carros da marca) salta aos olhos e se conecta ao conjunto \u00f3ptico, resultando em uma apar\u00eancia mais fluida ao tr\u00eas-volumes.<\/span><\/p><p><span style=\"font-weight: 400;\">O design do <strong>Kia Cerato<\/strong> \u00e9 valorizado pelo acabamento da grade dianteira, com moldura cromada e elementos internos em preto, al\u00e9m do para-choque com tomadas de ar nas laterais e uma bem dimensionada entrada de ar central na parte inferior, todos com acabamento em preto fosco. Luzes de condu\u00e7\u00e3o diurna de LED e far\u00f3is auxiliares de neblina com lentes de policarbonato completam o visual frontal.<\/span><\/p><p><span style=\"font-weight: 400;\">Lateralmente, as rodas de liga leve de 16 polegadas s\u00e3o o destaque do sed\u00e3, combinando eleg\u00e2ncia e esportividade na medida certa. As molduras pretas nas janelas d\u00e3o o toque de jovialidade, enquanto pequenos filetes cromados nas ma\u00e7anetas asseguram o requinte necess\u00e1rio.<\/span><\/p><p><span style=\"font-weight: 400;\">Os retrovisores pintados na cor da carroceria incorporam repetidores das luzes de dire\u00e7\u00e3o. Por fim, as lanternas com LEDs garantem \u00f3tima sinaliza\u00e7\u00e3o, gra\u00e7as \u00e0 localiza\u00e7\u00e3o elevada, e ainda t\u00eam belo desenho. A ponteira do escapamento cromada real\u00e7a o design moderno do modelo.<\/span><\/p><p><span style=\"font-weight: 400;\">Na parte mec\u00e2nica, o sed\u00e3 ostenta o consagrado motor 4-cilindros flex de 1.6 litro, 16 V, com duplo comando de v\u00e1lvulas no cabe\u00e7ote (vari\u00e1vel na abertura), capaz de entregar 128 cv e 16,5 kgfm (com etanol) ou 122 cv e 16 kgfm (com gasolina). O c\u00e2mbio \u00e9 autom\u00e1tico de seis marchas com op\u00e7\u00e3o de trocas manuais por borboletas junto ao volante. A suspens\u00e3o \u00e9 do tipo McPherson na dianteira e com barras de tor\u00e7\u00e3o na traseira, com amortecedores a g\u00e1s.<\/span><\/p><h3><strong>Kia Cerato oferece conforto de sobra<\/strong><\/h3><p><span style=\"font-weight: 400;\">Outra qualidade do sed\u00e3 da<strong> Kia Motors<\/strong> \u00e9 o conforto a bordo. Mesmo com dimens\u00f5es similares \u00e0s de modelos concorrentes, o <strong>Cerato<\/strong> acomoda cinco ocupantes sem problemas, oferecendo espa\u00e7o de sobra, principalmente para quem viaja no banco traseiro. Gra\u00e7as aos 4.560 mm de comprimento, 1.780 mm de largura, 1.460 mm de altura e generosos 2.700 mm de entre-eixos, at\u00e9 os passageiros mais altos n\u00e3o t\u00eam problema para se acomodar no interior do carro.<\/span><\/p><p><span style=\"font-weight: 400;\">Como se trata de um modelo executivo-familiar, o <strong>Kia Cerato<\/strong> tamb\u00e9m oferece generoso porta-malas, com capacidade para 421 litros de bagagem, capaz de ser ampliado por meio do rebatimento do banco traseiro \u2013 bipartido em 1\/3 e 2\/3 \u2013, o que proporciona muita praticidade e versatilidade na hora de acomodar objetos maiores. Detalhe: a tampa traseira pode ser acionada de dentro do ve\u00edculo, aumentando a comodidade no uso do bagageiro.<\/span><\/p><p><span style=\"font-weight: 400;\">O <strong>Kia Cerato<\/strong> tamb\u00e9m se destaca pelos equipamentos de s\u00e9rie, entre eles:<\/span><\/p><ul>\n<li style=\"font-weight: 400;\">Ar-condicionado autom\u00e1tico Dual Zone (permite manter temperaturas diferentes para cada lado da cabine)<\/li>\n<li style=\"font-weight: 400;\"><span style=\"font-weight: 400;\">banco do motorista com regulagem de altura<\/span><\/li>\n<li style=\"font-weight: 400;\"><span style=\"font-weight: 400;\">chave tipo canivete com acionamento das travas \u00e0 dist\u00e2ncia<\/span><\/li>\n<li style=\"font-weight: 400;\"><span style=\"font-weight: 400;\">computador de bordo<\/span><\/li>\n<li style=\"font-weight: 400;\"><span style=\"font-weight: 400;\">controlador de velocidade de cruzeiro<\/span><\/li>\n<li style=\"font-weight: 400;\"><span style=\"font-weight: 400;\">volante multifun\u00e7\u00e3o com ajuste de altura e dist\u00e2ncia<\/span><\/li>\n<li style=\"font-weight: 400;\"><span style=\"font-weight: 400;\">sensores de manobra dianteiro e traseiro<\/span><\/li>\n<\/ul><p><span style=\"font-weight: 400;\">Com tantos atributos, o sed\u00e3 da <strong>Kia Motors<\/strong> \u00e9 a op\u00e7\u00e3o perfeita para quem procura um sed\u00e3 capaz de levar a fam\u00edlia com todo o conforto para passeios e viagens nos fins de semana, mas que tamb\u00e9m seja pr\u00e1tico no uso di\u00e1rio. Sem esquecer do <strong>design marcante<\/strong>.<\/span><\/p><p><span style=\"font-weight: 400;\">Como os demais modelos da marca no Brasil, o <strong>Kia Cerato<\/strong> possui cinco anos de garantia de f\u00e1brica, al\u00e9m de plano de revis\u00f5es com pre\u00e7o fixo.<\/span><\/p>","protected":false},"excerpt":{"rendered":"<p>Sed\u00e3 exibe design atraente e moderno, combinado com excelente desempenho e muito conforto para toda a fam\u00edlia<\/p>\n","protected":false},"featured_media":78795,"template":"","sponsor":[22294],"class_list":["post-77315","post_patrocinado","type-post_patrocinado","status-publish","has-post-thumbnail","hentry","sponsor-kia","tags_post_patrocinado-kia-cerato"],"yoast_head":"<!-- This site is optimized with the Yoast SEO plugin v23.5 - https:\/\/yoast.com\/wordpress\/plugins\/seo\/ -->\n<title>Kia Cerato se destaca pelo desenho e pela tecnologia - Jornal do Carro<\/title>\n<meta name=\"description\" content=\"Sed\u00e3 exibe design atraente e moderno, combinado com excelente desempenho e muito conforto para toda a fam\u00edlia. Confira mais detalhes do Kia Cerato.\" \/>\n<meta name=\"robots\" content=\"index, follow, max-snippet:-1, max-image-preview:large, max-video-preview:-1\" \/>\n<link rel=\"canonical\" href=\"https:\/\/jornaldocarro.estadao.com.br\/post-patrocinado\/kia-cerato-se-destaca-pelo-desenho-e-pela-tecnologia\/\" \/>\n<meta name=\"twitter:card\" content=\"summary_large_image\" \/>\n<meta name=\"twitter:title\" content=\"Kia Cerato se destaca pelo desenho e pela tecnologia - Jornal do Carro\" \/>\n<meta name=\"twitter:description\" content=\"Sed\u00e3 exibe design atraente e moderno, combinado com excelente desempenho e muito conforto para toda a fam\u00edlia. Confira mais detalhes do Kia Cerato.\" \/>\n<meta name=\"twitter:image\" content=\"https:\/\/jornaldocarro.estadao.com.br\/wp-content\/uploads\/2018\/05\/kia_cerato_tecnologia.jpg\" \/>\n<meta name=\"twitter:label1\" content=\"Est. tempo de leitura\" \/>\n\t<meta name=\"twitter:data1\" content=\"3 minutos\" \/>\n<script type=\"application\/ld+json\" class=\"yoast-schema-graph\">{\"@context\":\"https:\/\/schema.org\",\"@graph\":[{\"@type\":\"WebPage\",\"@id\":\"https:\/\/jornaldocarro.estadao.com.br\/post-patrocinado\/kia-cerato-se-destaca-pelo-desenho-e-pela-tecnologia\/\",\"url\":\"https:\/\/jornaldocarro.estadao.com.br\/post-patrocinado\/kia-cerato-se-destaca-pelo-desenho-e-pela-tecnologia\/\",\"name\":\"Kia Cerato se destaca pelo desenho e pela tecnologia - Jornal do Carro\",\"isPartOf\":{\"@id\":\"https:\/\/jornaldocarro.estadao.com.br\/#website\"},\"primaryImageOfPage\":{\"@id\":\"https:\/\/jornaldocarro.estadao.com.br\/post-patrocinado\/kia-cerato-se-destaca-pelo-desenho-e-pela-tecnologia\/#primaryimage\"},\"image\":{\"@id\":\"https:\/\/jornaldocarro.estadao.com.br\/post-patrocinado\/kia-cerato-se-destaca-pelo-desenho-e-pela-tecnologia\/#primaryimage\"},\"thumbnailUrl\":\"https:\/\/jornaldocarro.estadao.com.br\/wp-content\/uploads\/2018\/05\/kia_cerato_tecnologia.jpg\",\"datePublished\":\"2018-05-04T13:09:51+00:00\",\"dateModified\":\"2018-11-26T13:13:46+00:00\",\"description\":\"Sed\u00e3 exibe design atraente e moderno, combinado com excelente desempenho e muito conforto para toda a fam\u00edlia. Confira mais detalhes do Kia Cerato.\",\"breadcrumb\":{\"@id\":\"https:\/\/jornaldocarro.estadao.com.br\/post-patrocinado\/kia-cerato-se-destaca-pelo-desenho-e-pela-tecnologia\/#breadcrumb\"},\"inLanguage\":\"pt-BR\",\"potentialAction\":[{\"@type\":\"ReadAction\",\"target\":[\"https:\/\/jornaldocarro.estadao.com.br\/post-patrocinado\/kia-cerato-se-destaca-pelo-desenho-e-pela-tecnologia\/\"]}]},{\"@type\":\"ImageObject\",\"inLanguage\":\"pt-BR\",\"@id\":\"https:\/\/jornaldocarro.estadao.com.br\/post-patrocinado\/kia-cerato-se-destaca-pelo-desenho-e-pela-tecnologia\/#primaryimage\",\"url\":\"https:\/\/jornaldocarro.estadao.com.br\/wp-content\/uploads\/2018\/05\/kia_cerato_tecnologia.jpg\",\"contentUrl\":\"https:\/\/jornaldocarro.estadao.com.br\/wp-content\/uploads\/2018\/05\/kia_cerato_tecnologia.jpg\",\"width\":1170,\"height\":660,\"caption\":\"Kia Cerato\"},{\"@type\":\"BreadcrumbList\",\"@id\":\"https:\/\/jornaldocarro.estadao.com.br\/post-patrocinado\/kia-cerato-se-destaca-pelo-desenho-e-pela-tecnologia\/#breadcrumb\",\"itemListElement\":[{\"@type\":\"ListItem\",\"position\":1,\"name\":\"In\u00edcio\",\"item\":\"https:\/\/jornaldocarro.estadao.com.br\/\"},{\"@type\":\"ListItem\",\"position\":2,\"name\":\"Post patrocinado\",\"item\":\"https:\/\/jornaldocarro.estadao.com.br\/post-patrocinado\/\"},{\"@type\":\"ListItem\",\"position\":3,\"name\":\"Kia Cerato se destaca pelo desenho e pela tecnologia\"}]},{\"@type\":\"WebSite\",\"@id\":\"https:\/\/jornaldocarro.estadao.com.br\/#website\",\"url\":\"https:\/\/jornaldocarro.estadao.com.br\/\",\"name\":\"Jornal do Carro - Estad\u00e3o\",\"description\":\"O portal sobre carros, motos e tudo sobre o tema ve\u00edculos no Estad\u00e3o. Fique por dentro de lan\u00e7amentos e de hist\u00f3rias dos leitores e seus carros.\",\"potentialAction\":[{\"@type\":\"SearchAction\",\"target\":{\"@type\":\"EntryPoint\",\"urlTemplate\":\"https:\/\/jornaldocarro.estadao.com.br\/?s={search_term_string}\"},\"query-input\":{\"@type\":\"PropertyValueSpecification\",\"valueRequired\":true,\"valueName\":\"search_term_string\"}}],\"inLanguage\":\"pt-BR\"}]}<\/script>\n<!-- \/ Yoast SEO plugin. -->","yoast_head_json":{"title":"Kia Cerato se destaca pelo desenho e pela tecnologia - Jornal do Carro","description":"Sed\u00e3 exibe design atraente e moderno, combinado com excelente desempenho e muito conforto para toda a fam\u00edlia. Confira mais detalhes do Kia Cerato.","robots":{"index":"index","follow":"follow","max-snippet":"max-snippet:-1","max-image-preview":"max-image-preview:large","max-video-preview":"max-video-preview:-1"},"canonical":"https:\/\/jornaldocarro.estadao.com.br\/post-patrocinado\/kia-cerato-se-destaca-pelo-desenho-e-pela-tecnologia\/","twitter_card":"summary_large_image","twitter_title":"Kia Cerato se destaca pelo desenho e pela tecnologia - Jornal do Carro","twitter_description":"Sed\u00e3 exibe design atraente e moderno, combinado com excelente desempenho e muito conforto para toda a fam\u00edlia. Confira mais detalhes do Kia Cerato.","twitter_image":"https:\/\/jornaldocarro.estadao.com.br\/wp-content\/uploads\/2018\/05\/kia_cerato_tecnologia.jpg","twitter_misc":{"Est. tempo de leitura":"3 minutos"},"schema":{"@context":"https:\/\/schema.org","@graph":[{"@type":"WebPage","@id":"https:\/\/jornaldocarro.estadao.com.br\/post-patrocinado\/kia-cerato-se-destaca-pelo-desenho-e-pela-tecnologia\/","url":"https:\/\/jornaldocarro.estadao.com.br\/post-patrocinado\/kia-cerato-se-destaca-pelo-desenho-e-pela-tecnologia\/","name":"Kia Cerato se destaca pelo desenho e pela tecnologia - Jornal do Carro","isPartOf":{"@id":"https:\/\/jornaldocarro.estadao.com.br\/#website"},"primaryImageOfPage":{"@id":"https:\/\/jornaldocarro.estadao.com.br\/post-patrocinado\/kia-cerato-se-destaca-pelo-desenho-e-pela-tecnologia\/#primaryimage"},"image":{"@id":"https:\/\/jornaldocarro.estadao.com.br\/post-patrocinado\/kia-cerato-se-destaca-pelo-desenho-e-pela-tecnologia\/#primaryimage"},"thumbnailUrl":"https:\/\/jornaldocarro.estadao.com.br\/wp-content\/uploads\/2018\/05\/kia_cerato_tecnologia.jpg","datePublished":"2018-05-04T13:09:51+00:00","dateModified":"2018-11-26T13:13:46+00:00","description":"Sed\u00e3 exibe design atraente e moderno, combinado com excelente desempenho e muito conforto para toda a fam\u00edlia. Confira mais detalhes do Kia Cerato.","breadcrumb":{"@id":"https:\/\/jornaldocarro.estadao.com.br\/post-patrocinado\/kia-cerato-se-destaca-pelo-desenho-e-pela-tecnologia\/#breadcrumb"},"inLanguage":"pt-BR","potentialAction":[{"@type":"ReadAction","target":["https:\/\/jornaldocarro.estadao.com.br\/post-patrocinado\/kia-cerato-se-destaca-pelo-desenho-e-pela-tecnologia\/"]}]},{"@type":"ImageObject","inLanguage":"pt-BR","@id":"https:\/\/jornaldocarro.estadao.com.br\/post-patrocinado\/kia-cerato-se-destaca-pelo-desenho-e-pela-tecnologia\/#primaryimage","url":"https:\/\/jornaldocarro.estadao.com.br\/wp-content\/uploads\/2018\/05\/kia_cerato_tecnologia.jpg","contentUrl":"https:\/\/jornaldocarro.estadao.com.br\/wp-content\/uploads\/2018\/05\/kia_cerato_tecnologia.jpg","width":1170,"height":660,"caption":"Kia Cerato"},{"@type":"BreadcrumbList","@id":"https:\/\/jornaldocarro.estadao.com.br\/post-patrocinado\/kia-cerato-se-destaca-pelo-desenho-e-pela-tecnologia\/#breadcrumb","itemListElement":[{"@type":"ListItem","position":1,"name":"In\u00edcio","item":"https:\/\/jornaldocarro.estadao.com.br\/"},{"@type":"ListItem","position":2,"name":"Post patrocinado","item":"https:\/\/jornaldocarro.estadao.com.br\/post-patrocinado\/"},{"@type":"ListItem","position":3,"name":"Kia Cerato se destaca pelo desenho e pela tecnologia"}]},{"@type":"WebSite","@id":"https:\/\/jornaldocarro.estadao.com.br\/#website","url":"https:\/\/jornaldocarro.estadao.com.br\/","name":"Jornal do Carro - Estad\u00e3o","description":"O portal sobre carros, motos e tudo sobre o tema ve\u00edculos no Estad\u00e3o. Fique por dentro de lan\u00e7amentos e de hist\u00f3rias dos leitores e seus carros.","potentialAction":[{"@type":"SearchAction","target":{"@type":"EntryPoint","urlTemplate":"https:\/\/jornaldocarro.estadao.com.br\/?s={search_term_string}"},"query-input":{"@type":"PropertyValueSpecification","valueRequired":true,"valueName":"search_term_string"}}],"inLanguage":"pt-BR"}]}},"_links":{"self":[{"href":"https:\/\/jornaldocarro.estadao.com.br\/api\/wp\/v2\/post_patrocinado\/77315","targetHints":{"allow":["GET"]}}],"collection":[{"href":"https:\/\/jornaldocarro.estadao.com.br\/api\/wp\/v2\/post_patrocinado"}],"about":[{"href":"https:\/\/jornaldocarro.estadao.com.br\/api\/wp\/v2\/types\/post_patrocinado"}],"version-history":[{"count":11,"href":"https:\/\/jornaldocarro.estadao.com.br\/api\/wp\/v2\/post_patrocinado\/77315\/revisions"}],"predecessor-version":[{"id":93592,"href":"https:\/\/jornaldocarro.estadao.com.br\/api\/wp\/v2\/post_patrocinado\/77315\/revisions\/93592"}],"wp:featuredmedia":[{"embeddable":true,"href":"https:\/\/jornaldocarro.estadao.com.br\/api\/wp\/v2\/media\/78795"}],"wp:attachment":[{"href":"https:\/\/jornaldocarro.estadao.com.br\/api\/wp\/v2\/media?parent=77315"}],"wp:term":[{"taxonomy":"sponsor","embeddable":true,"href":"https:\/\/jornaldocarro.estadao.com.br\/api\/wp\/v2\/sponsor?post=77315"}],"curies":[{"name":"wp","href":"https:\/\/api.w.org\/{rel}","templated":true}]}}