{"id":90965,"date":"2018-10-17T22:09:36","date_gmt":"2018-10-18T01:09:36","guid":{"rendered":"https:\/\/jornaldocarro.estadao.com.br\/?post_type=post_patrocinado&#038;p=90965"},"modified":"2018-11-05T19:25:38","modified_gmt":"2018-11-05T21:25:38","slug":"toyota-corolla-seda-medio-mais-vendido-do-brasil-e-fabricado-no-pais-ha-vinte-anos-um-caso-de-sucesso","status":"publish","type":"post_patrocinado","link":"https:\/\/jornaldocarro.estadao.com.br\/post-patrocinado\/toyota-corolla-seda-medio-mais-vendido-do-brasil-e-fabricado-no-pais-ha-vinte-anos-um-caso-de-sucesso\/","title":{"rendered":"Sed\u00e3 m\u00e9dio mais vendido do Brasil \u00e9 fabricado no pa\u00eds h\u00e1 vinte anos. Um caso de sucesso"},"content":{"rendered":"<p><span style=\"font-weight: 400;\">Quando se fala em <\/span><b>Toyota Corolla<\/b><span style=\"font-weight: 400;\">, logo vem \u00e0 mente a imagem de um autom\u00f3vel moderno, bonito, confort\u00e1vel, com mec\u00e2nica confi\u00e1vel e muito desejado. N\u00e3o \u00e9 \u00e0 toa que ele \u00e9 o <\/span><b>sed\u00e3 m\u00e9dio<\/b> <b>mais vendido<\/b><span style=\"font-weight: 400;\"> no mercado brasileiro \u2013 e em um segmento bastante disputado, \u00e9 importante lembrar. A lideran\u00e7a do modelo na categoria \u00e9 t\u00e3o significativa que, em 2016, o Corolla registrou 64.734 unidades comercializadas no Brasil, o que representou quase metade de todos os ve\u00edculos vendidos em sua faixa de mercado!<\/span><\/p><p><span style=\"font-weight: 400;\">A trajet\u00f3ria de sucesso do <\/span><b>Toyota Corolla<\/b><span style=\"font-weight: 400;\"> no mercado nacional teve in\u00edcio em 1994, quando as primeiras unidades do tr\u00eas-volumes desembarcaram no Brasil (o pa\u00eds havia voltado a permitir a importa\u00e7\u00e3o de autom\u00f3veis quatro anos antes). Produzido no Jap\u00e3o, o <\/span><b>sed\u00e3 <\/b><span style=\"font-weight: 400;\">logo conquistou os brasileiros por sua qualidade construtiva, bom desempenho e refinamento. Ali\u00e1s, naquela \u00e9poca, a <\/span><b>Toyota <\/b><span style=\"font-weight: 400;\">constatou o aumento de interesse dos consumidores pelo <\/span><b>Corolla <\/b><span style=\"font-weight: 400;\">em diversos mercados, com o modelo tornando-se l\u00edder de vendas em v\u00e1rios pa\u00edses.<\/span><\/p><p><span style=\"font-weight: 400;\">Baseada no aumento s\u00f3lido da demanda ao redor do planeta e j\u00e1 atenta ao potencial do mercado brasileiro, a <\/span><b>Toyota<\/b><span style=\"font-weight: 400;\"> decidiu investir na produ\u00e7\u00e3o local do <\/span><b>Corolla<\/b><span style=\"font-weight: 400;\">, fato que foi anunciado em 1997. Para definir o lugar que abrigaria a primeira f\u00e1brica do <\/span><b>sed\u00e3 <\/b><span style=\"font-weight: 400;\">na Am\u00e9rica Latina, v\u00e1rios aspectos foram analisados, como log\u00edstica e qualifica\u00e7\u00e3o da m\u00e3o de obra dispon\u00edvel. Assim, j\u00e1 no ano seguinte (1998), a cidade de Indaiatuba (SP) ganhou fama por sediar uma das principais unidades produtivas da <\/span><b>Toyota<\/b><span style=\"font-weight: 400;\"> no mundo.<\/span><\/p><p>\u00a0<\/p><hr><p><strong><span style=\"color: #808080;\"><br>\n<a href=\"https:\/\/www.toyota.com.br\/corolla-fest_2018-leads\/?attr_m=MT97-VJCorollaEstadao&amp;utm_source=corolla-fest_conv_launch_website-conversions_corolla_estadao_display_estadao_hub-teste_interesses_corolla-fest_conv&amp;utm_medium=display&amp;utm_campaign=corolla-fest&amp;utm_content=interesses&amp;utm_term=corolla-fest\" target=\"_blank\" rel=\"noopener nofollow\">Corolla Fest: compre o seu Toyota Corolla com condi\u00e7\u00f5es imperd\u00edveis e por tempo limitado.<\/a><\/span><\/strong><br>\n<a rel=\"nofollow\" href=\"https:\/\/www.toyota.com.br\/corolla-fest_2018-leads\/?attr_m=MT97-VJCorollaEstadao&amp;utm_source=corolla-fest_conv_launch_website-conversions_corolla_estadao_display_estadao_hub-teste_interesses_corolla-fest_conv&amp;utm_medium=display&amp;utm_campaign=corolla-fest&amp;utm_content=interesses&amp;utm_term=corolla-fest\"><span style=\"color: #808080;\">Clique e saiba mais<\/span><\/a><\/p><hr><p>\u00a0<\/p><p><span style=\"font-weight: 400;\">Neste ano, al\u00e9m de celebrar seu 20\u00ba anivers\u00e1rio, a f\u00e1brica de Indaiatuba comemorou outra marca hist\u00f3rica: a produ\u00e7\u00e3o da unidade 1.000.000 do <\/span><b>Corolla<\/b><span style=\"font-weight: 400;\">. O modelo comemorativo foi um <\/span><b>Corolla<\/b><span style=\"font-weight: 400;\"> Altis, na cor branco-p\u00e9rola, que exibe o moderno design atualizado recentemente, al\u00e9m de toda a tecnologia embarcada e novos itens de conforto, conveni\u00eancia e seguran\u00e7a incorporados ao carro. Atualmente, a unidade de Indaiatuba conta com aproximadamente 2 mil colaboradores.<\/span><\/p><p>\u00a0<\/p><h3><b>Toyota Corolla \u00e9 sucesso no Brasil e no mundo<\/b><\/h3><p><span style=\"font-weight: 400;\">O <\/span><b>Toyota Corolla<\/b><span style=\"font-weight: 400;\">, hoje em sua 11\u00aa gera\u00e7\u00e3o, segue exibindo as qualidades que o consagraram, como o visual atual e elegante, o \u00f3timo desempenho garantido pelo motor 2.0 16V com 153 cv (a partir da vers\u00e3o XEi) e o conforto entregue pela transmiss\u00e3o Multidrive-S (CVT), com sete marchas no modo sequencial, borboletas para trocas manuais junto ao volante e op\u00e7\u00e3o de condu\u00e7\u00e3o esportiva. Seu sucesso \u00e9 comprovado pelo fato de ele ser um dos dez autom\u00f3veis mais vendidos do Brasil no acumulado at\u00e9 agosto deste ano. Al\u00e9m, \u00e9 claro, de manter a lideran\u00e7a entre os <\/span><b>sed\u00e3s m\u00e9dios<\/b><span style=\"font-weight: 400;\">, com grande vantagem sobre o segundo colocado. Para ter ideia, era preciso somar as vendas dos outros cinco modelos mais vendidos para superar o total obtido pelo sed\u00e3 da <\/span><b>Toyota<\/b><span style=\"font-weight: 400;\">.<\/span><\/p><p><span style=\"font-weight: 400;\">Como se n\u00e3o bastasse, o <\/span><b>Toyota Corolla<\/b><span style=\"font-weight: 400;\"> \u00e9 reconhecido por sua confiabilidade, como atesta o pr\u00eamio Maior Valor de Revenda 2017, concedido pela ag\u00eancia Autoinforme, al\u00e9m de apresentar baixo custo de manuten\u00e7\u00e3o, possuir os clientes mais satisfeitos e oferecer assist\u00eancia t\u00e9cnica premiada pelos leitores da revista Quatro Rodas em 2017. Ou seja, quem possui um Corolla tem um carro que desvaloriza pouco e que \u00e9 f\u00e1cil de revender, facilitando o neg\u00f3cio para quem quer ter sempre um carro novo na garagem.<\/span><\/p><p><span style=\"font-weight: 400;\">Por falar em trocar de carro, o <\/span><b>Toyota Corolla<\/b><span style=\"font-weight: 400;\"> ainda pode ser adquirido pelo <\/span><b>Ciclo Toyota<\/b><span style=\"font-weight: 400;\">, modalidade de neg\u00f3cio que possibilita ao cliente estar sempre de carro novo por meio de uma entrada, parcelas que cabem no bolso e, ao final do plano, oferece a op\u00e7\u00e3o de ficar com o ve\u00edculo ou troc\u00e1-lo por um novo, renovando o contrato.<\/span><\/p><p><span style=\"font-weight: 400;\">Al\u00e9m de facilitar a aquisi\u00e7\u00e3o de um <\/span><b>Corolla<\/b><span style=\"font-weight: 400;\">, a <\/span><b>Toyota<\/b><span style=\"font-weight: 400;\"> tamb\u00e9m oferece diversos benef\u00edcios para o cliente manter o seu <\/span><b>sed\u00e3 <\/b><span style=\"font-weight: 400;\">em ordem. Servi\u00e7os de manuten\u00e7\u00e3o com pre\u00e7o fechado, revis\u00e3o expressa (que realiza o trabalho em at\u00e9 uma hora) e servi\u00e7o de assist\u00eancia 24 horas durante um ano com cobertura de todo o territ\u00f3rio nacional, al\u00e9m de Argentina, Paraguai, Uruguai e Chile, s\u00e3o alguns diferenciais que garantem tranquilidade ao consumidor.<\/span><\/p><p>\u00a0<\/p><p><a rel=\"nofollow\" href=\"https:\/\/www.toyota.com.br\/corolla-fest_2018-leads\/?attr_m=MT97-VJCorollaEstadao&amp;utm_source=corolla-fest_conv_launch_website-conversions_corolla_estadao_display_estadao_hub-teste_interesses_corolla-fest_conv&amp;utm_medium=display&amp;utm_campaign=corolla-fest&amp;utm_content=interesses&amp;utm_term=corolla-fest\"><img decoding=\"async\" class=\"alignnone\" src=\"https:\/\/jornaldocarro.estadao.com.br\/wp-content\/uploads\/2018\/10\/TOYOTA-COROLLA-BANNER-TEXTO.jpg\" alt=\"\" width=\"100%\" height=\"auto\"><\/a><\/p>","protected":false},"excerpt":{"rendered":"<p>Produzido em Indaiatuba, no estado de SP, h\u00e1 duas d\u00e9cadas, Toyota Corolla \u00e9 o sed\u00e3 m\u00e9dio mais desejado pelos brasileiros<\/p>\n","protected":false},"featured_media":90968,"template":"","sponsor":[22097],"class_list":["post-90965","post_patrocinado","type-post_patrocinado","status-publish","has-post-thumbnail","hentry","sponsor-toyota","tags_post_patrocinado-toyota-corolla"],"yoast_head":"<!-- This site is optimized with the Yoast SEO plugin v23.5 - https:\/\/yoast.com\/wordpress\/plugins\/seo\/ -->\n<title>Toyota Corolla: sed\u00e3 m\u00e9dio mais vendido do Brasil - Jornal do Carro<\/title>\n<meta name=\"description\" content=\"Produzido em Indaiatuba, no estado de SP, h\u00e1 duas d\u00e9cadas, Toyota Corolla \u00e9 o sed\u00e3 m\u00e9dio mais desejado pelos brasileiros. Confira!\" \/>\n<meta name=\"robots\" content=\"index, follow, max-snippet:-1, max-image-preview:large, max-video-preview:-1\" \/>\n<link rel=\"canonical\" href=\"https:\/\/jornaldocarro.estadao.com.br\/post-patrocinado\/toyota-corolla-seda-medio-mais-vendido-do-brasil-e-fabricado-no-pais-ha-vinte-anos-um-caso-de-sucesso\/\" \/>\n<meta name=\"twitter:card\" content=\"summary_large_image\" \/>\n<meta name=\"twitter:title\" content=\"Toyota Corolla: sed\u00e3 m\u00e9dio mais vendido do Brasil - Jornal do Carro\" \/>\n<meta name=\"twitter:description\" content=\"Produzido em Indaiatuba, no estado de SP, h\u00e1 duas d\u00e9cadas, Toyota Corolla \u00e9 o sed\u00e3 m\u00e9dio mais desejado pelos brasileiros. Confira!\" \/>\n<meta name=\"twitter:image\" content=\"https:\/\/jornaldocarro.estadao.com.br\/wp-content\/uploads\/2018\/10\/TOYOTA-COROLLA-2019.jpg\" \/>\n<meta name=\"twitter:label1\" content=\"Est. tempo de leitura\" \/>\n\t<meta name=\"twitter:data1\" content=\"4 minutos\" \/>\n<script type=\"application\/ld+json\" class=\"yoast-schema-graph\">{\"@context\":\"https:\/\/schema.org\",\"@graph\":[{\"@type\":\"WebPage\",\"@id\":\"https:\/\/jornaldocarro.estadao.com.br\/post-patrocinado\/toyota-corolla-seda-medio-mais-vendido-do-brasil-e-fabricado-no-pais-ha-vinte-anos-um-caso-de-sucesso\/\",\"url\":\"https:\/\/jornaldocarro.estadao.com.br\/post-patrocinado\/toyota-corolla-seda-medio-mais-vendido-do-brasil-e-fabricado-no-pais-ha-vinte-anos-um-caso-de-sucesso\/\",\"name\":\"Toyota Corolla: sed\u00e3 m\u00e9dio mais vendido do Brasil - Jornal do Carro\",\"isPartOf\":{\"@id\":\"https:\/\/jornaldocarro.estadao.com.br\/#website\"},\"primaryImageOfPage\":{\"@id\":\"https:\/\/jornaldocarro.estadao.com.br\/post-patrocinado\/toyota-corolla-seda-medio-mais-vendido-do-brasil-e-fabricado-no-pais-ha-vinte-anos-um-caso-de-sucesso\/#primaryimage\"},\"image\":{\"@id\":\"https:\/\/jornaldocarro.estadao.com.br\/post-patrocinado\/toyota-corolla-seda-medio-mais-vendido-do-brasil-e-fabricado-no-pais-ha-vinte-anos-um-caso-de-sucesso\/#primaryimage\"},\"thumbnailUrl\":\"https:\/\/jornaldocarro.estadao.com.br\/wp-content\/uploads\/2018\/10\/TOYOTA-COROLLA-2019.jpg\",\"datePublished\":\"2018-10-18T01:09:36+00:00\",\"dateModified\":\"2018-11-05T21:25:38+00:00\",\"description\":\"Produzido em Indaiatuba, no estado de SP, h\u00e1 duas d\u00e9cadas, Toyota Corolla \u00e9 o sed\u00e3 m\u00e9dio mais desejado pelos brasileiros. Confira!\",\"breadcrumb\":{\"@id\":\"https:\/\/jornaldocarro.estadao.com.br\/post-patrocinado\/toyota-corolla-seda-medio-mais-vendido-do-brasil-e-fabricado-no-pais-ha-vinte-anos-um-caso-de-sucesso\/#breadcrumb\"},\"inLanguage\":\"pt-BR\",\"potentialAction\":[{\"@type\":\"ReadAction\",\"target\":[\"https:\/\/jornaldocarro.estadao.com.br\/post-patrocinado\/toyota-corolla-seda-medio-mais-vendido-do-brasil-e-fabricado-no-pais-ha-vinte-anos-um-caso-de-sucesso\/\"]}]},{\"@type\":\"ImageObject\",\"inLanguage\":\"pt-BR\",\"@id\":\"https:\/\/jornaldocarro.estadao.com.br\/post-patrocinado\/toyota-corolla-seda-medio-mais-vendido-do-brasil-e-fabricado-no-pais-ha-vinte-anos-um-caso-de-sucesso\/#primaryimage\",\"url\":\"https:\/\/jornaldocarro.estadao.com.br\/wp-content\/uploads\/2018\/10\/TOYOTA-COROLLA-2019.jpg\",\"contentUrl\":\"https:\/\/jornaldocarro.estadao.com.br\/wp-content\/uploads\/2018\/10\/TOYOTA-COROLLA-2019.jpg\",\"width\":1170,\"height\":660,\"caption\":\"TOYOTA-COROLLA-2019\"},{\"@type\":\"BreadcrumbList\",\"@id\":\"https:\/\/jornaldocarro.estadao.com.br\/post-patrocinado\/toyota-corolla-seda-medio-mais-vendido-do-brasil-e-fabricado-no-pais-ha-vinte-anos-um-caso-de-sucesso\/#breadcrumb\",\"itemListElement\":[{\"@type\":\"ListItem\",\"position\":1,\"name\":\"In\u00edcio\",\"item\":\"https:\/\/jornaldocarro.estadao.com.br\/\"},{\"@type\":\"ListItem\",\"position\":2,\"name\":\"Post patrocinado\",\"item\":\"https:\/\/jornaldocarro.estadao.com.br\/post-patrocinado\/\"},{\"@type\":\"ListItem\",\"position\":3,\"name\":\"Sed\u00e3 m\u00e9dio mais vendido do Brasil \u00e9 fabricado no pa\u00eds h\u00e1 vinte anos. Um caso de sucesso\"}]},{\"@type\":\"WebSite\",\"@id\":\"https:\/\/jornaldocarro.estadao.com.br\/#website\",\"url\":\"https:\/\/jornaldocarro.estadao.com.br\/\",\"name\":\"Jornal do Carro - Estad\u00e3o\",\"description\":\"O portal sobre carros, motos e tudo sobre o tema ve\u00edculos no Estad\u00e3o. Fique por dentro de lan\u00e7amentos e de hist\u00f3rias dos leitores e seus carros.\",\"potentialAction\":[{\"@type\":\"SearchAction\",\"target\":{\"@type\":\"EntryPoint\",\"urlTemplate\":\"https:\/\/jornaldocarro.estadao.com.br\/?s={search_term_string}\"},\"query-input\":{\"@type\":\"PropertyValueSpecification\",\"valueRequired\":true,\"valueName\":\"search_term_string\"}}],\"inLanguage\":\"pt-BR\"}]}<\/script>\n<!-- \/ Yoast SEO plugin. -->","yoast_head_json":{"title":"Toyota Corolla: sed\u00e3 m\u00e9dio mais vendido do Brasil - Jornal do Carro","description":"Produzido em Indaiatuba, no estado de SP, h\u00e1 duas d\u00e9cadas, Toyota Corolla \u00e9 o sed\u00e3 m\u00e9dio mais desejado pelos brasileiros. Confira!","robots":{"index":"index","follow":"follow","max-snippet":"max-snippet:-1","max-image-preview":"max-image-preview:large","max-video-preview":"max-video-preview:-1"},"canonical":"https:\/\/jornaldocarro.estadao.com.br\/post-patrocinado\/toyota-corolla-seda-medio-mais-vendido-do-brasil-e-fabricado-no-pais-ha-vinte-anos-um-caso-de-sucesso\/","twitter_card":"summary_large_image","twitter_title":"Toyota Corolla: sed\u00e3 m\u00e9dio mais vendido do Brasil - Jornal do Carro","twitter_description":"Produzido em Indaiatuba, no estado de SP, h\u00e1 duas d\u00e9cadas, Toyota Corolla \u00e9 o sed\u00e3 m\u00e9dio mais desejado pelos brasileiros. Confira!","twitter_image":"https:\/\/jornaldocarro.estadao.com.br\/wp-content\/uploads\/2018\/10\/TOYOTA-COROLLA-2019.jpg","twitter_misc":{"Est. tempo de leitura":"4 minutos"},"schema":{"@context":"https:\/\/schema.org","@graph":[{"@type":"WebPage","@id":"https:\/\/jornaldocarro.estadao.com.br\/post-patrocinado\/toyota-corolla-seda-medio-mais-vendido-do-brasil-e-fabricado-no-pais-ha-vinte-anos-um-caso-de-sucesso\/","url":"https:\/\/jornaldocarro.estadao.com.br\/post-patrocinado\/toyota-corolla-seda-medio-mais-vendido-do-brasil-e-fabricado-no-pais-ha-vinte-anos-um-caso-de-sucesso\/","name":"Toyota Corolla: sed\u00e3 m\u00e9dio mais vendido do Brasil - Jornal do Carro","isPartOf":{"@id":"https:\/\/jornaldocarro.estadao.com.br\/#website"},"primaryImageOfPage":{"@id":"https:\/\/jornaldocarro.estadao.com.br\/post-patrocinado\/toyota-corolla-seda-medio-mais-vendido-do-brasil-e-fabricado-no-pais-ha-vinte-anos-um-caso-de-sucesso\/#primaryimage"},"image":{"@id":"https:\/\/jornaldocarro.estadao.com.br\/post-patrocinado\/toyota-corolla-seda-medio-mais-vendido-do-brasil-e-fabricado-no-pais-ha-vinte-anos-um-caso-de-sucesso\/#primaryimage"},"thumbnailUrl":"https:\/\/jornaldocarro.estadao.com.br\/wp-content\/uploads\/2018\/10\/TOYOTA-COROLLA-2019.jpg","datePublished":"2018-10-18T01:09:36+00:00","dateModified":"2018-11-05T21:25:38+00:00","description":"Produzido em Indaiatuba, no estado de SP, h\u00e1 duas d\u00e9cadas, Toyota Corolla \u00e9 o sed\u00e3 m\u00e9dio mais desejado pelos brasileiros. Confira!","breadcrumb":{"@id":"https:\/\/jornaldocarro.estadao.com.br\/post-patrocinado\/toyota-corolla-seda-medio-mais-vendido-do-brasil-e-fabricado-no-pais-ha-vinte-anos-um-caso-de-sucesso\/#breadcrumb"},"inLanguage":"pt-BR","potentialAction":[{"@type":"ReadAction","target":["https:\/\/jornaldocarro.estadao.com.br\/post-patrocinado\/toyota-corolla-seda-medio-mais-vendido-do-brasil-e-fabricado-no-pais-ha-vinte-anos-um-caso-de-sucesso\/"]}]},{"@type":"ImageObject","inLanguage":"pt-BR","@id":"https:\/\/jornaldocarro.estadao.com.br\/post-patrocinado\/toyota-corolla-seda-medio-mais-vendido-do-brasil-e-fabricado-no-pais-ha-vinte-anos-um-caso-de-sucesso\/#primaryimage","url":"https:\/\/jornaldocarro.estadao.com.br\/wp-content\/uploads\/2018\/10\/TOYOTA-COROLLA-2019.jpg","contentUrl":"https:\/\/jornaldocarro.estadao.com.br\/wp-content\/uploads\/2018\/10\/TOYOTA-COROLLA-2019.jpg","width":1170,"height":660,"caption":"TOYOTA-COROLLA-2019"},{"@type":"BreadcrumbList","@id":"https:\/\/jornaldocarro.estadao.com.br\/post-patrocinado\/toyota-corolla-seda-medio-mais-vendido-do-brasil-e-fabricado-no-pais-ha-vinte-anos-um-caso-de-sucesso\/#breadcrumb","itemListElement":[{"@type":"ListItem","position":1,"name":"In\u00edcio","item":"https:\/\/jornaldocarro.estadao.com.br\/"},{"@type":"ListItem","position":2,"name":"Post patrocinado","item":"https:\/\/jornaldocarro.estadao.com.br\/post-patrocinado\/"},{"@type":"ListItem","position":3,"name":"Sed\u00e3 m\u00e9dio mais vendido do Brasil \u00e9 fabricado no pa\u00eds h\u00e1 vinte anos. Um caso de sucesso"}]},{"@type":"WebSite","@id":"https:\/\/jornaldocarro.estadao.com.br\/#website","url":"https:\/\/jornaldocarro.estadao.com.br\/","name":"Jornal do Carro - Estad\u00e3o","description":"O portal sobre carros, motos e tudo sobre o tema ve\u00edculos no Estad\u00e3o. Fique por dentro de lan\u00e7amentos e de hist\u00f3rias dos leitores e seus carros.","potentialAction":[{"@type":"SearchAction","target":{"@type":"EntryPoint","urlTemplate":"https:\/\/jornaldocarro.estadao.com.br\/?s={search_term_string}"},"query-input":{"@type":"PropertyValueSpecification","valueRequired":true,"valueName":"search_term_string"}}],"inLanguage":"pt-BR"}]}},"_links":{"self":[{"href":"https:\/\/jornaldocarro.estadao.com.br\/api\/wp\/v2\/post_patrocinado\/90965","targetHints":{"allow":["GET"]}}],"collection":[{"href":"https:\/\/jornaldocarro.estadao.com.br\/api\/wp\/v2\/post_patrocinado"}],"about":[{"href":"https:\/\/jornaldocarro.estadao.com.br\/api\/wp\/v2\/types\/post_patrocinado"}],"version-history":[{"count":6,"href":"https:\/\/jornaldocarro.estadao.com.br\/api\/wp\/v2\/post_patrocinado\/90965\/revisions"}],"predecessor-version":[{"id":92017,"href":"https:\/\/jornaldocarro.estadao.com.br\/api\/wp\/v2\/post_patrocinado\/90965\/revisions\/92017"}],"wp:featuredmedia":[{"embeddable":true,"href":"https:\/\/jornaldocarro.estadao.com.br\/api\/wp\/v2\/media\/90968"}],"wp:attachment":[{"href":"https:\/\/jornaldocarro.estadao.com.br\/api\/wp\/v2\/media?parent=90965"}],"wp:term":[{"taxonomy":"sponsor","embeddable":true,"href":"https:\/\/jornaldocarro.estadao.com.br\/api\/wp\/v2\/sponsor?post=90965"}],"curies":[{"name":"wp","href":"https:\/\/api.w.org\/{rel}","templated":true}]}}